{"id":20032,"date":"2014-08-18T22:44:36","date_gmt":"2014-08-19T01:44:36","guid":{"rendered":"http:\/\/www.notibras.com\/site\/?p=20032"},"modified":"2014-08-18T22:50:32","modified_gmt":"2014-08-19T01:50:32","slug":"se-alagoas-da-menestrel-pernambuco-da-professor-de-politica","status":"publish","type":"post","link":"https:\/\/www.notibras.com\/site\/se-alagoas-da-menestrel-pernambuco-da-professor-de-politica\/","title":{"rendered":"Se Macei\u00f3 d\u00e1 Menestrel, Recife d\u00e1 digno professor de pol\u00edtica"},"content":{"rendered":"<p>O que se pretende realizar est\u00e1 a cargo de interlocutores rebeldes de uma das pontas da estrela vermelha. Esse grupo anda circulando em respeitado gabinete do Senado instalado na ala que leva o nome do Menestrel das Alagoas.\u00a0 O professor, velho estudioso da hist\u00f3ria do Brasil e de Bras\u00edlia, abre as portas e os bra\u00e7os. Com um sorriso aberto e voz af\u00e1vel, indica aos visitantes lugares em um confort\u00e1vel sof\u00e1. Abra\u00e7a a ideia e o desafio, em nome do povo, de derrotar Agnelo.<\/p>\n","protected":false},"excerpt":{"rendered":"<p>O que se pretende realizar est\u00e1 a cargo de interlocutores rebeldes de uma das pontas da estrela vermelha. Esse grupo anda circulando em respeitado gabinete do Senado instalado na ala que leva o nome do Menestrel das Alagoas.\u00a0 O professor, velho estudioso da hist\u00f3ria do Brasil e de Bras\u00edlia, abre as portas e os bra\u00e7os. [&hellip;]<\/p>\n","protected":false},"author":2,"featured_media":20033,"comment_status":"open","ping_status":"closed","sticky":false,"template":"","format":"standard","meta":{"_acf_changed":false,"footnotes":""},"categories":[26],"tags":[],"class_list":["post-20032","post","type-post","status-publish","format-standard","has-post-thumbnail","hentry","category-eleicoes-2022"],"acf":[],"yoast_head":"<!-- This site is optimized with the Yoast SEO plugin v27.2 - https:\/\/yoast.com\/product\/yoast-seo-wordpress\/ -->\n<title>Se Macei\u00f3 d\u00e1 Menestrel, Recife d\u00e1 digno professor de pol\u00edtica - Notibras<\/title>\n<meta name=\"robots\" content=\"index, follow, max-snippet:-1, max-image-preview:large, max-video-preview:-1\" \/>\n<link rel=\"canonical\" href=\"https:\/\/www.notibras.com\/site\/se-alagoas-da-menestrel-pernambuco-da-professor-de-politica\/\" \/>\n<meta property=\"og:locale\" content=\"pt_BR\" \/>\n<meta property=\"og:type\" content=\"article\" \/>\n<meta property=\"og:title\" content=\"Se Macei\u00f3 d\u00e1 Menestrel, Recife d\u00e1 digno professor de pol\u00edtica - Notibras\" \/>\n<meta property=\"og:description\" content=\"O que se pretende realizar est\u00e1 a cargo de interlocutores rebeldes de uma das pontas da estrela vermelha. Esse grupo anda circulando em respeitado gabinete do Senado instalado na ala que leva o nome do Menestrel das Alagoas.\u00a0 O professor, velho estudioso da hist\u00f3ria do Brasil e de Bras\u00edlia, abre as portas e os bra\u00e7os. [&hellip;]\" \/>\n<meta property=\"og:url\" content=\"https:\/\/www.notibras.com\/site\/se-alagoas-da-menestrel-pernambuco-da-professor-de-politica\/\" \/>\n<meta property=\"og:site_name\" content=\"Notibras\" \/>\n<meta property=\"article:publisher\" content=\"https:\/\/www.facebook.com\/notibras\/\" \/>\n<meta property=\"article:published_time\" content=\"2014-08-19T01:44:36+00:00\" \/>\n<meta property=\"article:modified_time\" content=\"2014-08-19T01:50:32+00:00\" \/>\n<meta property=\"og:image\" content=\"https:\/\/www.notibras.com\/site\/wp-content\/uploads\/2014\/08\/peri26.jpg\" \/>\n\t<meta property=\"og:image:width\" content=\"582\" \/>\n\t<meta property=\"og:image:height\" content=\"372\" \/>\n\t<meta property=\"og:image:type\" content=\"image\/jpeg\" \/>\n<meta name=\"author\" content=\"Reda\u00e7\u00e3o\" \/>\n<meta name=\"twitter:card\" content=\"summary_large_image\" \/>\n<meta name=\"twitter:creator\" content=\"@Notibras\" \/>\n<meta name=\"twitter:site\" content=\"@Notibras\" \/>\n<meta name=\"twitter:label1\" content=\"Escrito por\" \/>\n\t<meta name=\"twitter:data1\" content=\"Reda\u00e7\u00e3o\" \/>\n<script type=\"application\/ld+json\" class=\"yoast-schema-graph\">{\"@context\":\"https:\/\/schema.org\",\"@graph\":[{\"@type\":\"Article\",\"@id\":\"https:\/\/www.notibras.com\/site\/se-alagoas-da-menestrel-pernambuco-da-professor-de-politica\/#article\",\"isPartOf\":{\"@id\":\"https:\/\/www.notibras.com\/site\/se-alagoas-da-menestrel-pernambuco-da-professor-de-politica\/\"},\"author\":{\"name\":\"Reda\u00e7\u00e3o\",\"@id\":\"https:\/\/www.notibras.com\/site\/#\/schema\/person\/36ab0979449956132d3e5b517ea76ac8\"},\"headline\":\"Se Macei\u00f3 d\u00e1 Menestrel, Recife d\u00e1 digno professor de pol\u00edtica\",\"datePublished\":\"2014-08-19T01:44:36+00:00\",\"dateModified\":\"2014-08-19T01:50:32+00:00\",\"mainEntityOfPage\":{\"@id\":\"https:\/\/www.notibras.com\/site\/se-alagoas-da-menestrel-pernambuco-da-professor-de-politica\/\"},\"wordCount\":100,\"commentCount\":0,\"publisher\":{\"@id\":\"https:\/\/www.notibras.com\/site\/#organization\"},\"image\":{\"@id\":\"https:\/\/www.notibras.com\/site\/se-alagoas-da-menestrel-pernambuco-da-professor-de-politica\/#primaryimage\"},\"thumbnailUrl\":\"https:\/\/www.notibras.com\/site\/wp-content\/uploads\/2014\/08\/peri26.jpg\",\"articleSection\":[\"Elei\u00e7\u00f5es 2022\"],\"inLanguage\":\"pt-BR\",\"potentialAction\":[{\"@type\":\"CommentAction\",\"name\":\"Comment\",\"target\":[\"https:\/\/www.notibras.com\/site\/se-alagoas-da-menestrel-pernambuco-da-professor-de-politica\/#respond\"]}]},{\"@type\":\"WebPage\",\"@id\":\"https:\/\/www.notibras.com\/site\/se-alagoas-da-menestrel-pernambuco-da-professor-de-politica\/\",\"url\":\"https:\/\/www.notibras.com\/site\/se-alagoas-da-menestrel-pernambuco-da-professor-de-politica\/\",\"name\":\"Se Macei\u00f3 d\u00e1 Menestrel, Recife d\u00e1 digno professor de pol\u00edtica - Notibras\",\"isPartOf\":{\"@id\":\"https:\/\/www.notibras.com\/site\/#website\"},\"primaryImageOfPage\":{\"@id\":\"https:\/\/www.notibras.com\/site\/se-alagoas-da-menestrel-pernambuco-da-professor-de-politica\/#primaryimage\"},\"image\":{\"@id\":\"https:\/\/www.notibras.com\/site\/se-alagoas-da-menestrel-pernambuco-da-professor-de-politica\/#primaryimage\"},\"thumbnailUrl\":\"https:\/\/www.notibras.com\/site\/wp-content\/uploads\/2014\/08\/peri26.jpg\",\"datePublished\":\"2014-08-19T01:44:36+00:00\",\"dateModified\":\"2014-08-19T01:50:32+00:00\",\"breadcrumb\":{\"@id\":\"https:\/\/www.notibras.com\/site\/se-alagoas-da-menestrel-pernambuco-da-professor-de-politica\/#breadcrumb\"},\"inLanguage\":\"pt-BR\",\"potentialAction\":[{\"@type\":\"ReadAction\",\"target\":[\"https:\/\/www.notibras.com\/site\/se-alagoas-da-menestrel-pernambuco-da-professor-de-politica\/\"]}]},{\"@type\":\"ImageObject\",\"inLanguage\":\"pt-BR\",\"@id\":\"https:\/\/www.notibras.com\/site\/se-alagoas-da-menestrel-pernambuco-da-professor-de-politica\/#primaryimage\",\"url\":\"https:\/\/www.notibras.com\/site\/wp-content\/uploads\/2014\/08\/peri26.jpg\",\"contentUrl\":\"https:\/\/www.notibras.com\/site\/wp-content\/uploads\/2014\/08\/peri26.jpg\",\"width\":582,\"height\":372},{\"@type\":\"BreadcrumbList\",\"@id\":\"https:\/\/www.notibras.com\/site\/se-alagoas-da-menestrel-pernambuco-da-professor-de-politica\/#breadcrumb\",\"itemListElement\":[{\"@type\":\"ListItem\",\"position\":1,\"name\":\"In\u00edcio\",\"item\":\"https:\/\/www.notibras.com\/site\/\"},{\"@type\":\"ListItem\",\"position\":2,\"name\":\"Se Macei\u00f3 d\u00e1 Menestrel, Recife d\u00e1 digno professor de pol\u00edtica\"}]},{\"@type\":\"WebSite\",\"@id\":\"https:\/\/www.notibras.com\/site\/#website\",\"url\":\"https:\/\/www.notibras.com\/site\/\",\"name\":\"Notibras\",\"description\":\"Not\u00edcias de Bras\u00edlia, do Brasil e do Mundo\",\"publisher\":{\"@id\":\"https:\/\/www.notibras.com\/site\/#organization\"},\"potentialAction\":[{\"@type\":\"SearchAction\",\"target\":{\"@type\":\"EntryPoint\",\"urlTemplate\":\"https:\/\/www.notibras.com\/site\/?s={search_term_string}\"},\"query-input\":{\"@type\":\"PropertyValueSpecification\",\"valueRequired\":true,\"valueName\":\"search_term_string\"}}],\"inLanguage\":\"pt-BR\"},{\"@type\":\"Organization\",\"@id\":\"https:\/\/www.notibras.com\/site\/#organization\",\"name\":\"Grupo Notibras de Comunica\u00e7\u00e3o\",\"url\":\"https:\/\/www.notibras.com\/site\/\",\"logo\":{\"@type\":\"ImageObject\",\"inLanguage\":\"pt-BR\",\"@id\":\"https:\/\/www.notibras.com\/site\/#\/schema\/logo\/image\/\",\"url\":\"https:\/\/www.notibras.com\/site\/wp-content\/uploads\/2023\/01\/notibras23.png\",\"contentUrl\":\"https:\/\/www.notibras.com\/site\/wp-content\/uploads\/2023\/01\/notibras23.png\",\"width\":350,\"height\":87,\"caption\":\"Grupo Notibras de Comunica\u00e7\u00e3o\"},\"image\":{\"@id\":\"https:\/\/www.notibras.com\/site\/#\/schema\/logo\/image\/\"},\"sameAs\":[\"https:\/\/www.facebook.com\/notibras\/\",\"https:\/\/x.com\/Notibras\",\"https:\/\/www.instagram.com\/notibras\/\"]},{\"@type\":\"Person\",\"@id\":\"https:\/\/www.notibras.com\/site\/#\/schema\/person\/36ab0979449956132d3e5b517ea76ac8\",\"name\":\"Reda\u00e7\u00e3o\",\"image\":{\"@type\":\"ImageObject\",\"inLanguage\":\"pt-BR\",\"@id\":\"https:\/\/secure.gravatar.com\/avatar\/e0a867bdedb85fd243eadf09663511f96fc81e0720a4a42581f334ad4303aa6b?s=96&d=mm&r=g\",\"url\":\"https:\/\/secure.gravatar.com\/avatar\/e0a867bdedb85fd243eadf09663511f96fc81e0720a4a42581f334ad4303aa6b?s=96&d=mm&r=g\",\"contentUrl\":\"https:\/\/secure.gravatar.com\/avatar\/e0a867bdedb85fd243eadf09663511f96fc81e0720a4a42581f334ad4303aa6b?s=96&d=mm&r=g\",\"caption\":\"Reda\u00e7\u00e3o\"}}]}<\/script>\n<!-- \/ Yoast SEO plugin. -->","yoast_head_json":{"title":"Se Macei\u00f3 d\u00e1 Menestrel, Recife d\u00e1 digno professor de pol\u00edtica - Notibras","robots":{"index":"index","follow":"follow","max-snippet":"max-snippet:-1","max-image-preview":"max-image-preview:large","max-video-preview":"max-video-preview:-1"},"canonical":"https:\/\/www.notibras.com\/site\/se-alagoas-da-menestrel-pernambuco-da-professor-de-politica\/","og_locale":"pt_BR","og_type":"article","og_title":"Se Macei\u00f3 d\u00e1 Menestrel, Recife d\u00e1 digno professor de pol\u00edtica - Notibras","og_description":"O que se pretende realizar est\u00e1 a cargo de interlocutores rebeldes de uma das pontas da estrela vermelha. Esse grupo anda circulando em respeitado gabinete do Senado instalado na ala que leva o nome do Menestrel das Alagoas.\u00a0 O professor, velho estudioso da hist\u00f3ria do Brasil e de Bras\u00edlia, abre as portas e os bra\u00e7os. [&hellip;]","og_url":"https:\/\/www.notibras.com\/site\/se-alagoas-da-menestrel-pernambuco-da-professor-de-politica\/","og_site_name":"Notibras","article_publisher":"https:\/\/www.facebook.com\/notibras\/","article_published_time":"2014-08-19T01:44:36+00:00","article_modified_time":"2014-08-19T01:50:32+00:00","og_image":[{"width":582,"height":372,"url":"https:\/\/www.notibras.com\/site\/wp-content\/uploads\/2014\/08\/peri26.jpg","type":"image\/jpeg"}],"author":"Reda\u00e7\u00e3o","twitter_card":"summary_large_image","twitter_creator":"@Notibras","twitter_site":"@Notibras","twitter_misc":{"Escrito por":"Reda\u00e7\u00e3o"},"schema":{"@context":"https:\/\/schema.org","@graph":[{"@type":"Article","@id":"https:\/\/www.notibras.com\/site\/se-alagoas-da-menestrel-pernambuco-da-professor-de-politica\/#article","isPartOf":{"@id":"https:\/\/www.notibras.com\/site\/se-alagoas-da-menestrel-pernambuco-da-professor-de-politica\/"},"author":{"name":"Reda\u00e7\u00e3o","@id":"https:\/\/www.notibras.com\/site\/#\/schema\/person\/36ab0979449956132d3e5b517ea76ac8"},"headline":"Se Macei\u00f3 d\u00e1 Menestrel, Recife d\u00e1 digno professor de pol\u00edtica","datePublished":"2014-08-19T01:44:36+00:00","dateModified":"2014-08-19T01:50:32+00:00","mainEntityOfPage":{"@id":"https:\/\/www.notibras.com\/site\/se-alagoas-da-menestrel-pernambuco-da-professor-de-politica\/"},"wordCount":100,"commentCount":0,"publisher":{"@id":"https:\/\/www.notibras.com\/site\/#organization"},"image":{"@id":"https:\/\/www.notibras.com\/site\/se-alagoas-da-menestrel-pernambuco-da-professor-de-politica\/#primaryimage"},"thumbnailUrl":"https:\/\/www.notibras.com\/site\/wp-content\/uploads\/2014\/08\/peri26.jpg","articleSection":["Elei\u00e7\u00f5es 2022"],"inLanguage":"pt-BR","potentialAction":[{"@type":"CommentAction","name":"Comment","target":["https:\/\/www.notibras.com\/site\/se-alagoas-da-menestrel-pernambuco-da-professor-de-politica\/#respond"]}]},{"@type":"WebPage","@id":"https:\/\/www.notibras.com\/site\/se-alagoas-da-menestrel-pernambuco-da-professor-de-politica\/","url":"https:\/\/www.notibras.com\/site\/se-alagoas-da-menestrel-pernambuco-da-professor-de-politica\/","name":"Se Macei\u00f3 d\u00e1 Menestrel, Recife d\u00e1 digno professor de pol\u00edtica - Notibras","isPartOf":{"@id":"https:\/\/www.notibras.com\/site\/#website"},"primaryImageOfPage":{"@id":"https:\/\/www.notibras.com\/site\/se-alagoas-da-menestrel-pernambuco-da-professor-de-politica\/#primaryimage"},"image":{"@id":"https:\/\/www.notibras.com\/site\/se-alagoas-da-menestrel-pernambuco-da-professor-de-politica\/#primaryimage"},"thumbnailUrl":"https:\/\/www.notibras.com\/site\/wp-content\/uploads\/2014\/08\/peri26.jpg","datePublished":"2014-08-19T01:44:36+00:00","dateModified":"2014-08-19T01:50:32+00:00","breadcrumb":{"@id":"https:\/\/www.notibras.com\/site\/se-alagoas-da-menestrel-pernambuco-da-professor-de-politica\/#breadcrumb"},"inLanguage":"pt-BR","potentialAction":[{"@type":"ReadAction","target":["https:\/\/www.notibras.com\/site\/se-alagoas-da-menestrel-pernambuco-da-professor-de-politica\/"]}]},{"@type":"ImageObject","inLanguage":"pt-BR","@id":"https:\/\/www.notibras.com\/site\/se-alagoas-da-menestrel-pernambuco-da-professor-de-politica\/#primaryimage","url":"https:\/\/www.notibras.com\/site\/wp-content\/uploads\/2014\/08\/peri26.jpg","contentUrl":"https:\/\/www.notibras.com\/site\/wp-content\/uploads\/2014\/08\/peri26.jpg","width":582,"height":372},{"@type":"BreadcrumbList","@id":"https:\/\/www.notibras.com\/site\/se-alagoas-da-menestrel-pernambuco-da-professor-de-politica\/#breadcrumb","itemListElement":[{"@type":"ListItem","position":1,"name":"In\u00edcio","item":"https:\/\/www.notibras.com\/site\/"},{"@type":"ListItem","position":2,"name":"Se Macei\u00f3 d\u00e1 Menestrel, Recife d\u00e1 digno professor de pol\u00edtica"}]},{"@type":"WebSite","@id":"https:\/\/www.notibras.com\/site\/#website","url":"https:\/\/www.notibras.com\/site\/","name":"Notibras","description":"Not\u00edcias de Bras\u00edlia, do Brasil e do Mundo","publisher":{"@id":"https:\/\/www.notibras.com\/site\/#organization"},"potentialAction":[{"@type":"SearchAction","target":{"@type":"EntryPoint","urlTemplate":"https:\/\/www.notibras.com\/site\/?s={search_term_string}"},"query-input":{"@type":"PropertyValueSpecification","valueRequired":true,"valueName":"search_term_string"}}],"inLanguage":"pt-BR"},{"@type":"Organization","@id":"https:\/\/www.notibras.com\/site\/#organization","name":"Grupo Notibras de Comunica\u00e7\u00e3o","url":"https:\/\/www.notibras.com\/site\/","logo":{"@type":"ImageObject","inLanguage":"pt-BR","@id":"https:\/\/www.notibras.com\/site\/#\/schema\/logo\/image\/","url":"https:\/\/www.notibras.com\/site\/wp-content\/uploads\/2023\/01\/notibras23.png","contentUrl":"https:\/\/www.notibras.com\/site\/wp-content\/uploads\/2023\/01\/notibras23.png","width":350,"height":87,"caption":"Grupo Notibras de Comunica\u00e7\u00e3o"},"image":{"@id":"https:\/\/www.notibras.com\/site\/#\/schema\/logo\/image\/"},"sameAs":["https:\/\/www.facebook.com\/notibras\/","https:\/\/x.com\/Notibras","https:\/\/www.instagram.com\/notibras\/"]},{"@type":"Person","@id":"https:\/\/www.notibras.com\/site\/#\/schema\/person\/36ab0979449956132d3e5b517ea76ac8","name":"Reda\u00e7\u00e3o","image":{"@type":"ImageObject","inLanguage":"pt-BR","@id":"https:\/\/secure.gravatar.com\/avatar\/e0a867bdedb85fd243eadf09663511f96fc81e0720a4a42581f334ad4303aa6b?s=96&d=mm&r=g","url":"https:\/\/secure.gravatar.com\/avatar\/e0a867bdedb85fd243eadf09663511f96fc81e0720a4a42581f334ad4303aa6b?s=96&d=mm&r=g","contentUrl":"https:\/\/secure.gravatar.com\/avatar\/e0a867bdedb85fd243eadf09663511f96fc81e0720a4a42581f334ad4303aa6b?s=96&d=mm&r=g","caption":"Reda\u00e7\u00e3o"}}]}},"amp_enabled":true,"_links":{"self":[{"href":"https:\/\/www.notibras.com\/site\/wp-json\/wp\/v2\/posts\/20032","targetHints":{"allow":["GET"]}}],"collection":[{"href":"https:\/\/www.notibras.com\/site\/wp-json\/wp\/v2\/posts"}],"about":[{"href":"https:\/\/www.notibras.com\/site\/wp-json\/wp\/v2\/types\/post"}],"author":[{"embeddable":true,"href":"https:\/\/www.notibras.com\/site\/wp-json\/wp\/v2\/users\/2"}],"replies":[{"embeddable":true,"href":"https:\/\/www.notibras.com\/site\/wp-json\/wp\/v2\/comments?post=20032"}],"version-history":[{"count":0,"href":"https:\/\/www.notibras.com\/site\/wp-json\/wp\/v2\/posts\/20032\/revisions"}],"wp:featuredmedia":[{"embeddable":true,"href":"https:\/\/www.notibras.com\/site\/wp-json\/wp\/v2\/media\/20033"}],"wp:attachment":[{"href":"https:\/\/www.notibras.com\/site\/wp-json\/wp\/v2\/media?parent=20032"}],"wp:term":[{"taxonomy":"category","embeddable":true,"href":"https:\/\/www.notibras.com\/site\/wp-json\/wp\/v2\/categories?post=20032"},{"taxonomy":"post_tag","embeddable":true,"href":"https:\/\/www.notibras.com\/site\/wp-json\/wp\/v2\/tags?post=20032"}],"curies":[{"name":"wp","href":"https:\/\/api.w.org\/{rel}","templated":true}]}}