{"id":200321,"date":"2019-01-23T18:29:01","date_gmt":"2019-01-23T20:29:01","guid":{"rendered":"https:\/\/www.notibras.com\/site\/?p=200321"},"modified":"2019-01-23T18:29:53","modified_gmt":"2019-01-23T20:29:53","slug":"brasil-oferece-apoio-para-transicao-politica-na-venezuela","status":"publish","type":"post","link":"https:\/\/www.notibras.com\/site\/brasil-oferece-apoio-para-transicao-politica-na-venezuela\/","title":{"rendered":"Brasil oferece apoio para transi\u00e7\u00e3o pol\u00edtica na Venezuela"},"content":{"rendered":"<p>O Brasil foi um dos primeiros pa\u00edses na Am\u00e9rica Latina a reconhecer\u00a0Juan Guaid\u00f3 como presidente interino da Venezuela. Em sua conta no Twitter, o presidente Jair Bolsonaro, que est\u00e1 participando do F\u00f3rum Econ\u00f4mico Mundial (Davos, na Su\u00ed\u00e7a), postou mensagem de apoio a Guaid\u00f3. Em Davos, Bolsonaro reiterou a colabora\u00e7\u00e3o brasileira ao governo rec\u00e9m-declarado.<\/p>\n<p>&#8220;O Brasil apoiar\u00e1 pol\u00edtica e economicamente o processo de transi\u00e7\u00e3o para que a democracia e a paz social voltem \u00e0 Venezuela&#8221;, disse na rede social. O Minist\u00e9rio das Rela\u00e7\u00f5es Exteriores do Brasil tamb\u00e9m divulgou comunicado sobre o reconhecimento de Guaid\u00f3.<\/p>\n<p>Em diversas cidades do pa\u00eds, ocorrem atos contra e a favor do presidente Nicol\u00e1s Maduro. Guaid\u00f3, que \u00e9 o presidente da Assembleia Nacional, se\u00a0declarou presidente interino da Venezuela. \u201cHoje,\u00a023 de janeiro\u00a0de 2019, em minha condi\u00e7\u00e3o de presidente da Assembleia Nacional, invocando os artigos da Constitui\u00e7\u00e3o Bolivariana da Rep\u00fablica da Venezuela, ante Deus todo poderoso, juro assumir formalmente as compet\u00eancias do Executivo Nacional como presidente encarregado de Venezuela\u201d, afirmou.<\/p>\n<p>Antes do juramento, Guaid\u00f3 reiterou a promessa de anistia aos militares que abandonarem Maduro e apelou para que fiquem \u201cdo lado do povo\u201d. Segundo ele, \u00e9 preciso reagir \u00e0 \u201cusurpa\u00e7\u00e3o\u201d do poder por parte do presidente da Rep\u00fablica, instaurar o governo de transi\u00e7\u00e3o e elei\u00e7\u00f5es livres.<\/p>\n<p>De acordo com o Observat\u00f3rio Venezuelano da Coletividade Social (OVCS), foram registrados confrontos entre manifestantes contra o atual governo e for\u00e7as policiais. Um adolescente, segundo a entidade, foi baleado.<\/p>\n<p>Em um dos atos pr\u00f3-Maduro, Diosdado Cabello, ex-presidente da Assembleia, fez um chamado \u00e0 defesa da gest\u00e3o. \u201cVamos fazer um chamado \u00e0 unidade dos partidos do p\u00f3lo democr\u00e1tico, juventude, estudantes, as mulheres, para enfrentar qualquer agress\u00e3o contra o povo. Eles sabem que nos marcos da Constitui\u00e7\u00e3o n\u00e3o podem fazer o que est\u00e3o fazendo. E n\u00f3s temos que defender a Constitui\u00e7\u00e3o.\u201d Ele convocou os apoiadores para, a partir desta noite, ficarem de\u00a0vig\u00edlia em frente ao Pal\u00e1cio de Miraflores.<\/p>\n","protected":false},"excerpt":{"rendered":"<p>O Brasil foi um dos primeiros pa\u00edses na Am\u00e9rica Latina a reconhecer\u00a0Juan Guaid\u00f3 como presidente interino da Venezuela. Em sua conta no Twitter, o presidente Jair Bolsonaro, que est\u00e1 participando do F\u00f3rum Econ\u00f4mico Mundial (Davos, na Su\u00ed\u00e7a), postou mensagem de apoio a Guaid\u00f3. Em Davos, Bolsonaro reiterou a colabora\u00e7\u00e3o brasileira ao governo rec\u00e9m-declarado. &#8220;O Brasil [&hellip;]<\/p>\n","protected":false},"author":2,"featured_media":200322,"comment_status":"closed","ping_status":"closed","sticky":false,"template":"","format":"standard","meta":{"_acf_changed":false,"footnotes":""},"categories":[16],"tags":[95],"class_list":["post-200321","post","type-post","status-publish","format-standard","has-post-thumbnail","hentry","category-brasil","tag-capa"],"acf":[],"yoast_head":"<!-- This site is optimized with the Yoast SEO plugin v27.2 - https:\/\/yoast.com\/product\/yoast-seo-wordpress\/ -->\n<title>Brasil oferece apoio para transi\u00e7\u00e3o pol\u00edtica na Venezuela - Notibras<\/title>\n<meta name=\"robots\" content=\"index, follow, max-snippet:-1, max-image-preview:large, max-video-preview:-1\" \/>\n<link rel=\"canonical\" href=\"https:\/\/www.notibras.com\/site\/brasil-oferece-apoio-para-transicao-politica-na-venezuela\/\" \/>\n<meta property=\"og:locale\" content=\"pt_BR\" \/>\n<meta property=\"og:type\" content=\"article\" \/>\n<meta property=\"og:title\" content=\"Brasil oferece apoio para transi\u00e7\u00e3o pol\u00edtica na Venezuela - Notibras\" \/>\n<meta property=\"og:description\" content=\"O Brasil foi um dos primeiros pa\u00edses na Am\u00e9rica Latina a reconhecer\u00a0Juan Guaid\u00f3 como presidente interino da Venezuela. Em sua conta no Twitter, o presidente Jair Bolsonaro, que est\u00e1 participando do F\u00f3rum Econ\u00f4mico Mundial (Davos, na Su\u00ed\u00e7a), postou mensagem de apoio a Guaid\u00f3. Em Davos, Bolsonaro reiterou a colabora\u00e7\u00e3o brasileira ao governo rec\u00e9m-declarado. &#8220;O Brasil [&hellip;]\" \/>\n<meta property=\"og:url\" content=\"https:\/\/www.notibras.com\/site\/brasil-oferece-apoio-para-transicao-politica-na-venezuela\/\" \/>\n<meta property=\"og:site_name\" content=\"Notibras\" \/>\n<meta property=\"article:publisher\" content=\"https:\/\/www.facebook.com\/notibras\/\" \/>\n<meta property=\"article:published_time\" content=\"2019-01-23T20:29:01+00:00\" \/>\n<meta property=\"article:modified_time\" content=\"2019-01-23T20:29:53+00:00\" \/>\n<meta property=\"og:image\" content=\"https:\/\/www.notibras.com\/site\/wp-content\/uploads\/2019\/01\/guaido-venezuela.jpg\" \/>\n\t<meta property=\"og:image:width\" content=\"1800\" \/>\n\t<meta property=\"og:image:height\" content=\"1200\" \/>\n\t<meta property=\"og:image:type\" content=\"image\/jpeg\" \/>\n<meta name=\"author\" content=\"Reda\u00e7\u00e3o\" \/>\n<meta name=\"twitter:card\" content=\"summary_large_image\" \/>\n<meta name=\"twitter:creator\" content=\"@Notibras\" \/>\n<meta name=\"twitter:site\" content=\"@Notibras\" \/>\n<meta name=\"twitter:label1\" content=\"Escrito por\" \/>\n\t<meta name=\"twitter:data1\" content=\"Reda\u00e7\u00e3o\" \/>\n\t<meta name=\"twitter:label2\" content=\"Est. tempo de leitura\" \/>\n\t<meta name=\"twitter:data2\" content=\"2 minutos\" \/>\n<script type=\"application\/ld+json\" class=\"yoast-schema-graph\">{\"@context\":\"https:\/\/schema.org\",\"@graph\":[{\"@type\":\"Article\",\"@id\":\"https:\/\/www.notibras.com\/site\/brasil-oferece-apoio-para-transicao-politica-na-venezuela\/#article\",\"isPartOf\":{\"@id\":\"https:\/\/www.notibras.com\/site\/brasil-oferece-apoio-para-transicao-politica-na-venezuela\/\"},\"author\":{\"name\":\"Reda\u00e7\u00e3o\",\"@id\":\"https:\/\/www.notibras.com\/site\/#\/schema\/person\/36ab0979449956132d3e5b517ea76ac8\"},\"headline\":\"Brasil oferece apoio para transi\u00e7\u00e3o pol\u00edtica na Venezuela\",\"datePublished\":\"2019-01-23T20:29:01+00:00\",\"dateModified\":\"2019-01-23T20:29:53+00:00\",\"mainEntityOfPage\":{\"@id\":\"https:\/\/www.notibras.com\/site\/brasil-oferece-apoio-para-transicao-politica-na-venezuela\/\"},\"wordCount\":356,\"publisher\":{\"@id\":\"https:\/\/www.notibras.com\/site\/#organization\"},\"image\":{\"@id\":\"https:\/\/www.notibras.com\/site\/brasil-oferece-apoio-para-transicao-politica-na-venezuela\/#primaryimage\"},\"thumbnailUrl\":\"https:\/\/www.notibras.com\/site\/wp-content\/uploads\/2019\/01\/guaido-venezuela.jpg\",\"keywords\":[\"capa\"],\"articleSection\":[\"Brasil\"],\"inLanguage\":\"pt-BR\"},{\"@type\":\"WebPage\",\"@id\":\"https:\/\/www.notibras.com\/site\/brasil-oferece-apoio-para-transicao-politica-na-venezuela\/\",\"url\":\"https:\/\/www.notibras.com\/site\/brasil-oferece-apoio-para-transicao-politica-na-venezuela\/\",\"name\":\"Brasil oferece apoio para transi\u00e7\u00e3o pol\u00edtica na Venezuela - Notibras\",\"isPartOf\":{\"@id\":\"https:\/\/www.notibras.com\/site\/#website\"},\"primaryImageOfPage\":{\"@id\":\"https:\/\/www.notibras.com\/site\/brasil-oferece-apoio-para-transicao-politica-na-venezuela\/#primaryimage\"},\"image\":{\"@id\":\"https:\/\/www.notibras.com\/site\/brasil-oferece-apoio-para-transicao-politica-na-venezuela\/#primaryimage\"},\"thumbnailUrl\":\"https:\/\/www.notibras.com\/site\/wp-content\/uploads\/2019\/01\/guaido-venezuela.jpg\",\"datePublished\":\"2019-01-23T20:29:01+00:00\",\"dateModified\":\"2019-01-23T20:29:53+00:00\",\"breadcrumb\":{\"@id\":\"https:\/\/www.notibras.com\/site\/brasil-oferece-apoio-para-transicao-politica-na-venezuela\/#breadcrumb\"},\"inLanguage\":\"pt-BR\",\"potentialAction\":[{\"@type\":\"ReadAction\",\"target\":[\"https:\/\/www.notibras.com\/site\/brasil-oferece-apoio-para-transicao-politica-na-venezuela\/\"]}]},{\"@type\":\"ImageObject\",\"inLanguage\":\"pt-BR\",\"@id\":\"https:\/\/www.notibras.com\/site\/brasil-oferece-apoio-para-transicao-politica-na-venezuela\/#primaryimage\",\"url\":\"https:\/\/www.notibras.com\/site\/wp-content\/uploads\/2019\/01\/guaido-venezuela.jpg\",\"contentUrl\":\"https:\/\/www.notibras.com\/site\/wp-content\/uploads\/2019\/01\/guaido-venezuela.jpg\",\"width\":1800,\"height\":1200,\"caption\":\"Foto\/EFE - Estad\u00e3oConte\u00fado\"},{\"@type\":\"BreadcrumbList\",\"@id\":\"https:\/\/www.notibras.com\/site\/brasil-oferece-apoio-para-transicao-politica-na-venezuela\/#breadcrumb\",\"itemListElement\":[{\"@type\":\"ListItem\",\"position\":1,\"name\":\"In\u00edcio\",\"item\":\"https:\/\/www.notibras.com\/site\/\"},{\"@type\":\"ListItem\",\"position\":2,\"name\":\"Brasil oferece apoio para transi\u00e7\u00e3o pol\u00edtica na Venezuela\"}]},{\"@type\":\"WebSite\",\"@id\":\"https:\/\/www.notibras.com\/site\/#website\",\"url\":\"https:\/\/www.notibras.com\/site\/\",\"name\":\"Notibras\",\"description\":\"Not\u00edcias de Bras\u00edlia, do Brasil e do Mundo\",\"publisher\":{\"@id\":\"https:\/\/www.notibras.com\/site\/#organization\"},\"potentialAction\":[{\"@type\":\"SearchAction\",\"target\":{\"@type\":\"EntryPoint\",\"urlTemplate\":\"https:\/\/www.notibras.com\/site\/?s={search_term_string}\"},\"query-input\":{\"@type\":\"PropertyValueSpecification\",\"valueRequired\":true,\"valueName\":\"search_term_string\"}}],\"inLanguage\":\"pt-BR\"},{\"@type\":\"Organization\",\"@id\":\"https:\/\/www.notibras.com\/site\/#organization\",\"name\":\"Grupo Notibras de Comunica\u00e7\u00e3o\",\"url\":\"https:\/\/www.notibras.com\/site\/\",\"logo\":{\"@type\":\"ImageObject\",\"inLanguage\":\"pt-BR\",\"@id\":\"https:\/\/www.notibras.com\/site\/#\/schema\/logo\/image\/\",\"url\":\"https:\/\/www.notibras.com\/site\/wp-content\/uploads\/2023\/01\/notibras23.png\",\"contentUrl\":\"https:\/\/www.notibras.com\/site\/wp-content\/uploads\/2023\/01\/notibras23.png\",\"width\":350,\"height\":87,\"caption\":\"Grupo Notibras de Comunica\u00e7\u00e3o\"},\"image\":{\"@id\":\"https:\/\/www.notibras.com\/site\/#\/schema\/logo\/image\/\"},\"sameAs\":[\"https:\/\/www.facebook.com\/notibras\/\",\"https:\/\/x.com\/Notibras\",\"https:\/\/www.instagram.com\/notibras\/\"]},{\"@type\":\"Person\",\"@id\":\"https:\/\/www.notibras.com\/site\/#\/schema\/person\/36ab0979449956132d3e5b517ea76ac8\",\"name\":\"Reda\u00e7\u00e3o\",\"image\":{\"@type\":\"ImageObject\",\"inLanguage\":\"pt-BR\",\"@id\":\"https:\/\/secure.gravatar.com\/avatar\/e0a867bdedb85fd243eadf09663511f96fc81e0720a4a42581f334ad4303aa6b?s=96&d=mm&r=g\",\"url\":\"https:\/\/secure.gravatar.com\/avatar\/e0a867bdedb85fd243eadf09663511f96fc81e0720a4a42581f334ad4303aa6b?s=96&d=mm&r=g\",\"contentUrl\":\"https:\/\/secure.gravatar.com\/avatar\/e0a867bdedb85fd243eadf09663511f96fc81e0720a4a42581f334ad4303aa6b?s=96&d=mm&r=g\",\"caption\":\"Reda\u00e7\u00e3o\"}}]}<\/script>\n<!-- \/ Yoast SEO plugin. -->","yoast_head_json":{"title":"Brasil oferece apoio para transi\u00e7\u00e3o pol\u00edtica na Venezuela - Notibras","robots":{"index":"index","follow":"follow","max-snippet":"max-snippet:-1","max-image-preview":"max-image-preview:large","max-video-preview":"max-video-preview:-1"},"canonical":"https:\/\/www.notibras.com\/site\/brasil-oferece-apoio-para-transicao-politica-na-venezuela\/","og_locale":"pt_BR","og_type":"article","og_title":"Brasil oferece apoio para transi\u00e7\u00e3o pol\u00edtica na Venezuela - Notibras","og_description":"O Brasil foi um dos primeiros pa\u00edses na Am\u00e9rica Latina a reconhecer\u00a0Juan Guaid\u00f3 como presidente interino da Venezuela. Em sua conta no Twitter, o presidente Jair Bolsonaro, que est\u00e1 participando do F\u00f3rum Econ\u00f4mico Mundial (Davos, na Su\u00ed\u00e7a), postou mensagem de apoio a Guaid\u00f3. Em Davos, Bolsonaro reiterou a colabora\u00e7\u00e3o brasileira ao governo rec\u00e9m-declarado. &#8220;O Brasil [&hellip;]","og_url":"https:\/\/www.notibras.com\/site\/brasil-oferece-apoio-para-transicao-politica-na-venezuela\/","og_site_name":"Notibras","article_publisher":"https:\/\/www.facebook.com\/notibras\/","article_published_time":"2019-01-23T20:29:01+00:00","article_modified_time":"2019-01-23T20:29:53+00:00","og_image":[{"width":1800,"height":1200,"url":"https:\/\/www.notibras.com\/site\/wp-content\/uploads\/2019\/01\/guaido-venezuela.jpg","type":"image\/jpeg"}],"author":"Reda\u00e7\u00e3o","twitter_card":"summary_large_image","twitter_creator":"@Notibras","twitter_site":"@Notibras","twitter_misc":{"Escrito por":"Reda\u00e7\u00e3o","Est. tempo de leitura":"2 minutos"},"schema":{"@context":"https:\/\/schema.org","@graph":[{"@type":"Article","@id":"https:\/\/www.notibras.com\/site\/brasil-oferece-apoio-para-transicao-politica-na-venezuela\/#article","isPartOf":{"@id":"https:\/\/www.notibras.com\/site\/brasil-oferece-apoio-para-transicao-politica-na-venezuela\/"},"author":{"name":"Reda\u00e7\u00e3o","@id":"https:\/\/www.notibras.com\/site\/#\/schema\/person\/36ab0979449956132d3e5b517ea76ac8"},"headline":"Brasil oferece apoio para transi\u00e7\u00e3o pol\u00edtica na Venezuela","datePublished":"2019-01-23T20:29:01+00:00","dateModified":"2019-01-23T20:29:53+00:00","mainEntityOfPage":{"@id":"https:\/\/www.notibras.com\/site\/brasil-oferece-apoio-para-transicao-politica-na-venezuela\/"},"wordCount":356,"publisher":{"@id":"https:\/\/www.notibras.com\/site\/#organization"},"image":{"@id":"https:\/\/www.notibras.com\/site\/brasil-oferece-apoio-para-transicao-politica-na-venezuela\/#primaryimage"},"thumbnailUrl":"https:\/\/www.notibras.com\/site\/wp-content\/uploads\/2019\/01\/guaido-venezuela.jpg","keywords":["capa"],"articleSection":["Brasil"],"inLanguage":"pt-BR"},{"@type":"WebPage","@id":"https:\/\/www.notibras.com\/site\/brasil-oferece-apoio-para-transicao-politica-na-venezuela\/","url":"https:\/\/www.notibras.com\/site\/brasil-oferece-apoio-para-transicao-politica-na-venezuela\/","name":"Brasil oferece apoio para transi\u00e7\u00e3o pol\u00edtica na Venezuela - Notibras","isPartOf":{"@id":"https:\/\/www.notibras.com\/site\/#website"},"primaryImageOfPage":{"@id":"https:\/\/www.notibras.com\/site\/brasil-oferece-apoio-para-transicao-politica-na-venezuela\/#primaryimage"},"image":{"@id":"https:\/\/www.notibras.com\/site\/brasil-oferece-apoio-para-transicao-politica-na-venezuela\/#primaryimage"},"thumbnailUrl":"https:\/\/www.notibras.com\/site\/wp-content\/uploads\/2019\/01\/guaido-venezuela.jpg","datePublished":"2019-01-23T20:29:01+00:00","dateModified":"2019-01-23T20:29:53+00:00","breadcrumb":{"@id":"https:\/\/www.notibras.com\/site\/brasil-oferece-apoio-para-transicao-politica-na-venezuela\/#breadcrumb"},"inLanguage":"pt-BR","potentialAction":[{"@type":"ReadAction","target":["https:\/\/www.notibras.com\/site\/brasil-oferece-apoio-para-transicao-politica-na-venezuela\/"]}]},{"@type":"ImageObject","inLanguage":"pt-BR","@id":"https:\/\/www.notibras.com\/site\/brasil-oferece-apoio-para-transicao-politica-na-venezuela\/#primaryimage","url":"https:\/\/www.notibras.com\/site\/wp-content\/uploads\/2019\/01\/guaido-venezuela.jpg","contentUrl":"https:\/\/www.notibras.com\/site\/wp-content\/uploads\/2019\/01\/guaido-venezuela.jpg","width":1800,"height":1200,"caption":"Foto\/EFE - Estad\u00e3oConte\u00fado"},{"@type":"BreadcrumbList","@id":"https:\/\/www.notibras.com\/site\/brasil-oferece-apoio-para-transicao-politica-na-venezuela\/#breadcrumb","itemListElement":[{"@type":"ListItem","position":1,"name":"In\u00edcio","item":"https:\/\/www.notibras.com\/site\/"},{"@type":"ListItem","position":2,"name":"Brasil oferece apoio para transi\u00e7\u00e3o pol\u00edtica na Venezuela"}]},{"@type":"WebSite","@id":"https:\/\/www.notibras.com\/site\/#website","url":"https:\/\/www.notibras.com\/site\/","name":"Notibras","description":"Not\u00edcias de Bras\u00edlia, do Brasil e do Mundo","publisher":{"@id":"https:\/\/www.notibras.com\/site\/#organization"},"potentialAction":[{"@type":"SearchAction","target":{"@type":"EntryPoint","urlTemplate":"https:\/\/www.notibras.com\/site\/?s={search_term_string}"},"query-input":{"@type":"PropertyValueSpecification","valueRequired":true,"valueName":"search_term_string"}}],"inLanguage":"pt-BR"},{"@type":"Organization","@id":"https:\/\/www.notibras.com\/site\/#organization","name":"Grupo Notibras de Comunica\u00e7\u00e3o","url":"https:\/\/www.notibras.com\/site\/","logo":{"@type":"ImageObject","inLanguage":"pt-BR","@id":"https:\/\/www.notibras.com\/site\/#\/schema\/logo\/image\/","url":"https:\/\/www.notibras.com\/site\/wp-content\/uploads\/2023\/01\/notibras23.png","contentUrl":"https:\/\/www.notibras.com\/site\/wp-content\/uploads\/2023\/01\/notibras23.png","width":350,"height":87,"caption":"Grupo Notibras de Comunica\u00e7\u00e3o"},"image":{"@id":"https:\/\/www.notibras.com\/site\/#\/schema\/logo\/image\/"},"sameAs":["https:\/\/www.facebook.com\/notibras\/","https:\/\/x.com\/Notibras","https:\/\/www.instagram.com\/notibras\/"]},{"@type":"Person","@id":"https:\/\/www.notibras.com\/site\/#\/schema\/person\/36ab0979449956132d3e5b517ea76ac8","name":"Reda\u00e7\u00e3o","image":{"@type":"ImageObject","inLanguage":"pt-BR","@id":"https:\/\/secure.gravatar.com\/avatar\/e0a867bdedb85fd243eadf09663511f96fc81e0720a4a42581f334ad4303aa6b?s=96&d=mm&r=g","url":"https:\/\/secure.gravatar.com\/avatar\/e0a867bdedb85fd243eadf09663511f96fc81e0720a4a42581f334ad4303aa6b?s=96&d=mm&r=g","contentUrl":"https:\/\/secure.gravatar.com\/avatar\/e0a867bdedb85fd243eadf09663511f96fc81e0720a4a42581f334ad4303aa6b?s=96&d=mm&r=g","caption":"Reda\u00e7\u00e3o"}}]}},"amp_enabled":true,"_links":{"self":[{"href":"https:\/\/www.notibras.com\/site\/wp-json\/wp\/v2\/posts\/200321","targetHints":{"allow":["GET"]}}],"collection":[{"href":"https:\/\/www.notibras.com\/site\/wp-json\/wp\/v2\/posts"}],"about":[{"href":"https:\/\/www.notibras.com\/site\/wp-json\/wp\/v2\/types\/post"}],"author":[{"embeddable":true,"href":"https:\/\/www.notibras.com\/site\/wp-json\/wp\/v2\/users\/2"}],"replies":[{"embeddable":true,"href":"https:\/\/www.notibras.com\/site\/wp-json\/wp\/v2\/comments?post=200321"}],"version-history":[{"count":2,"href":"https:\/\/www.notibras.com\/site\/wp-json\/wp\/v2\/posts\/200321\/revisions"}],"predecessor-version":[{"id":200324,"href":"https:\/\/www.notibras.com\/site\/wp-json\/wp\/v2\/posts\/200321\/revisions\/200324"}],"wp:featuredmedia":[{"embeddable":true,"href":"https:\/\/www.notibras.com\/site\/wp-json\/wp\/v2\/media\/200322"}],"wp:attachment":[{"href":"https:\/\/www.notibras.com\/site\/wp-json\/wp\/v2\/media?parent=200321"}],"wp:term":[{"taxonomy":"category","embeddable":true,"href":"https:\/\/www.notibras.com\/site\/wp-json\/wp\/v2\/categories?post=200321"},{"taxonomy":"post_tag","embeddable":true,"href":"https:\/\/www.notibras.com\/site\/wp-json\/wp\/v2\/tags?post=200321"}],"curies":[{"name":"wp","href":"https:\/\/api.w.org\/{rel}","templated":true}]}}