{"id":200325,"date":"2019-01-23T20:53:24","date_gmt":"2019-01-23T22:53:24","guid":{"rendered":"https:\/\/www.notibras.com\/site\/?p=200325"},"modified":"2019-01-23T20:54:39","modified_gmt":"2019-01-23T22:54:39","slug":"mourao-descarta-intervencao-militar-do-brasil-na-venezuela","status":"publish","type":"post","link":"https:\/\/www.notibras.com\/site\/mourao-descarta-intervencao-militar-do-brasil-na-venezuela\/","title":{"rendered":"Mour\u00e3o descarta interven\u00e7\u00e3o militar do Brasil na Venezuela"},"content":{"rendered":"<p>O presidente em exerc\u00edcio, Hamilton Mour\u00e3o, descartou a possibilidade de uma participa\u00e7\u00e3o brasileira em uma eventual a\u00e7\u00e3o militar externa na Venezuela ap\u00f3s o Brasil e os Estados Unidos reconheceram o l\u00edder opositor Juan Guaid\u00f3 como presidente interino do pa\u00eds vizinho.<\/p>\n<p>&#8220;O Brasil n\u00e3o participa de interven\u00e7\u00e3o, n\u00e3o \u00e9 da nossa pol\u00edtica externa intervir nos assuntos internos de outros pa\u00edses&#8221;, disse Mour\u00e3o, ao deixar o Pal\u00e1cio do Planalto nesta quarta-feira, 23.<\/p>\n<p>Horas antes, o presidente dos Estados Unidos, Donald Trump, declarara que &#8220;todas as op\u00e7\u00f5es est\u00e3o sobre a mesa&#8221; em rela\u00e7\u00e3o ao pa\u00eds sul-americano.<\/p>\n<p>Mour\u00e3o afirmou que o apoio pol\u00edtico do Brasil \u00e9 em rela\u00e7\u00e3o \u00e0 decis\u00e3o do l\u00edder opositor e futuramente, caso seja necess\u00e1rio, o Brasil vai participar de um apoio econ\u00f4mico para &#8220;reconstru\u00e7\u00e3o&#8221; da Venezuela.<\/p>\n<p>Na hip\u00f3tese de pris\u00e3o de Guaid\u00f3, o presidente em exerc\u00edcio disse que o Brasil, neste caso, &#8220;s\u00f3 pode protestar; n\u00e3o vai fazer mais nada al\u00e9m disso.&#8221; A \u00fanica liga\u00e7\u00e3o entre as For\u00e7as Armadas de Brasil e Venezuela, afirmou Mour\u00e3o, \u00e9 um contato institucional entre os ministros da Defesa dos dois pa\u00edses.<\/p>\n","protected":false},"excerpt":{"rendered":"<p>O presidente em exerc\u00edcio, Hamilton Mour\u00e3o, descartou a possibilidade de uma participa\u00e7\u00e3o brasileira em uma eventual a\u00e7\u00e3o militar externa na Venezuela ap\u00f3s o Brasil e os Estados Unidos reconheceram o l\u00edder opositor Juan Guaid\u00f3 como presidente interino do pa\u00eds vizinho. &#8220;O Brasil n\u00e3o participa de interven\u00e7\u00e3o, n\u00e3o \u00e9 da nossa pol\u00edtica externa intervir nos assuntos [&hellip;]<\/p>\n","protected":false},"author":2,"featured_media":200326,"comment_status":"closed","ping_status":"closed","sticky":false,"template":"","format":"standard","meta":{"_acf_changed":false,"footnotes":""},"categories":[16],"tags":[95],"class_list":["post-200325","post","type-post","status-publish","format-standard","has-post-thumbnail","hentry","category-brasil","tag-capa"],"acf":[],"yoast_head":"<!-- This site is optimized with the Yoast SEO plugin v27.2 - https:\/\/yoast.com\/product\/yoast-seo-wordpress\/ -->\n<title>Mour\u00e3o descarta interven\u00e7\u00e3o militar do Brasil na Venezuela - Notibras<\/title>\n<meta name=\"robots\" content=\"index, follow, max-snippet:-1, max-image-preview:large, max-video-preview:-1\" \/>\n<link rel=\"canonical\" href=\"https:\/\/www.notibras.com\/site\/mourao-descarta-intervencao-militar-do-brasil-na-venezuela\/\" \/>\n<meta property=\"og:locale\" content=\"pt_BR\" \/>\n<meta property=\"og:type\" content=\"article\" \/>\n<meta property=\"og:title\" content=\"Mour\u00e3o descarta interven\u00e7\u00e3o militar do Brasil na Venezuela - Notibras\" \/>\n<meta property=\"og:description\" content=\"O presidente em exerc\u00edcio, Hamilton Mour\u00e3o, descartou a possibilidade de uma participa\u00e7\u00e3o brasileira em uma eventual a\u00e7\u00e3o militar externa na Venezuela ap\u00f3s o Brasil e os Estados Unidos reconheceram o l\u00edder opositor Juan Guaid\u00f3 como presidente interino do pa\u00eds vizinho. &#8220;O Brasil n\u00e3o participa de interven\u00e7\u00e3o, n\u00e3o \u00e9 da nossa pol\u00edtica externa intervir nos assuntos [&hellip;]\" \/>\n<meta property=\"og:url\" content=\"https:\/\/www.notibras.com\/site\/mourao-descarta-intervencao-militar-do-brasil-na-venezuela\/\" \/>\n<meta property=\"og:site_name\" content=\"Notibras\" \/>\n<meta property=\"article:publisher\" content=\"https:\/\/www.facebook.com\/notibras\/\" \/>\n<meta property=\"article:published_time\" content=\"2019-01-23T22:53:24+00:00\" \/>\n<meta property=\"article:modified_time\" content=\"2019-01-23T22:54:39+00:00\" \/>\n<meta property=\"og:image\" content=\"https:\/\/www.notibras.com\/site\/wp-content\/uploads\/2019\/01\/mourao-interven\u00e7\u00e3o.jpg\" \/>\n\t<meta property=\"og:image:width\" content=\"1140\" \/>\n\t<meta property=\"og:image:height\" content=\"760\" \/>\n\t<meta property=\"og:image:type\" content=\"image\/jpeg\" \/>\n<meta name=\"author\" content=\"Reda\u00e7\u00e3o\" \/>\n<meta name=\"twitter:card\" content=\"summary_large_image\" \/>\n<meta name=\"twitter:creator\" content=\"@Notibras\" \/>\n<meta name=\"twitter:site\" content=\"@Notibras\" \/>\n<meta name=\"twitter:label1\" content=\"Escrito por\" \/>\n\t<meta name=\"twitter:data1\" content=\"Reda\u00e7\u00e3o\" \/>\n\t<meta name=\"twitter:label2\" content=\"Est. tempo de leitura\" \/>\n\t<meta name=\"twitter:data2\" content=\"1 minuto\" \/>\n<script type=\"application\/ld+json\" class=\"yoast-schema-graph\">{\"@context\":\"https:\/\/schema.org\",\"@graph\":[{\"@type\":\"Article\",\"@id\":\"https:\/\/www.notibras.com\/site\/mourao-descarta-intervencao-militar-do-brasil-na-venezuela\/#article\",\"isPartOf\":{\"@id\":\"https:\/\/www.notibras.com\/site\/mourao-descarta-intervencao-militar-do-brasil-na-venezuela\/\"},\"author\":{\"name\":\"Reda\u00e7\u00e3o\",\"@id\":\"https:\/\/www.notibras.com\/site\/#\/schema\/person\/36ab0979449956132d3e5b517ea76ac8\"},\"headline\":\"Mour\u00e3o descarta interven\u00e7\u00e3o militar do Brasil na Venezuela\",\"datePublished\":\"2019-01-23T22:53:24+00:00\",\"dateModified\":\"2019-01-23T22:54:39+00:00\",\"mainEntityOfPage\":{\"@id\":\"https:\/\/www.notibras.com\/site\/mourao-descarta-intervencao-militar-do-brasil-na-venezuela\/\"},\"wordCount\":217,\"publisher\":{\"@id\":\"https:\/\/www.notibras.com\/site\/#organization\"},\"image\":{\"@id\":\"https:\/\/www.notibras.com\/site\/mourao-descarta-intervencao-militar-do-brasil-na-venezuela\/#primaryimage\"},\"thumbnailUrl\":\"https:\/\/www.notibras.com\/site\/wp-content\/uploads\/2019\/01\/mourao-interven\u00e7\u00e3o.jpg\",\"keywords\":[\"capa\"],\"articleSection\":[\"Brasil\"],\"inLanguage\":\"pt-BR\"},{\"@type\":\"WebPage\",\"@id\":\"https:\/\/www.notibras.com\/site\/mourao-descarta-intervencao-militar-do-brasil-na-venezuela\/\",\"url\":\"https:\/\/www.notibras.com\/site\/mourao-descarta-intervencao-militar-do-brasil-na-venezuela\/\",\"name\":\"Mour\u00e3o descarta interven\u00e7\u00e3o militar do Brasil na Venezuela - Notibras\",\"isPartOf\":{\"@id\":\"https:\/\/www.notibras.com\/site\/#website\"},\"primaryImageOfPage\":{\"@id\":\"https:\/\/www.notibras.com\/site\/mourao-descarta-intervencao-militar-do-brasil-na-venezuela\/#primaryimage\"},\"image\":{\"@id\":\"https:\/\/www.notibras.com\/site\/mourao-descarta-intervencao-militar-do-brasil-na-venezuela\/#primaryimage\"},\"thumbnailUrl\":\"https:\/\/www.notibras.com\/site\/wp-content\/uploads\/2019\/01\/mourao-interven\u00e7\u00e3o.jpg\",\"datePublished\":\"2019-01-23T22:53:24+00:00\",\"dateModified\":\"2019-01-23T22:54:39+00:00\",\"breadcrumb\":{\"@id\":\"https:\/\/www.notibras.com\/site\/mourao-descarta-intervencao-militar-do-brasil-na-venezuela\/#breadcrumb\"},\"inLanguage\":\"pt-BR\",\"potentialAction\":[{\"@type\":\"ReadAction\",\"target\":[\"https:\/\/www.notibras.com\/site\/mourao-descarta-intervencao-militar-do-brasil-na-venezuela\/\"]}]},{\"@type\":\"ImageObject\",\"inLanguage\":\"pt-BR\",\"@id\":\"https:\/\/www.notibras.com\/site\/mourao-descarta-intervencao-militar-do-brasil-na-venezuela\/#primaryimage\",\"url\":\"https:\/\/www.notibras.com\/site\/wp-content\/uploads\/2019\/01\/mourao-interven\u00e7\u00e3o.jpg\",\"contentUrl\":\"https:\/\/www.notibras.com\/site\/wp-content\/uploads\/2019\/01\/mourao-interven\u00e7\u00e3o.jpg\",\"width\":1140,\"height\":760,\"caption\":\"Foto: Valter Campanato\/ABr\"},{\"@type\":\"BreadcrumbList\",\"@id\":\"https:\/\/www.notibras.com\/site\/mourao-descarta-intervencao-militar-do-brasil-na-venezuela\/#breadcrumb\",\"itemListElement\":[{\"@type\":\"ListItem\",\"position\":1,\"name\":\"In\u00edcio\",\"item\":\"https:\/\/www.notibras.com\/site\/\"},{\"@type\":\"ListItem\",\"position\":2,\"name\":\"Mour\u00e3o descarta interven\u00e7\u00e3o militar do Brasil na Venezuela\"}]},{\"@type\":\"WebSite\",\"@id\":\"https:\/\/www.notibras.com\/site\/#website\",\"url\":\"https:\/\/www.notibras.com\/site\/\",\"name\":\"Notibras\",\"description\":\"Not\u00edcias de Bras\u00edlia, do Brasil e do Mundo\",\"publisher\":{\"@id\":\"https:\/\/www.notibras.com\/site\/#organization\"},\"potentialAction\":[{\"@type\":\"SearchAction\",\"target\":{\"@type\":\"EntryPoint\",\"urlTemplate\":\"https:\/\/www.notibras.com\/site\/?s={search_term_string}\"},\"query-input\":{\"@type\":\"PropertyValueSpecification\",\"valueRequired\":true,\"valueName\":\"search_term_string\"}}],\"inLanguage\":\"pt-BR\"},{\"@type\":\"Organization\",\"@id\":\"https:\/\/www.notibras.com\/site\/#organization\",\"name\":\"Grupo Notibras de Comunica\u00e7\u00e3o\",\"url\":\"https:\/\/www.notibras.com\/site\/\",\"logo\":{\"@type\":\"ImageObject\",\"inLanguage\":\"pt-BR\",\"@id\":\"https:\/\/www.notibras.com\/site\/#\/schema\/logo\/image\/\",\"url\":\"https:\/\/www.notibras.com\/site\/wp-content\/uploads\/2023\/01\/notibras23.png\",\"contentUrl\":\"https:\/\/www.notibras.com\/site\/wp-content\/uploads\/2023\/01\/notibras23.png\",\"width\":350,\"height\":87,\"caption\":\"Grupo Notibras de Comunica\u00e7\u00e3o\"},\"image\":{\"@id\":\"https:\/\/www.notibras.com\/site\/#\/schema\/logo\/image\/\"},\"sameAs\":[\"https:\/\/www.facebook.com\/notibras\/\",\"https:\/\/x.com\/Notibras\",\"https:\/\/www.instagram.com\/notibras\/\"]},{\"@type\":\"Person\",\"@id\":\"https:\/\/www.notibras.com\/site\/#\/schema\/person\/36ab0979449956132d3e5b517ea76ac8\",\"name\":\"Reda\u00e7\u00e3o\",\"image\":{\"@type\":\"ImageObject\",\"inLanguage\":\"pt-BR\",\"@id\":\"https:\/\/secure.gravatar.com\/avatar\/e0a867bdedb85fd243eadf09663511f96fc81e0720a4a42581f334ad4303aa6b?s=96&d=mm&r=g\",\"url\":\"https:\/\/secure.gravatar.com\/avatar\/e0a867bdedb85fd243eadf09663511f96fc81e0720a4a42581f334ad4303aa6b?s=96&d=mm&r=g\",\"contentUrl\":\"https:\/\/secure.gravatar.com\/avatar\/e0a867bdedb85fd243eadf09663511f96fc81e0720a4a42581f334ad4303aa6b?s=96&d=mm&r=g\",\"caption\":\"Reda\u00e7\u00e3o\"}}]}<\/script>\n<!-- \/ Yoast SEO plugin. -->","yoast_head_json":{"title":"Mour\u00e3o descarta interven\u00e7\u00e3o militar do Brasil na Venezuela - Notibras","robots":{"index":"index","follow":"follow","max-snippet":"max-snippet:-1","max-image-preview":"max-image-preview:large","max-video-preview":"max-video-preview:-1"},"canonical":"https:\/\/www.notibras.com\/site\/mourao-descarta-intervencao-militar-do-brasil-na-venezuela\/","og_locale":"pt_BR","og_type":"article","og_title":"Mour\u00e3o descarta interven\u00e7\u00e3o militar do Brasil na Venezuela - Notibras","og_description":"O presidente em exerc\u00edcio, Hamilton Mour\u00e3o, descartou a possibilidade de uma participa\u00e7\u00e3o brasileira em uma eventual a\u00e7\u00e3o militar externa na Venezuela ap\u00f3s o Brasil e os Estados Unidos reconheceram o l\u00edder opositor Juan Guaid\u00f3 como presidente interino do pa\u00eds vizinho. &#8220;O Brasil n\u00e3o participa de interven\u00e7\u00e3o, n\u00e3o \u00e9 da nossa pol\u00edtica externa intervir nos assuntos [&hellip;]","og_url":"https:\/\/www.notibras.com\/site\/mourao-descarta-intervencao-militar-do-brasil-na-venezuela\/","og_site_name":"Notibras","article_publisher":"https:\/\/www.facebook.com\/notibras\/","article_published_time":"2019-01-23T22:53:24+00:00","article_modified_time":"2019-01-23T22:54:39+00:00","og_image":[{"width":1140,"height":760,"url":"https:\/\/www.notibras.com\/site\/wp-content\/uploads\/2019\/01\/mourao-interven\u00e7\u00e3o.jpg","type":"image\/jpeg"}],"author":"Reda\u00e7\u00e3o","twitter_card":"summary_large_image","twitter_creator":"@Notibras","twitter_site":"@Notibras","twitter_misc":{"Escrito por":"Reda\u00e7\u00e3o","Est. tempo de leitura":"1 minuto"},"schema":{"@context":"https:\/\/schema.org","@graph":[{"@type":"Article","@id":"https:\/\/www.notibras.com\/site\/mourao-descarta-intervencao-militar-do-brasil-na-venezuela\/#article","isPartOf":{"@id":"https:\/\/www.notibras.com\/site\/mourao-descarta-intervencao-militar-do-brasil-na-venezuela\/"},"author":{"name":"Reda\u00e7\u00e3o","@id":"https:\/\/www.notibras.com\/site\/#\/schema\/person\/36ab0979449956132d3e5b517ea76ac8"},"headline":"Mour\u00e3o descarta interven\u00e7\u00e3o militar do Brasil na Venezuela","datePublished":"2019-01-23T22:53:24+00:00","dateModified":"2019-01-23T22:54:39+00:00","mainEntityOfPage":{"@id":"https:\/\/www.notibras.com\/site\/mourao-descarta-intervencao-militar-do-brasil-na-venezuela\/"},"wordCount":217,"publisher":{"@id":"https:\/\/www.notibras.com\/site\/#organization"},"image":{"@id":"https:\/\/www.notibras.com\/site\/mourao-descarta-intervencao-militar-do-brasil-na-venezuela\/#primaryimage"},"thumbnailUrl":"https:\/\/www.notibras.com\/site\/wp-content\/uploads\/2019\/01\/mourao-interven\u00e7\u00e3o.jpg","keywords":["capa"],"articleSection":["Brasil"],"inLanguage":"pt-BR"},{"@type":"WebPage","@id":"https:\/\/www.notibras.com\/site\/mourao-descarta-intervencao-militar-do-brasil-na-venezuela\/","url":"https:\/\/www.notibras.com\/site\/mourao-descarta-intervencao-militar-do-brasil-na-venezuela\/","name":"Mour\u00e3o descarta interven\u00e7\u00e3o militar do Brasil na Venezuela - Notibras","isPartOf":{"@id":"https:\/\/www.notibras.com\/site\/#website"},"primaryImageOfPage":{"@id":"https:\/\/www.notibras.com\/site\/mourao-descarta-intervencao-militar-do-brasil-na-venezuela\/#primaryimage"},"image":{"@id":"https:\/\/www.notibras.com\/site\/mourao-descarta-intervencao-militar-do-brasil-na-venezuela\/#primaryimage"},"thumbnailUrl":"https:\/\/www.notibras.com\/site\/wp-content\/uploads\/2019\/01\/mourao-interven\u00e7\u00e3o.jpg","datePublished":"2019-01-23T22:53:24+00:00","dateModified":"2019-01-23T22:54:39+00:00","breadcrumb":{"@id":"https:\/\/www.notibras.com\/site\/mourao-descarta-intervencao-militar-do-brasil-na-venezuela\/#breadcrumb"},"inLanguage":"pt-BR","potentialAction":[{"@type":"ReadAction","target":["https:\/\/www.notibras.com\/site\/mourao-descarta-intervencao-militar-do-brasil-na-venezuela\/"]}]},{"@type":"ImageObject","inLanguage":"pt-BR","@id":"https:\/\/www.notibras.com\/site\/mourao-descarta-intervencao-militar-do-brasil-na-venezuela\/#primaryimage","url":"https:\/\/www.notibras.com\/site\/wp-content\/uploads\/2019\/01\/mourao-interven\u00e7\u00e3o.jpg","contentUrl":"https:\/\/www.notibras.com\/site\/wp-content\/uploads\/2019\/01\/mourao-interven\u00e7\u00e3o.jpg","width":1140,"height":760,"caption":"Foto: Valter Campanato\/ABr"},{"@type":"BreadcrumbList","@id":"https:\/\/www.notibras.com\/site\/mourao-descarta-intervencao-militar-do-brasil-na-venezuela\/#breadcrumb","itemListElement":[{"@type":"ListItem","position":1,"name":"In\u00edcio","item":"https:\/\/www.notibras.com\/site\/"},{"@type":"ListItem","position":2,"name":"Mour\u00e3o descarta interven\u00e7\u00e3o militar do Brasil na Venezuela"}]},{"@type":"WebSite","@id":"https:\/\/www.notibras.com\/site\/#website","url":"https:\/\/www.notibras.com\/site\/","name":"Notibras","description":"Not\u00edcias de Bras\u00edlia, do Brasil e do Mundo","publisher":{"@id":"https:\/\/www.notibras.com\/site\/#organization"},"potentialAction":[{"@type":"SearchAction","target":{"@type":"EntryPoint","urlTemplate":"https:\/\/www.notibras.com\/site\/?s={search_term_string}"},"query-input":{"@type":"PropertyValueSpecification","valueRequired":true,"valueName":"search_term_string"}}],"inLanguage":"pt-BR"},{"@type":"Organization","@id":"https:\/\/www.notibras.com\/site\/#organization","name":"Grupo Notibras de Comunica\u00e7\u00e3o","url":"https:\/\/www.notibras.com\/site\/","logo":{"@type":"ImageObject","inLanguage":"pt-BR","@id":"https:\/\/www.notibras.com\/site\/#\/schema\/logo\/image\/","url":"https:\/\/www.notibras.com\/site\/wp-content\/uploads\/2023\/01\/notibras23.png","contentUrl":"https:\/\/www.notibras.com\/site\/wp-content\/uploads\/2023\/01\/notibras23.png","width":350,"height":87,"caption":"Grupo Notibras de Comunica\u00e7\u00e3o"},"image":{"@id":"https:\/\/www.notibras.com\/site\/#\/schema\/logo\/image\/"},"sameAs":["https:\/\/www.facebook.com\/notibras\/","https:\/\/x.com\/Notibras","https:\/\/www.instagram.com\/notibras\/"]},{"@type":"Person","@id":"https:\/\/www.notibras.com\/site\/#\/schema\/person\/36ab0979449956132d3e5b517ea76ac8","name":"Reda\u00e7\u00e3o","image":{"@type":"ImageObject","inLanguage":"pt-BR","@id":"https:\/\/secure.gravatar.com\/avatar\/e0a867bdedb85fd243eadf09663511f96fc81e0720a4a42581f334ad4303aa6b?s=96&d=mm&r=g","url":"https:\/\/secure.gravatar.com\/avatar\/e0a867bdedb85fd243eadf09663511f96fc81e0720a4a42581f334ad4303aa6b?s=96&d=mm&r=g","contentUrl":"https:\/\/secure.gravatar.com\/avatar\/e0a867bdedb85fd243eadf09663511f96fc81e0720a4a42581f334ad4303aa6b?s=96&d=mm&r=g","caption":"Reda\u00e7\u00e3o"}}]}},"amp_enabled":true,"_links":{"self":[{"href":"https:\/\/www.notibras.com\/site\/wp-json\/wp\/v2\/posts\/200325","targetHints":{"allow":["GET"]}}],"collection":[{"href":"https:\/\/www.notibras.com\/site\/wp-json\/wp\/v2\/posts"}],"about":[{"href":"https:\/\/www.notibras.com\/site\/wp-json\/wp\/v2\/types\/post"}],"author":[{"embeddable":true,"href":"https:\/\/www.notibras.com\/site\/wp-json\/wp\/v2\/users\/2"}],"replies":[{"embeddable":true,"href":"https:\/\/www.notibras.com\/site\/wp-json\/wp\/v2\/comments?post=200325"}],"version-history":[{"count":3,"href":"https:\/\/www.notibras.com\/site\/wp-json\/wp\/v2\/posts\/200325\/revisions"}],"predecessor-version":[{"id":200329,"href":"https:\/\/www.notibras.com\/site\/wp-json\/wp\/v2\/posts\/200325\/revisions\/200329"}],"wp:featuredmedia":[{"embeddable":true,"href":"https:\/\/www.notibras.com\/site\/wp-json\/wp\/v2\/media\/200326"}],"wp:attachment":[{"href":"https:\/\/www.notibras.com\/site\/wp-json\/wp\/v2\/media?parent=200325"}],"wp:term":[{"taxonomy":"category","embeddable":true,"href":"https:\/\/www.notibras.com\/site\/wp-json\/wp\/v2\/categories?post=200325"},{"taxonomy":"post_tag","embeddable":true,"href":"https:\/\/www.notibras.com\/site\/wp-json\/wp\/v2\/tags?post=200325"}],"curies":[{"name":"wp","href":"https:\/\/api.w.org\/{rel}","templated":true}]}}