{"id":200353,"date":"2019-01-24T08:17:23","date_gmt":"2019-01-24T10:17:23","guid":{"rendered":"https:\/\/www.notibras.com\/site\/?p=200353"},"modified":"2019-01-24T08:17:23","modified_gmt":"2019-01-24T10:17:23","slug":"soltem-meu-filho-voces-sabem-que-ele-nao-matou-ninguem","status":"publish","type":"post","link":"https:\/\/www.notibras.com\/site\/soltem-meu-filho-voces-sabem-que-ele-nao-matou-ninguem\/","title":{"rendered":"&#8216;Soltem meu filho. Voc\u00eas sabem que ele n\u00e3o matou ningu\u00e9m&#8217;"},"content":{"rendered":"<p>Uma quest\u00e3o burocr\u00e1tica atrasou a liberta\u00e7\u00e3o de Leonardo do Nascimento dos Santos, preso na \u00faltima quarta-feira (16) ap\u00f3s ser confundido com um dos autores de um crime ocorrido no dia anterior, em Pedra de Guaratiba, na zona oeste do Rio de Janeiro. No epis\u00f3dio, Matheus dos Santos Lessa, de 22 anos, foi morto a tiros ao tentar defender sua m\u00e3e durante o assalto em sua mercearia.<\/p>\n<p>Durante toda a tarde de hoje (23), familiares de Leonardo aguardavam sua liberta\u00e7\u00e3o em frente ao pres\u00eddio de Benfica, na Zona Norte do Rio, onde ele se encontra. No entanto, o alvar\u00e1 de soltura registrava sua transfer\u00eancia para uma unidade prisional em S\u00e3o Gon\u00e7alo (RJ), munic\u00edpio da regi\u00e3o metropolitana. Por esta raz\u00e3o, o oficial de Justi\u00e7a precisaria primeiro se dirigir \u00e0 S\u00e3o Gon\u00e7alo e s\u00f3 ent\u00e3o poderia levar o documento \u00e0 Benfica.<\/p>\n<p>At\u00e9 o in\u00edcio desta noite, Leonardo permanecia preso. Sua defesa informou n\u00e3o ter conhecimento de que ele estava prestes a ser transferido e disse acreditar ter ocorrido um erro de sistema. A Secretaria de Estado de Administra\u00e7\u00e3o Penitenci\u00e1ria (Seap) n\u00e3o explicou a situa\u00e7\u00e3o. &#8220;Estamos aguardando o alvar\u00e1 de soltura que ainda n\u00e3o chegou na unidade prisional&#8221;, se limitou a dizer em nota.<\/p>\n<p>A revoga\u00e7\u00e3o da pris\u00e3o foi determinada nesta madrugada (23) pelo juiz plantonista Ricardo Coimbra da Silva Staling Barcelos, do Tribunal de Justi\u00e7a do Estado do Rio de Janeiro (TJRJ) ap\u00f3s a pris\u00e3o de Yuri Gladstone Guimar\u00e3es, que confessou o crime e a participa\u00e7\u00e3o de mais duas pessoas, que est\u00e3o foragidas.<\/p>\n<p>Jorge Benjamin, pai de Leonardo, avisou que passar\u00e1 a noite em vig\u00edlia em frente \u00e0 penitenci\u00e1ria caso n\u00e3o ocorra sua liberta\u00e7\u00e3o. Ele diz que aguarda o momento de poder abra\u00e7ar o filho e que, no \u00faltimo domingo, Leonardo completou o anivers\u00e1rio de 27 anos na pris\u00e3o. Segundo Benjamin, os amigos lhe preparam uma recep\u00e7\u00e3o em Pedra de Guaratiba. A m\u00e3e do jovem tamb\u00e9m o aguarda em casa, pois n\u00e3o teria condi\u00e7\u00f5es emocionais de ir \u00e0 Benfica.<\/p>\n<p>Nos \u00faltimos dias, familiares e amigos organizaram manifesta\u00e7\u00f5es diante da penitenci\u00e1ria defendendo a inoc\u00eancia de Leonardo. A atua\u00e7\u00e3o de seus familiares foi tamb\u00e9m importante para provar que ele n\u00e3o participou do crime. Eles conseguiram obter imagens da c\u00e2mara de um condom\u00ednio que mostra o jovem em uma rua retornando para casa em um hor\u00e1rio pr\u00f3ximo ao momento em que o crime ocorreu.<\/p>\n<p>&#8220;O apoio dos amigos foi fundamental. A fam\u00edlia estava sem ch\u00e3o e os amigos nos abra\u00e7aram. Mobilizaram pela rede social, fizeram camisa&#8221;, diz Jorge. Ele vestia uma camisa com as fotos de Leonardo e Matheus. Segundo ele, seu filho vai virar a p\u00e1gina e a fam\u00edlia do jovem assassinado \u00e9 a maior v\u00edtima dessa hist\u00f3ria.<\/p>\n<p>O pai de Leonardo disse que ao saber que o filho seria solto, se sentiu liberto de um pesadelo. Ele lamenta a forma como a pris\u00e3o ocorreu. &#8220;Apresentaram ele a algumas testemunhas para reconhecimento. Colocaram ele no meio de outras duas pessoas que j\u00e1 estavam detidas, de cor de pele mais clara. N\u00e3o quero julgar se houve racismo. Estou apenas dizendo a forma como ele foi reconhecido&#8221;, disse Jorge, lembrando que o suspeito do crime era negro.<\/p>\n<p>Benjamin disse que os policiais foram buscar seu filho em casa, mas ele estava ausente no momento. &#8220;N\u00f3s ligamos para ele e dissemos que a pol\u00edcia estava lhe esperando. Ele retornou imediatamente. Ele poderia ter ido embora se realmente tivesse participa\u00e7\u00e3o no crime&#8221;. Apesar de toda a situa\u00e7\u00e3o, o pai de Leonardo n\u00e3o quer apontar culpados pela situa\u00e7\u00e3o. &#8220;N\u00e3o quero acusar a pol\u00edcia. Atrav\u00e9s do trabalho da pol\u00edcia, ficou provada a inoc\u00eancia&#8221;, diz.<\/p>\n","protected":false},"excerpt":{"rendered":"<p>Uma quest\u00e3o burocr\u00e1tica atrasou a liberta\u00e7\u00e3o de Leonardo do Nascimento dos Santos, preso na \u00faltima quarta-feira (16) ap\u00f3s ser confundido com um dos autores de um crime ocorrido no dia anterior, em Pedra de Guaratiba, na zona oeste do Rio de Janeiro. No epis\u00f3dio, Matheus dos Santos Lessa, de 22 anos, foi morto a tiros [&hellip;]<\/p>\n","protected":false},"author":2,"featured_media":200354,"comment_status":"closed","ping_status":"closed","sticky":false,"template":"","format":"standard","meta":{"_acf_changed":false,"footnotes":""},"categories":[16],"tags":[95],"class_list":["post-200353","post","type-post","status-publish","format-standard","has-post-thumbnail","hentry","category-brasil","tag-capa"],"acf":[],"yoast_head":"<!-- This site is optimized with the Yoast SEO plugin v27.2 - https:\/\/yoast.com\/product\/yoast-seo-wordpress\/ -->\n<title>&#039;Soltem meu filho. Voc\u00eas sabem que ele n\u00e3o matou ningu\u00e9m&#039; - Notibras<\/title>\n<meta name=\"robots\" content=\"index, follow, max-snippet:-1, max-image-preview:large, max-video-preview:-1\" \/>\n<link rel=\"canonical\" href=\"https:\/\/www.notibras.com\/site\/soltem-meu-filho-voces-sabem-que-ele-nao-matou-ninguem\/\" \/>\n<meta property=\"og:locale\" content=\"pt_BR\" \/>\n<meta property=\"og:type\" content=\"article\" \/>\n<meta property=\"og:title\" content=\"&#039;Soltem meu filho. Voc\u00eas sabem que ele n\u00e3o matou ningu\u00e9m&#039; - Notibras\" \/>\n<meta property=\"og:description\" content=\"Uma quest\u00e3o burocr\u00e1tica atrasou a liberta\u00e7\u00e3o de Leonardo do Nascimento dos Santos, preso na \u00faltima quarta-feira (16) ap\u00f3s ser confundido com um dos autores de um crime ocorrido no dia anterior, em Pedra de Guaratiba, na zona oeste do Rio de Janeiro. No epis\u00f3dio, Matheus dos Santos Lessa, de 22 anos, foi morto a tiros [&hellip;]\" \/>\n<meta property=\"og:url\" content=\"https:\/\/www.notibras.com\/site\/soltem-meu-filho-voces-sabem-que-ele-nao-matou-ninguem\/\" \/>\n<meta property=\"og:site_name\" content=\"Notibras\" \/>\n<meta property=\"article:publisher\" content=\"https:\/\/www.facebook.com\/notibras\/\" \/>\n<meta property=\"article:published_time\" content=\"2019-01-24T10:17:23+00:00\" \/>\n<meta property=\"og:image\" content=\"https:\/\/www.notibras.com\/site\/wp-content\/uploads\/2019\/01\/pris\u00e3o-errada.jpg\" \/>\n\t<meta property=\"og:image:width\" content=\"1140\" \/>\n\t<meta property=\"og:image:height\" content=\"760\" \/>\n\t<meta property=\"og:image:type\" content=\"image\/jpeg\" \/>\n<meta name=\"author\" content=\"Reda\u00e7\u00e3o\" \/>\n<meta name=\"twitter:card\" content=\"summary_large_image\" \/>\n<meta name=\"twitter:creator\" content=\"@Notibras\" \/>\n<meta name=\"twitter:site\" content=\"@Notibras\" \/>\n<meta name=\"twitter:label1\" content=\"Escrito por\" \/>\n\t<meta name=\"twitter:data1\" content=\"Reda\u00e7\u00e3o\" \/>\n\t<meta name=\"twitter:label2\" content=\"Est. tempo de leitura\" \/>\n\t<meta name=\"twitter:data2\" content=\"3 minutos\" \/>\n<script type=\"application\/ld+json\" class=\"yoast-schema-graph\">{\"@context\":\"https:\/\/schema.org\",\"@graph\":[{\"@type\":\"Article\",\"@id\":\"https:\/\/www.notibras.com\/site\/soltem-meu-filho-voces-sabem-que-ele-nao-matou-ninguem\/#article\",\"isPartOf\":{\"@id\":\"https:\/\/www.notibras.com\/site\/soltem-meu-filho-voces-sabem-que-ele-nao-matou-ninguem\/\"},\"author\":{\"name\":\"Reda\u00e7\u00e3o\",\"@id\":\"https:\/\/www.notibras.com\/site\/#\/schema\/person\/36ab0979449956132d3e5b517ea76ac8\"},\"headline\":\"&#8216;Soltem meu filho. Voc\u00eas sabem que ele n\u00e3o matou ningu\u00e9m&#8217;\",\"datePublished\":\"2019-01-24T10:17:23+00:00\",\"mainEntityOfPage\":{\"@id\":\"https:\/\/www.notibras.com\/site\/soltem-meu-filho-voces-sabem-que-ele-nao-matou-ninguem\/\"},\"wordCount\":671,\"publisher\":{\"@id\":\"https:\/\/www.notibras.com\/site\/#organization\"},\"image\":{\"@id\":\"https:\/\/www.notibras.com\/site\/soltem-meu-filho-voces-sabem-que-ele-nao-matou-ninguem\/#primaryimage\"},\"thumbnailUrl\":\"https:\/\/www.notibras.com\/site\/wp-content\/uploads\/2019\/01\/pris\u00e3o-errada.jpg\",\"keywords\":[\"capa\"],\"articleSection\":[\"Brasil\"],\"inLanguage\":\"pt-BR\"},{\"@type\":\"WebPage\",\"@id\":\"https:\/\/www.notibras.com\/site\/soltem-meu-filho-voces-sabem-que-ele-nao-matou-ninguem\/\",\"url\":\"https:\/\/www.notibras.com\/site\/soltem-meu-filho-voces-sabem-que-ele-nao-matou-ninguem\/\",\"name\":\"'Soltem meu filho. Voc\u00eas sabem que ele n\u00e3o matou ningu\u00e9m' - Notibras\",\"isPartOf\":{\"@id\":\"https:\/\/www.notibras.com\/site\/#website\"},\"primaryImageOfPage\":{\"@id\":\"https:\/\/www.notibras.com\/site\/soltem-meu-filho-voces-sabem-que-ele-nao-matou-ninguem\/#primaryimage\"},\"image\":{\"@id\":\"https:\/\/www.notibras.com\/site\/soltem-meu-filho-voces-sabem-que-ele-nao-matou-ninguem\/#primaryimage\"},\"thumbnailUrl\":\"https:\/\/www.notibras.com\/site\/wp-content\/uploads\/2019\/01\/pris\u00e3o-errada.jpg\",\"datePublished\":\"2019-01-24T10:17:23+00:00\",\"breadcrumb\":{\"@id\":\"https:\/\/www.notibras.com\/site\/soltem-meu-filho-voces-sabem-que-ele-nao-matou-ninguem\/#breadcrumb\"},\"inLanguage\":\"pt-BR\",\"potentialAction\":[{\"@type\":\"ReadAction\",\"target\":[\"https:\/\/www.notibras.com\/site\/soltem-meu-filho-voces-sabem-que-ele-nao-matou-ninguem\/\"]}]},{\"@type\":\"ImageObject\",\"inLanguage\":\"pt-BR\",\"@id\":\"https:\/\/www.notibras.com\/site\/soltem-meu-filho-voces-sabem-que-ele-nao-matou-ninguem\/#primaryimage\",\"url\":\"https:\/\/www.notibras.com\/site\/wp-content\/uploads\/2019\/01\/pris\u00e3o-errada.jpg\",\"contentUrl\":\"https:\/\/www.notibras.com\/site\/wp-content\/uploads\/2019\/01\/pris\u00e3o-errada.jpg\",\"width\":1140,\"height\":760,\"caption\":\"Foto: Fernando Fraz\u00e3o\/ABr\"},{\"@type\":\"BreadcrumbList\",\"@id\":\"https:\/\/www.notibras.com\/site\/soltem-meu-filho-voces-sabem-que-ele-nao-matou-ninguem\/#breadcrumb\",\"itemListElement\":[{\"@type\":\"ListItem\",\"position\":1,\"name\":\"In\u00edcio\",\"item\":\"https:\/\/www.notibras.com\/site\/\"},{\"@type\":\"ListItem\",\"position\":2,\"name\":\"&#8216;Soltem meu filho. Voc\u00eas sabem que ele n\u00e3o matou ningu\u00e9m&#8217;\"}]},{\"@type\":\"WebSite\",\"@id\":\"https:\/\/www.notibras.com\/site\/#website\",\"url\":\"https:\/\/www.notibras.com\/site\/\",\"name\":\"Notibras\",\"description\":\"Not\u00edcias de Bras\u00edlia, do Brasil e do Mundo\",\"publisher\":{\"@id\":\"https:\/\/www.notibras.com\/site\/#organization\"},\"potentialAction\":[{\"@type\":\"SearchAction\",\"target\":{\"@type\":\"EntryPoint\",\"urlTemplate\":\"https:\/\/www.notibras.com\/site\/?s={search_term_string}\"},\"query-input\":{\"@type\":\"PropertyValueSpecification\",\"valueRequired\":true,\"valueName\":\"search_term_string\"}}],\"inLanguage\":\"pt-BR\"},{\"@type\":\"Organization\",\"@id\":\"https:\/\/www.notibras.com\/site\/#organization\",\"name\":\"Grupo Notibras de Comunica\u00e7\u00e3o\",\"url\":\"https:\/\/www.notibras.com\/site\/\",\"logo\":{\"@type\":\"ImageObject\",\"inLanguage\":\"pt-BR\",\"@id\":\"https:\/\/www.notibras.com\/site\/#\/schema\/logo\/image\/\",\"url\":\"https:\/\/www.notibras.com\/site\/wp-content\/uploads\/2023\/01\/notibras23.png\",\"contentUrl\":\"https:\/\/www.notibras.com\/site\/wp-content\/uploads\/2023\/01\/notibras23.png\",\"width\":350,\"height\":87,\"caption\":\"Grupo Notibras de Comunica\u00e7\u00e3o\"},\"image\":{\"@id\":\"https:\/\/www.notibras.com\/site\/#\/schema\/logo\/image\/\"},\"sameAs\":[\"https:\/\/www.facebook.com\/notibras\/\",\"https:\/\/x.com\/Notibras\",\"https:\/\/www.instagram.com\/notibras\/\"]},{\"@type\":\"Person\",\"@id\":\"https:\/\/www.notibras.com\/site\/#\/schema\/person\/36ab0979449956132d3e5b517ea76ac8\",\"name\":\"Reda\u00e7\u00e3o\",\"image\":{\"@type\":\"ImageObject\",\"inLanguage\":\"pt-BR\",\"@id\":\"https:\/\/secure.gravatar.com\/avatar\/e0a867bdedb85fd243eadf09663511f96fc81e0720a4a42581f334ad4303aa6b?s=96&d=mm&r=g\",\"url\":\"https:\/\/secure.gravatar.com\/avatar\/e0a867bdedb85fd243eadf09663511f96fc81e0720a4a42581f334ad4303aa6b?s=96&d=mm&r=g\",\"contentUrl\":\"https:\/\/secure.gravatar.com\/avatar\/e0a867bdedb85fd243eadf09663511f96fc81e0720a4a42581f334ad4303aa6b?s=96&d=mm&r=g\",\"caption\":\"Reda\u00e7\u00e3o\"}}]}<\/script>\n<!-- \/ Yoast SEO plugin. -->","yoast_head_json":{"title":"'Soltem meu filho. Voc\u00eas sabem que ele n\u00e3o matou ningu\u00e9m' - Notibras","robots":{"index":"index","follow":"follow","max-snippet":"max-snippet:-1","max-image-preview":"max-image-preview:large","max-video-preview":"max-video-preview:-1"},"canonical":"https:\/\/www.notibras.com\/site\/soltem-meu-filho-voces-sabem-que-ele-nao-matou-ninguem\/","og_locale":"pt_BR","og_type":"article","og_title":"'Soltem meu filho. Voc\u00eas sabem que ele n\u00e3o matou ningu\u00e9m' - Notibras","og_description":"Uma quest\u00e3o burocr\u00e1tica atrasou a liberta\u00e7\u00e3o de Leonardo do Nascimento dos Santos, preso na \u00faltima quarta-feira (16) ap\u00f3s ser confundido com um dos autores de um crime ocorrido no dia anterior, em Pedra de Guaratiba, na zona oeste do Rio de Janeiro. No epis\u00f3dio, Matheus dos Santos Lessa, de 22 anos, foi morto a tiros [&hellip;]","og_url":"https:\/\/www.notibras.com\/site\/soltem-meu-filho-voces-sabem-que-ele-nao-matou-ninguem\/","og_site_name":"Notibras","article_publisher":"https:\/\/www.facebook.com\/notibras\/","article_published_time":"2019-01-24T10:17:23+00:00","og_image":[{"width":1140,"height":760,"url":"https:\/\/www.notibras.com\/site\/wp-content\/uploads\/2019\/01\/pris\u00e3o-errada.jpg","type":"image\/jpeg"}],"author":"Reda\u00e7\u00e3o","twitter_card":"summary_large_image","twitter_creator":"@Notibras","twitter_site":"@Notibras","twitter_misc":{"Escrito por":"Reda\u00e7\u00e3o","Est. tempo de leitura":"3 minutos"},"schema":{"@context":"https:\/\/schema.org","@graph":[{"@type":"Article","@id":"https:\/\/www.notibras.com\/site\/soltem-meu-filho-voces-sabem-que-ele-nao-matou-ninguem\/#article","isPartOf":{"@id":"https:\/\/www.notibras.com\/site\/soltem-meu-filho-voces-sabem-que-ele-nao-matou-ninguem\/"},"author":{"name":"Reda\u00e7\u00e3o","@id":"https:\/\/www.notibras.com\/site\/#\/schema\/person\/36ab0979449956132d3e5b517ea76ac8"},"headline":"&#8216;Soltem meu filho. Voc\u00eas sabem que ele n\u00e3o matou ningu\u00e9m&#8217;","datePublished":"2019-01-24T10:17:23+00:00","mainEntityOfPage":{"@id":"https:\/\/www.notibras.com\/site\/soltem-meu-filho-voces-sabem-que-ele-nao-matou-ninguem\/"},"wordCount":671,"publisher":{"@id":"https:\/\/www.notibras.com\/site\/#organization"},"image":{"@id":"https:\/\/www.notibras.com\/site\/soltem-meu-filho-voces-sabem-que-ele-nao-matou-ninguem\/#primaryimage"},"thumbnailUrl":"https:\/\/www.notibras.com\/site\/wp-content\/uploads\/2019\/01\/pris\u00e3o-errada.jpg","keywords":["capa"],"articleSection":["Brasil"],"inLanguage":"pt-BR"},{"@type":"WebPage","@id":"https:\/\/www.notibras.com\/site\/soltem-meu-filho-voces-sabem-que-ele-nao-matou-ninguem\/","url":"https:\/\/www.notibras.com\/site\/soltem-meu-filho-voces-sabem-que-ele-nao-matou-ninguem\/","name":"'Soltem meu filho. Voc\u00eas sabem que ele n\u00e3o matou ningu\u00e9m' - Notibras","isPartOf":{"@id":"https:\/\/www.notibras.com\/site\/#website"},"primaryImageOfPage":{"@id":"https:\/\/www.notibras.com\/site\/soltem-meu-filho-voces-sabem-que-ele-nao-matou-ninguem\/#primaryimage"},"image":{"@id":"https:\/\/www.notibras.com\/site\/soltem-meu-filho-voces-sabem-que-ele-nao-matou-ninguem\/#primaryimage"},"thumbnailUrl":"https:\/\/www.notibras.com\/site\/wp-content\/uploads\/2019\/01\/pris\u00e3o-errada.jpg","datePublished":"2019-01-24T10:17:23+00:00","breadcrumb":{"@id":"https:\/\/www.notibras.com\/site\/soltem-meu-filho-voces-sabem-que-ele-nao-matou-ninguem\/#breadcrumb"},"inLanguage":"pt-BR","potentialAction":[{"@type":"ReadAction","target":["https:\/\/www.notibras.com\/site\/soltem-meu-filho-voces-sabem-que-ele-nao-matou-ninguem\/"]}]},{"@type":"ImageObject","inLanguage":"pt-BR","@id":"https:\/\/www.notibras.com\/site\/soltem-meu-filho-voces-sabem-que-ele-nao-matou-ninguem\/#primaryimage","url":"https:\/\/www.notibras.com\/site\/wp-content\/uploads\/2019\/01\/pris\u00e3o-errada.jpg","contentUrl":"https:\/\/www.notibras.com\/site\/wp-content\/uploads\/2019\/01\/pris\u00e3o-errada.jpg","width":1140,"height":760,"caption":"Foto: Fernando Fraz\u00e3o\/ABr"},{"@type":"BreadcrumbList","@id":"https:\/\/www.notibras.com\/site\/soltem-meu-filho-voces-sabem-que-ele-nao-matou-ninguem\/#breadcrumb","itemListElement":[{"@type":"ListItem","position":1,"name":"In\u00edcio","item":"https:\/\/www.notibras.com\/site\/"},{"@type":"ListItem","position":2,"name":"&#8216;Soltem meu filho. Voc\u00eas sabem que ele n\u00e3o matou ningu\u00e9m&#8217;"}]},{"@type":"WebSite","@id":"https:\/\/www.notibras.com\/site\/#website","url":"https:\/\/www.notibras.com\/site\/","name":"Notibras","description":"Not\u00edcias de Bras\u00edlia, do Brasil e do Mundo","publisher":{"@id":"https:\/\/www.notibras.com\/site\/#organization"},"potentialAction":[{"@type":"SearchAction","target":{"@type":"EntryPoint","urlTemplate":"https:\/\/www.notibras.com\/site\/?s={search_term_string}"},"query-input":{"@type":"PropertyValueSpecification","valueRequired":true,"valueName":"search_term_string"}}],"inLanguage":"pt-BR"},{"@type":"Organization","@id":"https:\/\/www.notibras.com\/site\/#organization","name":"Grupo Notibras de Comunica\u00e7\u00e3o","url":"https:\/\/www.notibras.com\/site\/","logo":{"@type":"ImageObject","inLanguage":"pt-BR","@id":"https:\/\/www.notibras.com\/site\/#\/schema\/logo\/image\/","url":"https:\/\/www.notibras.com\/site\/wp-content\/uploads\/2023\/01\/notibras23.png","contentUrl":"https:\/\/www.notibras.com\/site\/wp-content\/uploads\/2023\/01\/notibras23.png","width":350,"height":87,"caption":"Grupo Notibras de Comunica\u00e7\u00e3o"},"image":{"@id":"https:\/\/www.notibras.com\/site\/#\/schema\/logo\/image\/"},"sameAs":["https:\/\/www.facebook.com\/notibras\/","https:\/\/x.com\/Notibras","https:\/\/www.instagram.com\/notibras\/"]},{"@type":"Person","@id":"https:\/\/www.notibras.com\/site\/#\/schema\/person\/36ab0979449956132d3e5b517ea76ac8","name":"Reda\u00e7\u00e3o","image":{"@type":"ImageObject","inLanguage":"pt-BR","@id":"https:\/\/secure.gravatar.com\/avatar\/e0a867bdedb85fd243eadf09663511f96fc81e0720a4a42581f334ad4303aa6b?s=96&d=mm&r=g","url":"https:\/\/secure.gravatar.com\/avatar\/e0a867bdedb85fd243eadf09663511f96fc81e0720a4a42581f334ad4303aa6b?s=96&d=mm&r=g","contentUrl":"https:\/\/secure.gravatar.com\/avatar\/e0a867bdedb85fd243eadf09663511f96fc81e0720a4a42581f334ad4303aa6b?s=96&d=mm&r=g","caption":"Reda\u00e7\u00e3o"}}]}},"amp_enabled":true,"_links":{"self":[{"href":"https:\/\/www.notibras.com\/site\/wp-json\/wp\/v2\/posts\/200353","targetHints":{"allow":["GET"]}}],"collection":[{"href":"https:\/\/www.notibras.com\/site\/wp-json\/wp\/v2\/posts"}],"about":[{"href":"https:\/\/www.notibras.com\/site\/wp-json\/wp\/v2\/types\/post"}],"author":[{"embeddable":true,"href":"https:\/\/www.notibras.com\/site\/wp-json\/wp\/v2\/users\/2"}],"replies":[{"embeddable":true,"href":"https:\/\/www.notibras.com\/site\/wp-json\/wp\/v2\/comments?post=200353"}],"version-history":[{"count":1,"href":"https:\/\/www.notibras.com\/site\/wp-json\/wp\/v2\/posts\/200353\/revisions"}],"predecessor-version":[{"id":200355,"href":"https:\/\/www.notibras.com\/site\/wp-json\/wp\/v2\/posts\/200353\/revisions\/200355"}],"wp:featuredmedia":[{"embeddable":true,"href":"https:\/\/www.notibras.com\/site\/wp-json\/wp\/v2\/media\/200354"}],"wp:attachment":[{"href":"https:\/\/www.notibras.com\/site\/wp-json\/wp\/v2\/media?parent=200353"}],"wp:term":[{"taxonomy":"category","embeddable":true,"href":"https:\/\/www.notibras.com\/site\/wp-json\/wp\/v2\/categories?post=200353"},{"taxonomy":"post_tag","embeddable":true,"href":"https:\/\/www.notibras.com\/site\/wp-json\/wp\/v2\/tags?post=200353"}],"curies":[{"name":"wp","href":"https:\/\/api.w.org\/{rel}","templated":true}]}}