{"id":200356,"date":"2019-01-24T08:35:25","date_gmt":"2019-01-24T10:35:25","guid":{"rendered":"https:\/\/www.notibras.com\/site\/?p=200356"},"modified":"2019-01-24T08:39:41","modified_gmt":"2019-01-24T10:39:41","slug":"brasileiro-fatura-de-brasileiro-na-fila-para-morar-em-portugal","status":"publish","type":"post","link":"https:\/\/www.notibras.com\/site\/brasileiro-fatura-de-brasileiro-na-fila-para-morar-em-portugal\/","title":{"rendered":"Brasileiro fatura de brasileiro na fila para morar em Portugal"},"content":{"rendered":"<p>Em meio ao aumento de brasileiros que migraram para Portugal, o Consulado do Pa\u00eds em Lisboa tem recebido longas filas de espera nos \u00faltimos dias. No \u00f3rg\u00e3o, a busca \u00e9 por servi\u00e7os simples, como atestados criminais para processos de autoriza\u00e7\u00e3o de resid\u00eancia e certificados de nacionalidade. Muitos passam a noite no local para conseguir vaga &#8211; levam at\u00e9 cobertor contra o frio de l\u00e1 esta \u00e9poca do ano.<\/p>\n<p>No in\u00edcio de 2018, a demanda por servi\u00e7os do consulado era de cerca de 300 atendimentos di\u00e1rios. Em outubro, essa m\u00e9dia j\u00e1 passava de 700. &#8220;Mais de seis horas na fila porque precisei da autenticidade do documento para migrar para a carteira de condu\u00e7\u00e3o portuguesa&#8221;, conta M\u00e1rcio Moura, de 38 anos, que tem visto de imigrante empreendedor e vive com a mulher e a filha de dez meses.<\/p>\n<p>&#8220;Alguns chegam \u00e0s 20 horas do dia anterior e outros na madrugada As senhas s\u00e3o distribu\u00eddas entre 8 horas e 9 horas da manh\u00e3&#8221;, diz o advogado C\u00e9lio Sauer, de 30 anos, que trabalha com brasileiros que querem mudar para Portugal. Ele criou at\u00e9 um canal no YouTube para reclamar do problema.<\/p>\n<p>O total de brasileiros que vivem em Portugal cresceu nos \u00faltimos anos, segundo o Servi\u00e7o de Estrangeiros e Fronteiras lusitano. Foram 85,6 mil residentes brasileiros em 2017 &#8211; aumento de 5,1% ante 2016. Os brasileiros s\u00e3o a maior comunidade estrangeira no pa\u00eds europeu.<\/p>\n<p>J\u00e1 s\u00e3o organizados at\u00e9 mutir\u00f5es para ir a outros consulados, como os de Faro ou Porto, onde o atendimento costuma ser mais r\u00e1pido. O universit\u00e1rio Alexandre Cerqueira, de 38 anos, passou a levar brasileiros ao Porto, por 40 euros ida e volta, ap\u00f3s ele mesmo ter dificuldades em Lisboa. H\u00e1 v\u00e1rios desses an\u00fancios nas redes sociais.<\/p>\n<p>&#8220;Tive problema com meu t\u00edtulo de eleitor cancelado. Cheguei na fila \u00e0s 20 horas (e s\u00f3 foi atendido \u00e0s 10 horas). Foi muito frio Na madrugada bate 0\u00ba C. Tem muita gente dormindo na cal\u00e7ada, que leva barraca de camping, colch\u00f5es&#8221;, diz ele.<\/p>\n<p>Em nota, o Consulado do Brasil em Lisboa informou que j\u00e1 est\u00e1 dispon\u00edvel o agendamento online de servi\u00e7os. O atendimento no \u00f3rg\u00e3o ser\u00e1 feito exclusivamente pelo novo sistema a partir desta sexta-feira, dia 25. At\u00e9 essa data, ser\u00e1 mantido o atendimento no dia, por senhas. Tamb\u00e9m haver\u00e1 consulados itinerantes em \u00e1reas com grande concentra\u00e7\u00e3o de brasileiros.<\/p>\n<p>Segundo o consulado, o atendimento ao p\u00fablico vem sendo feito exclusivamente por senhas desde maio. &#8220;Esse procedimento permitiu contemplar a crescente demanda de servi\u00e7os, que se deve, entre outros fatores, ao maior n\u00famero de brasileiros em Portugal desde 2015&#8221;, acrescentou a nota.<\/p>\n<p>J\u00e1 o Consulado-Geral de Portugal em S\u00e3o Paulo funciona normalmente. Em outubro, diante da sobrecarga com o n\u00famero crescente de solicita\u00e7\u00f5es, os pedidos de nacionalidade portuguesa por brasileiros chegaram a ser suspensos &#8211; s\u00f3 retomados em novembro O Consulado tem ainda mudan\u00e7as de procedimentos este ano. Antes, o pedido de nacionalidade podia ser feito junto com o cart\u00e3o cidad\u00e3o e o passaporte em um processo. Agora, o tr\u00e2mite foi dividido em duas partes.<\/p>\n","protected":false},"excerpt":{"rendered":"<p>Em meio ao aumento de brasileiros que migraram para Portugal, o Consulado do Pa\u00eds em Lisboa tem recebido longas filas de espera nos \u00faltimos dias. No \u00f3rg\u00e3o, a busca \u00e9 por servi\u00e7os simples, como atestados criminais para processos de autoriza\u00e7\u00e3o de resid\u00eancia e certificados de nacionalidade. Muitos passam a noite no local para conseguir vaga [&hellip;]<\/p>\n","protected":false},"author":2,"featured_media":200357,"comment_status":"closed","ping_status":"closed","sticky":false,"template":"","format":"standard","meta":{"_acf_changed":false,"footnotes":""},"categories":[16],"tags":[95],"class_list":["post-200356","post","type-post","status-publish","format-standard","has-post-thumbnail","hentry","category-brasil","tag-capa"],"acf":[],"yoast_head":"<!-- This site is optimized with the Yoast SEO plugin v27.2 - https:\/\/yoast.com\/product\/yoast-seo-wordpress\/ -->\n<title>Brasileiro fatura de brasileiro na fila para morar em Portugal - Notibras<\/title>\n<meta name=\"robots\" content=\"index, follow, max-snippet:-1, max-image-preview:large, max-video-preview:-1\" \/>\n<link rel=\"canonical\" href=\"https:\/\/www.notibras.com\/site\/brasileiro-fatura-de-brasileiro-na-fila-para-morar-em-portugal\/\" \/>\n<meta property=\"og:locale\" content=\"pt_BR\" \/>\n<meta property=\"og:type\" content=\"article\" \/>\n<meta property=\"og:title\" content=\"Brasileiro fatura de brasileiro na fila para morar em Portugal - Notibras\" \/>\n<meta property=\"og:description\" content=\"Em meio ao aumento de brasileiros que migraram para Portugal, o Consulado do Pa\u00eds em Lisboa tem recebido longas filas de espera nos \u00faltimos dias. No \u00f3rg\u00e3o, a busca \u00e9 por servi\u00e7os simples, como atestados criminais para processos de autoriza\u00e7\u00e3o de resid\u00eancia e certificados de nacionalidade. Muitos passam a noite no local para conseguir vaga [&hellip;]\" \/>\n<meta property=\"og:url\" content=\"https:\/\/www.notibras.com\/site\/brasileiro-fatura-de-brasileiro-na-fila-para-morar-em-portugal\/\" \/>\n<meta property=\"og:site_name\" content=\"Notibras\" \/>\n<meta property=\"article:publisher\" content=\"https:\/\/www.facebook.com\/notibras\/\" \/>\n<meta property=\"article:published_time\" content=\"2019-01-24T10:35:25+00:00\" \/>\n<meta property=\"article:modified_time\" content=\"2019-01-24T10:39:41+00:00\" \/>\n<meta property=\"og:image\" content=\"https:\/\/www.notibras.com\/site\/wp-content\/uploads\/2019\/01\/fila-lisboa.jpg\" \/>\n\t<meta property=\"og:image:width\" content=\"914\" \/>\n\t<meta property=\"og:image:height\" content=\"609\" \/>\n\t<meta property=\"og:image:type\" content=\"image\/jpeg\" \/>\n<meta name=\"author\" content=\"Reda\u00e7\u00e3o\" \/>\n<meta name=\"twitter:card\" content=\"summary_large_image\" \/>\n<meta name=\"twitter:creator\" content=\"@Notibras\" \/>\n<meta name=\"twitter:site\" content=\"@Notibras\" \/>\n<meta name=\"twitter:label1\" content=\"Escrito por\" \/>\n\t<meta name=\"twitter:data1\" content=\"Reda\u00e7\u00e3o\" \/>\n\t<meta name=\"twitter:label2\" content=\"Est. tempo de leitura\" \/>\n\t<meta name=\"twitter:data2\" content=\"3 minutos\" \/>\n<script type=\"application\/ld+json\" class=\"yoast-schema-graph\">{\"@context\":\"https:\/\/schema.org\",\"@graph\":[{\"@type\":\"Article\",\"@id\":\"https:\/\/www.notibras.com\/site\/brasileiro-fatura-de-brasileiro-na-fila-para-morar-em-portugal\/#article\",\"isPartOf\":{\"@id\":\"https:\/\/www.notibras.com\/site\/brasileiro-fatura-de-brasileiro-na-fila-para-morar-em-portugal\/\"},\"author\":{\"name\":\"Reda\u00e7\u00e3o\",\"@id\":\"https:\/\/www.notibras.com\/site\/#\/schema\/person\/36ab0979449956132d3e5b517ea76ac8\"},\"headline\":\"Brasileiro fatura de brasileiro na fila para morar em Portugal\",\"datePublished\":\"2019-01-24T10:35:25+00:00\",\"dateModified\":\"2019-01-24T10:39:41+00:00\",\"mainEntityOfPage\":{\"@id\":\"https:\/\/www.notibras.com\/site\/brasileiro-fatura-de-brasileiro-na-fila-para-morar-em-portugal\/\"},\"wordCount\":533,\"publisher\":{\"@id\":\"https:\/\/www.notibras.com\/site\/#organization\"},\"image\":{\"@id\":\"https:\/\/www.notibras.com\/site\/brasileiro-fatura-de-brasileiro-na-fila-para-morar-em-portugal\/#primaryimage\"},\"thumbnailUrl\":\"https:\/\/www.notibras.com\/site\/wp-content\/uploads\/2019\/01\/fila-lisboa.jpg\",\"keywords\":[\"capa\"],\"articleSection\":[\"Brasil\"],\"inLanguage\":\"pt-BR\"},{\"@type\":\"WebPage\",\"@id\":\"https:\/\/www.notibras.com\/site\/brasileiro-fatura-de-brasileiro-na-fila-para-morar-em-portugal\/\",\"url\":\"https:\/\/www.notibras.com\/site\/brasileiro-fatura-de-brasileiro-na-fila-para-morar-em-portugal\/\",\"name\":\"Brasileiro fatura de brasileiro na fila para morar em Portugal - Notibras\",\"isPartOf\":{\"@id\":\"https:\/\/www.notibras.com\/site\/#website\"},\"primaryImageOfPage\":{\"@id\":\"https:\/\/www.notibras.com\/site\/brasileiro-fatura-de-brasileiro-na-fila-para-morar-em-portugal\/#primaryimage\"},\"image\":{\"@id\":\"https:\/\/www.notibras.com\/site\/brasileiro-fatura-de-brasileiro-na-fila-para-morar-em-portugal\/#primaryimage\"},\"thumbnailUrl\":\"https:\/\/www.notibras.com\/site\/wp-content\/uploads\/2019\/01\/fila-lisboa.jpg\",\"datePublished\":\"2019-01-24T10:35:25+00:00\",\"dateModified\":\"2019-01-24T10:39:41+00:00\",\"breadcrumb\":{\"@id\":\"https:\/\/www.notibras.com\/site\/brasileiro-fatura-de-brasileiro-na-fila-para-morar-em-portugal\/#breadcrumb\"},\"inLanguage\":\"pt-BR\",\"potentialAction\":[{\"@type\":\"ReadAction\",\"target\":[\"https:\/\/www.notibras.com\/site\/brasileiro-fatura-de-brasileiro-na-fila-para-morar-em-portugal\/\"]}]},{\"@type\":\"ImageObject\",\"inLanguage\":\"pt-BR\",\"@id\":\"https:\/\/www.notibras.com\/site\/brasileiro-fatura-de-brasileiro-na-fila-para-morar-em-portugal\/#primaryimage\",\"url\":\"https:\/\/www.notibras.com\/site\/wp-content\/uploads\/2019\/01\/fila-lisboa.jpg\",\"contentUrl\":\"https:\/\/www.notibras.com\/site\/wp-content\/uploads\/2019\/01\/fila-lisboa.jpg\",\"width\":914,\"height\":609,\"caption\":\"Foto\/M\u00e1rcio Moura\"},{\"@type\":\"BreadcrumbList\",\"@id\":\"https:\/\/www.notibras.com\/site\/brasileiro-fatura-de-brasileiro-na-fila-para-morar-em-portugal\/#breadcrumb\",\"itemListElement\":[{\"@type\":\"ListItem\",\"position\":1,\"name\":\"In\u00edcio\",\"item\":\"https:\/\/www.notibras.com\/site\/\"},{\"@type\":\"ListItem\",\"position\":2,\"name\":\"Brasileiro fatura de brasileiro na fila para morar em Portugal\"}]},{\"@type\":\"WebSite\",\"@id\":\"https:\/\/www.notibras.com\/site\/#website\",\"url\":\"https:\/\/www.notibras.com\/site\/\",\"name\":\"Notibras\",\"description\":\"Not\u00edcias de Bras\u00edlia, do Brasil e do Mundo\",\"publisher\":{\"@id\":\"https:\/\/www.notibras.com\/site\/#organization\"},\"potentialAction\":[{\"@type\":\"SearchAction\",\"target\":{\"@type\":\"EntryPoint\",\"urlTemplate\":\"https:\/\/www.notibras.com\/site\/?s={search_term_string}\"},\"query-input\":{\"@type\":\"PropertyValueSpecification\",\"valueRequired\":true,\"valueName\":\"search_term_string\"}}],\"inLanguage\":\"pt-BR\"},{\"@type\":\"Organization\",\"@id\":\"https:\/\/www.notibras.com\/site\/#organization\",\"name\":\"Grupo Notibras de Comunica\u00e7\u00e3o\",\"url\":\"https:\/\/www.notibras.com\/site\/\",\"logo\":{\"@type\":\"ImageObject\",\"inLanguage\":\"pt-BR\",\"@id\":\"https:\/\/www.notibras.com\/site\/#\/schema\/logo\/image\/\",\"url\":\"https:\/\/www.notibras.com\/site\/wp-content\/uploads\/2023\/01\/notibras23.png\",\"contentUrl\":\"https:\/\/www.notibras.com\/site\/wp-content\/uploads\/2023\/01\/notibras23.png\",\"width\":350,\"height\":87,\"caption\":\"Grupo Notibras de Comunica\u00e7\u00e3o\"},\"image\":{\"@id\":\"https:\/\/www.notibras.com\/site\/#\/schema\/logo\/image\/\"},\"sameAs\":[\"https:\/\/www.facebook.com\/notibras\/\",\"https:\/\/x.com\/Notibras\",\"https:\/\/www.instagram.com\/notibras\/\"]},{\"@type\":\"Person\",\"@id\":\"https:\/\/www.notibras.com\/site\/#\/schema\/person\/36ab0979449956132d3e5b517ea76ac8\",\"name\":\"Reda\u00e7\u00e3o\",\"image\":{\"@type\":\"ImageObject\",\"inLanguage\":\"pt-BR\",\"@id\":\"https:\/\/secure.gravatar.com\/avatar\/e0a867bdedb85fd243eadf09663511f96fc81e0720a4a42581f334ad4303aa6b?s=96&d=mm&r=g\",\"url\":\"https:\/\/secure.gravatar.com\/avatar\/e0a867bdedb85fd243eadf09663511f96fc81e0720a4a42581f334ad4303aa6b?s=96&d=mm&r=g\",\"contentUrl\":\"https:\/\/secure.gravatar.com\/avatar\/e0a867bdedb85fd243eadf09663511f96fc81e0720a4a42581f334ad4303aa6b?s=96&d=mm&r=g\",\"caption\":\"Reda\u00e7\u00e3o\"}}]}<\/script>\n<!-- \/ Yoast SEO plugin. -->","yoast_head_json":{"title":"Brasileiro fatura de brasileiro na fila para morar em Portugal - Notibras","robots":{"index":"index","follow":"follow","max-snippet":"max-snippet:-1","max-image-preview":"max-image-preview:large","max-video-preview":"max-video-preview:-1"},"canonical":"https:\/\/www.notibras.com\/site\/brasileiro-fatura-de-brasileiro-na-fila-para-morar-em-portugal\/","og_locale":"pt_BR","og_type":"article","og_title":"Brasileiro fatura de brasileiro na fila para morar em Portugal - Notibras","og_description":"Em meio ao aumento de brasileiros que migraram para Portugal, o Consulado do Pa\u00eds em Lisboa tem recebido longas filas de espera nos \u00faltimos dias. No \u00f3rg\u00e3o, a busca \u00e9 por servi\u00e7os simples, como atestados criminais para processos de autoriza\u00e7\u00e3o de resid\u00eancia e certificados de nacionalidade. Muitos passam a noite no local para conseguir vaga [&hellip;]","og_url":"https:\/\/www.notibras.com\/site\/brasileiro-fatura-de-brasileiro-na-fila-para-morar-em-portugal\/","og_site_name":"Notibras","article_publisher":"https:\/\/www.facebook.com\/notibras\/","article_published_time":"2019-01-24T10:35:25+00:00","article_modified_time":"2019-01-24T10:39:41+00:00","og_image":[{"width":914,"height":609,"url":"https:\/\/www.notibras.com\/site\/wp-content\/uploads\/2019\/01\/fila-lisboa.jpg","type":"image\/jpeg"}],"author":"Reda\u00e7\u00e3o","twitter_card":"summary_large_image","twitter_creator":"@Notibras","twitter_site":"@Notibras","twitter_misc":{"Escrito por":"Reda\u00e7\u00e3o","Est. tempo de leitura":"3 minutos"},"schema":{"@context":"https:\/\/schema.org","@graph":[{"@type":"Article","@id":"https:\/\/www.notibras.com\/site\/brasileiro-fatura-de-brasileiro-na-fila-para-morar-em-portugal\/#article","isPartOf":{"@id":"https:\/\/www.notibras.com\/site\/brasileiro-fatura-de-brasileiro-na-fila-para-morar-em-portugal\/"},"author":{"name":"Reda\u00e7\u00e3o","@id":"https:\/\/www.notibras.com\/site\/#\/schema\/person\/36ab0979449956132d3e5b517ea76ac8"},"headline":"Brasileiro fatura de brasileiro na fila para morar em Portugal","datePublished":"2019-01-24T10:35:25+00:00","dateModified":"2019-01-24T10:39:41+00:00","mainEntityOfPage":{"@id":"https:\/\/www.notibras.com\/site\/brasileiro-fatura-de-brasileiro-na-fila-para-morar-em-portugal\/"},"wordCount":533,"publisher":{"@id":"https:\/\/www.notibras.com\/site\/#organization"},"image":{"@id":"https:\/\/www.notibras.com\/site\/brasileiro-fatura-de-brasileiro-na-fila-para-morar-em-portugal\/#primaryimage"},"thumbnailUrl":"https:\/\/www.notibras.com\/site\/wp-content\/uploads\/2019\/01\/fila-lisboa.jpg","keywords":["capa"],"articleSection":["Brasil"],"inLanguage":"pt-BR"},{"@type":"WebPage","@id":"https:\/\/www.notibras.com\/site\/brasileiro-fatura-de-brasileiro-na-fila-para-morar-em-portugal\/","url":"https:\/\/www.notibras.com\/site\/brasileiro-fatura-de-brasileiro-na-fila-para-morar-em-portugal\/","name":"Brasileiro fatura de brasileiro na fila para morar em Portugal - Notibras","isPartOf":{"@id":"https:\/\/www.notibras.com\/site\/#website"},"primaryImageOfPage":{"@id":"https:\/\/www.notibras.com\/site\/brasileiro-fatura-de-brasileiro-na-fila-para-morar-em-portugal\/#primaryimage"},"image":{"@id":"https:\/\/www.notibras.com\/site\/brasileiro-fatura-de-brasileiro-na-fila-para-morar-em-portugal\/#primaryimage"},"thumbnailUrl":"https:\/\/www.notibras.com\/site\/wp-content\/uploads\/2019\/01\/fila-lisboa.jpg","datePublished":"2019-01-24T10:35:25+00:00","dateModified":"2019-01-24T10:39:41+00:00","breadcrumb":{"@id":"https:\/\/www.notibras.com\/site\/brasileiro-fatura-de-brasileiro-na-fila-para-morar-em-portugal\/#breadcrumb"},"inLanguage":"pt-BR","potentialAction":[{"@type":"ReadAction","target":["https:\/\/www.notibras.com\/site\/brasileiro-fatura-de-brasileiro-na-fila-para-morar-em-portugal\/"]}]},{"@type":"ImageObject","inLanguage":"pt-BR","@id":"https:\/\/www.notibras.com\/site\/brasileiro-fatura-de-brasileiro-na-fila-para-morar-em-portugal\/#primaryimage","url":"https:\/\/www.notibras.com\/site\/wp-content\/uploads\/2019\/01\/fila-lisboa.jpg","contentUrl":"https:\/\/www.notibras.com\/site\/wp-content\/uploads\/2019\/01\/fila-lisboa.jpg","width":914,"height":609,"caption":"Foto\/M\u00e1rcio Moura"},{"@type":"BreadcrumbList","@id":"https:\/\/www.notibras.com\/site\/brasileiro-fatura-de-brasileiro-na-fila-para-morar-em-portugal\/#breadcrumb","itemListElement":[{"@type":"ListItem","position":1,"name":"In\u00edcio","item":"https:\/\/www.notibras.com\/site\/"},{"@type":"ListItem","position":2,"name":"Brasileiro fatura de brasileiro na fila para morar em Portugal"}]},{"@type":"WebSite","@id":"https:\/\/www.notibras.com\/site\/#website","url":"https:\/\/www.notibras.com\/site\/","name":"Notibras","description":"Not\u00edcias de Bras\u00edlia, do Brasil e do Mundo","publisher":{"@id":"https:\/\/www.notibras.com\/site\/#organization"},"potentialAction":[{"@type":"SearchAction","target":{"@type":"EntryPoint","urlTemplate":"https:\/\/www.notibras.com\/site\/?s={search_term_string}"},"query-input":{"@type":"PropertyValueSpecification","valueRequired":true,"valueName":"search_term_string"}}],"inLanguage":"pt-BR"},{"@type":"Organization","@id":"https:\/\/www.notibras.com\/site\/#organization","name":"Grupo Notibras de Comunica\u00e7\u00e3o","url":"https:\/\/www.notibras.com\/site\/","logo":{"@type":"ImageObject","inLanguage":"pt-BR","@id":"https:\/\/www.notibras.com\/site\/#\/schema\/logo\/image\/","url":"https:\/\/www.notibras.com\/site\/wp-content\/uploads\/2023\/01\/notibras23.png","contentUrl":"https:\/\/www.notibras.com\/site\/wp-content\/uploads\/2023\/01\/notibras23.png","width":350,"height":87,"caption":"Grupo Notibras de Comunica\u00e7\u00e3o"},"image":{"@id":"https:\/\/www.notibras.com\/site\/#\/schema\/logo\/image\/"},"sameAs":["https:\/\/www.facebook.com\/notibras\/","https:\/\/x.com\/Notibras","https:\/\/www.instagram.com\/notibras\/"]},{"@type":"Person","@id":"https:\/\/www.notibras.com\/site\/#\/schema\/person\/36ab0979449956132d3e5b517ea76ac8","name":"Reda\u00e7\u00e3o","image":{"@type":"ImageObject","inLanguage":"pt-BR","@id":"https:\/\/secure.gravatar.com\/avatar\/e0a867bdedb85fd243eadf09663511f96fc81e0720a4a42581f334ad4303aa6b?s=96&d=mm&r=g","url":"https:\/\/secure.gravatar.com\/avatar\/e0a867bdedb85fd243eadf09663511f96fc81e0720a4a42581f334ad4303aa6b?s=96&d=mm&r=g","contentUrl":"https:\/\/secure.gravatar.com\/avatar\/e0a867bdedb85fd243eadf09663511f96fc81e0720a4a42581f334ad4303aa6b?s=96&d=mm&r=g","caption":"Reda\u00e7\u00e3o"}}]}},"amp_enabled":true,"_links":{"self":[{"href":"https:\/\/www.notibras.com\/site\/wp-json\/wp\/v2\/posts\/200356","targetHints":{"allow":["GET"]}}],"collection":[{"href":"https:\/\/www.notibras.com\/site\/wp-json\/wp\/v2\/posts"}],"about":[{"href":"https:\/\/www.notibras.com\/site\/wp-json\/wp\/v2\/types\/post"}],"author":[{"embeddable":true,"href":"https:\/\/www.notibras.com\/site\/wp-json\/wp\/v2\/users\/2"}],"replies":[{"embeddable":true,"href":"https:\/\/www.notibras.com\/site\/wp-json\/wp\/v2\/comments?post=200356"}],"version-history":[{"count":4,"href":"https:\/\/www.notibras.com\/site\/wp-json\/wp\/v2\/posts\/200356\/revisions"}],"predecessor-version":[{"id":200361,"href":"https:\/\/www.notibras.com\/site\/wp-json\/wp\/v2\/posts\/200356\/revisions\/200361"}],"wp:featuredmedia":[{"embeddable":true,"href":"https:\/\/www.notibras.com\/site\/wp-json\/wp\/v2\/media\/200357"}],"wp:attachment":[{"href":"https:\/\/www.notibras.com\/site\/wp-json\/wp\/v2\/media?parent=200356"}],"wp:term":[{"taxonomy":"category","embeddable":true,"href":"https:\/\/www.notibras.com\/site\/wp-json\/wp\/v2\/categories?post=200356"},{"taxonomy":"post_tag","embeddable":true,"href":"https:\/\/www.notibras.com\/site\/wp-json\/wp\/v2\/tags?post=200356"}],"curies":[{"name":"wp","href":"https:\/\/api.w.org\/{rel}","templated":true}]}}