{"id":200419,"date":"2019-01-24T17:05:01","date_gmt":"2019-01-24T19:05:01","guid":{"rendered":"https:\/\/www.notibras.com\/site\/?p=200419"},"modified":"2019-01-24T17:06:35","modified_gmt":"2019-01-24T19:06:35","slug":"eu-nao-sou-heroi-vou-sair-do-brasil-para-nao-morrer-diz-jean-wyllys","status":"publish","type":"post","link":"https:\/\/www.notibras.com\/site\/eu-nao-sou-heroi-vou-sair-do-brasil-para-nao-morrer-diz-jean-wyllys\/","title":{"rendered":"&#8216;Eu n\u00e3o sou her\u00f3i. Vou sair do Brasil para n\u00e3o morrer&#8217;, diz Jean Wyllys"},"content":{"rendered":"<p>O deputado federal Jean Wyllys, eleito para o terceiro mandato seguido pelo Psol do Rio de Janeiro, decidiu abandonar a carreira pol\u00edtica e morar fora do Brasil.\u00a0 Foi o que ele disse ao jornal Folha de S.Paulo, nesta quinta, 24. Ele est\u00e1 fora do Brasil, gozando as f\u00e9rias parlamentares, e n\u00e3o pretende voltar, uma vez que, diz, recebe constantes amea\u00e7as de morte.<\/p>\n<p>Ap\u00f3s o assassinato de Marielle Franco, tamb\u00e9m do PSOL, em mar\u00e7o de 2018, Jean Wyllys passou a andar escoltado. As amea\u00e7as de morte, j\u00e1 presentes h\u00e1 anos, aumentaram e fizeram ele abandonar a vida p\u00fablica. \u201cO Pepe Mujica [ex-presidente do Uruguai] quando soube que eu estava amea\u00e7ado de morte, falou para mim: \u2018Rapaz, se cuide, os m\u00e1rtires n\u00e3o s\u00e3o her\u00f3is\u2019. E \u00e9 isso, eu n\u00e3o quero me sacrificar\u201d, afirmou.<\/p>\n<p>O fato de familiares de um ex-PM suspeito de chefiar a mil\u00edcia investigada pela morte de Marielle ter trabalhado para o senador eleito Fl\u00e1vio Bolsonaro tamb\u00e9m assusta o parlamentar.<\/p>\n<p>\u201cMe apavora saber que o filho do presidente contratou no seu gabinete a esposa e a m\u00e3e do sic\u00e1rio. O presidente que sempre me difamou, que sempre me insultou de maneira aberta, que sempre utilizou de homofobia contra mim. Esse ambiente n\u00e3o \u00e9 seguro para mim\u201d, acrescenta.<\/p>\n<p>O fato de ter sido acusado de pedofilia pelo deputado eleito Alexandre Frota (PSL) fez as den\u00fancias aumentarem, segundo Wyllys. Ele venceu uma disputa na Justi\u00e7a Federal, em dezembro do ano passado, que obrigou Frota a pagar uma indeniza\u00e7\u00e3o de R$ 295 mil.<\/p>\n<p>Por fim, Wyllys afirma que h\u00e1 falta de liberdade no Brasil para continuar como parlamentar. \u201cComo \u00e9 que vou viver quatro anos da minha vida dentro de um carro blindado e sob escolta? Quatro anos da minha n\u00e3o podendo frequentar os lugares que eu frequento?\u201d, completou.<\/p>\n","protected":false},"excerpt":{"rendered":"<p>O deputado federal Jean Wyllys, eleito para o terceiro mandato seguido pelo Psol do Rio de Janeiro, decidiu abandonar a carreira pol\u00edtica e morar fora do Brasil.\u00a0 Foi o que ele disse ao jornal Folha de S.Paulo, nesta quinta, 24. Ele est\u00e1 fora do Brasil, gozando as f\u00e9rias parlamentares, e n\u00e3o pretende voltar, uma vez [&hellip;]<\/p>\n","protected":false},"author":2,"featured_media":200420,"comment_status":"closed","ping_status":"closed","sticky":false,"template":"","format":"standard","meta":{"_acf_changed":false,"footnotes":""},"categories":[16],"tags":[95],"class_list":["post-200419","post","type-post","status-publish","format-standard","has-post-thumbnail","hentry","category-brasil","tag-capa"],"acf":[],"_links":{"self":[{"href":"https:\/\/www.notibras.com\/site\/wp-json\/wp\/v2\/posts\/200419","targetHints":{"allow":["GET"]}}],"collection":[{"href":"https:\/\/www.notibras.com\/site\/wp-json\/wp\/v2\/posts"}],"about":[{"href":"https:\/\/www.notibras.com\/site\/wp-json\/wp\/v2\/types\/post"}],"author":[{"embeddable":true,"href":"https:\/\/www.notibras.com\/site\/wp-json\/wp\/v2\/users\/2"}],"replies":[{"embeddable":true,"href":"https:\/\/www.notibras.com\/site\/wp-json\/wp\/v2\/comments?post=200419"}],"version-history":[{"count":2,"href":"https:\/\/www.notibras.com\/site\/wp-json\/wp\/v2\/posts\/200419\/revisions"}],"predecessor-version":[{"id":200422,"href":"https:\/\/www.notibras.com\/site\/wp-json\/wp\/v2\/posts\/200419\/revisions\/200422"}],"wp:featuredmedia":[{"embeddable":true,"href":"https:\/\/www.notibras.com\/site\/wp-json\/wp\/v2\/media\/200420"}],"wp:attachment":[{"href":"https:\/\/www.notibras.com\/site\/wp-json\/wp\/v2\/media?parent=200419"}],"wp:term":[{"taxonomy":"category","embeddable":true,"href":"https:\/\/www.notibras.com\/site\/wp-json\/wp\/v2\/categories?post=200419"},{"taxonomy":"post_tag","embeddable":true,"href":"https:\/\/www.notibras.com\/site\/wp-json\/wp\/v2\/tags?post=200419"}],"curies":[{"name":"wp","href":"https:\/\/api.w.org\/{rel}","templated":true}]}}