{"id":200426,"date":"2019-01-25T04:00:16","date_gmt":"2019-01-25T06:00:16","guid":{"rendered":"https:\/\/www.notibras.com\/site\/?p=200426"},"modified":"2019-01-27T08:33:05","modified_gmt":"2019-01-27T10:33:05","slug":"bomba-do-pt-com-cacas-da-fab-pode-estourar-no-colo-de-bolsonaro","status":"publish","type":"post","link":"https:\/\/www.notibras.com\/site\/bomba-do-pt-com-cacas-da-fab-pode-estourar-no-colo-de-bolsonaro\/","title":{"rendered":"Bomba do PT com ca\u00e7as pode estourar no colo de Bolsonaro"},"content":{"rendered":"<p>Nelson Jobim, ex-ministro da Defesa, est\u00e1 certo. O ex-presidente Luiz In\u00e1cio Lula da Silva n\u00e3o recebeu nenhuma vantagem, direta ou indiretamente, nas negocia\u00e7\u00f5es para a compra de avi\u00f5es de guerra destinados a refor\u00e7ar a For\u00e7a A\u00e9rea Brasileira.<\/p>\n<p>As suspeitas sobre mais uma den\u00fancia contra Lula circularam nesta quinta, 24, em Bras\u00edlia, fruto do depoimento que Ant\u00f4nio Palocci, ex-ministro do pr\u00f3prio Lula e de Dilma Roussef, prestar\u00e1 em mar\u00e7o ao juiz Vallisney de Souza Oliveira, da 10\u00aa Vara Federal.<\/p>\n<p>A pauta do depoimento ser\u00e3o os 36 ca\u00e7as Gripen negociados com a Saab, da Su\u00e9cia. O neg\u00f3cio envolveu algo em torno de 22 bilh\u00f5es de reais. A ideia de adquirir novos avi\u00f5es para a FAB teve in\u00edcio no governo Lula. Mas o ex-presidente preferia os Rafalle, produzidos na Fran\u00e7a. Coube a Dilma bater o martelo com os suecos.<\/p>\n<p>Os neg\u00f3cios com armas s\u00e3o segredo de Estado para qualquer pa\u00eds. N\u00e3o \u00e9 diferente no Brasil. Sabe-se, por\u00e9m, que nenhum dos 36 Gripen ainda foi entregue. E \u00e9 guardada a quatro chaves toda informa\u00e7\u00e3o acerca de como vem sendo feito o pagamento &#8211; se \u00e9 que j\u00e1 foi liquidada alguma fatura.<\/p>\n<p>Oficiais-generais que hoje ocupam elevados cargos no governo de Jair Bolsonaro tiveram influ\u00eancia direta na decis\u00e3o da ex-presidente Dilma Roussef. Orbitam nas imedia\u00e7\u00f5es da Pra\u00e7a dos Tr\u00eas Poderes como quem voa alto em &#8216;C\u00e9u de Brigadeiro&#8217;.<\/p>\n<p>\u00c9 justamente pelo novo quadro de colaboradores de Bolsonaro que o pr\u00f3ximo depoimento-bomba de Palocci pode espalhar estilha\u00e7os na dire\u00e7\u00e3o do Pal\u00e1cio do Planalto. Se o ex-ministro citar ao juiz Vallisney outros nomes que n\u00e3o sejam os de Lula e Dilma, o petardo vai estourar no colo do atual presidente e de influentes bancas de advocacia que atuam em Bras\u00edlia.<\/p>\n<p>Em s\u00edntese, conforme comentou um militar que coleciona lupas em Bras\u00edlia, a nova dela\u00e7\u00e3o de Palocci pode trazer luz ou trevas sobre as negocia\u00e7\u00f5es. Foram bem ou mal conduzidas? Houve ou n\u00e3o ganhos indevidos? S\u00f3 ap\u00f3s a fala do ex-ministro ser\u00e1 poss\u00edvel saber se a muni\u00e7\u00e3o que vem desse voo ser\u00e1 apenas uma simula\u00e7\u00e3o ou bomba de efeitos inimagin\u00e1veis. E se, acionado o gatilho, ser\u00e3o atingidas todas as esferas que influenciaram na compra dos Gripen.<\/p>\n","protected":false},"excerpt":{"rendered":"<p>Nelson Jobim, ex-ministro da Defesa, est\u00e1 certo. O ex-presidente Luiz In\u00e1cio Lula da Silva n\u00e3o recebeu nenhuma vantagem, direta ou indiretamente, nas negocia\u00e7\u00f5es para a compra de avi\u00f5es de guerra destinados a refor\u00e7ar a For\u00e7a A\u00e9rea Brasileira. As suspeitas sobre mais uma den\u00fancia contra Lula circularam nesta quinta, 24, em Bras\u00edlia, fruto do depoimento que [&hellip;]<\/p>\n","protected":false},"author":2,"featured_media":200427,"comment_status":"closed","ping_status":"closed","sticky":false,"template":"","format":"standard","meta":{"_acf_changed":false,"footnotes":""},"categories":[16],"tags":[95],"class_list":["post-200426","post","type-post","status-publish","format-standard","has-post-thumbnail","hentry","category-brasil","tag-capa"],"acf":[],"_links":{"self":[{"href":"https:\/\/www.notibras.com\/site\/wp-json\/wp\/v2\/posts\/200426","targetHints":{"allow":["GET"]}}],"collection":[{"href":"https:\/\/www.notibras.com\/site\/wp-json\/wp\/v2\/posts"}],"about":[{"href":"https:\/\/www.notibras.com\/site\/wp-json\/wp\/v2\/types\/post"}],"author":[{"embeddable":true,"href":"https:\/\/www.notibras.com\/site\/wp-json\/wp\/v2\/users\/2"}],"replies":[{"embeddable":true,"href":"https:\/\/www.notibras.com\/site\/wp-json\/wp\/v2\/comments?post=200426"}],"version-history":[{"count":3,"href":"https:\/\/www.notibras.com\/site\/wp-json\/wp\/v2\/posts\/200426\/revisions"}],"predecessor-version":[{"id":200673,"href":"https:\/\/www.notibras.com\/site\/wp-json\/wp\/v2\/posts\/200426\/revisions\/200673"}],"wp:featuredmedia":[{"embeddable":true,"href":"https:\/\/www.notibras.com\/site\/wp-json\/wp\/v2\/media\/200427"}],"wp:attachment":[{"href":"https:\/\/www.notibras.com\/site\/wp-json\/wp\/v2\/media?parent=200426"}],"wp:term":[{"taxonomy":"category","embeddable":true,"href":"https:\/\/www.notibras.com\/site\/wp-json\/wp\/v2\/categories?post=200426"},{"taxonomy":"post_tag","embeddable":true,"href":"https:\/\/www.notibras.com\/site\/wp-json\/wp\/v2\/tags?post=200426"}],"curies":[{"name":"wp","href":"https:\/\/api.w.org\/{rel}","templated":true}]}}