{"id":200499,"date":"2019-01-25T12:58:10","date_gmt":"2019-01-25T14:58:10","guid":{"rendered":"https:\/\/www.notibras.com\/site\/?p=200499"},"modified":"2019-01-25T12:58:50","modified_gmt":"2019-01-25T14:58:50","slug":"cinco-medicos-estao-prontos-para-terceira-cirurgia-de-bolsonaro","status":"publish","type":"post","link":"https:\/\/www.notibras.com\/site\/cinco-medicos-estao-prontos-para-terceira-cirurgia-de-bolsonaro\/","title":{"rendered":"Cinco m\u00e9dicos est\u00e3o prontos para terceira cirurgia de Bolsonaro"},"content":{"rendered":"<p>Est\u00e1 &#8220;tudo certo&#8221; para a cirurgia do presidente Jair Bolsonaro, na segunda-feira, 28, afirmou ao Estad\u00e3o\/Broadcast o cirurgi\u00e3o Antonio Luiz de Vasconcellos Macedo, que vai comandar a equipe que realizar\u00e1 o procedimento para retirada da bolsa de colostomia, no Hospital Albert Einstein, em S\u00e3o Paulo.<\/p>\n<p>A cirurgia, de acordo com o m\u00e9dico, ser\u00e1 realizada pela manh\u00e3. Procedimentos como esse levam de tr\u00eas a quatro horas, afirmou. No domingo, 27, Bolsonaro viaja \u00e0 capital paulista para exames pr\u00e9-operat\u00f3rios. &#8220;Est\u00e1 tudo bem com ele, est\u00e1 tudo perfeito com ele. Ele est\u00e1 muito bem&#8221;, relatou o cirurgi\u00e3o.<\/p>\n<p>Tr\u00eas cirurgi\u00f5es, dois anestesistas e uma instrumentadora ir\u00e3o executar o procedimento. Ao lado de Macedo, estar\u00e3o respons\u00e1veis pela cirurgia outros dois gastroenterologistas: os m\u00e9dicos Julio Gozani e Rodolfo Di Dario.<\/p>\n<p>O per\u00edodo de recupera\u00e7\u00e3o, declarou Macedo, s\u00f3 ser\u00e1 poss\u00edvel prever ap\u00f3s o procedimento. &#8220;Quando terminarmos a cirurgia, podemos emitir um boletim e explicar quantos dias demora a recupera\u00e7\u00e3o. Depende muito, n\u00e3o tem nada previs\u00edvel&#8221;, disse.<\/p>\n<p>Essa ser\u00e1 a terceira cirurgia de Jair Bolsonaro ap\u00f3s o atentado a faca sofrido no dia 7 de setembro, na cidade de Juiz de Fora (MG). Ap\u00f3s cirurgia de emerg\u00eancia na Santa Casa da cidade, Bolsonaro foi transferido para o Hospital Albert Einstein e teve de passar por um segundo procedimento, para evitar infec\u00e7\u00f5es.<\/p>\n","protected":false},"excerpt":{"rendered":"<p>Est\u00e1 &#8220;tudo certo&#8221; para a cirurgia do presidente Jair Bolsonaro, na segunda-feira, 28, afirmou ao Estad\u00e3o\/Broadcast o cirurgi\u00e3o Antonio Luiz de Vasconcellos Macedo, que vai comandar a equipe que realizar\u00e1 o procedimento para retirada da bolsa de colostomia, no Hospital Albert Einstein, em S\u00e3o Paulo. A cirurgia, de acordo com o m\u00e9dico, ser\u00e1 realizada pela [&hellip;]<\/p>\n","protected":false},"author":2,"featured_media":200500,"comment_status":"closed","ping_status":"closed","sticky":false,"template":"","format":"standard","meta":{"_acf_changed":false,"footnotes":""},"categories":[16],"tags":[95],"class_list":["post-200499","post","type-post","status-publish","format-standard","has-post-thumbnail","hentry","category-brasil","tag-capa"],"acf":[],"_links":{"self":[{"href":"https:\/\/www.notibras.com\/site\/wp-json\/wp\/v2\/posts\/200499","targetHints":{"allow":["GET"]}}],"collection":[{"href":"https:\/\/www.notibras.com\/site\/wp-json\/wp\/v2\/posts"}],"about":[{"href":"https:\/\/www.notibras.com\/site\/wp-json\/wp\/v2\/types\/post"}],"author":[{"embeddable":true,"href":"https:\/\/www.notibras.com\/site\/wp-json\/wp\/v2\/users\/2"}],"replies":[{"embeddable":true,"href":"https:\/\/www.notibras.com\/site\/wp-json\/wp\/v2\/comments?post=200499"}],"version-history":[{"count":2,"href":"https:\/\/www.notibras.com\/site\/wp-json\/wp\/v2\/posts\/200499\/revisions"}],"predecessor-version":[{"id":200502,"href":"https:\/\/www.notibras.com\/site\/wp-json\/wp\/v2\/posts\/200499\/revisions\/200502"}],"wp:featuredmedia":[{"embeddable":true,"href":"https:\/\/www.notibras.com\/site\/wp-json\/wp\/v2\/media\/200500"}],"wp:attachment":[{"href":"https:\/\/www.notibras.com\/site\/wp-json\/wp\/v2\/media?parent=200499"}],"wp:term":[{"taxonomy":"category","embeddable":true,"href":"https:\/\/www.notibras.com\/site\/wp-json\/wp\/v2\/categories?post=200499"},{"taxonomy":"post_tag","embeddable":true,"href":"https:\/\/www.notibras.com\/site\/wp-json\/wp\/v2\/tags?post=200499"}],"curies":[{"name":"wp","href":"https:\/\/api.w.org\/{rel}","templated":true}]}}