{"id":200507,"date":"2019-01-25T14:01:27","date_gmt":"2019-01-25T16:01:27","guid":{"rendered":"https:\/\/www.notibras.com\/site\/?p=200507"},"modified":"2019-01-25T14:03:40","modified_gmt":"2019-01-25T16:03:40","slug":"quem-ameacou-jean-wyllys-como-e-quando-pergunta-mourao","status":"publish","type":"post","link":"https:\/\/www.notibras.com\/site\/quem-ameacou-jean-wyllys-como-e-quando-pergunta-mourao\/","title":{"rendered":"Quem amea\u00e7ou Jean Wyllys, como e quando, pergunta Mour\u00e3o"},"content":{"rendered":"<p>O vice-presidente da Rep\u00fablica, Hamilton Mour\u00e3o, declarou nesta sexta-feira, 25, que \u00e9 preciso aguardar um detalhamento sobre as amea\u00e7as relatadas pelo deputado federal Jean Wyllys (PSOL-RJ) que o motivaram a desistir de assumir um novo mandato na C\u00e2mara e a deixar o Pa\u00eds. Para o vice, &#8220;quem amea\u00e7a parlamentar est\u00e1 cometendo um crime contra a democracia&#8221;.<\/p>\n<p>&#8220;Quando a gente diz que est\u00e1 amea\u00e7ado tem que dizer por quem, como. Vamos aguardar&#8221;, declarou o vice, ap\u00f3s uma reuni\u00e3o com o presidente Jair Bolsonaro no Pal\u00e1cio do Planalto. &#8220;N\u00e3o estou na chuteira do Jean Wyllys, ele \u00e9 que sabe qual \u00e9 o grau de confus\u00e3o que ele est\u00e1 metido&#8221;, afirmou Mour\u00e3o, ao ser perguntado se a decis\u00e3o do parlamentar estava correta.<\/p>\n<p>Mour\u00e3o refor\u00e7ou que quem amea\u00e7a parlamentar est\u00e1 cometendo um crime contra a democracia. \u201cAcho que quem amea\u00e7a parlamentar est\u00e1 cometendo um crime contra a democracia porque uma das coisas que \u00e9 mais importante \u00e9 voc\u00ea ter sua opini\u00e3o e ter a liberdade para expressar sua opini\u00e3o. Os parlamentares est\u00e3o ali eleitos pelo voto, representam os cidad\u00e3os que votaram neles. Quer voc\u00ea goste, quer voc\u00ea n\u00e3o goste das ideias do cara, voc\u00ea ouve. Se gostou, bate palma. Se n\u00e3o gostou, paci\u00eancia.&#8221;<\/p>\n<p>Al\u00e9m disso, o vice-presidente afastou a possibilidade de relacionar \u00e0 decis\u00e3o do deputado com a investiga\u00e7\u00e3o sobre o atentado contra o presidente Jair Bolsonaro durante a campanha eleitoral. Nas redes sociais, apoiadores de Bolsonaro impulsionam a express\u00e3o #InvestigarJeanWillis insinuando que o deputado do PSOL estaria &#8220;fugindo&#8221; de uma investiga\u00e7\u00e3o por fazer parte do partido ao qual Ad\u00e9lio Bispo de Oliveira, autor do atentado, j\u00e1 foi filiado. &#8220;Em nenhum momento apareceu alguma coisa que ligasse um com outro. Acho que isso a\u00ed \u00e9 o wishful thinking [desejo que algo aconte\u00e7a].&#8221;<\/p>\n<p>Em contrapartida, no Twitter, o pr\u00f3prio presidente Jair Bolsonaro divulgou nesta sexta uma imagem com uma lista de a\u00e7\u00f5es que Ad\u00e9lio teria tomado, enfatizando que o agressor \u00e9 ex-integrante do PSOL e que ele esteve presente em um gabinete da C\u00e2mara dos Deputados em agosto de 2013, al\u00e9m de ter tido sua presen\u00e7a registrada no Congresso no dia do atentado; &#8220;\u00e1libi perfeito caso fugisse&#8221;, escreve Bolsonaro.<\/p>\n","protected":false},"excerpt":{"rendered":"<p>O vice-presidente da Rep\u00fablica, Hamilton Mour\u00e3o, declarou nesta sexta-feira, 25, que \u00e9 preciso aguardar um detalhamento sobre as amea\u00e7as relatadas pelo deputado federal Jean Wyllys (PSOL-RJ) que o motivaram a desistir de assumir um novo mandato na C\u00e2mara e a deixar o Pa\u00eds. Para o vice, &#8220;quem amea\u00e7a parlamentar est\u00e1 cometendo um crime contra a [&hellip;]<\/p>\n","protected":false},"author":2,"featured_media":200508,"comment_status":"closed","ping_status":"closed","sticky":false,"template":"","format":"standard","meta":{"_acf_changed":false,"footnotes":""},"categories":[16],"tags":[95],"class_list":["post-200507","post","type-post","status-publish","format-standard","has-post-thumbnail","hentry","category-brasil","tag-capa"],"acf":[],"_links":{"self":[{"href":"https:\/\/www.notibras.com\/site\/wp-json\/wp\/v2\/posts\/200507","targetHints":{"allow":["GET"]}}],"collection":[{"href":"https:\/\/www.notibras.com\/site\/wp-json\/wp\/v2\/posts"}],"about":[{"href":"https:\/\/www.notibras.com\/site\/wp-json\/wp\/v2\/types\/post"}],"author":[{"embeddable":true,"href":"https:\/\/www.notibras.com\/site\/wp-json\/wp\/v2\/users\/2"}],"replies":[{"embeddable":true,"href":"https:\/\/www.notibras.com\/site\/wp-json\/wp\/v2\/comments?post=200507"}],"version-history":[{"count":3,"href":"https:\/\/www.notibras.com\/site\/wp-json\/wp\/v2\/posts\/200507\/revisions"}],"predecessor-version":[{"id":200511,"href":"https:\/\/www.notibras.com\/site\/wp-json\/wp\/v2\/posts\/200507\/revisions\/200511"}],"wp:featuredmedia":[{"embeddable":true,"href":"https:\/\/www.notibras.com\/site\/wp-json\/wp\/v2\/media\/200508"}],"wp:attachment":[{"href":"https:\/\/www.notibras.com\/site\/wp-json\/wp\/v2\/media?parent=200507"}],"wp:term":[{"taxonomy":"category","embeddable":true,"href":"https:\/\/www.notibras.com\/site\/wp-json\/wp\/v2\/categories?post=200507"},{"taxonomy":"post_tag","embeddable":true,"href":"https:\/\/www.notibras.com\/site\/wp-json\/wp\/v2\/tags?post=200507"}],"curies":[{"name":"wp","href":"https:\/\/api.w.org\/{rel}","templated":true}]}}