{"id":20051,"date":"2014-08-18T10:13:00","date_gmt":"2014-08-18T13:13:00","guid":{"rendered":"http:\/\/www.notibras.com\/site\/?p=20051"},"modified":"2014-08-18T23:15:23","modified_gmt":"2014-08-19T02:15:23","slug":"grevistas-decidem-fechar-entrada-da-reitoria-da-usp","status":"publish","type":"post","link":"https:\/\/www.notibras.com\/site\/grevistas-decidem-fechar-entrada-da-reitoria-da-usp\/","title":{"rendered":"Grevistas decidem fechar entrada da reitoria da USP"},"content":{"rendered":"<p>Funcion\u00e1rios da Universidade de S\u00e3o Paulo (USP), em greve, acampam em frente ao pr\u00e9dio da reitoria e bloqueiam a entrada dos empregados h\u00e1 15 dias. De acordo com a assessoria de imprensa da universidade, o setor foi realocado para outras \u00e1reas do <em>campus<\/em>.<\/p>\n<p>Os funcion\u00e1rios e professores, que iniciaram a paralisa\u00e7\u00e3o h\u00e1 82 dias, protestam contra o corte de sal\u00e1rio ocorrido neste m\u00eas. De acordo com Magno de Carvalho, diretor do Sindicato dos Trabalhadores da USP, os grevistas tamb\u00e9m s\u00e3o contr\u00e1rios \u00e0 transfer\u00eancia do Hospital Universit\u00e1rio para a Secretaria Estadual de Sa\u00fade. Eles far\u00e3o um abra\u00e7o simb\u00f3lico ao hospital para demonstrar a indigna\u00e7\u00e3o, informou Magno.<\/p>\n<p>Pela proposta, feita pelo reitor Marco Antonio Zago, tanto o Hospital Universit\u00e1rio do Campus Butant\u00e3, na capital paulista, quanto o Hospital de Reabilita\u00e7\u00e3o de Anomalias Craniofaciais, em Bauru, ser\u00e3o transferidos da USP para a secretaria. Os servidores continuariam, por\u00e9m, ligados \u00e0 universidade.<\/p>\n<p>A medida visando a equilibrar o or\u00e7amento da institui\u00e7\u00e3o tamb\u00e9m prev\u00ea um programa de incentivo \u00e0 demiss\u00e3o volunt\u00e1ria voltada aos servidores t\u00e9cnico-administrativos. Segundo a USP, nos \u00faltimos quatro anos, foram contratados mais de 2,4 mil funcion\u00e1rios desse tipo. O programa ser\u00e1 focado em 2,8 mil servidores celetistas com idade entre 55 anos e 67 anos e pelo menos 20 anos de trabalho na USP.<\/p>\n<p>A proposta inclui ainda a diminui\u00e7\u00e3o da jornada de 40 horas para 30 horas semanais, com redu\u00e7\u00e3o de sal\u00e1rio.<\/p>\n","protected":false},"excerpt":{"rendered":"<p>Funcion\u00e1rios da Universidade de S\u00e3o Paulo (USP), em greve, acampam em frente ao pr\u00e9dio da reitoria e bloqueiam a entrada dos empregados h\u00e1 15 dias. De acordo com a assessoria de imprensa da universidade, o setor foi realocado para outras \u00e1reas do campus. Os funcion\u00e1rios e professores, que iniciaram a paralisa\u00e7\u00e3o h\u00e1 82 dias, protestam [&hellip;]<\/p>\n","protected":false},"author":2,"featured_media":20052,"comment_status":"open","ping_status":"closed","sticky":false,"template":"","format":"standard","meta":{"_acf_changed":false,"footnotes":""},"categories":[16],"tags":[],"class_list":["post-20051","post","type-post","status-publish","format-standard","has-post-thumbnail","hentry","category-brasil"],"acf":[],"_links":{"self":[{"href":"https:\/\/www.notibras.com\/site\/wp-json\/wp\/v2\/posts\/20051","targetHints":{"allow":["GET"]}}],"collection":[{"href":"https:\/\/www.notibras.com\/site\/wp-json\/wp\/v2\/posts"}],"about":[{"href":"https:\/\/www.notibras.com\/site\/wp-json\/wp\/v2\/types\/post"}],"author":[{"embeddable":true,"href":"https:\/\/www.notibras.com\/site\/wp-json\/wp\/v2\/users\/2"}],"replies":[{"embeddable":true,"href":"https:\/\/www.notibras.com\/site\/wp-json\/wp\/v2\/comments?post=20051"}],"version-history":[{"count":0,"href":"https:\/\/www.notibras.com\/site\/wp-json\/wp\/v2\/posts\/20051\/revisions"}],"wp:featuredmedia":[{"embeddable":true,"href":"https:\/\/www.notibras.com\/site\/wp-json\/wp\/v2\/media\/20052"}],"wp:attachment":[{"href":"https:\/\/www.notibras.com\/site\/wp-json\/wp\/v2\/media?parent=20051"}],"wp:term":[{"taxonomy":"category","embeddable":true,"href":"https:\/\/www.notibras.com\/site\/wp-json\/wp\/v2\/categories?post=20051"},{"taxonomy":"post_tag","embeddable":true,"href":"https:\/\/www.notibras.com\/site\/wp-json\/wp\/v2\/tags?post=20051"}],"curies":[{"name":"wp","href":"https:\/\/api.w.org\/{rel}","templated":true}]}}