{"id":200512,"date":"2019-01-25T14:08:17","date_gmt":"2019-01-25T16:08:17","guid":{"rendered":"https:\/\/www.notibras.com\/site\/?p=200512"},"modified":"2019-01-25T14:32:32","modified_gmt":"2019-01-25T16:32:32","slug":"barragem-da-vale-se-rompe-e-lama-deixa-um-rastro-de-destruicao","status":"publish","type":"post","link":"https:\/\/www.notibras.com\/site\/barragem-da-vale-se-rompe-e-lama-deixa-um-rastro-de-destruicao\/","title":{"rendered":"Barragem da Vale se rompe e lama deixa um rastro de destrui\u00e7\u00e3o"},"content":{"rendered":"<p>Uma barragem da Vale na Mina Feij\u00e3o, em Brumadinho, na regi\u00e3o metropolitana de Belo Horizonte, se rompeu na tarde desta sexta-feira, 25. Segundo a empresa, as primeira informa\u00e7\u00f5es indicam que os rejeitos atingiram a \u00e1rea administrativa da companhia e parte da comunidade da Vila Ferteco. Ainda n\u00e3o h\u00e1 informa\u00e7\u00f5es sobre v\u00edtimas.<\/p>\n<p>De acordo com o Corpo de Bombeiros, o rompimento aconteceu na altura do km 50 da Rodovia MG-040. De acordo com a Defesa Civil, os moradores da parte mais baixa da cidade est\u00e3o sendo retirados das casas.<\/p>\n<p>&#8220;A prioridade total da Vale, neste momento, \u00e9 preservar e proteger a vida de empregados e de integrantes da comunidade&#8221;, disse a companhia respons\u00e1vel pela mina.<\/p>\n<p>O Corpo de Bombeiros e a Defesa Civil est\u00e3o mobilizados. A prefeitura emitiu alerta para que popula\u00e7\u00e3o se mantenha longe do leito do Rio Paraopeba. Por precau\u00e7\u00e3o, o Instituto Inhotim est\u00e1 retirando funcion\u00e1rios e visitantes do local.<\/p>\n","protected":false},"excerpt":{"rendered":"<p>Uma barragem da Vale na Mina Feij\u00e3o, em Brumadinho, na regi\u00e3o metropolitana de Belo Horizonte, se rompeu na tarde desta sexta-feira, 25. Segundo a empresa, as primeira informa\u00e7\u00f5es indicam que os rejeitos atingiram a \u00e1rea administrativa da companhia e parte da comunidade da Vila Ferteco. Ainda n\u00e3o h\u00e1 informa\u00e7\u00f5es sobre v\u00edtimas. De acordo com o [&hellip;]<\/p>\n","protected":false},"author":2,"featured_media":200513,"comment_status":"closed","ping_status":"closed","sticky":false,"template":"","format":"standard","meta":{"_acf_changed":false,"footnotes":""},"categories":[16],"tags":[95],"class_list":["post-200512","post","type-post","status-publish","format-standard","has-post-thumbnail","hentry","category-brasil","tag-capa"],"acf":[],"_links":{"self":[{"href":"https:\/\/www.notibras.com\/site\/wp-json\/wp\/v2\/posts\/200512","targetHints":{"allow":["GET"]}}],"collection":[{"href":"https:\/\/www.notibras.com\/site\/wp-json\/wp\/v2\/posts"}],"about":[{"href":"https:\/\/www.notibras.com\/site\/wp-json\/wp\/v2\/types\/post"}],"author":[{"embeddable":true,"href":"https:\/\/www.notibras.com\/site\/wp-json\/wp\/v2\/users\/2"}],"replies":[{"embeddable":true,"href":"https:\/\/www.notibras.com\/site\/wp-json\/wp\/v2\/comments?post=200512"}],"version-history":[{"count":4,"href":"https:\/\/www.notibras.com\/site\/wp-json\/wp\/v2\/posts\/200512\/revisions"}],"predecessor-version":[{"id":200517,"href":"https:\/\/www.notibras.com\/site\/wp-json\/wp\/v2\/posts\/200512\/revisions\/200517"}],"wp:featuredmedia":[{"embeddable":true,"href":"https:\/\/www.notibras.com\/site\/wp-json\/wp\/v2\/media\/200513"}],"wp:attachment":[{"href":"https:\/\/www.notibras.com\/site\/wp-json\/wp\/v2\/media?parent=200512"}],"wp:term":[{"taxonomy":"category","embeddable":true,"href":"https:\/\/www.notibras.com\/site\/wp-json\/wp\/v2\/categories?post=200512"},{"taxonomy":"post_tag","embeddable":true,"href":"https:\/\/www.notibras.com\/site\/wp-json\/wp\/v2\/tags?post=200512"}],"curies":[{"name":"wp","href":"https:\/\/api.w.org\/{rel}","templated":true}]}}