{"id":200518,"date":"2019-01-25T15:09:16","date_gmt":"2019-01-25T17:09:16","guid":{"rendered":"https:\/\/www.notibras.com\/site\/?p=200518"},"modified":"2019-01-25T16:27:00","modified_gmt":"2019-01-25T18:27:00","slug":"bolsonaro-manda-equipe-da-defesa-civil-socorrer-brumadinho","status":"publish","type":"post","link":"https:\/\/www.notibras.com\/site\/bolsonaro-manda-equipe-da-defesa-civil-socorrer-brumadinho\/","title":{"rendered":"Bolsonaro manda equipe da Defesa Civil socorrer Brumadinho"},"content":{"rendered":"<p>O presidente Jair Bolsonaro determinou o envio de uma equipe da Secretaria Nacional de Prote\u00e7\u00e3o e Defesa Civil, vinculada ao Minist\u00e9rio do Desenvolvimento Regional, para acompanhar a situa\u00e7\u00e3o de Brumadinho, em Minas, que vive situa\u00e7\u00e3o de calamidade ap\u00f3s o rompimento de uma barragem da Vale, na tarde desta sexta, 25, inundando a regi\u00e3o com um rio de lama.<\/p>\n<p>O grupo deve chegar \u00e0 cidade no in\u00edcio da noite. A equipe \u00e9 liderada por Alexandre Lucas, secret\u00e1rio Nacional de Defesa Civil, composta ainda pelo diretor do Centro Nacional de Monitoramento, Armin Braun, e t\u00e9cnicos da Defesa Civil.<\/p>\n<p>A barragem pertence \u00e0 mineradora Vale, a mesma empresa respons\u00e1vel pela estrutura que rompeu na tamb\u00e9m cidade mineira de Mariana. Em nota, a empresa informou que se trata de uma barragem na Mina Feij\u00e3o.<\/p>\n<p>\u201cAs primeiras informa\u00e7\u00f5es indicam que os rejeitos atingiram a \u00e1rea administrativa da companhia e parte da comunidade da Vila Ferteco. Ainda n\u00e3o h\u00e1 confirma\u00e7\u00e3o se h\u00e1 feridos no local. A Vale acionou o Corpo de Bombeiros e ativou o seu Plano de Atendimento a Emerg\u00eancias para Barragens\u201d, informou a empresa.<\/p>\n<p>Refor\u00e7o &#8211; Logo ap\u00f3s determinar o deslocamento de uma equipe do governo federal para regi\u00e3o, Jair Bolsonaro postou mensagem no Twitter, aumentando o n\u00famero de autoridades que seguiram para Brumadinho.<\/p>\n<p>\u201cLamento o ocorrido em Brumadinho-MG. Determinei o deslocamento dos ministros do Desenvolvimento Regional [Gustavo Canuto] e Minas e Energia [Bento Costa Lima], bem como nosso secret\u00e1rio Nacional de Defesa Civil [Alexandre Lucas] para a regi\u00e3o\u201d, afirmou o presidente na rede social. &#8220;O ministro do Meio Ambiente [Ricardo Salles] tamb\u00e9m est\u00e1 a caminho. Todas as provid\u00eancias cab\u00edveis est\u00e3o sendo tomadas&#8221;, escreveu o presidente. \u201cNossa maior preocupa\u00e7\u00e3o neste momento \u00e9 atender eventuais v\u00edtimas desta grave trag\u00e9dia\u201d, completou Bolsonaro.<\/p>\n","protected":false},"excerpt":{"rendered":"<p>O presidente Jair Bolsonaro determinou o envio de uma equipe da Secretaria Nacional de Prote\u00e7\u00e3o e Defesa Civil, vinculada ao Minist\u00e9rio do Desenvolvimento Regional, para acompanhar a situa\u00e7\u00e3o de Brumadinho, em Minas, que vive situa\u00e7\u00e3o de calamidade ap\u00f3s o rompimento de uma barragem da Vale, na tarde desta sexta, 25, inundando a regi\u00e3o com um [&hellip;]<\/p>\n","protected":false},"author":2,"featured_media":200519,"comment_status":"closed","ping_status":"closed","sticky":false,"template":"","format":"standard","meta":{"_acf_changed":false,"footnotes":""},"categories":[16],"tags":[95],"class_list":["post-200518","post","type-post","status-publish","format-standard","has-post-thumbnail","hentry","category-brasil","tag-capa"],"acf":[],"_links":{"self":[{"href":"https:\/\/www.notibras.com\/site\/wp-json\/wp\/v2\/posts\/200518","targetHints":{"allow":["GET"]}}],"collection":[{"href":"https:\/\/www.notibras.com\/site\/wp-json\/wp\/v2\/posts"}],"about":[{"href":"https:\/\/www.notibras.com\/site\/wp-json\/wp\/v2\/types\/post"}],"author":[{"embeddable":true,"href":"https:\/\/www.notibras.com\/site\/wp-json\/wp\/v2\/users\/2"}],"replies":[{"embeddable":true,"href":"https:\/\/www.notibras.com\/site\/wp-json\/wp\/v2\/comments?post=200518"}],"version-history":[{"count":5,"href":"https:\/\/www.notibras.com\/site\/wp-json\/wp\/v2\/posts\/200518\/revisions"}],"predecessor-version":[{"id":200530,"href":"https:\/\/www.notibras.com\/site\/wp-json\/wp\/v2\/posts\/200518\/revisions\/200530"}],"wp:featuredmedia":[{"embeddable":true,"href":"https:\/\/www.notibras.com\/site\/wp-json\/wp\/v2\/media\/200519"}],"wp:attachment":[{"href":"https:\/\/www.notibras.com\/site\/wp-json\/wp\/v2\/media?parent=200518"}],"wp:term":[{"taxonomy":"category","embeddable":true,"href":"https:\/\/www.notibras.com\/site\/wp-json\/wp\/v2\/categories?post=200518"},{"taxonomy":"post_tag","embeddable":true,"href":"https:\/\/www.notibras.com\/site\/wp-json\/wp\/v2\/tags?post=200518"}],"curies":[{"name":"wp","href":"https:\/\/api.w.org\/{rel}","templated":true}]}}