{"id":20054,"date":"2014-08-18T23:24:53","date_gmt":"2014-08-19T02:24:53","guid":{"rendered":"http:\/\/www.notibras.com\/site\/?p=20054"},"modified":"2014-08-19T12:50:57","modified_gmt":"2014-08-19T15:50:57","slug":"proibicao-da-anvisa-deixa-consumidor-cauteloso-com-agua-sao-lourenco","status":"publish","type":"post","link":"https:\/\/www.notibras.com\/site\/proibicao-da-anvisa-deixa-consumidor-cauteloso-com-agua-sao-lourenco\/","title":{"rendered":"Proibi\u00e7\u00e3o da Anvisa deixa povo cauteloso com a \u00e1gua mineral S\u00e3o Louren\u00e7o"},"content":{"rendered":"<p>Crescem a cada dia as preocupa\u00e7\u00f5es dos consumidores com a \u00e1gua mineral S\u00e3o Louren\u00e7o, que teve um lote proibido para consumo humano pela Anvisa. O produto \u00e9 engarrafado pela Nestl\u00e9.<\/p>\n<p>Segundo o G1, a popula\u00e7\u00e3o ficou preocupada em buscar \u00e1gua nas fontes de onde vem a \u00e1gua Testes feitos no produto encontraram um tipo de bact\u00e9ria acima do que a lei permite.<\/p>\n<p>S\u00e3o Louren\u00e7o, em Minas Gerais, \u00e9 uma das maiores est\u00e2ncias hidrominerais do pa\u00eds e \u00e9 nacionalmente conhecida pela qualidade das fontes.<\/p>\n<p>O porteiro Sebasti\u00e3o Machado Filho busca \u00e1gua mineral em uma fonte da cidade toda semana para o consumo da fam\u00edlia. O morador ficou preocupado quando soube do problema com a \u00e1gua explorada na cidade.<\/p>\n<blockquote><p>\u201dA gente fica com medo, porque todo mundo busca \u00e1gua aqui. Acho que eles deveriam dar uma explica\u00e7\u00e3o para a popula\u00e7\u00e3o sobre o que aconteceu\u201d, diz.<\/p><\/blockquote>\n<p>A Anvisa proibiu a venda e comercializa\u00e7\u00e3o do lote 32966047S1 de \u00e1gua de 300 ML, produzido em outubro de 2013, com validade at\u00e9 23 de outubro deste ano. A amostra da \u00e1gua foi recolhida pela Vigil\u00e2ncia Sanit\u00e1ria de Campiona, depois que um consumidor relatou um gosto estranho no produto.<\/p>\n<p>Em nota, a Anvisa informou que a bact\u00e9ria encontrada foi a <em>Pseudomonas aeruginosa<\/em>, que causa altera\u00e7\u00f5es de odor e sabor nos alimentos, mas normalmente n\u00e3o representa risco preocupante \u00e0 sa\u00fade da popula\u00e7\u00e3o em geral. No entanto, em crian\u00e7as, gestantes e pessoas com sistema imunol\u00f3gico fragilizado, a bact\u00e9ria pode causar infec\u00e7\u00f5es.<\/p>\n<p>H\u00e1 cerca de 40 dias, consumidores tamb\u00e9m perceberam o mesmo problema em S\u00e3o Louren\u00e7o. V\u00e1rios hot\u00e9is da cidade chegaram a devolver o produto. No entanto, a Nestl\u00e9 garante que n\u00e3o existe risco de contamina\u00e7\u00e3o na fonte aberta \u00e0 popula\u00e7\u00e3o.<\/p>\n<blockquote><p>Segundo a Anvisa, a quantidade do micro-organismo encontrado na amostra coletada em Campinas foi 11 vezes acima do permitido pela legisla\u00e7\u00e3o que regulamenta o setor de \u00e1gua mineral. A Vigil\u00e2ncia Sanit\u00e1ria de Minas Gerais j\u00e1 foi acionada para adotar as medidas necess\u00e1rias junto \u00e0 empresa.<\/p><\/blockquote>\n<p>A Nestl\u00e9 informou que foi notificada em fevereiro sobre a altera\u00e7\u00e3o no lote e suspendeu imediatamente a comercializa\u00e7\u00e3o do produto. Em rela\u00e7\u00e3o ao lote citado pelos hoteleiros, a empresa informou que n\u00e3o vai se pronunciar antes de identificar e analisar o material que \u00e9 mencionado na mat\u00e9ria.<\/p>\n","protected":false},"excerpt":{"rendered":"<p>Crescem a cada dia as preocupa\u00e7\u00f5es dos consumidores com a \u00e1gua mineral S\u00e3o Louren\u00e7o, que teve um lote proibido para consumo humano pela Anvisa. O produto \u00e9 engarrafado pela Nestl\u00e9. Segundo o G1, a popula\u00e7\u00e3o ficou preocupada em buscar \u00e1gua nas fontes de onde vem a \u00e1gua Testes feitos no produto encontraram um tipo de [&hellip;]<\/p>\n","protected":false},"author":2,"featured_media":20059,"comment_status":"open","ping_status":"closed","sticky":false,"template":"","format":"standard","meta":{"_acf_changed":false,"footnotes":""},"categories":[16],"tags":[],"class_list":["post-20054","post","type-post","status-publish","format-standard","has-post-thumbnail","hentry","category-brasil"],"acf":[],"_links":{"self":[{"href":"https:\/\/www.notibras.com\/site\/wp-json\/wp\/v2\/posts\/20054","targetHints":{"allow":["GET"]}}],"collection":[{"href":"https:\/\/www.notibras.com\/site\/wp-json\/wp\/v2\/posts"}],"about":[{"href":"https:\/\/www.notibras.com\/site\/wp-json\/wp\/v2\/types\/post"}],"author":[{"embeddable":true,"href":"https:\/\/www.notibras.com\/site\/wp-json\/wp\/v2\/users\/2"}],"replies":[{"embeddable":true,"href":"https:\/\/www.notibras.com\/site\/wp-json\/wp\/v2\/comments?post=20054"}],"version-history":[{"count":0,"href":"https:\/\/www.notibras.com\/site\/wp-json\/wp\/v2\/posts\/20054\/revisions"}],"wp:featuredmedia":[{"embeddable":true,"href":"https:\/\/www.notibras.com\/site\/wp-json\/wp\/v2\/media\/20059"}],"wp:attachment":[{"href":"https:\/\/www.notibras.com\/site\/wp-json\/wp\/v2\/media?parent=20054"}],"wp:term":[{"taxonomy":"category","embeddable":true,"href":"https:\/\/www.notibras.com\/site\/wp-json\/wp\/v2\/categories?post=20054"},{"taxonomy":"post_tag","embeddable":true,"href":"https:\/\/www.notibras.com\/site\/wp-json\/wp\/v2\/tags?post=20054"}],"curies":[{"name":"wp","href":"https:\/\/api.w.org\/{rel}","templated":true}]}}