{"id":20061,"date":"2014-08-19T08:41:58","date_gmt":"2014-08-19T11:41:58","guid":{"rendered":"http:\/\/www.notibras.com\/site\/?p=20061"},"modified":"2014-08-19T08:41:58","modified_gmt":"2014-08-19T11:41:58","slug":"historia-secreta-embora-real-da-invasao-militar-de-roraima","status":"publish","type":"post","link":"https:\/\/www.notibras.com\/site\/historia-secreta-embora-real-da-invasao-militar-de-roraima\/","title":{"rendered":"Hist\u00f3ria secreta, embora real, da invas\u00e3o militar de Roraima"},"content":{"rendered":"<p>No momento em que tanto se fala da cobi\u00e7a internacional sobre a Amaz\u00f4nia, da a\u00e7\u00e3o de ONGs de todos os tipos agindo livremente na regi\u00e3o Norte, de estrangeiros vendendo peda\u00e7os da nossa floresta, da encrenca que est\u00e1 sendo a homologa\u00e7\u00e3o da Raposa\/Serra do Sol, de \u00edndios contra \u00edndios, de \u00edndios contra n\u00e3o-\u00edndios, das a\u00e7\u00f5es ou omiss\u00f5es da Funai, do descontentamento das For\u00e7as Armadas com refer\u00eancia os rumos pol\u00edticos que est\u00e3o sendo dados para esta quase despovoada mas important\u00edssima parte das fronteiras da na\u00e7\u00e3o, \u00e9 mais do que preciso falar quem sabe, quem conhece, quem vivencia ou quem tenha alguma informa\u00e7\u00e3o de import\u00e2ncia.<\/p>\n<p>Assim sendo, para ficar registrado e muito bem entendido, vou contar um acontecimento de magna import\u00e2ncia, especialmente para Roraima, e do qual sou testemunha ocular da Hist\u00f3ria.<\/p>\n<p>Corria o ano de 1993 \u2013 portanto, j\u00e1 faz 15 anos. Era governo de Itamar Franco e as press\u00f5es de alguns setores nacionais e v\u00e1rios internacionais, para a homologa\u00e7\u00e3o da Raposa\/Serra do Sol, eram fortes e estavam no auge. Tinha-se como cert\u00edssimo de que Itamar assinaria a homologa\u00e7\u00e3o.<\/p>\n<p>Nessa \u00e9poca, eu era piloto da empresa BOLSA DE DIAMANTES, que quinzenalmente enviava compradores de pedras preciosas para Uiramut\u00e3, \u00c1gua Fria, Mutum e vizinhan\u00e7as.<\/p>\n<p>No dia 8 de setembro de 1993, a\u00ed pelas 17:00, chegamos em Uiramut\u00e3, e encontramos a popula\u00e7\u00e3o numa agita\u00e7\u00e3o incomum, literalmente aterrorizada. Dizia-se por toda parte, que Uiramut\u00e3 ia ser invadida, que havia muitos soldados \u201camericanos\u201d, j\u00e1 vindo em dire\u00e7\u00e3o \u00e0 localidade.<\/p>\n<p>A como\u00e7\u00e3o das pessoas, a agita\u00e7\u00e3o, o sufoco eram t\u00e3o grandes que me contaminou, e fui imediatamente falar com o sargento PM que comandava o pequen\u00edssimo destacamento de apenas quatro militares, para saber se ele tinha conhecimento dos boatos que circulavam, e respondeu-me que sabia do falat\u00f3rio. Contou-me ent\u00e3o que o piloto DON\u00c9 (apelido de Dion\u00edzio Coelho de Ara\u00fajo), tinha passado por Uiramut\u00e3 com seu avi\u00e3o Cessna PT-BMR, vindo da cachoeira de ORINDUIKE, no lado brasileiro, (que os brasileiros erradamente chamam de Orinduque), contando para v\u00e1rias pessoas, que havia um acampamento enorme, com muitos soldados na esplanada no lado da Guiana, na margem do rio Ma\u00fa, nossa fronteira com aquele pa\u00eds.<\/p>\n<p>Aventei a necessidade de que o sargento, autoridade policial local, fosse ver o que havia de fato e falei com o dono da empresa, que aceitou, relutante e receoso, emprestar o avi\u00e3o para o sargento. Como, entretanto, o sol j\u00e1 declinava no horizonte, combinamos o v\u00f4o para a manh\u00e3 seguinte.<\/p>\n<p>Muito cedo, o piloto Don\u00e9 e seus passageiros, que tinha ido pernoitar na maloca do SOC\u00d3, pousaram em Uiramut\u00e3. Eu o conheci nessa ocasi\u00e3o, e pude ouvir dele um relato. Resumindo bastante, contou que na Guiana havia um grande acampamento militar e que um avi\u00e3o de tropas estava trazendo mais soldados para ali.<\/p>\n<p>Est\u00e1vamos na porta da Delegacia, quando chegou uma Toyota do Ex\u00e9rcito, com um capit\u00e3o, um sargento e pra\u00e7as, vindos do BV 8. Ele ia escolher e demarcar um local para a constru\u00e7\u00e3o do quartel de destacamento militar ali naquela quase deserta fronteira com a Guiana. BV 8 \u00e9 antigo marco de fronteira do Brasil com a Venezuela, onde h\u00e1 um destacamento do Ex\u00e9rcito, na cidade de Pacaraima. Muito interessado e intrigado com o fato, resolveu ir conosco nesse v\u00f4o.<\/p>\n<p>O capit\u00e3o trazia uma boa m\u00e1quina fotogr\u00e1fica e emprestei a minha para o sargento. O v\u00f4o foi curto, apenas seis minutos. Demos tanta sorte, que encontramos um avi\u00e3o para transporte de tropas, despejando uma nova leva de soldados, no lado guianense. Voando pr\u00e1 l\u00e1 e pr\u00e1 c\u00e1, s\u00f3 no lado brasileiro, os militares fotografavam tudo, e o capit\u00e3o calculou pelo n\u00famero de barracas, uns 600 homens, at\u00e9 aquele momento.<\/p>\n<p>Fiz diversas idas e vindas e, numa delas vi o transporte de tropas decolando e virando para a esquerda. Exclamei para o capit\u00e3o: eles vem pra cima de n\u00f3s! Como \u00e9 que voc\u00ea sabe? Perguntou. Viraram para a esquerda, que \u00e9 o lado do Brasil e, n\u00e3o da Guiana, respondi. Girei imediatamente a proa para Uiramut\u00e3 e, ao nivelar o avi\u00e3o, o capit\u00e3o me disse muito s\u00e9rio: estamos na linha de tiro deles! Foi ent\u00e3o que olhando para a direita, vi \u00e0 curta dist\u00e2ncia e, na porta lateral do transporte, um soldado branco, com um fuzil na m\u00e3o.<\/p>\n<p>Confesso que foi um grande susto! O cora\u00e7\u00e3o parecia-me bater duas e falhar uma. Quem conhece a regi\u00e3o, sabe que ali naquela parte, o Ma\u00fa \u00e9 um rio muito sinuoso. Enfiei o avi\u00e3o fazendo zig-zag nesses meandros, esperando conseguir chegar em Uiramut\u00e3. Se atiraram, n\u00e3o ficamos sabendo, mas ap\u00f3s o pouso, havia muita gente na pista, que fica juntinho das casas. Agitadas, contaram que aquele avi\u00e3o tinha girado duas vezes sobre n\u00f3s e a cidade, tomando rumo de Lethen, na Guiana, onde h\u00e1 uma pista asfaltada, defronte de Bomfim, cidade brasileira na fronteira.<\/p>\n<p>Com esse fato, angustiou-se mais ainda a popula\u00e7\u00e3o, na certeza de que a invas\u00e3o era iminente. O capit\u00e3o determinou ao sargento e a mim, que fizessemos imediatamente um relat\u00f3rio minucioso, para ser envido ao comando da PM, em Boa Vista e partiu acelerado de volta ao pelot\u00e3o de fronteira no BV 8.<\/p>\n<p>Na delegacia, o sargento retirou o filme da minha m\u00e1quina fotogr\u00e1fica, para enviar ao seu comando e eu datilografei um completo relat\u00f3rio que ele colocou em c\u00f3digo e transmitiu via r\u00e1dio para Boa Vista. Naquela \u00e9poca, o chefe da S2 da PM ( Se\u00e7\u00e3o de Intelig\u00eancia), era o major Born\u00e9o.<\/p>\n<p>Uns quatro dias depois que cheguei desse giro das compras de diamantes, tocou a campainha da minha casa, um major do Ex\u00e9rcito. Apresentou-se e pediu-me para ler um papel, que n\u00e3o era outro, sen\u00e3o aquele mesmo que eu datilografara em Uiramut\u00e3 e do qual o comando da PM enviara c\u00f3pia para o comando do Ex\u00e9rcito em Boa Vista. Ap\u00f3s ler e confirmar que era aquilo mesmo, pediu-me para assinar, o que fiz. Compreendi que tinha sido testemunha de algo grande, maior do que eu poderia imaginar, e pedi ent\u00e3o ao major, para dizer o que estava acontecendo, uma vez que parte daquilo eu j\u00e1 sabia. Concordou em contar, desde que eu entendesse bem que aquilo era absolutamente confidencial e informa\u00e7\u00e3o de seguran\u00e7a nacional. Concordei.<\/p>\n<p>Disse o major, que a embaixada brasileira em Georgetown tinha informado ao Itamarati, que dois vasos de guerra, um ingl\u00eas e outro americano, haviam fundeado longe do porto, e que grandes helic\u00f3pteros de transporte de tropas, estavam voando continuamente para o continente, sem que tivesse sido poss\u00edvel determinar o local para onde iam e o motivo.<\/p>\n<p>Caboclos guianenses (\u00edndios aculturados) tinham contado para caboclos brasileiros em Bonfim, cidade de Roraima na fronteira, terem os americanos montado uma base militar logo atr\u00e1s da grande serra Cuano-Cuano, que por ser muito alta e pr\u00f3xima, v\u00ea-se perfeitamente da cidade. O Ex\u00e9rcito brasileiro agiu com presteza, e infiltrou dois majores atrav\u00e9s da fronteira, e do alto daquela serra, durante dois dias, filmaram e fotografaram tudo. Agora, com os fatos ocorridos em Orinduike, pr\u00f3ximo de Uiramut\u00e3, nossa fronteira Norte, fechava-se o entendimento do que estava acontecendo.<\/p>\n<p>E o que estava acontecendo? As press\u00f5es internacionais para a demarca\u00e7\u00e3o da Raposa\/Serra do Sol apertavam, na certeza de que o Presidente Itamar Franco assinaria o decreto. Em seguida, a ONU, atendendo aos \u201cinsistentes pedidos dos povos ind\u00edgenas de Roraima\u201d, determinaria a cria\u00e7\u00e3o de um enclave ind\u00edgena sob a sua tutela, e a\u00ed nasceria a primeira na\u00e7\u00e3o ind\u00edgena do mundo. Aquelas tropas americanas e as inglesas, eram para garantir militarmente a tomada de posse da \u00e1rea e a \u201cnova na\u00e7\u00e3o\u201d.<\/p>\n<p>At\u00e9 a capital j\u00e1 estava escolhida: seria a maloca da Raposa, estrategicamente localizada na margem da rodovia que corta toda a regi\u00e3o de Este para Oeste, e divide geogr\u00e1fica e perfeitamente a regi\u00e3o das serras daquela dos lavrados roraimenses \u2013 que s\u00e3o os campos naturais e cerrados.<\/p>\n<p>Itamar Franco \u2013 suponho \u2013 deve ter sido alertado para o tamanho da encrenca militar que viria, e o fato \u00e9 que, nunca assinou a demarca\u00e7\u00e3o.<\/p>\n<p>Nessa mesma ocasi\u00e3o (para relembrar: era come\u00e7o de setembro de 1993), estava em final de preparativos, o exerc\u00edcio peri\u00f3dico e conjunto das For\u00e7as Armadas nacionais, na cidade de Ourinhos, margem do rio Paranapanema, pr\u00f3xima de Sta. Cruz do Rio Pardo e Assis, em S\u00e3o Paulo, e Cambar\u00e1 e Jacarezinho, no Paran\u00e1.<\/p>\n<p>Com as alarmantes not\u00edcias vindas de Roraima, o Alto Comando das For\u00e7as Armadas mudou o planejamento, que passou a chamar-se \u201cOPERA\u00c7\u00c3O SURUMU\u201d e, como j\u00e1 estava tudo engrenado, enviou as tropas para Roraima. Foi assim que \u00e0 partir da madrugada de 27 de setembro de 1993, dois avi\u00f5es da VARIG, durante v\u00e1rios dias, B\u00fafalos, H\u00e9rcules e Bandeirantes despejaram tropas em Roraima. N\u00e3o cabendo todas as aeronaves militares dentro da Base A\u00e9rea, o p\u00e1tio civil do aeroporto ficou coalhado de avi\u00f5es militares. Chegaram tamb\u00e9m os ca\u00e7as e muitos Tucano. Veio artilharia anti-a\u00e9rea, localizada nas cercanias de Surumu, e foi inclusive expedido um aviso para todos os piloto civis, sobre \u00e1reas nas quais estava proibido o sobrev\u00f4o, sob risco de abate.<\/p>\n<blockquote><p>Tendo como Chefe do Comando Militar da Amaz\u00f4nia (CMA), o general de Ex\u00e9rcito Jos\u00e9 Sampaio Maia \u2013 ex-comandante do CIGS em Manaus, e como \u00e1rbitro da Opera\u00e7\u00e3o Surumu, o general de Brigada Lu\u00edz Alberto Fragoso Peret Antunes (general Peret), os rios Ma\u00fa, Uail\u00e3 e Urariquera enxamearam de \u201cvoadeiras\u201d cheias de soldados. Avi\u00f5es de ca\u00e7a fizeram dezenas de v\u00f4os razantes nas fronteiras do Norte. O Ex\u00e9rcito tamb\u00e9m participou com a sua avia\u00e7\u00e3o de helic\u00f3pteros, que contou com 350 homens do 1\u00ba, 2\u00ba e 3\u00ba esquadr\u00f5es, trazendo 15 Pantera (HM-1) e 4 Esquilos, que fizeram um total de 750 horas de v\u00f4o. Vieram tamb\u00e9m cerca de 150 p\u00e1raquedistas militares e gente treinada em guerra na selva. A Marinha e a For\u00e7a A\u00e9rea contribu\u00edram com um n\u00famero n\u00e3o declarado de homens, navios e aeronaves.<\/p><\/blockquote>\n<p>Dessa maneira, n\u00e3o tendo Itamar Franco assinado o decreto de demarca\u00e7\u00e3o da Raposa \/ Serra do Sol e, vindo essas for\u00e7as militares para demonstrar que a entrada de soldados americanos e ingleses em Roraima, n\u00e3o seria feita sem grande baixas, \u201cmelou\u201d e arrefeceu a inten\u00e7\u00e3o internacional de apossar-se desta parte da Amaz\u00f4nia, mas n\u00e3o desistiram.<\/p>\n<p>Decepcionando muito, embora sendo outro o contexto pol\u00edtico internacional, Lula fez a homologa\u00e7\u00e3o dessa \u00e1rea ind\u00edgena, contestada documentalmente no Supremo Tribunal e, ainda tentou \u00e0 revelia de uma decis\u00e3o judicial, retirar \u201cna marra\u201d,\u00a0 os fazendeiros e rizicultores (\u201carrozeiros\u201d) dessa \u00e1rea, que como muita gente sabe \u2013 inclusive os contr\u00e1rios \u2013 tem dentro dela propriedades regularmente documentadas com mais de 100 anos de escritura p\u00fablica e registro, no tempo em que Roraima nem existia, e as terras eram do Amazonas. Agora, entretanto, os interesses difusos e estranhos de muitas ONGs, dizem na internet, que esses propriet\u00e1rios s\u00e3o \u201cinvasores\u201d, quando at\u00e9 o antigo \u00f3rg\u00e3o anterior ao INCRA, demarcou e titulou \u00e1reas nessa regi\u00e3o, e que a FUNAI, chamada a manifestar-se, disse por escrito, que n\u00e3o tinha interesse nas terras e que nelas,\u00a0 at\u00e9 aquela ocasi\u00e3o,\u00a0 n\u00e3o havia \u00edndios.<\/p>\n<p>As ONGs continuam a fazer press\u00e3o, e conv\u00e9m n\u00e3o descuidar, porque nada indica que\u00a0 v\u00e3o desistir de conseguir essas terras \u201cpara os \u00edndios\u201d, e de gra\u00e7a,\u00a0 levarem al\u00e9m de 1 milh\u00e3o e 700 mil hectares \u2013 quase o tamanho de Sergipe \u2013 tudo o mais que elas tem: ouro, imensas jazidas de diamantes, cor\u00edndon, safira de azul intenso, turmalina preta, top\u00e1zio, rutilo, ni\u00f3bio, ur\u00e2nio, mangan\u00eas, calc\u00e1reo, petr\u00f3leo, afora a vastid\u00e3o das terras planas, prop\u00edcias \u00e0 lavoura, \u00e1rea quase do mesmo tamanho onde Mato Grosso planta\u00a0 soja que fez a sua riqueza.<\/p>\n<p>Isso \u00e9 o que j\u00e1 sabemos, porque uma parte disso foi divulgada numa pesquisa da CPRM \u2013 Cia. de Pesquisa de Recursos Minerais, em agosto de 1988 (iniciada em 1983), chamada de Projeto Ma\u00fa, que qualifica essa parte da Raposa\/Serra do Sol, como uma das mais ricas em diamantes no Brasil, sendo o mais extenso dep\u00f3sito aluvional de Roraima, muito superior ao Quin\u00f4, Suapi, Cotingo, Uail\u00e3 e Cabo Sobral. Essa pesquisa foi inicialmente conduzida pelo ge\u00f3logo Jo\u00e3o Orestes Schneider Santos e, posteriormente, pelo tamb\u00e9m ge\u00f3logo, Raimundo de Jesus Gato D\u00b4Antona, que foi at\u00e9 o final do projeto, constatando a possibilidade da exist\u00eancia de at\u00e9 mais de 3 milh\u00f5es de quilates de diamantes e 600 Kg de ouro. Basta conferir a cota\u00e7\u00e3o do ouro e diamantes, para saber o que valem aquelas barrancas do rio Mau, s\u00f3 num pequeno trecho.<\/p>\n<p>A \u201cdesgra\u00e7a\u201d de Roraima \u00e9 ser conhecida internacionalmente na geologia, como a maior Prov\u00edncia Mineral j\u00e1 descoberta no planeta. Nada menos que isso!<\/p>\n<p>E o que ainda n\u00e3o sabemos? Essa pesquisa, feita em pouco mais de 100 quil\u00f4metros de barranca do rio, cubou e atestou a imensa riqueza diamant\u00edfera da \u00e1rea. Entretanto, o Estado de Roraima ainda tem cor\u00edndon, mangan\u00eas, calc\u00e1reo e ur\u00e2nio, afora mais de 2 milh\u00f5es e 100 mil hectares de terras planas agricult\u00e1veis, melhores que aquelas onde plantam soja no Mato Grosso.<\/p>\n<p><strong>Izidro Sim\u00f5es<\/strong><\/p>\n","protected":false},"excerpt":{"rendered":"<p>No momento em que tanto se fala da cobi\u00e7a internacional sobre a Amaz\u00f4nia, da a\u00e7\u00e3o de ONGs de todos os tipos agindo livremente na regi\u00e3o Norte, de estrangeiros vendendo peda\u00e7os da nossa floresta, da encrenca que est\u00e1 sendo a homologa\u00e7\u00e3o da Raposa\/Serra do Sol, de \u00edndios contra \u00edndios, de \u00edndios contra n\u00e3o-\u00edndios, das a\u00e7\u00f5es ou [&hellip;]<\/p>\n","protected":false},"author":2,"featured_media":20067,"comment_status":"open","ping_status":"closed","sticky":false,"template":"","format":"standard","meta":{"_acf_changed":false,"footnotes":""},"categories":[25],"tags":[],"class_list":["post-20061","post","type-post","status-publish","format-standard","has-post-thumbnail","hentry","category-opina-ai"],"acf":[],"yoast_head":"<!-- This site is optimized with the Yoast SEO plugin v27.5 - https:\/\/yoast.com\/product\/yoast-seo-wordpress\/ -->\n<title>Hist\u00f3ria secreta, embora real, da invas\u00e3o militar de Roraima - Notibras<\/title>\n<meta name=\"robots\" content=\"index, follow, max-snippet:-1, max-image-preview:large, max-video-preview:-1\" \/>\n<link rel=\"canonical\" href=\"https:\/\/www.notibras.com\/site\/historia-secreta-embora-real-da-invasao-militar-de-roraima\/\" \/>\n<meta property=\"og:locale\" content=\"pt_BR\" \/>\n<meta property=\"og:type\" content=\"article\" \/>\n<meta property=\"og:title\" content=\"Hist\u00f3ria secreta, embora real, da invas\u00e3o militar de Roraima - Notibras\" \/>\n<meta property=\"og:description\" content=\"No momento em que tanto se fala da cobi\u00e7a internacional sobre a Amaz\u00f4nia, da a\u00e7\u00e3o de ONGs de todos os tipos agindo livremente na regi\u00e3o Norte, de estrangeiros vendendo peda\u00e7os da nossa floresta, da encrenca que est\u00e1 sendo a homologa\u00e7\u00e3o da Raposa\/Serra do Sol, de \u00edndios contra \u00edndios, de \u00edndios contra n\u00e3o-\u00edndios, das a\u00e7\u00f5es ou [&hellip;]\" \/>\n<meta property=\"og:url\" content=\"https:\/\/www.notibras.com\/site\/historia-secreta-embora-real-da-invasao-militar-de-roraima\/\" \/>\n<meta property=\"og:site_name\" content=\"Notibras\" \/>\n<meta property=\"article:publisher\" content=\"https:\/\/www.facebook.com\/notibras\/\" \/>\n<meta property=\"article:published_time\" content=\"2014-08-19T11:41:58+00:00\" \/>\n<meta property=\"og:image\" content=\"https:\/\/www.notibras.com\/site\/wp-content\/uploads\/2014\/08\/op.jpg\" \/>\n\t<meta property=\"og:image:width\" content=\"595\" \/>\n\t<meta property=\"og:image:height\" content=\"424\" \/>\n\t<meta property=\"og:image:type\" content=\"image\/jpeg\" \/>\n<meta name=\"author\" content=\"Reda\u00e7\u00e3o\" \/>\n<meta name=\"twitter:card\" content=\"summary_large_image\" \/>\n<meta name=\"twitter:creator\" content=\"@Notibras\" \/>\n<meta name=\"twitter:site\" content=\"@Notibras\" \/>\n<meta name=\"twitter:label1\" content=\"Escrito por\" \/>\n\t<meta name=\"twitter:data1\" content=\"Reda\u00e7\u00e3o\" \/>\n\t<meta name=\"twitter:label2\" content=\"Est. tempo de leitura\" \/>\n\t<meta name=\"twitter:data2\" content=\"11 minutos\" \/>\n<script type=\"application\/ld+json\" class=\"yoast-schema-graph\">{\"@context\":\"https:\\\/\\\/schema.org\",\"@graph\":[{\"@type\":\"Article\",\"@id\":\"https:\\\/\\\/www.notibras.com\\\/site\\\/historia-secreta-embora-real-da-invasao-militar-de-roraima\\\/#article\",\"isPartOf\":{\"@id\":\"https:\\\/\\\/www.notibras.com\\\/site\\\/historia-secreta-embora-real-da-invasao-militar-de-roraima\\\/\"},\"author\":{\"name\":\"Reda\u00e7\u00e3o\",\"@id\":\"https:\\\/\\\/www.notibras.com\\\/site\\\/#\\\/schema\\\/person\\\/36ab0979449956132d3e5b517ea76ac8\"},\"headline\":\"Hist\u00f3ria secreta, embora real, da invas\u00e3o militar de Roraima\",\"datePublished\":\"2014-08-19T11:41:58+00:00\",\"mainEntityOfPage\":{\"@id\":\"https:\\\/\\\/www.notibras.com\\\/site\\\/historia-secreta-embora-real-da-invasao-militar-de-roraima\\\/\"},\"wordCount\":2302,\"commentCount\":0,\"publisher\":{\"@id\":\"https:\\\/\\\/www.notibras.com\\\/site\\\/#organization\"},\"image\":{\"@id\":\"https:\\\/\\\/www.notibras.com\\\/site\\\/historia-secreta-embora-real-da-invasao-militar-de-roraima\\\/#primaryimage\"},\"thumbnailUrl\":\"https:\\\/\\\/www.notibras.com\\\/site\\\/wp-content\\\/uploads\\\/2014\\\/08\\\/op.jpg\",\"articleSection\":[\"Opina a\u00ed\"],\"inLanguage\":\"pt-BR\",\"potentialAction\":[{\"@type\":\"CommentAction\",\"name\":\"Comment\",\"target\":[\"https:\\\/\\\/www.notibras.com\\\/site\\\/historia-secreta-embora-real-da-invasao-militar-de-roraima\\\/#respond\"]}]},{\"@type\":\"WebPage\",\"@id\":\"https:\\\/\\\/www.notibras.com\\\/site\\\/historia-secreta-embora-real-da-invasao-militar-de-roraima\\\/\",\"url\":\"https:\\\/\\\/www.notibras.com\\\/site\\\/historia-secreta-embora-real-da-invasao-militar-de-roraima\\\/\",\"name\":\"Hist\u00f3ria secreta, embora real, da invas\u00e3o militar de Roraima - Notibras\",\"isPartOf\":{\"@id\":\"https:\\\/\\\/www.notibras.com\\\/site\\\/#website\"},\"primaryImageOfPage\":{\"@id\":\"https:\\\/\\\/www.notibras.com\\\/site\\\/historia-secreta-embora-real-da-invasao-militar-de-roraima\\\/#primaryimage\"},\"image\":{\"@id\":\"https:\\\/\\\/www.notibras.com\\\/site\\\/historia-secreta-embora-real-da-invasao-militar-de-roraima\\\/#primaryimage\"},\"thumbnailUrl\":\"https:\\\/\\\/www.notibras.com\\\/site\\\/wp-content\\\/uploads\\\/2014\\\/08\\\/op.jpg\",\"datePublished\":\"2014-08-19T11:41:58+00:00\",\"breadcrumb\":{\"@id\":\"https:\\\/\\\/www.notibras.com\\\/site\\\/historia-secreta-embora-real-da-invasao-militar-de-roraima\\\/#breadcrumb\"},\"inLanguage\":\"pt-BR\",\"potentialAction\":[{\"@type\":\"ReadAction\",\"target\":[\"https:\\\/\\\/www.notibras.com\\\/site\\\/historia-secreta-embora-real-da-invasao-militar-de-roraima\\\/\"]}]},{\"@type\":\"ImageObject\",\"inLanguage\":\"pt-BR\",\"@id\":\"https:\\\/\\\/www.notibras.com\\\/site\\\/historia-secreta-embora-real-da-invasao-militar-de-roraima\\\/#primaryimage\",\"url\":\"https:\\\/\\\/www.notibras.com\\\/site\\\/wp-content\\\/uploads\\\/2014\\\/08\\\/op.jpg\",\"contentUrl\":\"https:\\\/\\\/www.notibras.com\\\/site\\\/wp-content\\\/uploads\\\/2014\\\/08\\\/op.jpg\",\"width\":595,\"height\":424},{\"@type\":\"BreadcrumbList\",\"@id\":\"https:\\\/\\\/www.notibras.com\\\/site\\\/historia-secreta-embora-real-da-invasao-militar-de-roraima\\\/#breadcrumb\",\"itemListElement\":[{\"@type\":\"ListItem\",\"position\":1,\"name\":\"In\u00edcio\",\"item\":\"https:\\\/\\\/www.notibras.com\\\/site\\\/\"},{\"@type\":\"ListItem\",\"position\":2,\"name\":\"Hist\u00f3ria secreta, embora real, da invas\u00e3o militar de Roraima\"}]},{\"@type\":\"WebSite\",\"@id\":\"https:\\\/\\\/www.notibras.com\\\/site\\\/#website\",\"url\":\"https:\\\/\\\/www.notibras.com\\\/site\\\/\",\"name\":\"Notibras\",\"description\":\"Not\u00edcias de Bras\u00edlia, do Brasil e do Mundo\",\"publisher\":{\"@id\":\"https:\\\/\\\/www.notibras.com\\\/site\\\/#organization\"},\"potentialAction\":[{\"@type\":\"SearchAction\",\"target\":{\"@type\":\"EntryPoint\",\"urlTemplate\":\"https:\\\/\\\/www.notibras.com\\\/site\\\/?s={search_term_string}\"},\"query-input\":{\"@type\":\"PropertyValueSpecification\",\"valueRequired\":true,\"valueName\":\"search_term_string\"}}],\"inLanguage\":\"pt-BR\"},{\"@type\":\"Organization\",\"@id\":\"https:\\\/\\\/www.notibras.com\\\/site\\\/#organization\",\"name\":\"Grupo Notibras de Comunica\u00e7\u00e3o\",\"url\":\"https:\\\/\\\/www.notibras.com\\\/site\\\/\",\"logo\":{\"@type\":\"ImageObject\",\"inLanguage\":\"pt-BR\",\"@id\":\"https:\\\/\\\/www.notibras.com\\\/site\\\/#\\\/schema\\\/logo\\\/image\\\/\",\"url\":\"https:\\\/\\\/www.notibras.com\\\/site\\\/wp-content\\\/uploads\\\/2023\\\/01\\\/notibras23.png\",\"contentUrl\":\"https:\\\/\\\/www.notibras.com\\\/site\\\/wp-content\\\/uploads\\\/2023\\\/01\\\/notibras23.png\",\"width\":350,\"height\":87,\"caption\":\"Grupo Notibras de Comunica\u00e7\u00e3o\"},\"image\":{\"@id\":\"https:\\\/\\\/www.notibras.com\\\/site\\\/#\\\/schema\\\/logo\\\/image\\\/\"},\"sameAs\":[\"https:\\\/\\\/www.facebook.com\\\/notibras\\\/\",\"https:\\\/\\\/x.com\\\/Notibras\",\"https:\\\/\\\/www.instagram.com\\\/notibras\\\/\"]},{\"@type\":\"Person\",\"@id\":\"https:\\\/\\\/www.notibras.com\\\/site\\\/#\\\/schema\\\/person\\\/36ab0979449956132d3e5b517ea76ac8\",\"name\":\"Reda\u00e7\u00e3o\",\"image\":{\"@type\":\"ImageObject\",\"inLanguage\":\"pt-BR\",\"@id\":\"https:\\\/\\\/secure.gravatar.com\\\/avatar\\\/e0a867bdedb85fd243eadf09663511f96fc81e0720a4a42581f334ad4303aa6b?s=96&d=mm&r=g\",\"url\":\"https:\\\/\\\/secure.gravatar.com\\\/avatar\\\/e0a867bdedb85fd243eadf09663511f96fc81e0720a4a42581f334ad4303aa6b?s=96&d=mm&r=g\",\"contentUrl\":\"https:\\\/\\\/secure.gravatar.com\\\/avatar\\\/e0a867bdedb85fd243eadf09663511f96fc81e0720a4a42581f334ad4303aa6b?s=96&d=mm&r=g\",\"caption\":\"Reda\u00e7\u00e3o\"}}]}<\/script>\n<!-- \/ Yoast SEO plugin. -->","yoast_head_json":{"title":"Hist\u00f3ria secreta, embora real, da invas\u00e3o militar de Roraima - Notibras","robots":{"index":"index","follow":"follow","max-snippet":"max-snippet:-1","max-image-preview":"max-image-preview:large","max-video-preview":"max-video-preview:-1"},"canonical":"https:\/\/www.notibras.com\/site\/historia-secreta-embora-real-da-invasao-militar-de-roraima\/","og_locale":"pt_BR","og_type":"article","og_title":"Hist\u00f3ria secreta, embora real, da invas\u00e3o militar de Roraima - Notibras","og_description":"No momento em que tanto se fala da cobi\u00e7a internacional sobre a Amaz\u00f4nia, da a\u00e7\u00e3o de ONGs de todos os tipos agindo livremente na regi\u00e3o Norte, de estrangeiros vendendo peda\u00e7os da nossa floresta, da encrenca que est\u00e1 sendo a homologa\u00e7\u00e3o da Raposa\/Serra do Sol, de \u00edndios contra \u00edndios, de \u00edndios contra n\u00e3o-\u00edndios, das a\u00e7\u00f5es ou [&hellip;]","og_url":"https:\/\/www.notibras.com\/site\/historia-secreta-embora-real-da-invasao-militar-de-roraima\/","og_site_name":"Notibras","article_publisher":"https:\/\/www.facebook.com\/notibras\/","article_published_time":"2014-08-19T11:41:58+00:00","og_image":[{"width":595,"height":424,"url":"https:\/\/www.notibras.com\/site\/wp-content\/uploads\/2014\/08\/op.jpg","type":"image\/jpeg"}],"author":"Reda\u00e7\u00e3o","twitter_card":"summary_large_image","twitter_creator":"@Notibras","twitter_site":"@Notibras","twitter_misc":{"Escrito por":"Reda\u00e7\u00e3o","Est. tempo de leitura":"11 minutos"},"schema":{"@context":"https:\/\/schema.org","@graph":[{"@type":"Article","@id":"https:\/\/www.notibras.com\/site\/historia-secreta-embora-real-da-invasao-militar-de-roraima\/#article","isPartOf":{"@id":"https:\/\/www.notibras.com\/site\/historia-secreta-embora-real-da-invasao-militar-de-roraima\/"},"author":{"name":"Reda\u00e7\u00e3o","@id":"https:\/\/www.notibras.com\/site\/#\/schema\/person\/36ab0979449956132d3e5b517ea76ac8"},"headline":"Hist\u00f3ria secreta, embora real, da invas\u00e3o militar de Roraima","datePublished":"2014-08-19T11:41:58+00:00","mainEntityOfPage":{"@id":"https:\/\/www.notibras.com\/site\/historia-secreta-embora-real-da-invasao-militar-de-roraima\/"},"wordCount":2302,"commentCount":0,"publisher":{"@id":"https:\/\/www.notibras.com\/site\/#organization"},"image":{"@id":"https:\/\/www.notibras.com\/site\/historia-secreta-embora-real-da-invasao-militar-de-roraima\/#primaryimage"},"thumbnailUrl":"https:\/\/www.notibras.com\/site\/wp-content\/uploads\/2014\/08\/op.jpg","articleSection":["Opina a\u00ed"],"inLanguage":"pt-BR","potentialAction":[{"@type":"CommentAction","name":"Comment","target":["https:\/\/www.notibras.com\/site\/historia-secreta-embora-real-da-invasao-militar-de-roraima\/#respond"]}]},{"@type":"WebPage","@id":"https:\/\/www.notibras.com\/site\/historia-secreta-embora-real-da-invasao-militar-de-roraima\/","url":"https:\/\/www.notibras.com\/site\/historia-secreta-embora-real-da-invasao-militar-de-roraima\/","name":"Hist\u00f3ria secreta, embora real, da invas\u00e3o militar de Roraima - Notibras","isPartOf":{"@id":"https:\/\/www.notibras.com\/site\/#website"},"primaryImageOfPage":{"@id":"https:\/\/www.notibras.com\/site\/historia-secreta-embora-real-da-invasao-militar-de-roraima\/#primaryimage"},"image":{"@id":"https:\/\/www.notibras.com\/site\/historia-secreta-embora-real-da-invasao-militar-de-roraima\/#primaryimage"},"thumbnailUrl":"https:\/\/www.notibras.com\/site\/wp-content\/uploads\/2014\/08\/op.jpg","datePublished":"2014-08-19T11:41:58+00:00","breadcrumb":{"@id":"https:\/\/www.notibras.com\/site\/historia-secreta-embora-real-da-invasao-militar-de-roraima\/#breadcrumb"},"inLanguage":"pt-BR","potentialAction":[{"@type":"ReadAction","target":["https:\/\/www.notibras.com\/site\/historia-secreta-embora-real-da-invasao-militar-de-roraima\/"]}]},{"@type":"ImageObject","inLanguage":"pt-BR","@id":"https:\/\/www.notibras.com\/site\/historia-secreta-embora-real-da-invasao-militar-de-roraima\/#primaryimage","url":"https:\/\/www.notibras.com\/site\/wp-content\/uploads\/2014\/08\/op.jpg","contentUrl":"https:\/\/www.notibras.com\/site\/wp-content\/uploads\/2014\/08\/op.jpg","width":595,"height":424},{"@type":"BreadcrumbList","@id":"https:\/\/www.notibras.com\/site\/historia-secreta-embora-real-da-invasao-militar-de-roraima\/#breadcrumb","itemListElement":[{"@type":"ListItem","position":1,"name":"In\u00edcio","item":"https:\/\/www.notibras.com\/site\/"},{"@type":"ListItem","position":2,"name":"Hist\u00f3ria secreta, embora real, da invas\u00e3o militar de Roraima"}]},{"@type":"WebSite","@id":"https:\/\/www.notibras.com\/site\/#website","url":"https:\/\/www.notibras.com\/site\/","name":"Notibras","description":"Not\u00edcias de Bras\u00edlia, do Brasil e do Mundo","publisher":{"@id":"https:\/\/www.notibras.com\/site\/#organization"},"potentialAction":[{"@type":"SearchAction","target":{"@type":"EntryPoint","urlTemplate":"https:\/\/www.notibras.com\/site\/?s={search_term_string}"},"query-input":{"@type":"PropertyValueSpecification","valueRequired":true,"valueName":"search_term_string"}}],"inLanguage":"pt-BR"},{"@type":"Organization","@id":"https:\/\/www.notibras.com\/site\/#organization","name":"Grupo Notibras de Comunica\u00e7\u00e3o","url":"https:\/\/www.notibras.com\/site\/","logo":{"@type":"ImageObject","inLanguage":"pt-BR","@id":"https:\/\/www.notibras.com\/site\/#\/schema\/logo\/image\/","url":"https:\/\/www.notibras.com\/site\/wp-content\/uploads\/2023\/01\/notibras23.png","contentUrl":"https:\/\/www.notibras.com\/site\/wp-content\/uploads\/2023\/01\/notibras23.png","width":350,"height":87,"caption":"Grupo Notibras de Comunica\u00e7\u00e3o"},"image":{"@id":"https:\/\/www.notibras.com\/site\/#\/schema\/logo\/image\/"},"sameAs":["https:\/\/www.facebook.com\/notibras\/","https:\/\/x.com\/Notibras","https:\/\/www.instagram.com\/notibras\/"]},{"@type":"Person","@id":"https:\/\/www.notibras.com\/site\/#\/schema\/person\/36ab0979449956132d3e5b517ea76ac8","name":"Reda\u00e7\u00e3o","image":{"@type":"ImageObject","inLanguage":"pt-BR","@id":"https:\/\/secure.gravatar.com\/avatar\/e0a867bdedb85fd243eadf09663511f96fc81e0720a4a42581f334ad4303aa6b?s=96&d=mm&r=g","url":"https:\/\/secure.gravatar.com\/avatar\/e0a867bdedb85fd243eadf09663511f96fc81e0720a4a42581f334ad4303aa6b?s=96&d=mm&r=g","contentUrl":"https:\/\/secure.gravatar.com\/avatar\/e0a867bdedb85fd243eadf09663511f96fc81e0720a4a42581f334ad4303aa6b?s=96&d=mm&r=g","caption":"Reda\u00e7\u00e3o"}}]}},"amp_enabled":true,"_links":{"self":[{"href":"https:\/\/www.notibras.com\/site\/wp-json\/wp\/v2\/posts\/20061","targetHints":{"allow":["GET"]}}],"collection":[{"href":"https:\/\/www.notibras.com\/site\/wp-json\/wp\/v2\/posts"}],"about":[{"href":"https:\/\/www.notibras.com\/site\/wp-json\/wp\/v2\/types\/post"}],"author":[{"embeddable":true,"href":"https:\/\/www.notibras.com\/site\/wp-json\/wp\/v2\/users\/2"}],"replies":[{"embeddable":true,"href":"https:\/\/www.notibras.com\/site\/wp-json\/wp\/v2\/comments?post=20061"}],"version-history":[{"count":0,"href":"https:\/\/www.notibras.com\/site\/wp-json\/wp\/v2\/posts\/20061\/revisions"}],"wp:featuredmedia":[{"embeddable":true,"href":"https:\/\/www.notibras.com\/site\/wp-json\/wp\/v2\/media\/20067"}],"wp:attachment":[{"href":"https:\/\/www.notibras.com\/site\/wp-json\/wp\/v2\/media?parent=20061"}],"wp:term":[{"taxonomy":"category","embeddable":true,"href":"https:\/\/www.notibras.com\/site\/wp-json\/wp\/v2\/categories?post=20061"},{"taxonomy":"post_tag","embeddable":true,"href":"https:\/\/www.notibras.com\/site\/wp-json\/wp\/v2\/tags?post=20061"}],"curies":[{"name":"wp","href":"https:\/\/api.w.org\/{rel}","templated":true}]}}