{"id":200995,"date":"2019-01-30T13:54:08","date_gmt":"2019-01-30T15:54:08","guid":{"rendered":"https:\/\/www.notibras.com\/site\/?p=200995"},"modified":"2019-01-30T13:54:59","modified_gmt":"2019-01-30T15:54:59","slug":"lula-perde-velorio-e-desiste-de-ver-parentes","status":"publish","type":"post","link":"https:\/\/www.notibras.com\/site\/lula-perde-velorio-e-desiste-de-ver-parentes\/","title":{"rendered":"Lula perde vel\u00f3rio e desiste de ver parentes"},"content":{"rendered":"<p>O presidente do Instituto Lula, Paulo Okamotto, afirmou que o ex-presidente Luiz In\u00e1cio Lula da Silva n\u00e3o ir\u00e1 a S\u00e3o Bernardo do Campo para se encontrar com familiares ap\u00f3s o sepultamento de seu irm\u00e3o Genival In\u00e1cio da Silva, o Vav\u00e1. O pr\u00f3prio ex-presidente teria comunicado seus advogados ap\u00f3s tomar conhecimento de que seu irm\u00e3o j\u00e1 tinha sido sepultado.<\/p>\n<p>&#8220;O presidente Lula gostaria de participar do enterro e se despedir do seu querido irm\u00e3o. \u00c9 claro que ele tamb\u00e9m quer se encontrar com a fam\u00edlia, mas para isso vai ter outra oportunidade&#8221;, disse Okamotto.<\/p>\n<p>O presidente do Supremo Tribunal Federal (STF), ministro Dias Toffoli, acolheu parcialmente o pedido da defesa de Lula e havia autorizado que o ex-presidente se deslocasse para uma unidade militar na regi\u00e3o do ABC, em S\u00e3o Paulo, para se encontrar familiares.<\/p>\n<p>Na decis\u00e3o, Toffoli assegurava a possibilidade de que o corpo do seu irm\u00e3o, Genival In\u00e1cio da Silva, o Vav\u00e1, fosse deslocado para a unidade militar, destacando que \u201cprestar a assist\u00eancia ao preso \u00e9 um dever indeclin\u00e1vel do Estado\u201d. Vav\u00e1, no entanto, foi sepultado minutos depois, \u00e0s 13 horas.<\/p>\n<p>Na decis\u00e3o (leia aqui), Toffoli frisou que, segundo a Pol\u00edcia Federal, n\u00e3o haveria tempo h\u00e1bil para o deslocamento de Lula ao local do sepultamento, al\u00e9m dos riscos \u00e0 seguran\u00e7a dos presentes e de agentes p\u00fablicos mobilizados para o deslocamento.<\/p>\n<p>\u201cTodavia, as eventuais intercorr\u00eancias apontadas no relat\u00f3rio policial, a meu ver, n\u00e3o devem obstar o cumprimento de um direito assegurado \u00e0queles que est\u00e3o submetidos a regime de cumprimento de pena, ainda que de forma parcial, vale dizer, o direito de o requerente (Lula) encontrar-se com familiares em local reservado e preestabelecido para prestar a devida solidariedade aos seus, mesmo ap\u00f3s o sepultamento, j\u00e1 que n\u00e3o h\u00e1 obje\u00e7\u00e3o da lei\u201d, ressaltou Toffoli.<\/p>\n<p>\u201cPor essas raz\u00f5es, concedo ordem de habeas corpus de of\u00edcio para, na forma da lei, assegurar, ao requerente Luiz In\u00e1cio Lula da Silva, o direito de se encontrar exclusivamente com os seus familiares, na data de hoje, em Unidade Militar na Regi\u00e3o, inclusive com a possibilidade do corpo do de cujos ser levado \u00e0 referida unidade militar, a crit\u00e9rio da fam\u00edlia\u201d, determinou Toffoli.<\/p>\n","protected":false},"excerpt":{"rendered":"<p>O presidente do Instituto Lula, Paulo Okamotto, afirmou que o ex-presidente Luiz In\u00e1cio Lula da Silva n\u00e3o ir\u00e1 a S\u00e3o Bernardo do Campo para se encontrar com familiares ap\u00f3s o sepultamento de seu irm\u00e3o Genival In\u00e1cio da Silva, o Vav\u00e1. O pr\u00f3prio ex-presidente teria comunicado seus advogados ap\u00f3s tomar conhecimento de que seu irm\u00e3o j\u00e1 [&hellip;]<\/p>\n","protected":false},"author":2,"featured_media":196596,"comment_status":"closed","ping_status":"closed","sticky":false,"template":"","format":"standard","meta":{"_acf_changed":false,"footnotes":""},"categories":[16],"tags":[95],"class_list":["post-200995","post","type-post","status-publish","format-standard","has-post-thumbnail","hentry","category-brasil","tag-capa"],"acf":[],"yoast_head":"<!-- This site is optimized with the Yoast SEO plugin v27.2 - https:\/\/yoast.com\/product\/yoast-seo-wordpress\/ -->\n<title>Lula perde vel\u00f3rio e desiste de ver parentes - Notibras<\/title>\n<meta name=\"robots\" content=\"index, follow, max-snippet:-1, max-image-preview:large, max-video-preview:-1\" \/>\n<link rel=\"canonical\" href=\"https:\/\/www.notibras.com\/site\/lula-perde-velorio-e-desiste-de-ver-parentes\/\" \/>\n<meta property=\"og:locale\" content=\"pt_BR\" \/>\n<meta property=\"og:type\" content=\"article\" \/>\n<meta property=\"og:title\" content=\"Lula perde vel\u00f3rio e desiste de ver parentes - Notibras\" \/>\n<meta property=\"og:description\" content=\"O presidente do Instituto Lula, Paulo Okamotto, afirmou que o ex-presidente Luiz In\u00e1cio Lula da Silva n\u00e3o ir\u00e1 a S\u00e3o Bernardo do Campo para se encontrar com familiares ap\u00f3s o sepultamento de seu irm\u00e3o Genival In\u00e1cio da Silva, o Vav\u00e1. O pr\u00f3prio ex-presidente teria comunicado seus advogados ap\u00f3s tomar conhecimento de que seu irm\u00e3o j\u00e1 [&hellip;]\" \/>\n<meta property=\"og:url\" content=\"https:\/\/www.notibras.com\/site\/lula-perde-velorio-e-desiste-de-ver-parentes\/\" \/>\n<meta property=\"og:site_name\" content=\"Notibras\" \/>\n<meta property=\"article:publisher\" content=\"https:\/\/www.facebook.com\/notibras\/\" \/>\n<meta property=\"article:published_time\" content=\"2019-01-30T15:54:08+00:00\" \/>\n<meta property=\"article:modified_time\" content=\"2019-01-30T15:54:59+00:00\" \/>\n<meta property=\"og:image\" content=\"https:\/\/www.notibras.com\/site\/wp-content\/uploads\/2018\/12\/lula-sifu.jpg\" \/>\n\t<meta property=\"og:image:width\" content=\"1380\" \/>\n\t<meta property=\"og:image:height\" content=\"920\" \/>\n\t<meta property=\"og:image:type\" content=\"image\/jpeg\" \/>\n<meta name=\"author\" content=\"Reda\u00e7\u00e3o\" \/>\n<meta name=\"twitter:card\" content=\"summary_large_image\" \/>\n<meta name=\"twitter:creator\" content=\"@Notibras\" \/>\n<meta name=\"twitter:site\" content=\"@Notibras\" \/>\n<meta name=\"twitter:label1\" content=\"Escrito por\" \/>\n\t<meta name=\"twitter:data1\" content=\"Reda\u00e7\u00e3o\" \/>\n\t<meta name=\"twitter:label2\" content=\"Est. tempo de leitura\" \/>\n\t<meta name=\"twitter:data2\" content=\"2 minutos\" \/>\n<script type=\"application\/ld+json\" class=\"yoast-schema-graph\">{\"@context\":\"https:\/\/schema.org\",\"@graph\":[{\"@type\":\"Article\",\"@id\":\"https:\/\/www.notibras.com\/site\/lula-perde-velorio-e-desiste-de-ver-parentes\/#article\",\"isPartOf\":{\"@id\":\"https:\/\/www.notibras.com\/site\/lula-perde-velorio-e-desiste-de-ver-parentes\/\"},\"author\":{\"name\":\"Reda\u00e7\u00e3o\",\"@id\":\"https:\/\/www.notibras.com\/site\/#\/schema\/person\/36ab0979449956132d3e5b517ea76ac8\"},\"headline\":\"Lula perde vel\u00f3rio e desiste de ver parentes\",\"datePublished\":\"2019-01-30T15:54:08+00:00\",\"dateModified\":\"2019-01-30T15:54:59+00:00\",\"mainEntityOfPage\":{\"@id\":\"https:\/\/www.notibras.com\/site\/lula-perde-velorio-e-desiste-de-ver-parentes\/\"},\"wordCount\":398,\"publisher\":{\"@id\":\"https:\/\/www.notibras.com\/site\/#organization\"},\"image\":{\"@id\":\"https:\/\/www.notibras.com\/site\/lula-perde-velorio-e-desiste-de-ver-parentes\/#primaryimage\"},\"thumbnailUrl\":\"https:\/\/www.notibras.com\/site\/wp-content\/uploads\/2018\/12\/lula-sifu.jpg\",\"keywords\":[\"capa\"],\"articleSection\":[\"Brasil\"],\"inLanguage\":\"pt-BR\"},{\"@type\":\"WebPage\",\"@id\":\"https:\/\/www.notibras.com\/site\/lula-perde-velorio-e-desiste-de-ver-parentes\/\",\"url\":\"https:\/\/www.notibras.com\/site\/lula-perde-velorio-e-desiste-de-ver-parentes\/\",\"name\":\"Lula perde vel\u00f3rio e desiste de ver parentes - Notibras\",\"isPartOf\":{\"@id\":\"https:\/\/www.notibras.com\/site\/#website\"},\"primaryImageOfPage\":{\"@id\":\"https:\/\/www.notibras.com\/site\/lula-perde-velorio-e-desiste-de-ver-parentes\/#primaryimage\"},\"image\":{\"@id\":\"https:\/\/www.notibras.com\/site\/lula-perde-velorio-e-desiste-de-ver-parentes\/#primaryimage\"},\"thumbnailUrl\":\"https:\/\/www.notibras.com\/site\/wp-content\/uploads\/2018\/12\/lula-sifu.jpg\",\"datePublished\":\"2019-01-30T15:54:08+00:00\",\"dateModified\":\"2019-01-30T15:54:59+00:00\",\"breadcrumb\":{\"@id\":\"https:\/\/www.notibras.com\/site\/lula-perde-velorio-e-desiste-de-ver-parentes\/#breadcrumb\"},\"inLanguage\":\"pt-BR\",\"potentialAction\":[{\"@type\":\"ReadAction\",\"target\":[\"https:\/\/www.notibras.com\/site\/lula-perde-velorio-e-desiste-de-ver-parentes\/\"]}]},{\"@type\":\"ImageObject\",\"inLanguage\":\"pt-BR\",\"@id\":\"https:\/\/www.notibras.com\/site\/lula-perde-velorio-e-desiste-de-ver-parentes\/#primaryimage\",\"url\":\"https:\/\/www.notibras.com\/site\/wp-content\/uploads\/2018\/12\/lula-sifu.jpg\",\"contentUrl\":\"https:\/\/www.notibras.com\/site\/wp-content\/uploads\/2018\/12\/lula-sifu.jpg\",\"width\":1380,\"height\":920},{\"@type\":\"BreadcrumbList\",\"@id\":\"https:\/\/www.notibras.com\/site\/lula-perde-velorio-e-desiste-de-ver-parentes\/#breadcrumb\",\"itemListElement\":[{\"@type\":\"ListItem\",\"position\":1,\"name\":\"In\u00edcio\",\"item\":\"https:\/\/www.notibras.com\/site\/\"},{\"@type\":\"ListItem\",\"position\":2,\"name\":\"Lula perde vel\u00f3rio e desiste de ver parentes\"}]},{\"@type\":\"WebSite\",\"@id\":\"https:\/\/www.notibras.com\/site\/#website\",\"url\":\"https:\/\/www.notibras.com\/site\/\",\"name\":\"Notibras\",\"description\":\"Not\u00edcias de Bras\u00edlia, do Brasil e do Mundo\",\"publisher\":{\"@id\":\"https:\/\/www.notibras.com\/site\/#organization\"},\"potentialAction\":[{\"@type\":\"SearchAction\",\"target\":{\"@type\":\"EntryPoint\",\"urlTemplate\":\"https:\/\/www.notibras.com\/site\/?s={search_term_string}\"},\"query-input\":{\"@type\":\"PropertyValueSpecification\",\"valueRequired\":true,\"valueName\":\"search_term_string\"}}],\"inLanguage\":\"pt-BR\"},{\"@type\":\"Organization\",\"@id\":\"https:\/\/www.notibras.com\/site\/#organization\",\"name\":\"Grupo Notibras de Comunica\u00e7\u00e3o\",\"url\":\"https:\/\/www.notibras.com\/site\/\",\"logo\":{\"@type\":\"ImageObject\",\"inLanguage\":\"pt-BR\",\"@id\":\"https:\/\/www.notibras.com\/site\/#\/schema\/logo\/image\/\",\"url\":\"https:\/\/www.notibras.com\/site\/wp-content\/uploads\/2023\/01\/notibras23.png\",\"contentUrl\":\"https:\/\/www.notibras.com\/site\/wp-content\/uploads\/2023\/01\/notibras23.png\",\"width\":350,\"height\":87,\"caption\":\"Grupo Notibras de Comunica\u00e7\u00e3o\"},\"image\":{\"@id\":\"https:\/\/www.notibras.com\/site\/#\/schema\/logo\/image\/\"},\"sameAs\":[\"https:\/\/www.facebook.com\/notibras\/\",\"https:\/\/x.com\/Notibras\",\"https:\/\/www.instagram.com\/notibras\/\"]},{\"@type\":\"Person\",\"@id\":\"https:\/\/www.notibras.com\/site\/#\/schema\/person\/36ab0979449956132d3e5b517ea76ac8\",\"name\":\"Reda\u00e7\u00e3o\",\"image\":{\"@type\":\"ImageObject\",\"inLanguage\":\"pt-BR\",\"@id\":\"https:\/\/secure.gravatar.com\/avatar\/e0a867bdedb85fd243eadf09663511f96fc81e0720a4a42581f334ad4303aa6b?s=96&d=mm&r=g\",\"url\":\"https:\/\/secure.gravatar.com\/avatar\/e0a867bdedb85fd243eadf09663511f96fc81e0720a4a42581f334ad4303aa6b?s=96&d=mm&r=g\",\"contentUrl\":\"https:\/\/secure.gravatar.com\/avatar\/e0a867bdedb85fd243eadf09663511f96fc81e0720a4a42581f334ad4303aa6b?s=96&d=mm&r=g\",\"caption\":\"Reda\u00e7\u00e3o\"}}]}<\/script>\n<!-- \/ Yoast SEO plugin. -->","yoast_head_json":{"title":"Lula perde vel\u00f3rio e desiste de ver parentes - Notibras","robots":{"index":"index","follow":"follow","max-snippet":"max-snippet:-1","max-image-preview":"max-image-preview:large","max-video-preview":"max-video-preview:-1"},"canonical":"https:\/\/www.notibras.com\/site\/lula-perde-velorio-e-desiste-de-ver-parentes\/","og_locale":"pt_BR","og_type":"article","og_title":"Lula perde vel\u00f3rio e desiste de ver parentes - Notibras","og_description":"O presidente do Instituto Lula, Paulo Okamotto, afirmou que o ex-presidente Luiz In\u00e1cio Lula da Silva n\u00e3o ir\u00e1 a S\u00e3o Bernardo do Campo para se encontrar com familiares ap\u00f3s o sepultamento de seu irm\u00e3o Genival In\u00e1cio da Silva, o Vav\u00e1. O pr\u00f3prio ex-presidente teria comunicado seus advogados ap\u00f3s tomar conhecimento de que seu irm\u00e3o j\u00e1 [&hellip;]","og_url":"https:\/\/www.notibras.com\/site\/lula-perde-velorio-e-desiste-de-ver-parentes\/","og_site_name":"Notibras","article_publisher":"https:\/\/www.facebook.com\/notibras\/","article_published_time":"2019-01-30T15:54:08+00:00","article_modified_time":"2019-01-30T15:54:59+00:00","og_image":[{"width":1380,"height":920,"url":"https:\/\/www.notibras.com\/site\/wp-content\/uploads\/2018\/12\/lula-sifu.jpg","type":"image\/jpeg"}],"author":"Reda\u00e7\u00e3o","twitter_card":"summary_large_image","twitter_creator":"@Notibras","twitter_site":"@Notibras","twitter_misc":{"Escrito por":"Reda\u00e7\u00e3o","Est. tempo de leitura":"2 minutos"},"schema":{"@context":"https:\/\/schema.org","@graph":[{"@type":"Article","@id":"https:\/\/www.notibras.com\/site\/lula-perde-velorio-e-desiste-de-ver-parentes\/#article","isPartOf":{"@id":"https:\/\/www.notibras.com\/site\/lula-perde-velorio-e-desiste-de-ver-parentes\/"},"author":{"name":"Reda\u00e7\u00e3o","@id":"https:\/\/www.notibras.com\/site\/#\/schema\/person\/36ab0979449956132d3e5b517ea76ac8"},"headline":"Lula perde vel\u00f3rio e desiste de ver parentes","datePublished":"2019-01-30T15:54:08+00:00","dateModified":"2019-01-30T15:54:59+00:00","mainEntityOfPage":{"@id":"https:\/\/www.notibras.com\/site\/lula-perde-velorio-e-desiste-de-ver-parentes\/"},"wordCount":398,"publisher":{"@id":"https:\/\/www.notibras.com\/site\/#organization"},"image":{"@id":"https:\/\/www.notibras.com\/site\/lula-perde-velorio-e-desiste-de-ver-parentes\/#primaryimage"},"thumbnailUrl":"https:\/\/www.notibras.com\/site\/wp-content\/uploads\/2018\/12\/lula-sifu.jpg","keywords":["capa"],"articleSection":["Brasil"],"inLanguage":"pt-BR"},{"@type":"WebPage","@id":"https:\/\/www.notibras.com\/site\/lula-perde-velorio-e-desiste-de-ver-parentes\/","url":"https:\/\/www.notibras.com\/site\/lula-perde-velorio-e-desiste-de-ver-parentes\/","name":"Lula perde vel\u00f3rio e desiste de ver parentes - Notibras","isPartOf":{"@id":"https:\/\/www.notibras.com\/site\/#website"},"primaryImageOfPage":{"@id":"https:\/\/www.notibras.com\/site\/lula-perde-velorio-e-desiste-de-ver-parentes\/#primaryimage"},"image":{"@id":"https:\/\/www.notibras.com\/site\/lula-perde-velorio-e-desiste-de-ver-parentes\/#primaryimage"},"thumbnailUrl":"https:\/\/www.notibras.com\/site\/wp-content\/uploads\/2018\/12\/lula-sifu.jpg","datePublished":"2019-01-30T15:54:08+00:00","dateModified":"2019-01-30T15:54:59+00:00","breadcrumb":{"@id":"https:\/\/www.notibras.com\/site\/lula-perde-velorio-e-desiste-de-ver-parentes\/#breadcrumb"},"inLanguage":"pt-BR","potentialAction":[{"@type":"ReadAction","target":["https:\/\/www.notibras.com\/site\/lula-perde-velorio-e-desiste-de-ver-parentes\/"]}]},{"@type":"ImageObject","inLanguage":"pt-BR","@id":"https:\/\/www.notibras.com\/site\/lula-perde-velorio-e-desiste-de-ver-parentes\/#primaryimage","url":"https:\/\/www.notibras.com\/site\/wp-content\/uploads\/2018\/12\/lula-sifu.jpg","contentUrl":"https:\/\/www.notibras.com\/site\/wp-content\/uploads\/2018\/12\/lula-sifu.jpg","width":1380,"height":920},{"@type":"BreadcrumbList","@id":"https:\/\/www.notibras.com\/site\/lula-perde-velorio-e-desiste-de-ver-parentes\/#breadcrumb","itemListElement":[{"@type":"ListItem","position":1,"name":"In\u00edcio","item":"https:\/\/www.notibras.com\/site\/"},{"@type":"ListItem","position":2,"name":"Lula perde vel\u00f3rio e desiste de ver parentes"}]},{"@type":"WebSite","@id":"https:\/\/www.notibras.com\/site\/#website","url":"https:\/\/www.notibras.com\/site\/","name":"Notibras","description":"Not\u00edcias de Bras\u00edlia, do Brasil e do Mundo","publisher":{"@id":"https:\/\/www.notibras.com\/site\/#organization"},"potentialAction":[{"@type":"SearchAction","target":{"@type":"EntryPoint","urlTemplate":"https:\/\/www.notibras.com\/site\/?s={search_term_string}"},"query-input":{"@type":"PropertyValueSpecification","valueRequired":true,"valueName":"search_term_string"}}],"inLanguage":"pt-BR"},{"@type":"Organization","@id":"https:\/\/www.notibras.com\/site\/#organization","name":"Grupo Notibras de Comunica\u00e7\u00e3o","url":"https:\/\/www.notibras.com\/site\/","logo":{"@type":"ImageObject","inLanguage":"pt-BR","@id":"https:\/\/www.notibras.com\/site\/#\/schema\/logo\/image\/","url":"https:\/\/www.notibras.com\/site\/wp-content\/uploads\/2023\/01\/notibras23.png","contentUrl":"https:\/\/www.notibras.com\/site\/wp-content\/uploads\/2023\/01\/notibras23.png","width":350,"height":87,"caption":"Grupo Notibras de Comunica\u00e7\u00e3o"},"image":{"@id":"https:\/\/www.notibras.com\/site\/#\/schema\/logo\/image\/"},"sameAs":["https:\/\/www.facebook.com\/notibras\/","https:\/\/x.com\/Notibras","https:\/\/www.instagram.com\/notibras\/"]},{"@type":"Person","@id":"https:\/\/www.notibras.com\/site\/#\/schema\/person\/36ab0979449956132d3e5b517ea76ac8","name":"Reda\u00e7\u00e3o","image":{"@type":"ImageObject","inLanguage":"pt-BR","@id":"https:\/\/secure.gravatar.com\/avatar\/e0a867bdedb85fd243eadf09663511f96fc81e0720a4a42581f334ad4303aa6b?s=96&d=mm&r=g","url":"https:\/\/secure.gravatar.com\/avatar\/e0a867bdedb85fd243eadf09663511f96fc81e0720a4a42581f334ad4303aa6b?s=96&d=mm&r=g","contentUrl":"https:\/\/secure.gravatar.com\/avatar\/e0a867bdedb85fd243eadf09663511f96fc81e0720a4a42581f334ad4303aa6b?s=96&d=mm&r=g","caption":"Reda\u00e7\u00e3o"}}]}},"amp_enabled":true,"_links":{"self":[{"href":"https:\/\/www.notibras.com\/site\/wp-json\/wp\/v2\/posts\/200995","targetHints":{"allow":["GET"]}}],"collection":[{"href":"https:\/\/www.notibras.com\/site\/wp-json\/wp\/v2\/posts"}],"about":[{"href":"https:\/\/www.notibras.com\/site\/wp-json\/wp\/v2\/types\/post"}],"author":[{"embeddable":true,"href":"https:\/\/www.notibras.com\/site\/wp-json\/wp\/v2\/users\/2"}],"replies":[{"embeddable":true,"href":"https:\/\/www.notibras.com\/site\/wp-json\/wp\/v2\/comments?post=200995"}],"version-history":[{"count":2,"href":"https:\/\/www.notibras.com\/site\/wp-json\/wp\/v2\/posts\/200995\/revisions"}],"predecessor-version":[{"id":200997,"href":"https:\/\/www.notibras.com\/site\/wp-json\/wp\/v2\/posts\/200995\/revisions\/200997"}],"wp:featuredmedia":[{"embeddable":true,"href":"https:\/\/www.notibras.com\/site\/wp-json\/wp\/v2\/media\/196596"}],"wp:attachment":[{"href":"https:\/\/www.notibras.com\/site\/wp-json\/wp\/v2\/media?parent=200995"}],"wp:term":[{"taxonomy":"category","embeddable":true,"href":"https:\/\/www.notibras.com\/site\/wp-json\/wp\/v2\/categories?post=200995"},{"taxonomy":"post_tag","embeddable":true,"href":"https:\/\/www.notibras.com\/site\/wp-json\/wp\/v2\/tags?post=200995"}],"curies":[{"name":"wp","href":"https:\/\/api.w.org\/{rel}","templated":true}]}}