{"id":200998,"date":"2019-01-30T14:11:11","date_gmt":"2019-01-30T16:11:11","guid":{"rendered":"https:\/\/www.notibras.com\/site\/?p=200998"},"modified":"2019-01-30T14:12:14","modified_gmt":"2019-01-30T16:12:14","slug":"suspeita-no-ar-e-se-os-relatorios-da-vale-foram-manipulados","status":"publish","type":"post","link":"https:\/\/www.notibras.com\/site\/suspeita-no-ar-e-se-os-relatorios-da-vale-foram-manipulados\/","title":{"rendered":"Suspeita no ar. E se os relat\u00f3rios da Vale foram manipulados?"},"content":{"rendered":"<p>A ter\u00e7a-feira 29 foi de movimenta\u00e7\u00f5es importantes em rela\u00e7\u00e3o \u00e0 trag\u00e9dia de Brumadinho. Enquanto os trabalhos de resgate continuam na \u00e1rea devastada, a Justi\u00e7a mineira, logo de manh\u00e3, viu executar cinco mandados de pris\u00e3o tempor\u00e1ria expedidos ainda no domingo. O alvo s\u00e3o t\u00e9cnicos tanto da Vale quanto de uma multinacional de certifica\u00e7\u00e3o, muito respeitada internacionalmente, a T\u00dcV. A investiga\u00e7\u00e3o partiu da apresenta\u00e7\u00e3o, pela Vale, de certificados de vistorias e inspe\u00e7\u00f5es realizadas em 2018. Para a empresa, a documenta\u00e7\u00e3o est\u00e1 em ordem. V\u00e1rias pistas s\u00e3o exploradas.<\/p>\n<p>\u00c9 preciso primeiramente verificar a autenticidade dos documentos. Depois, e \u00e9 o que motivou as pris\u00f5es, entender o processo de certifica\u00e7\u00e3o. Como se realiza, na pr\u00e1tica, a inspe\u00e7\u00e3o. Os t\u00e9cnicos se deslocam at\u00e9 a barragem? Quanto tempo ficam? Quais s\u00e3o os m\u00e9todos de verifica\u00e7\u00e3o das condi\u00e7\u00f5es de estabilidade? Quais s\u00e3o as rela\u00e7\u00f5es entre essas cinco pessoas? A apreens\u00e3o dos computadores e celulares, al\u00e9m dos interrogat\u00f3rios e eventuais acarea\u00e7\u00f5es devem esclarecer o modus operandi deste tipo de inspe\u00e7\u00e3o.<\/p>\n<p>Se descobrir que houve fraude nos documentos, a a\u00e7\u00e3o precisa ser exemplar. A opini\u00e3o p\u00fablica reclamar\u00e1 muito mais que alega\u00e7\u00f5es de imper\u00edcia ou de neglig\u00eancia. Seria caso claro de homic\u00eddio. Com risco de ser considerado doloso, quando h\u00e1 inten\u00e7\u00e3o de matar. Em analogia ao motorista embriagado que provoca um acidente causando v\u00edtimas fatais. E ainda n\u00e3o ser\u00e1 o fim da linha. A pol\u00edcia precisar\u00e1 investigar quem mais sabia, at\u00e9 mesmo quem teria mandado ou ajudado na confec\u00e7\u00e3o de relat\u00f3rios ou certificados falsos. De tr\u00e1gico, o evento passar\u00e1 a ser s\u00f3rdido.<\/p>\n<p>Mas \u00e9 tamb\u00e9m poss\u00edvel que os requisitos formais e legais tenham sido atendidos. Que, segundo os protocolos t\u00e9cnicos, a obra tenha realmente sido considerada est\u00e1vel, como assegura a Vale. Neste caso, ser\u00e1 preciso investigar de mais perto, de um lado, os corpos t\u00e9cnicos estadual mineiro e federal. Sem esquecer o poder pol\u00edtico.<\/p>\n<p>As idas e vindas de projetos legislativos pelas casas parlamentares se perderam em circunvolu\u00e7\u00f5es ap\u00f3s a indigna\u00e7\u00e3o de Mariana. Mais de tr\u00eas anos depois, nada mudou. Mais exatamente, n\u00e3o mudou para melhor. Porque em Minas, o Executivo, em 2017, modificou e simplificou os processos de licenciamento ambiental. A pedido expresso das mineradoras. A despeito do espectro pol\u00edtico do governador mineiro, as pr\u00e1ticas n\u00e3o parecem estar mudando. O secret\u00e1rio de Meio Ambiente da gest\u00e3o Fernando Pimentel (PT), Germano Luiz Gomes Vieira, justamente quem assinou a norma flexibilizando os processos ambientais, foi reconduzido ao cargo no atual Governo Romeu Zema (Novo).<\/p>\n<p>Mas a decis\u00e3o mais importante do dia veio da Vale. A coincid\u00eancia de m\u00e9todo de constru\u00e7\u00e3o das barragens tanto de Mariana quanto de Brumadinho levou a companhia a anunciar o desmantelamento deste tipo, o mais prec\u00e1rio (e o mais barato) dos tr\u00eas dispon\u00edveis. A empresa j\u00e1 vinha abandonando esta pr\u00e1tica (essas barragens foram constru\u00eddos ainda no tempo da Vale estatal) mas indicou ter ainda 10 edifica\u00e7\u00f5es deste tipo, todas em Minas Gerais. As minas que utilizam estas barragens ter\u00e3o suas atividades suspensas.<\/p>\n<p>A consequ\u00eancia direta ser\u00e1 uma diminui\u00e7\u00e3o de cerca de 10 % da produ\u00e7\u00e3o de min\u00e9rio de ferro da Vale, e um investimento de R$ 5 bilh\u00f5es. \u00c9 poss\u00edvel que, com esta medida, obviamente tardia em face do pesado tributo pago pela popula\u00e7\u00e3o e pelo meio-ambiente, Fl\u00e1vio Schvartzman tenha salvo sua cabe\u00e7a na presid\u00eancia da segunda maior empresa do Brasil. Por enquanto. Mas se o inqu\u00e9rito l\u00e1 em Minas descobrir que houve falcatrua, cabe\u00e7as h\u00e3o de rolar. E n\u00e3o s\u00f3 as menores.<\/p>\n","protected":false},"excerpt":{"rendered":"<p>A ter\u00e7a-feira 29 foi de movimenta\u00e7\u00f5es importantes em rela\u00e7\u00e3o \u00e0 trag\u00e9dia de Brumadinho. Enquanto os trabalhos de resgate continuam na \u00e1rea devastada, a Justi\u00e7a mineira, logo de manh\u00e3, viu executar cinco mandados de pris\u00e3o tempor\u00e1ria expedidos ainda no domingo. O alvo s\u00e3o t\u00e9cnicos tanto da Vale quanto de uma multinacional de certifica\u00e7\u00e3o, muito respeitada internacionalmente, [&hellip;]<\/p>\n","protected":false},"author":2,"featured_media":200999,"comment_status":"closed","ping_status":"closed","sticky":false,"template":"","format":"standard","meta":{"_acf_changed":false,"footnotes":""},"categories":[16],"tags":[95],"class_list":["post-200998","post","type-post","status-publish","format-standard","has-post-thumbnail","hentry","category-brasil","tag-capa"],"acf":[],"yoast_head":"<!-- This site is optimized with the Yoast SEO plugin v27.2 - https:\/\/yoast.com\/product\/yoast-seo-wordpress\/ -->\n<title>Suspeita no ar. E se os relat\u00f3rios da Vale foram manipulados? - Notibras<\/title>\n<meta name=\"robots\" content=\"index, follow, max-snippet:-1, max-image-preview:large, max-video-preview:-1\" \/>\n<link rel=\"canonical\" href=\"https:\/\/www.notibras.com\/site\/suspeita-no-ar-e-se-os-relatorios-da-vale-foram-manipulados\/\" \/>\n<meta property=\"og:locale\" content=\"pt_BR\" \/>\n<meta property=\"og:type\" content=\"article\" \/>\n<meta property=\"og:title\" content=\"Suspeita no ar. E se os relat\u00f3rios da Vale foram manipulados? - Notibras\" \/>\n<meta property=\"og:description\" content=\"A ter\u00e7a-feira 29 foi de movimenta\u00e7\u00f5es importantes em rela\u00e7\u00e3o \u00e0 trag\u00e9dia de Brumadinho. Enquanto os trabalhos de resgate continuam na \u00e1rea devastada, a Justi\u00e7a mineira, logo de manh\u00e3, viu executar cinco mandados de pris\u00e3o tempor\u00e1ria expedidos ainda no domingo. O alvo s\u00e3o t\u00e9cnicos tanto da Vale quanto de uma multinacional de certifica\u00e7\u00e3o, muito respeitada internacionalmente, [&hellip;]\" \/>\n<meta property=\"og:url\" content=\"https:\/\/www.notibras.com\/site\/suspeita-no-ar-e-se-os-relatorios-da-vale-foram-manipulados\/\" \/>\n<meta property=\"og:site_name\" content=\"Notibras\" \/>\n<meta property=\"article:publisher\" content=\"https:\/\/www.facebook.com\/notibras\/\" \/>\n<meta property=\"article:published_time\" content=\"2019-01-30T16:11:11+00:00\" \/>\n<meta property=\"article:modified_time\" content=\"2019-01-30T16:12:14+00:00\" \/>\n<meta property=\"og:image\" content=\"https:\/\/www.notibras.com\/site\/wp-content\/uploads\/2019\/01\/brumadinho.israel.jpg\" \/>\n\t<meta property=\"og:image:width\" content=\"1140\" \/>\n\t<meta property=\"og:image:height\" content=\"760\" \/>\n\t<meta property=\"og:image:type\" content=\"image\/jpeg\" \/>\n<meta name=\"author\" content=\"Reda\u00e7\u00e3o\" \/>\n<meta name=\"twitter:card\" content=\"summary_large_image\" \/>\n<meta name=\"twitter:creator\" content=\"@Notibras\" \/>\n<meta name=\"twitter:site\" content=\"@Notibras\" \/>\n<meta name=\"twitter:label1\" content=\"Escrito por\" \/>\n\t<meta name=\"twitter:data1\" content=\"Reda\u00e7\u00e3o\" \/>\n\t<meta name=\"twitter:label2\" content=\"Est. tempo de leitura\" \/>\n\t<meta name=\"twitter:data2\" content=\"3 minutos\" \/>\n<script type=\"application\/ld+json\" class=\"yoast-schema-graph\">{\"@context\":\"https:\/\/schema.org\",\"@graph\":[{\"@type\":\"Article\",\"@id\":\"https:\/\/www.notibras.com\/site\/suspeita-no-ar-e-se-os-relatorios-da-vale-foram-manipulados\/#article\",\"isPartOf\":{\"@id\":\"https:\/\/www.notibras.com\/site\/suspeita-no-ar-e-se-os-relatorios-da-vale-foram-manipulados\/\"},\"author\":{\"name\":\"Reda\u00e7\u00e3o\",\"@id\":\"https:\/\/www.notibras.com\/site\/#\/schema\/person\/36ab0979449956132d3e5b517ea76ac8\"},\"headline\":\"Suspeita no ar. E se os relat\u00f3rios da Vale foram manipulados?\",\"datePublished\":\"2019-01-30T16:11:11+00:00\",\"dateModified\":\"2019-01-30T16:12:14+00:00\",\"mainEntityOfPage\":{\"@id\":\"https:\/\/www.notibras.com\/site\/suspeita-no-ar-e-se-os-relatorios-da-vale-foram-manipulados\/\"},\"wordCount\":655,\"publisher\":{\"@id\":\"https:\/\/www.notibras.com\/site\/#organization\"},\"image\":{\"@id\":\"https:\/\/www.notibras.com\/site\/suspeita-no-ar-e-se-os-relatorios-da-vale-foram-manipulados\/#primaryimage\"},\"thumbnailUrl\":\"https:\/\/www.notibras.com\/site\/wp-content\/uploads\/2019\/01\/brumadinho.israel.jpg\",\"keywords\":[\"capa\"],\"articleSection\":[\"Brasil\"],\"inLanguage\":\"pt-BR\"},{\"@type\":\"WebPage\",\"@id\":\"https:\/\/www.notibras.com\/site\/suspeita-no-ar-e-se-os-relatorios-da-vale-foram-manipulados\/\",\"url\":\"https:\/\/www.notibras.com\/site\/suspeita-no-ar-e-se-os-relatorios-da-vale-foram-manipulados\/\",\"name\":\"Suspeita no ar. E se os relat\u00f3rios da Vale foram manipulados? - Notibras\",\"isPartOf\":{\"@id\":\"https:\/\/www.notibras.com\/site\/#website\"},\"primaryImageOfPage\":{\"@id\":\"https:\/\/www.notibras.com\/site\/suspeita-no-ar-e-se-os-relatorios-da-vale-foram-manipulados\/#primaryimage\"},\"image\":{\"@id\":\"https:\/\/www.notibras.com\/site\/suspeita-no-ar-e-se-os-relatorios-da-vale-foram-manipulados\/#primaryimage\"},\"thumbnailUrl\":\"https:\/\/www.notibras.com\/site\/wp-content\/uploads\/2019\/01\/brumadinho.israel.jpg\",\"datePublished\":\"2019-01-30T16:11:11+00:00\",\"dateModified\":\"2019-01-30T16:12:14+00:00\",\"breadcrumb\":{\"@id\":\"https:\/\/www.notibras.com\/site\/suspeita-no-ar-e-se-os-relatorios-da-vale-foram-manipulados\/#breadcrumb\"},\"inLanguage\":\"pt-BR\",\"potentialAction\":[{\"@type\":\"ReadAction\",\"target\":[\"https:\/\/www.notibras.com\/site\/suspeita-no-ar-e-se-os-relatorios-da-vale-foram-manipulados\/\"]}]},{\"@type\":\"ImageObject\",\"inLanguage\":\"pt-BR\",\"@id\":\"https:\/\/www.notibras.com\/site\/suspeita-no-ar-e-se-os-relatorios-da-vale-foram-manipulados\/#primaryimage\",\"url\":\"https:\/\/www.notibras.com\/site\/wp-content\/uploads\/2019\/01\/brumadinho.israel.jpg\",\"contentUrl\":\"https:\/\/www.notibras.com\/site\/wp-content\/uploads\/2019\/01\/brumadinho.israel.jpg\",\"width\":1140,\"height\":760,\"caption\":\"Militares israelenses trabalham na regi\u00e3o da trag\u00e9dia. Foto\/ABr\"},{\"@type\":\"BreadcrumbList\",\"@id\":\"https:\/\/www.notibras.com\/site\/suspeita-no-ar-e-se-os-relatorios-da-vale-foram-manipulados\/#breadcrumb\",\"itemListElement\":[{\"@type\":\"ListItem\",\"position\":1,\"name\":\"In\u00edcio\",\"item\":\"https:\/\/www.notibras.com\/site\/\"},{\"@type\":\"ListItem\",\"position\":2,\"name\":\"Suspeita no ar. E se os relat\u00f3rios da Vale foram manipulados?\"}]},{\"@type\":\"WebSite\",\"@id\":\"https:\/\/www.notibras.com\/site\/#website\",\"url\":\"https:\/\/www.notibras.com\/site\/\",\"name\":\"Notibras\",\"description\":\"Not\u00edcias de Bras\u00edlia, do Brasil e do Mundo\",\"publisher\":{\"@id\":\"https:\/\/www.notibras.com\/site\/#organization\"},\"potentialAction\":[{\"@type\":\"SearchAction\",\"target\":{\"@type\":\"EntryPoint\",\"urlTemplate\":\"https:\/\/www.notibras.com\/site\/?s={search_term_string}\"},\"query-input\":{\"@type\":\"PropertyValueSpecification\",\"valueRequired\":true,\"valueName\":\"search_term_string\"}}],\"inLanguage\":\"pt-BR\"},{\"@type\":\"Organization\",\"@id\":\"https:\/\/www.notibras.com\/site\/#organization\",\"name\":\"Grupo Notibras de Comunica\u00e7\u00e3o\",\"url\":\"https:\/\/www.notibras.com\/site\/\",\"logo\":{\"@type\":\"ImageObject\",\"inLanguage\":\"pt-BR\",\"@id\":\"https:\/\/www.notibras.com\/site\/#\/schema\/logo\/image\/\",\"url\":\"https:\/\/www.notibras.com\/site\/wp-content\/uploads\/2023\/01\/notibras23.png\",\"contentUrl\":\"https:\/\/www.notibras.com\/site\/wp-content\/uploads\/2023\/01\/notibras23.png\",\"width\":350,\"height\":87,\"caption\":\"Grupo Notibras de Comunica\u00e7\u00e3o\"},\"image\":{\"@id\":\"https:\/\/www.notibras.com\/site\/#\/schema\/logo\/image\/\"},\"sameAs\":[\"https:\/\/www.facebook.com\/notibras\/\",\"https:\/\/x.com\/Notibras\",\"https:\/\/www.instagram.com\/notibras\/\"]},{\"@type\":\"Person\",\"@id\":\"https:\/\/www.notibras.com\/site\/#\/schema\/person\/36ab0979449956132d3e5b517ea76ac8\",\"name\":\"Reda\u00e7\u00e3o\",\"image\":{\"@type\":\"ImageObject\",\"inLanguage\":\"pt-BR\",\"@id\":\"https:\/\/secure.gravatar.com\/avatar\/e0a867bdedb85fd243eadf09663511f96fc81e0720a4a42581f334ad4303aa6b?s=96&d=mm&r=g\",\"url\":\"https:\/\/secure.gravatar.com\/avatar\/e0a867bdedb85fd243eadf09663511f96fc81e0720a4a42581f334ad4303aa6b?s=96&d=mm&r=g\",\"contentUrl\":\"https:\/\/secure.gravatar.com\/avatar\/e0a867bdedb85fd243eadf09663511f96fc81e0720a4a42581f334ad4303aa6b?s=96&d=mm&r=g\",\"caption\":\"Reda\u00e7\u00e3o\"}}]}<\/script>\n<!-- \/ Yoast SEO plugin. -->","yoast_head_json":{"title":"Suspeita no ar. E se os relat\u00f3rios da Vale foram manipulados? - Notibras","robots":{"index":"index","follow":"follow","max-snippet":"max-snippet:-1","max-image-preview":"max-image-preview:large","max-video-preview":"max-video-preview:-1"},"canonical":"https:\/\/www.notibras.com\/site\/suspeita-no-ar-e-se-os-relatorios-da-vale-foram-manipulados\/","og_locale":"pt_BR","og_type":"article","og_title":"Suspeita no ar. E se os relat\u00f3rios da Vale foram manipulados? - Notibras","og_description":"A ter\u00e7a-feira 29 foi de movimenta\u00e7\u00f5es importantes em rela\u00e7\u00e3o \u00e0 trag\u00e9dia de Brumadinho. Enquanto os trabalhos de resgate continuam na \u00e1rea devastada, a Justi\u00e7a mineira, logo de manh\u00e3, viu executar cinco mandados de pris\u00e3o tempor\u00e1ria expedidos ainda no domingo. O alvo s\u00e3o t\u00e9cnicos tanto da Vale quanto de uma multinacional de certifica\u00e7\u00e3o, muito respeitada internacionalmente, [&hellip;]","og_url":"https:\/\/www.notibras.com\/site\/suspeita-no-ar-e-se-os-relatorios-da-vale-foram-manipulados\/","og_site_name":"Notibras","article_publisher":"https:\/\/www.facebook.com\/notibras\/","article_published_time":"2019-01-30T16:11:11+00:00","article_modified_time":"2019-01-30T16:12:14+00:00","og_image":[{"width":1140,"height":760,"url":"https:\/\/www.notibras.com\/site\/wp-content\/uploads\/2019\/01\/brumadinho.israel.jpg","type":"image\/jpeg"}],"author":"Reda\u00e7\u00e3o","twitter_card":"summary_large_image","twitter_creator":"@Notibras","twitter_site":"@Notibras","twitter_misc":{"Escrito por":"Reda\u00e7\u00e3o","Est. tempo de leitura":"3 minutos"},"schema":{"@context":"https:\/\/schema.org","@graph":[{"@type":"Article","@id":"https:\/\/www.notibras.com\/site\/suspeita-no-ar-e-se-os-relatorios-da-vale-foram-manipulados\/#article","isPartOf":{"@id":"https:\/\/www.notibras.com\/site\/suspeita-no-ar-e-se-os-relatorios-da-vale-foram-manipulados\/"},"author":{"name":"Reda\u00e7\u00e3o","@id":"https:\/\/www.notibras.com\/site\/#\/schema\/person\/36ab0979449956132d3e5b517ea76ac8"},"headline":"Suspeita no ar. E se os relat\u00f3rios da Vale foram manipulados?","datePublished":"2019-01-30T16:11:11+00:00","dateModified":"2019-01-30T16:12:14+00:00","mainEntityOfPage":{"@id":"https:\/\/www.notibras.com\/site\/suspeita-no-ar-e-se-os-relatorios-da-vale-foram-manipulados\/"},"wordCount":655,"publisher":{"@id":"https:\/\/www.notibras.com\/site\/#organization"},"image":{"@id":"https:\/\/www.notibras.com\/site\/suspeita-no-ar-e-se-os-relatorios-da-vale-foram-manipulados\/#primaryimage"},"thumbnailUrl":"https:\/\/www.notibras.com\/site\/wp-content\/uploads\/2019\/01\/brumadinho.israel.jpg","keywords":["capa"],"articleSection":["Brasil"],"inLanguage":"pt-BR"},{"@type":"WebPage","@id":"https:\/\/www.notibras.com\/site\/suspeita-no-ar-e-se-os-relatorios-da-vale-foram-manipulados\/","url":"https:\/\/www.notibras.com\/site\/suspeita-no-ar-e-se-os-relatorios-da-vale-foram-manipulados\/","name":"Suspeita no ar. E se os relat\u00f3rios da Vale foram manipulados? - Notibras","isPartOf":{"@id":"https:\/\/www.notibras.com\/site\/#website"},"primaryImageOfPage":{"@id":"https:\/\/www.notibras.com\/site\/suspeita-no-ar-e-se-os-relatorios-da-vale-foram-manipulados\/#primaryimage"},"image":{"@id":"https:\/\/www.notibras.com\/site\/suspeita-no-ar-e-se-os-relatorios-da-vale-foram-manipulados\/#primaryimage"},"thumbnailUrl":"https:\/\/www.notibras.com\/site\/wp-content\/uploads\/2019\/01\/brumadinho.israel.jpg","datePublished":"2019-01-30T16:11:11+00:00","dateModified":"2019-01-30T16:12:14+00:00","breadcrumb":{"@id":"https:\/\/www.notibras.com\/site\/suspeita-no-ar-e-se-os-relatorios-da-vale-foram-manipulados\/#breadcrumb"},"inLanguage":"pt-BR","potentialAction":[{"@type":"ReadAction","target":["https:\/\/www.notibras.com\/site\/suspeita-no-ar-e-se-os-relatorios-da-vale-foram-manipulados\/"]}]},{"@type":"ImageObject","inLanguage":"pt-BR","@id":"https:\/\/www.notibras.com\/site\/suspeita-no-ar-e-se-os-relatorios-da-vale-foram-manipulados\/#primaryimage","url":"https:\/\/www.notibras.com\/site\/wp-content\/uploads\/2019\/01\/brumadinho.israel.jpg","contentUrl":"https:\/\/www.notibras.com\/site\/wp-content\/uploads\/2019\/01\/brumadinho.israel.jpg","width":1140,"height":760,"caption":"Militares israelenses trabalham na regi\u00e3o da trag\u00e9dia. Foto\/ABr"},{"@type":"BreadcrumbList","@id":"https:\/\/www.notibras.com\/site\/suspeita-no-ar-e-se-os-relatorios-da-vale-foram-manipulados\/#breadcrumb","itemListElement":[{"@type":"ListItem","position":1,"name":"In\u00edcio","item":"https:\/\/www.notibras.com\/site\/"},{"@type":"ListItem","position":2,"name":"Suspeita no ar. E se os relat\u00f3rios da Vale foram manipulados?"}]},{"@type":"WebSite","@id":"https:\/\/www.notibras.com\/site\/#website","url":"https:\/\/www.notibras.com\/site\/","name":"Notibras","description":"Not\u00edcias de Bras\u00edlia, do Brasil e do Mundo","publisher":{"@id":"https:\/\/www.notibras.com\/site\/#organization"},"potentialAction":[{"@type":"SearchAction","target":{"@type":"EntryPoint","urlTemplate":"https:\/\/www.notibras.com\/site\/?s={search_term_string}"},"query-input":{"@type":"PropertyValueSpecification","valueRequired":true,"valueName":"search_term_string"}}],"inLanguage":"pt-BR"},{"@type":"Organization","@id":"https:\/\/www.notibras.com\/site\/#organization","name":"Grupo Notibras de Comunica\u00e7\u00e3o","url":"https:\/\/www.notibras.com\/site\/","logo":{"@type":"ImageObject","inLanguage":"pt-BR","@id":"https:\/\/www.notibras.com\/site\/#\/schema\/logo\/image\/","url":"https:\/\/www.notibras.com\/site\/wp-content\/uploads\/2023\/01\/notibras23.png","contentUrl":"https:\/\/www.notibras.com\/site\/wp-content\/uploads\/2023\/01\/notibras23.png","width":350,"height":87,"caption":"Grupo Notibras de Comunica\u00e7\u00e3o"},"image":{"@id":"https:\/\/www.notibras.com\/site\/#\/schema\/logo\/image\/"},"sameAs":["https:\/\/www.facebook.com\/notibras\/","https:\/\/x.com\/Notibras","https:\/\/www.instagram.com\/notibras\/"]},{"@type":"Person","@id":"https:\/\/www.notibras.com\/site\/#\/schema\/person\/36ab0979449956132d3e5b517ea76ac8","name":"Reda\u00e7\u00e3o","image":{"@type":"ImageObject","inLanguage":"pt-BR","@id":"https:\/\/secure.gravatar.com\/avatar\/e0a867bdedb85fd243eadf09663511f96fc81e0720a4a42581f334ad4303aa6b?s=96&d=mm&r=g","url":"https:\/\/secure.gravatar.com\/avatar\/e0a867bdedb85fd243eadf09663511f96fc81e0720a4a42581f334ad4303aa6b?s=96&d=mm&r=g","contentUrl":"https:\/\/secure.gravatar.com\/avatar\/e0a867bdedb85fd243eadf09663511f96fc81e0720a4a42581f334ad4303aa6b?s=96&d=mm&r=g","caption":"Reda\u00e7\u00e3o"}}]}},"amp_enabled":true,"_links":{"self":[{"href":"https:\/\/www.notibras.com\/site\/wp-json\/wp\/v2\/posts\/200998","targetHints":{"allow":["GET"]}}],"collection":[{"href":"https:\/\/www.notibras.com\/site\/wp-json\/wp\/v2\/posts"}],"about":[{"href":"https:\/\/www.notibras.com\/site\/wp-json\/wp\/v2\/types\/post"}],"author":[{"embeddable":true,"href":"https:\/\/www.notibras.com\/site\/wp-json\/wp\/v2\/users\/2"}],"replies":[{"embeddable":true,"href":"https:\/\/www.notibras.com\/site\/wp-json\/wp\/v2\/comments?post=200998"}],"version-history":[{"count":2,"href":"https:\/\/www.notibras.com\/site\/wp-json\/wp\/v2\/posts\/200998\/revisions"}],"predecessor-version":[{"id":201001,"href":"https:\/\/www.notibras.com\/site\/wp-json\/wp\/v2\/posts\/200998\/revisions\/201001"}],"wp:featuredmedia":[{"embeddable":true,"href":"https:\/\/www.notibras.com\/site\/wp-json\/wp\/v2\/media\/200999"}],"wp:attachment":[{"href":"https:\/\/www.notibras.com\/site\/wp-json\/wp\/v2\/media?parent=200998"}],"wp:term":[{"taxonomy":"category","embeddable":true,"href":"https:\/\/www.notibras.com\/site\/wp-json\/wp\/v2\/categories?post=200998"},{"taxonomy":"post_tag","embeddable":true,"href":"https:\/\/www.notibras.com\/site\/wp-json\/wp\/v2\/tags?post=200998"}],"curies":[{"name":"wp","href":"https:\/\/api.w.org\/{rel}","templated":true}]}}