{"id":201009,"date":"2019-01-30T20:31:53","date_gmt":"2019-01-30T22:31:53","guid":{"rendered":"https:\/\/www.notibras.com\/site\/?p=201009"},"modified":"2019-01-30T23:29:33","modified_gmt":"2019-01-31T01:29:33","slug":"ssou-uma-vitima-deixem-que-o-stf-fale-pede-flavio","status":"publish","type":"post","link":"https:\/\/www.notibras.com\/site\/ssou-uma-vitima-deixem-que-o-stf-fale-pede-flavio\/","title":{"rendered":"Sou uma v\u00edtima. Deixem que o STF fale, pede Fl\u00e1vio"},"content":{"rendered":"<p>Filho mais velho do presidente Jair Bolsonaro, o deputado estadual e senador eleito Fl\u00e1vio Bolsonaro (PSL-RJ) voltou a afirmar que \u00e9 v\u00edtima de persegui\u00e7\u00e3o em rela\u00e7\u00e3o \u00e0s investiga\u00e7\u00f5es envolvendo seu nome e de seu ex-assessor Fabr\u00edcio Queiroz, que aparece com movimenta\u00e7\u00e3o at\u00edpica de R$ 1,2 milh\u00e3o em relat\u00f3rio do Coaf.<\/p>\n<p>\u201c\u00c9 preciso esperar o Supremo se pronunciar. Est\u00e1 todo mundo vendo que eu sou v\u00edtima de persegui\u00e7\u00e3o\u201d, disse. Ao ser questionado sobre quando iria ao Minist\u00e9rio P\u00fablico prestar esclarecimentos, ele n\u00e3o respondeu. \u201cJ\u00e1 falei o que eu tinha de falar, n\u00e3o tenho novidade nenhuma\u201d, acrescentou. Ele esteve na manh\u00e3 desta quarta-feira na C\u00e2mara dos Deputados para fazer o registro biom\u00e9trico para o Senado. Ele toma posse como senador nesta sexta-feira, 1.\u00ba.<\/p>\n<p>Ele negou que as investiga\u00e7\u00f5es envolvendo seu nome atrapalhem a governabilidade do pai e a rela\u00e7\u00e3o do Executivo com o Legislativo. \u201cN\u00e3o tem nada a ver com o governo. Por mais que voc\u00eas queiram, n\u00e3o tem nada a ver com o governo. Estamos muito bem, obrigado. Estamos todos trabalhando bem, com liberdade\u201d, disse ao responder uma pergunta se o governo de Bolsonaro j\u00e1 come\u00e7ava com desgaste.<\/p>\n<p>Sobre as elei\u00e7\u00f5es para a presid\u00eancia do Senado, ele afirmou que isso s\u00f3 \u201cdeve se resolver no \u00faltimo dia\u201d, mas disse que acredita que todos os candidatos na disputa est\u00e3o alinhados com o governo, com a aprova\u00e7\u00e3o das reformas priorit\u00e1rias. Em rela\u00e7\u00e3o \u00e0 cirurgia de Bolsonaro, ele disse que o pai est\u00e1 bem disposto e se recuperando. \u201cMeu pai est\u00e1 bem se recuperando, o m\u00e9dico est\u00e1 dando informa\u00e7\u00f5es em tempo real para voc\u00eas\u201d, afirmou.<\/p>\n","protected":false},"excerpt":{"rendered":"<p>Filho mais velho do presidente Jair Bolsonaro, o deputado estadual e senador eleito Fl\u00e1vio Bolsonaro (PSL-RJ) voltou a afirmar que \u00e9 v\u00edtima de persegui\u00e7\u00e3o em rela\u00e7\u00e3o \u00e0s investiga\u00e7\u00f5es envolvendo seu nome e de seu ex-assessor Fabr\u00edcio Queiroz, que aparece com movimenta\u00e7\u00e3o at\u00edpica de R$ 1,2 milh\u00e3o em relat\u00f3rio do Coaf. \u201c\u00c9 preciso esperar o Supremo [&hellip;]<\/p>\n","protected":false},"author":2,"featured_media":200071,"comment_status":"closed","ping_status":"closed","sticky":false,"template":"","format":"standard","meta":{"_acf_changed":false,"footnotes":""},"categories":[16],"tags":[95],"class_list":["post-201009","post","type-post","status-publish","format-standard","has-post-thumbnail","hentry","category-brasil","tag-capa"],"acf":[],"yoast_head":"<!-- This site is optimized with the Yoast SEO plugin v27.2 - https:\/\/yoast.com\/product\/yoast-seo-wordpress\/ -->\n<title>Sou uma v\u00edtima. Deixem que o STF fale, pede Fl\u00e1vio - Notibras<\/title>\n<meta name=\"robots\" content=\"index, follow, max-snippet:-1, max-image-preview:large, max-video-preview:-1\" \/>\n<link rel=\"canonical\" href=\"https:\/\/www.notibras.com\/site\/ssou-uma-vitima-deixem-que-o-stf-fale-pede-flavio\/\" \/>\n<meta property=\"og:locale\" content=\"pt_BR\" \/>\n<meta property=\"og:type\" content=\"article\" \/>\n<meta property=\"og:title\" content=\"Sou uma v\u00edtima. Deixem que o STF fale, pede Fl\u00e1vio - Notibras\" \/>\n<meta property=\"og:description\" content=\"Filho mais velho do presidente Jair Bolsonaro, o deputado estadual e senador eleito Fl\u00e1vio Bolsonaro (PSL-RJ) voltou a afirmar que \u00e9 v\u00edtima de persegui\u00e7\u00e3o em rela\u00e7\u00e3o \u00e0s investiga\u00e7\u00f5es envolvendo seu nome e de seu ex-assessor Fabr\u00edcio Queiroz, que aparece com movimenta\u00e7\u00e3o at\u00edpica de R$ 1,2 milh\u00e3o em relat\u00f3rio do Coaf. \u201c\u00c9 preciso esperar o Supremo [&hellip;]\" \/>\n<meta property=\"og:url\" content=\"https:\/\/www.notibras.com\/site\/ssou-uma-vitima-deixem-que-o-stf-fale-pede-flavio\/\" \/>\n<meta property=\"og:site_name\" content=\"Notibras\" \/>\n<meta property=\"article:publisher\" content=\"https:\/\/www.facebook.com\/notibras\/\" \/>\n<meta property=\"article:published_time\" content=\"2019-01-30T22:31:53+00:00\" \/>\n<meta property=\"article:modified_time\" content=\"2019-01-31T01:29:33+00:00\" \/>\n<meta property=\"og:image\" content=\"https:\/\/www.notibras.com\/site\/wp-content\/uploads\/2019\/01\/flavio-provas.png\" \/>\n\t<meta property=\"og:image:width\" content=\"1140\" \/>\n\t<meta property=\"og:image:height\" content=\"596\" \/>\n\t<meta property=\"og:image:type\" content=\"image\/png\" \/>\n<meta name=\"author\" content=\"Reda\u00e7\u00e3o\" \/>\n<meta name=\"twitter:card\" content=\"summary_large_image\" \/>\n<meta name=\"twitter:creator\" content=\"@Notibras\" \/>\n<meta name=\"twitter:site\" content=\"@Notibras\" \/>\n<meta name=\"twitter:label1\" content=\"Escrito por\" \/>\n\t<meta name=\"twitter:data1\" content=\"Reda\u00e7\u00e3o\" \/>\n\t<meta name=\"twitter:label2\" content=\"Est. tempo de leitura\" \/>\n\t<meta name=\"twitter:data2\" content=\"1 minuto\" \/>\n<script type=\"application\/ld+json\" class=\"yoast-schema-graph\">{\"@context\":\"https:\/\/schema.org\",\"@graph\":[{\"@type\":\"Article\",\"@id\":\"https:\/\/www.notibras.com\/site\/ssou-uma-vitima-deixem-que-o-stf-fale-pede-flavio\/#article\",\"isPartOf\":{\"@id\":\"https:\/\/www.notibras.com\/site\/ssou-uma-vitima-deixem-que-o-stf-fale-pede-flavio\/\"},\"author\":{\"name\":\"Reda\u00e7\u00e3o\",\"@id\":\"https:\/\/www.notibras.com\/site\/#\/schema\/person\/36ab0979449956132d3e5b517ea76ac8\"},\"headline\":\"Sou uma v\u00edtima. Deixem que o STF fale, pede Fl\u00e1vio\",\"datePublished\":\"2019-01-30T22:31:53+00:00\",\"dateModified\":\"2019-01-31T01:29:33+00:00\",\"mainEntityOfPage\":{\"@id\":\"https:\/\/www.notibras.com\/site\/ssou-uma-vitima-deixem-que-o-stf-fale-pede-flavio\/\"},\"wordCount\":301,\"publisher\":{\"@id\":\"https:\/\/www.notibras.com\/site\/#organization\"},\"image\":{\"@id\":\"https:\/\/www.notibras.com\/site\/ssou-uma-vitima-deixem-que-o-stf-fale-pede-flavio\/#primaryimage\"},\"thumbnailUrl\":\"https:\/\/www.notibras.com\/site\/wp-content\/uploads\/2019\/01\/flavio-provas.png\",\"keywords\":[\"capa\"],\"articleSection\":[\"Brasil\"],\"inLanguage\":\"pt-BR\"},{\"@type\":\"WebPage\",\"@id\":\"https:\/\/www.notibras.com\/site\/ssou-uma-vitima-deixem-que-o-stf-fale-pede-flavio\/\",\"url\":\"https:\/\/www.notibras.com\/site\/ssou-uma-vitima-deixem-que-o-stf-fale-pede-flavio\/\",\"name\":\"Sou uma v\u00edtima. Deixem que o STF fale, pede Fl\u00e1vio - Notibras\",\"isPartOf\":{\"@id\":\"https:\/\/www.notibras.com\/site\/#website\"},\"primaryImageOfPage\":{\"@id\":\"https:\/\/www.notibras.com\/site\/ssou-uma-vitima-deixem-que-o-stf-fale-pede-flavio\/#primaryimage\"},\"image\":{\"@id\":\"https:\/\/www.notibras.com\/site\/ssou-uma-vitima-deixem-que-o-stf-fale-pede-flavio\/#primaryimage\"},\"thumbnailUrl\":\"https:\/\/www.notibras.com\/site\/wp-content\/uploads\/2019\/01\/flavio-provas.png\",\"datePublished\":\"2019-01-30T22:31:53+00:00\",\"dateModified\":\"2019-01-31T01:29:33+00:00\",\"breadcrumb\":{\"@id\":\"https:\/\/www.notibras.com\/site\/ssou-uma-vitima-deixem-que-o-stf-fale-pede-flavio\/#breadcrumb\"},\"inLanguage\":\"pt-BR\",\"potentialAction\":[{\"@type\":\"ReadAction\",\"target\":[\"https:\/\/www.notibras.com\/site\/ssou-uma-vitima-deixem-que-o-stf-fale-pede-flavio\/\"]}]},{\"@type\":\"ImageObject\",\"inLanguage\":\"pt-BR\",\"@id\":\"https:\/\/www.notibras.com\/site\/ssou-uma-vitima-deixem-que-o-stf-fale-pede-flavio\/#primaryimage\",\"url\":\"https:\/\/www.notibras.com\/site\/wp-content\/uploads\/2019\/01\/flavio-provas.png\",\"contentUrl\":\"https:\/\/www.notibras.com\/site\/wp-content\/uploads\/2019\/01\/flavio-provas.png\",\"width\":1140,\"height\":596},{\"@type\":\"BreadcrumbList\",\"@id\":\"https:\/\/www.notibras.com\/site\/ssou-uma-vitima-deixem-que-o-stf-fale-pede-flavio\/#breadcrumb\",\"itemListElement\":[{\"@type\":\"ListItem\",\"position\":1,\"name\":\"In\u00edcio\",\"item\":\"https:\/\/www.notibras.com\/site\/\"},{\"@type\":\"ListItem\",\"position\":2,\"name\":\"Sou uma v\u00edtima. Deixem que o STF fale, pede Fl\u00e1vio\"}]},{\"@type\":\"WebSite\",\"@id\":\"https:\/\/www.notibras.com\/site\/#website\",\"url\":\"https:\/\/www.notibras.com\/site\/\",\"name\":\"Notibras\",\"description\":\"Not\u00edcias de Bras\u00edlia, do Brasil e do Mundo\",\"publisher\":{\"@id\":\"https:\/\/www.notibras.com\/site\/#organization\"},\"potentialAction\":[{\"@type\":\"SearchAction\",\"target\":{\"@type\":\"EntryPoint\",\"urlTemplate\":\"https:\/\/www.notibras.com\/site\/?s={search_term_string}\"},\"query-input\":{\"@type\":\"PropertyValueSpecification\",\"valueRequired\":true,\"valueName\":\"search_term_string\"}}],\"inLanguage\":\"pt-BR\"},{\"@type\":\"Organization\",\"@id\":\"https:\/\/www.notibras.com\/site\/#organization\",\"name\":\"Grupo Notibras de Comunica\u00e7\u00e3o\",\"url\":\"https:\/\/www.notibras.com\/site\/\",\"logo\":{\"@type\":\"ImageObject\",\"inLanguage\":\"pt-BR\",\"@id\":\"https:\/\/www.notibras.com\/site\/#\/schema\/logo\/image\/\",\"url\":\"https:\/\/www.notibras.com\/site\/wp-content\/uploads\/2023\/01\/notibras23.png\",\"contentUrl\":\"https:\/\/www.notibras.com\/site\/wp-content\/uploads\/2023\/01\/notibras23.png\",\"width\":350,\"height\":87,\"caption\":\"Grupo Notibras de Comunica\u00e7\u00e3o\"},\"image\":{\"@id\":\"https:\/\/www.notibras.com\/site\/#\/schema\/logo\/image\/\"},\"sameAs\":[\"https:\/\/www.facebook.com\/notibras\/\",\"https:\/\/x.com\/Notibras\",\"https:\/\/www.instagram.com\/notibras\/\"]},{\"@type\":\"Person\",\"@id\":\"https:\/\/www.notibras.com\/site\/#\/schema\/person\/36ab0979449956132d3e5b517ea76ac8\",\"name\":\"Reda\u00e7\u00e3o\",\"image\":{\"@type\":\"ImageObject\",\"inLanguage\":\"pt-BR\",\"@id\":\"https:\/\/secure.gravatar.com\/avatar\/e0a867bdedb85fd243eadf09663511f96fc81e0720a4a42581f334ad4303aa6b?s=96&d=mm&r=g\",\"url\":\"https:\/\/secure.gravatar.com\/avatar\/e0a867bdedb85fd243eadf09663511f96fc81e0720a4a42581f334ad4303aa6b?s=96&d=mm&r=g\",\"contentUrl\":\"https:\/\/secure.gravatar.com\/avatar\/e0a867bdedb85fd243eadf09663511f96fc81e0720a4a42581f334ad4303aa6b?s=96&d=mm&r=g\",\"caption\":\"Reda\u00e7\u00e3o\"}}]}<\/script>\n<!-- \/ Yoast SEO plugin. -->","yoast_head_json":{"title":"Sou uma v\u00edtima. Deixem que o STF fale, pede Fl\u00e1vio - Notibras","robots":{"index":"index","follow":"follow","max-snippet":"max-snippet:-1","max-image-preview":"max-image-preview:large","max-video-preview":"max-video-preview:-1"},"canonical":"https:\/\/www.notibras.com\/site\/ssou-uma-vitima-deixem-que-o-stf-fale-pede-flavio\/","og_locale":"pt_BR","og_type":"article","og_title":"Sou uma v\u00edtima. Deixem que o STF fale, pede Fl\u00e1vio - Notibras","og_description":"Filho mais velho do presidente Jair Bolsonaro, o deputado estadual e senador eleito Fl\u00e1vio Bolsonaro (PSL-RJ) voltou a afirmar que \u00e9 v\u00edtima de persegui\u00e7\u00e3o em rela\u00e7\u00e3o \u00e0s investiga\u00e7\u00f5es envolvendo seu nome e de seu ex-assessor Fabr\u00edcio Queiroz, que aparece com movimenta\u00e7\u00e3o at\u00edpica de R$ 1,2 milh\u00e3o em relat\u00f3rio do Coaf. \u201c\u00c9 preciso esperar o Supremo [&hellip;]","og_url":"https:\/\/www.notibras.com\/site\/ssou-uma-vitima-deixem-que-o-stf-fale-pede-flavio\/","og_site_name":"Notibras","article_publisher":"https:\/\/www.facebook.com\/notibras\/","article_published_time":"2019-01-30T22:31:53+00:00","article_modified_time":"2019-01-31T01:29:33+00:00","og_image":[{"width":1140,"height":596,"url":"https:\/\/www.notibras.com\/site\/wp-content\/uploads\/2019\/01\/flavio-provas.png","type":"image\/png"}],"author":"Reda\u00e7\u00e3o","twitter_card":"summary_large_image","twitter_creator":"@Notibras","twitter_site":"@Notibras","twitter_misc":{"Escrito por":"Reda\u00e7\u00e3o","Est. tempo de leitura":"1 minuto"},"schema":{"@context":"https:\/\/schema.org","@graph":[{"@type":"Article","@id":"https:\/\/www.notibras.com\/site\/ssou-uma-vitima-deixem-que-o-stf-fale-pede-flavio\/#article","isPartOf":{"@id":"https:\/\/www.notibras.com\/site\/ssou-uma-vitima-deixem-que-o-stf-fale-pede-flavio\/"},"author":{"name":"Reda\u00e7\u00e3o","@id":"https:\/\/www.notibras.com\/site\/#\/schema\/person\/36ab0979449956132d3e5b517ea76ac8"},"headline":"Sou uma v\u00edtima. Deixem que o STF fale, pede Fl\u00e1vio","datePublished":"2019-01-30T22:31:53+00:00","dateModified":"2019-01-31T01:29:33+00:00","mainEntityOfPage":{"@id":"https:\/\/www.notibras.com\/site\/ssou-uma-vitima-deixem-que-o-stf-fale-pede-flavio\/"},"wordCount":301,"publisher":{"@id":"https:\/\/www.notibras.com\/site\/#organization"},"image":{"@id":"https:\/\/www.notibras.com\/site\/ssou-uma-vitima-deixem-que-o-stf-fale-pede-flavio\/#primaryimage"},"thumbnailUrl":"https:\/\/www.notibras.com\/site\/wp-content\/uploads\/2019\/01\/flavio-provas.png","keywords":["capa"],"articleSection":["Brasil"],"inLanguage":"pt-BR"},{"@type":"WebPage","@id":"https:\/\/www.notibras.com\/site\/ssou-uma-vitima-deixem-que-o-stf-fale-pede-flavio\/","url":"https:\/\/www.notibras.com\/site\/ssou-uma-vitima-deixem-que-o-stf-fale-pede-flavio\/","name":"Sou uma v\u00edtima. Deixem que o STF fale, pede Fl\u00e1vio - Notibras","isPartOf":{"@id":"https:\/\/www.notibras.com\/site\/#website"},"primaryImageOfPage":{"@id":"https:\/\/www.notibras.com\/site\/ssou-uma-vitima-deixem-que-o-stf-fale-pede-flavio\/#primaryimage"},"image":{"@id":"https:\/\/www.notibras.com\/site\/ssou-uma-vitima-deixem-que-o-stf-fale-pede-flavio\/#primaryimage"},"thumbnailUrl":"https:\/\/www.notibras.com\/site\/wp-content\/uploads\/2019\/01\/flavio-provas.png","datePublished":"2019-01-30T22:31:53+00:00","dateModified":"2019-01-31T01:29:33+00:00","breadcrumb":{"@id":"https:\/\/www.notibras.com\/site\/ssou-uma-vitima-deixem-que-o-stf-fale-pede-flavio\/#breadcrumb"},"inLanguage":"pt-BR","potentialAction":[{"@type":"ReadAction","target":["https:\/\/www.notibras.com\/site\/ssou-uma-vitima-deixem-que-o-stf-fale-pede-flavio\/"]}]},{"@type":"ImageObject","inLanguage":"pt-BR","@id":"https:\/\/www.notibras.com\/site\/ssou-uma-vitima-deixem-que-o-stf-fale-pede-flavio\/#primaryimage","url":"https:\/\/www.notibras.com\/site\/wp-content\/uploads\/2019\/01\/flavio-provas.png","contentUrl":"https:\/\/www.notibras.com\/site\/wp-content\/uploads\/2019\/01\/flavio-provas.png","width":1140,"height":596},{"@type":"BreadcrumbList","@id":"https:\/\/www.notibras.com\/site\/ssou-uma-vitima-deixem-que-o-stf-fale-pede-flavio\/#breadcrumb","itemListElement":[{"@type":"ListItem","position":1,"name":"In\u00edcio","item":"https:\/\/www.notibras.com\/site\/"},{"@type":"ListItem","position":2,"name":"Sou uma v\u00edtima. Deixem que o STF fale, pede Fl\u00e1vio"}]},{"@type":"WebSite","@id":"https:\/\/www.notibras.com\/site\/#website","url":"https:\/\/www.notibras.com\/site\/","name":"Notibras","description":"Not\u00edcias de Bras\u00edlia, do Brasil e do Mundo","publisher":{"@id":"https:\/\/www.notibras.com\/site\/#organization"},"potentialAction":[{"@type":"SearchAction","target":{"@type":"EntryPoint","urlTemplate":"https:\/\/www.notibras.com\/site\/?s={search_term_string}"},"query-input":{"@type":"PropertyValueSpecification","valueRequired":true,"valueName":"search_term_string"}}],"inLanguage":"pt-BR"},{"@type":"Organization","@id":"https:\/\/www.notibras.com\/site\/#organization","name":"Grupo Notibras de Comunica\u00e7\u00e3o","url":"https:\/\/www.notibras.com\/site\/","logo":{"@type":"ImageObject","inLanguage":"pt-BR","@id":"https:\/\/www.notibras.com\/site\/#\/schema\/logo\/image\/","url":"https:\/\/www.notibras.com\/site\/wp-content\/uploads\/2023\/01\/notibras23.png","contentUrl":"https:\/\/www.notibras.com\/site\/wp-content\/uploads\/2023\/01\/notibras23.png","width":350,"height":87,"caption":"Grupo Notibras de Comunica\u00e7\u00e3o"},"image":{"@id":"https:\/\/www.notibras.com\/site\/#\/schema\/logo\/image\/"},"sameAs":["https:\/\/www.facebook.com\/notibras\/","https:\/\/x.com\/Notibras","https:\/\/www.instagram.com\/notibras\/"]},{"@type":"Person","@id":"https:\/\/www.notibras.com\/site\/#\/schema\/person\/36ab0979449956132d3e5b517ea76ac8","name":"Reda\u00e7\u00e3o","image":{"@type":"ImageObject","inLanguage":"pt-BR","@id":"https:\/\/secure.gravatar.com\/avatar\/e0a867bdedb85fd243eadf09663511f96fc81e0720a4a42581f334ad4303aa6b?s=96&d=mm&r=g","url":"https:\/\/secure.gravatar.com\/avatar\/e0a867bdedb85fd243eadf09663511f96fc81e0720a4a42581f334ad4303aa6b?s=96&d=mm&r=g","contentUrl":"https:\/\/secure.gravatar.com\/avatar\/e0a867bdedb85fd243eadf09663511f96fc81e0720a4a42581f334ad4303aa6b?s=96&d=mm&r=g","caption":"Reda\u00e7\u00e3o"}}]}},"amp_enabled":true,"_links":{"self":[{"href":"https:\/\/www.notibras.com\/site\/wp-json\/wp\/v2\/posts\/201009","targetHints":{"allow":["GET"]}}],"collection":[{"href":"https:\/\/www.notibras.com\/site\/wp-json\/wp\/v2\/posts"}],"about":[{"href":"https:\/\/www.notibras.com\/site\/wp-json\/wp\/v2\/types\/post"}],"author":[{"embeddable":true,"href":"https:\/\/www.notibras.com\/site\/wp-json\/wp\/v2\/users\/2"}],"replies":[{"embeddable":true,"href":"https:\/\/www.notibras.com\/site\/wp-json\/wp\/v2\/comments?post=201009"}],"version-history":[{"count":4,"href":"https:\/\/www.notibras.com\/site\/wp-json\/wp\/v2\/posts\/201009\/revisions"}],"predecessor-version":[{"id":201013,"href":"https:\/\/www.notibras.com\/site\/wp-json\/wp\/v2\/posts\/201009\/revisions\/201013"}],"wp:featuredmedia":[{"embeddable":true,"href":"https:\/\/www.notibras.com\/site\/wp-json\/wp\/v2\/media\/200071"}],"wp:attachment":[{"href":"https:\/\/www.notibras.com\/site\/wp-json\/wp\/v2\/media?parent=201009"}],"wp:term":[{"taxonomy":"category","embeddable":true,"href":"https:\/\/www.notibras.com\/site\/wp-json\/wp\/v2\/categories?post=201009"},{"taxonomy":"post_tag","embeddable":true,"href":"https:\/\/www.notibras.com\/site\/wp-json\/wp\/v2\/tags?post=201009"}],"curies":[{"name":"wp","href":"https:\/\/api.w.org\/{rel}","templated":true}]}}