{"id":201022,"date":"2019-01-30T20:40:10","date_gmt":"2019-01-30T22:40:10","guid":{"rendered":"https:\/\/www.notibras.com\/site\/?p=201022"},"modified":"2019-01-30T23:28:27","modified_gmt":"2019-01-31T01:28:27","slug":"mp-fecha-o-cerco-a-ricardo-salles-do-meio-ambiente","status":"publish","type":"post","link":"https:\/\/www.notibras.com\/site\/mp-fecha-o-cerco-a-ricardo-salles-do-meio-ambiente\/","title":{"rendered":"MP fecha o cerco a Ricardo Salles, do Meio Ambiente"},"content":{"rendered":"<p>O Conselho Superior do Minist\u00e9rio P\u00fablico de S\u00e3o Paulo determinou a retomada de um inqu\u00e9rito civil que investiga Ricardo Salles, ministro do Meio Ambiente. A decis\u00e3o foi un\u00e2nime. O Conselho \u00e9 formado por onze procuradores de Justi\u00e7a, sob presid\u00eancia do chefe da Institui\u00e7\u00e3o. Os conselheiros converteram o julgamento em novas dilig\u00eancias, barrando o arquivamento dos autos.<\/p>\n<p>Em seu voto, o relator no Conselho, procurador Augusto Rossini, considerou que o caso deve retornar para a Promotoria de Defesa do Patrim\u00f4nio P\u00fablico e que um novo promotor deve ser designado para as investiga\u00e7\u00f5es. A reuni\u00e3o foi realizada na ter\u00e7a, 29.<\/p>\n<p>O arquivamento do inqu\u00e9rito foi feito pelo promotor Silvio Marques, que atua na Promotoria do Patrim\u00f4nio, bra\u00e7o do Minist\u00e9rio P\u00fablico que investiga atos de improbidade. Marques alegou j\u00e1 ter processado Salles e obtido a condena\u00e7\u00e3o do ministro na primeira inst\u00e2ncia da Justi\u00e7a.<\/p>\n<p>Em dezembro, a 3.\u00aa Vara da Fazenda P\u00fablica de S\u00e3o Paulo condenou Salles por improbidade administrativa ap\u00f3s acusa\u00e7\u00f5es de que o ministro teria favorecido empresas de minera\u00e7\u00e3o em 2016, ao acolher mudan\u00e7as nos mapas de zoneamento do Plano de Manejo da \u00c1rea de Prote\u00e7\u00e3o Ambiental (APA) do Rio Tiet\u00ea.<\/p>\n<p>Na \u00e9poca, Salles era secret\u00e1rio do Meio Ambiente de S\u00e3o Paulo, na gest\u00e3o do ent\u00e3o governador Geraldo Alckmin (PSDB).<\/p>\n<p>Em seu voto, o conselheiro Rossini disse que as medidas de Ricardo Salles afetaram zonas de reordenamento socioambiental e da paisagem, e de conserva\u00e7\u00e3o hidrodin\u00e2mica da plan\u00edcie fluvial, que permitiram a amplia\u00e7\u00e3o ou continuidade de empreendimentos miner\u00e1rios preexistentes.<\/p>\n<p>Para o relator, o setor de per\u00edcias do Minist\u00e9rio P\u00fablico indicou que na \u00e1rea onde o mapeamento do projeto foi alterado funcionava uma ind\u00fastria que foi autuada pelo menos duas vezes pela Cetesb e que, at\u00e9 o momento, n\u00e3o ficou claro qual era esta empresa.<\/p>\n","protected":false},"excerpt":{"rendered":"<p>O Conselho Superior do Minist\u00e9rio P\u00fablico de S\u00e3o Paulo determinou a retomada de um inqu\u00e9rito civil que investiga Ricardo Salles, ministro do Meio Ambiente. A decis\u00e3o foi un\u00e2nime. O Conselho \u00e9 formado por onze procuradores de Justi\u00e7a, sob presid\u00eancia do chefe da Institui\u00e7\u00e3o. Os conselheiros converteram o julgamento em novas dilig\u00eancias, barrando o arquivamento dos [&hellip;]<\/p>\n","protected":false},"author":2,"featured_media":201023,"comment_status":"closed","ping_status":"closed","sticky":false,"template":"","format":"standard","meta":{"_acf_changed":false,"footnotes":""},"categories":[16],"tags":[95],"class_list":["post-201022","post","type-post","status-publish","format-standard","has-post-thumbnail","hentry","category-brasil","tag-capa"],"acf":[],"yoast_head":"<!-- This site is optimized with the Yoast SEO plugin v27.2 - https:\/\/yoast.com\/product\/yoast-seo-wordpress\/ -->\n<title>MP fecha o cerco a Ricardo Salles, do Meio Ambiente - Notibras<\/title>\n<meta name=\"robots\" content=\"index, follow, max-snippet:-1, max-image-preview:large, max-video-preview:-1\" \/>\n<link rel=\"canonical\" href=\"https:\/\/www.notibras.com\/site\/mp-fecha-o-cerco-a-ricardo-salles-do-meio-ambiente\/\" \/>\n<meta property=\"og:locale\" content=\"pt_BR\" \/>\n<meta property=\"og:type\" content=\"article\" \/>\n<meta property=\"og:title\" content=\"MP fecha o cerco a Ricardo Salles, do Meio Ambiente - Notibras\" \/>\n<meta property=\"og:description\" content=\"O Conselho Superior do Minist\u00e9rio P\u00fablico de S\u00e3o Paulo determinou a retomada de um inqu\u00e9rito civil que investiga Ricardo Salles, ministro do Meio Ambiente. A decis\u00e3o foi un\u00e2nime. O Conselho \u00e9 formado por onze procuradores de Justi\u00e7a, sob presid\u00eancia do chefe da Institui\u00e7\u00e3o. Os conselheiros converteram o julgamento em novas dilig\u00eancias, barrando o arquivamento dos [&hellip;]\" \/>\n<meta property=\"og:url\" content=\"https:\/\/www.notibras.com\/site\/mp-fecha-o-cerco-a-ricardo-salles-do-meio-ambiente\/\" \/>\n<meta property=\"og:site_name\" content=\"Notibras\" \/>\n<meta property=\"article:publisher\" content=\"https:\/\/www.facebook.com\/notibras\/\" \/>\n<meta property=\"article:published_time\" content=\"2019-01-30T22:40:10+00:00\" \/>\n<meta property=\"article:modified_time\" content=\"2019-01-31T01:28:27+00:00\" \/>\n<meta property=\"og:image\" content=\"https:\/\/www.notibras.com\/site\/wp-content\/uploads\/2019\/01\/ricardo-salles-foto-marcelo-camargo.jpg\" \/>\n\t<meta property=\"og:image:width\" content=\"1140\" \/>\n\t<meta property=\"og:image:height\" content=\"760\" \/>\n\t<meta property=\"og:image:type\" content=\"image\/jpeg\" \/>\n<meta name=\"author\" content=\"Reda\u00e7\u00e3o\" \/>\n<meta name=\"twitter:card\" content=\"summary_large_image\" \/>\n<meta name=\"twitter:creator\" content=\"@Notibras\" \/>\n<meta name=\"twitter:site\" content=\"@Notibras\" \/>\n<meta name=\"twitter:label1\" content=\"Escrito por\" \/>\n\t<meta name=\"twitter:data1\" content=\"Reda\u00e7\u00e3o\" \/>\n\t<meta name=\"twitter:label2\" content=\"Est. tempo de leitura\" \/>\n\t<meta name=\"twitter:data2\" content=\"2 minutos\" \/>\n<script type=\"application\/ld+json\" class=\"yoast-schema-graph\">{\"@context\":\"https:\/\/schema.org\",\"@graph\":[{\"@type\":\"Article\",\"@id\":\"https:\/\/www.notibras.com\/site\/mp-fecha-o-cerco-a-ricardo-salles-do-meio-ambiente\/#article\",\"isPartOf\":{\"@id\":\"https:\/\/www.notibras.com\/site\/mp-fecha-o-cerco-a-ricardo-salles-do-meio-ambiente\/\"},\"author\":{\"name\":\"Reda\u00e7\u00e3o\",\"@id\":\"https:\/\/www.notibras.com\/site\/#\/schema\/person\/36ab0979449956132d3e5b517ea76ac8\"},\"headline\":\"MP fecha o cerco a Ricardo Salles, do Meio Ambiente\",\"datePublished\":\"2019-01-30T22:40:10+00:00\",\"dateModified\":\"2019-01-31T01:28:27+00:00\",\"mainEntityOfPage\":{\"@id\":\"https:\/\/www.notibras.com\/site\/mp-fecha-o-cerco-a-ricardo-salles-do-meio-ambiente\/\"},\"wordCount\":341,\"publisher\":{\"@id\":\"https:\/\/www.notibras.com\/site\/#organization\"},\"image\":{\"@id\":\"https:\/\/www.notibras.com\/site\/mp-fecha-o-cerco-a-ricardo-salles-do-meio-ambiente\/#primaryimage\"},\"thumbnailUrl\":\"https:\/\/www.notibras.com\/site\/wp-content\/uploads\/2019\/01\/ricardo-salles-foto-marcelo-camargo.jpg\",\"keywords\":[\"capa\"],\"articleSection\":[\"Brasil\"],\"inLanguage\":\"pt-BR\"},{\"@type\":\"WebPage\",\"@id\":\"https:\/\/www.notibras.com\/site\/mp-fecha-o-cerco-a-ricardo-salles-do-meio-ambiente\/\",\"url\":\"https:\/\/www.notibras.com\/site\/mp-fecha-o-cerco-a-ricardo-salles-do-meio-ambiente\/\",\"name\":\"MP fecha o cerco a Ricardo Salles, do Meio Ambiente - Notibras\",\"isPartOf\":{\"@id\":\"https:\/\/www.notibras.com\/site\/#website\"},\"primaryImageOfPage\":{\"@id\":\"https:\/\/www.notibras.com\/site\/mp-fecha-o-cerco-a-ricardo-salles-do-meio-ambiente\/#primaryimage\"},\"image\":{\"@id\":\"https:\/\/www.notibras.com\/site\/mp-fecha-o-cerco-a-ricardo-salles-do-meio-ambiente\/#primaryimage\"},\"thumbnailUrl\":\"https:\/\/www.notibras.com\/site\/wp-content\/uploads\/2019\/01\/ricardo-salles-foto-marcelo-camargo.jpg\",\"datePublished\":\"2019-01-30T22:40:10+00:00\",\"dateModified\":\"2019-01-31T01:28:27+00:00\",\"breadcrumb\":{\"@id\":\"https:\/\/www.notibras.com\/site\/mp-fecha-o-cerco-a-ricardo-salles-do-meio-ambiente\/#breadcrumb\"},\"inLanguage\":\"pt-BR\",\"potentialAction\":[{\"@type\":\"ReadAction\",\"target\":[\"https:\/\/www.notibras.com\/site\/mp-fecha-o-cerco-a-ricardo-salles-do-meio-ambiente\/\"]}]},{\"@type\":\"ImageObject\",\"inLanguage\":\"pt-BR\",\"@id\":\"https:\/\/www.notibras.com\/site\/mp-fecha-o-cerco-a-ricardo-salles-do-meio-ambiente\/#primaryimage\",\"url\":\"https:\/\/www.notibras.com\/site\/wp-content\/uploads\/2019\/01\/ricardo-salles-foto-marcelo-camargo.jpg\",\"contentUrl\":\"https:\/\/www.notibras.com\/site\/wp-content\/uploads\/2019\/01\/ricardo-salles-foto-marcelo-camargo.jpg\",\"width\":1140,\"height\":760},{\"@type\":\"BreadcrumbList\",\"@id\":\"https:\/\/www.notibras.com\/site\/mp-fecha-o-cerco-a-ricardo-salles-do-meio-ambiente\/#breadcrumb\",\"itemListElement\":[{\"@type\":\"ListItem\",\"position\":1,\"name\":\"In\u00edcio\",\"item\":\"https:\/\/www.notibras.com\/site\/\"},{\"@type\":\"ListItem\",\"position\":2,\"name\":\"MP fecha o cerco a Ricardo Salles, do Meio Ambiente\"}]},{\"@type\":\"WebSite\",\"@id\":\"https:\/\/www.notibras.com\/site\/#website\",\"url\":\"https:\/\/www.notibras.com\/site\/\",\"name\":\"Notibras\",\"description\":\"Not\u00edcias de Bras\u00edlia, do Brasil e do Mundo\",\"publisher\":{\"@id\":\"https:\/\/www.notibras.com\/site\/#organization\"},\"potentialAction\":[{\"@type\":\"SearchAction\",\"target\":{\"@type\":\"EntryPoint\",\"urlTemplate\":\"https:\/\/www.notibras.com\/site\/?s={search_term_string}\"},\"query-input\":{\"@type\":\"PropertyValueSpecification\",\"valueRequired\":true,\"valueName\":\"search_term_string\"}}],\"inLanguage\":\"pt-BR\"},{\"@type\":\"Organization\",\"@id\":\"https:\/\/www.notibras.com\/site\/#organization\",\"name\":\"Grupo Notibras de Comunica\u00e7\u00e3o\",\"url\":\"https:\/\/www.notibras.com\/site\/\",\"logo\":{\"@type\":\"ImageObject\",\"inLanguage\":\"pt-BR\",\"@id\":\"https:\/\/www.notibras.com\/site\/#\/schema\/logo\/image\/\",\"url\":\"https:\/\/www.notibras.com\/site\/wp-content\/uploads\/2023\/01\/notibras23.png\",\"contentUrl\":\"https:\/\/www.notibras.com\/site\/wp-content\/uploads\/2023\/01\/notibras23.png\",\"width\":350,\"height\":87,\"caption\":\"Grupo Notibras de Comunica\u00e7\u00e3o\"},\"image\":{\"@id\":\"https:\/\/www.notibras.com\/site\/#\/schema\/logo\/image\/\"},\"sameAs\":[\"https:\/\/www.facebook.com\/notibras\/\",\"https:\/\/x.com\/Notibras\",\"https:\/\/www.instagram.com\/notibras\/\"]},{\"@type\":\"Person\",\"@id\":\"https:\/\/www.notibras.com\/site\/#\/schema\/person\/36ab0979449956132d3e5b517ea76ac8\",\"name\":\"Reda\u00e7\u00e3o\",\"image\":{\"@type\":\"ImageObject\",\"inLanguage\":\"pt-BR\",\"@id\":\"https:\/\/secure.gravatar.com\/avatar\/e0a867bdedb85fd243eadf09663511f96fc81e0720a4a42581f334ad4303aa6b?s=96&d=mm&r=g\",\"url\":\"https:\/\/secure.gravatar.com\/avatar\/e0a867bdedb85fd243eadf09663511f96fc81e0720a4a42581f334ad4303aa6b?s=96&d=mm&r=g\",\"contentUrl\":\"https:\/\/secure.gravatar.com\/avatar\/e0a867bdedb85fd243eadf09663511f96fc81e0720a4a42581f334ad4303aa6b?s=96&d=mm&r=g\",\"caption\":\"Reda\u00e7\u00e3o\"}}]}<\/script>\n<!-- \/ Yoast SEO plugin. -->","yoast_head_json":{"title":"MP fecha o cerco a Ricardo Salles, do Meio Ambiente - Notibras","robots":{"index":"index","follow":"follow","max-snippet":"max-snippet:-1","max-image-preview":"max-image-preview:large","max-video-preview":"max-video-preview:-1"},"canonical":"https:\/\/www.notibras.com\/site\/mp-fecha-o-cerco-a-ricardo-salles-do-meio-ambiente\/","og_locale":"pt_BR","og_type":"article","og_title":"MP fecha o cerco a Ricardo Salles, do Meio Ambiente - Notibras","og_description":"O Conselho Superior do Minist\u00e9rio P\u00fablico de S\u00e3o Paulo determinou a retomada de um inqu\u00e9rito civil que investiga Ricardo Salles, ministro do Meio Ambiente. A decis\u00e3o foi un\u00e2nime. O Conselho \u00e9 formado por onze procuradores de Justi\u00e7a, sob presid\u00eancia do chefe da Institui\u00e7\u00e3o. Os conselheiros converteram o julgamento em novas dilig\u00eancias, barrando o arquivamento dos [&hellip;]","og_url":"https:\/\/www.notibras.com\/site\/mp-fecha-o-cerco-a-ricardo-salles-do-meio-ambiente\/","og_site_name":"Notibras","article_publisher":"https:\/\/www.facebook.com\/notibras\/","article_published_time":"2019-01-30T22:40:10+00:00","article_modified_time":"2019-01-31T01:28:27+00:00","og_image":[{"width":1140,"height":760,"url":"https:\/\/www.notibras.com\/site\/wp-content\/uploads\/2019\/01\/ricardo-salles-foto-marcelo-camargo.jpg","type":"image\/jpeg"}],"author":"Reda\u00e7\u00e3o","twitter_card":"summary_large_image","twitter_creator":"@Notibras","twitter_site":"@Notibras","twitter_misc":{"Escrito por":"Reda\u00e7\u00e3o","Est. tempo de leitura":"2 minutos"},"schema":{"@context":"https:\/\/schema.org","@graph":[{"@type":"Article","@id":"https:\/\/www.notibras.com\/site\/mp-fecha-o-cerco-a-ricardo-salles-do-meio-ambiente\/#article","isPartOf":{"@id":"https:\/\/www.notibras.com\/site\/mp-fecha-o-cerco-a-ricardo-salles-do-meio-ambiente\/"},"author":{"name":"Reda\u00e7\u00e3o","@id":"https:\/\/www.notibras.com\/site\/#\/schema\/person\/36ab0979449956132d3e5b517ea76ac8"},"headline":"MP fecha o cerco a Ricardo Salles, do Meio Ambiente","datePublished":"2019-01-30T22:40:10+00:00","dateModified":"2019-01-31T01:28:27+00:00","mainEntityOfPage":{"@id":"https:\/\/www.notibras.com\/site\/mp-fecha-o-cerco-a-ricardo-salles-do-meio-ambiente\/"},"wordCount":341,"publisher":{"@id":"https:\/\/www.notibras.com\/site\/#organization"},"image":{"@id":"https:\/\/www.notibras.com\/site\/mp-fecha-o-cerco-a-ricardo-salles-do-meio-ambiente\/#primaryimage"},"thumbnailUrl":"https:\/\/www.notibras.com\/site\/wp-content\/uploads\/2019\/01\/ricardo-salles-foto-marcelo-camargo.jpg","keywords":["capa"],"articleSection":["Brasil"],"inLanguage":"pt-BR"},{"@type":"WebPage","@id":"https:\/\/www.notibras.com\/site\/mp-fecha-o-cerco-a-ricardo-salles-do-meio-ambiente\/","url":"https:\/\/www.notibras.com\/site\/mp-fecha-o-cerco-a-ricardo-salles-do-meio-ambiente\/","name":"MP fecha o cerco a Ricardo Salles, do Meio Ambiente - Notibras","isPartOf":{"@id":"https:\/\/www.notibras.com\/site\/#website"},"primaryImageOfPage":{"@id":"https:\/\/www.notibras.com\/site\/mp-fecha-o-cerco-a-ricardo-salles-do-meio-ambiente\/#primaryimage"},"image":{"@id":"https:\/\/www.notibras.com\/site\/mp-fecha-o-cerco-a-ricardo-salles-do-meio-ambiente\/#primaryimage"},"thumbnailUrl":"https:\/\/www.notibras.com\/site\/wp-content\/uploads\/2019\/01\/ricardo-salles-foto-marcelo-camargo.jpg","datePublished":"2019-01-30T22:40:10+00:00","dateModified":"2019-01-31T01:28:27+00:00","breadcrumb":{"@id":"https:\/\/www.notibras.com\/site\/mp-fecha-o-cerco-a-ricardo-salles-do-meio-ambiente\/#breadcrumb"},"inLanguage":"pt-BR","potentialAction":[{"@type":"ReadAction","target":["https:\/\/www.notibras.com\/site\/mp-fecha-o-cerco-a-ricardo-salles-do-meio-ambiente\/"]}]},{"@type":"ImageObject","inLanguage":"pt-BR","@id":"https:\/\/www.notibras.com\/site\/mp-fecha-o-cerco-a-ricardo-salles-do-meio-ambiente\/#primaryimage","url":"https:\/\/www.notibras.com\/site\/wp-content\/uploads\/2019\/01\/ricardo-salles-foto-marcelo-camargo.jpg","contentUrl":"https:\/\/www.notibras.com\/site\/wp-content\/uploads\/2019\/01\/ricardo-salles-foto-marcelo-camargo.jpg","width":1140,"height":760},{"@type":"BreadcrumbList","@id":"https:\/\/www.notibras.com\/site\/mp-fecha-o-cerco-a-ricardo-salles-do-meio-ambiente\/#breadcrumb","itemListElement":[{"@type":"ListItem","position":1,"name":"In\u00edcio","item":"https:\/\/www.notibras.com\/site\/"},{"@type":"ListItem","position":2,"name":"MP fecha o cerco a Ricardo Salles, do Meio Ambiente"}]},{"@type":"WebSite","@id":"https:\/\/www.notibras.com\/site\/#website","url":"https:\/\/www.notibras.com\/site\/","name":"Notibras","description":"Not\u00edcias de Bras\u00edlia, do Brasil e do Mundo","publisher":{"@id":"https:\/\/www.notibras.com\/site\/#organization"},"potentialAction":[{"@type":"SearchAction","target":{"@type":"EntryPoint","urlTemplate":"https:\/\/www.notibras.com\/site\/?s={search_term_string}"},"query-input":{"@type":"PropertyValueSpecification","valueRequired":true,"valueName":"search_term_string"}}],"inLanguage":"pt-BR"},{"@type":"Organization","@id":"https:\/\/www.notibras.com\/site\/#organization","name":"Grupo Notibras de Comunica\u00e7\u00e3o","url":"https:\/\/www.notibras.com\/site\/","logo":{"@type":"ImageObject","inLanguage":"pt-BR","@id":"https:\/\/www.notibras.com\/site\/#\/schema\/logo\/image\/","url":"https:\/\/www.notibras.com\/site\/wp-content\/uploads\/2023\/01\/notibras23.png","contentUrl":"https:\/\/www.notibras.com\/site\/wp-content\/uploads\/2023\/01\/notibras23.png","width":350,"height":87,"caption":"Grupo Notibras de Comunica\u00e7\u00e3o"},"image":{"@id":"https:\/\/www.notibras.com\/site\/#\/schema\/logo\/image\/"},"sameAs":["https:\/\/www.facebook.com\/notibras\/","https:\/\/x.com\/Notibras","https:\/\/www.instagram.com\/notibras\/"]},{"@type":"Person","@id":"https:\/\/www.notibras.com\/site\/#\/schema\/person\/36ab0979449956132d3e5b517ea76ac8","name":"Reda\u00e7\u00e3o","image":{"@type":"ImageObject","inLanguage":"pt-BR","@id":"https:\/\/secure.gravatar.com\/avatar\/e0a867bdedb85fd243eadf09663511f96fc81e0720a4a42581f334ad4303aa6b?s=96&d=mm&r=g","url":"https:\/\/secure.gravatar.com\/avatar\/e0a867bdedb85fd243eadf09663511f96fc81e0720a4a42581f334ad4303aa6b?s=96&d=mm&r=g","contentUrl":"https:\/\/secure.gravatar.com\/avatar\/e0a867bdedb85fd243eadf09663511f96fc81e0720a4a42581f334ad4303aa6b?s=96&d=mm&r=g","caption":"Reda\u00e7\u00e3o"}}]}},"amp_enabled":true,"_links":{"self":[{"href":"https:\/\/www.notibras.com\/site\/wp-json\/wp\/v2\/posts\/201022","targetHints":{"allow":["GET"]}}],"collection":[{"href":"https:\/\/www.notibras.com\/site\/wp-json\/wp\/v2\/posts"}],"about":[{"href":"https:\/\/www.notibras.com\/site\/wp-json\/wp\/v2\/types\/post"}],"author":[{"embeddable":true,"href":"https:\/\/www.notibras.com\/site\/wp-json\/wp\/v2\/users\/2"}],"replies":[{"embeddable":true,"href":"https:\/\/www.notibras.com\/site\/wp-json\/wp\/v2\/comments?post=201022"}],"version-history":[{"count":3,"href":"https:\/\/www.notibras.com\/site\/wp-json\/wp\/v2\/posts\/201022\/revisions"}],"predecessor-version":[{"id":201026,"href":"https:\/\/www.notibras.com\/site\/wp-json\/wp\/v2\/posts\/201022\/revisions\/201026"}],"wp:featuredmedia":[{"embeddable":true,"href":"https:\/\/www.notibras.com\/site\/wp-json\/wp\/v2\/media\/201023"}],"wp:attachment":[{"href":"https:\/\/www.notibras.com\/site\/wp-json\/wp\/v2\/media?parent=201022"}],"wp:term":[{"taxonomy":"category","embeddable":true,"href":"https:\/\/www.notibras.com\/site\/wp-json\/wp\/v2\/categories?post=201022"},{"taxonomy":"post_tag","embeddable":true,"href":"https:\/\/www.notibras.com\/site\/wp-json\/wp\/v2\/tags?post=201022"}],"curies":[{"name":"wp","href":"https:\/\/api.w.org\/{rel}","templated":true}]}}