{"id":201037,"date":"2019-01-30T21:21:56","date_gmt":"2019-01-30T23:21:56","guid":{"rendered":"https:\/\/www.notibras.com\/site\/?p=201037"},"modified":"2019-01-30T21:23:58","modified_gmt":"2019-01-30T23:23:58","slug":"nova-previdencia-incluira-militares-e-todo-servidor","status":"publish","type":"post","link":"https:\/\/www.notibras.com\/site\/nova-previdencia-incluira-militares-e-todo-servidor\/","title":{"rendered":"Nova Previd\u00eancia incluir\u00e1 militares e todo servidor"},"content":{"rendered":"<p>O ministro da Economia, Paulo Guedes, disse a prefeitos nesta quarta-feira, 30, que a reforma da Previd\u00eancia que o governo enviar\u00e1 ao Congresso em fevereiro dever\u00e1 incluir mudan\u00e7as nas regras de aposentadoria e pens\u00f5es do INSS e tamb\u00e9m de servidores civis e militares. Guedes tamb\u00e9m confirmou que haver\u00e1 a fixa\u00e7\u00e3o de uma idade m\u00ednima para se aposentar no Brasil, com diferen\u00e7a para homens e mulheres. Tamb\u00e9m em busca de apoio para a reforma, o secret\u00e1rio especial de Previd\u00eancia e Trabalho, Rog\u00e9rio Marinho, se reuniu nesta quarta-feira, 30, com cinco governadores.<\/p>\n<p>Atualmente, h\u00e1 duas formas de se aposentar. Por idade, com a exig\u00eancia de ter 65 anos (homens) e 60 anos (mulheres), com no m\u00ednimo 15 anos de contribui\u00e7\u00e3o. Ou por tempo de contribui\u00e7\u00e3o \u2013 quando n\u00e3o se exige idade m\u00ednima \u2013 mas s\u00e3o necess\u00e1rios 35 anos (homens) e 30 anos (mulheres) de pagamentos ao INSS.<\/p>\n<p>A reforma que est\u00e1 pronta para ser votada na C\u00e2mara institui a idade m\u00ednima de 65 anos para homens e 62 anos para mulheres e acaba com a possibilidade de se aposentar por tempo de contribui\u00e7\u00e3o. Essas idades, no entanto, s\u00f3 seriam fixadas depois de uma transi\u00e7\u00e3o de 20 anos.<\/p>\n<p>A frente nacional dos prefeitos (FNP) se comprometeu a apoiar a reforma da Previd\u00eancia desde a proposta contemple o funcionalismo municipal. A mesma exig\u00eancia tem sido feita pelos governadores como contrapartida \u00e0 mobiliza\u00e7\u00e3o que prometem fazer com os deputados.<\/p>\n<p>&#8220;O ministro Guedes apresentou pontos na reforma como a mudan\u00e7a na idade m\u00ednima que ainda passar\u00e3o por ajustes, mas ele confirmou que haver\u00e1 diferen\u00e7a para homens e mulheres naquilo que j\u00e1 v\u00ednhamos ouvindo, de 57 anos para mulheres e 62 anos para homens. Tamb\u00e9m ainda que h\u00e1 uma discuss\u00e3o sobre o per\u00edodo de transi\u00e7\u00e3o, se mais r\u00e1pido ou mais devagar&#8221;, disse o prefeito de Campinas e presidente da FNP, Jonas Donizette.<\/p>\n<p>Como esses pontos ainda n\u00e3o est\u00e3o fechados e dependem do aval do presidente Jair Bolsonaro, os prefeitos devem ter um novo encontro na pr\u00f3xima semana com o secret\u00e1rio especial de Previd\u00eancia e Trabalho, Rog\u00e9rio Marinho, para um detalhamento da proposta.<\/p>\n<p>&#8220;Os prefeitos se comprometem a apoiar a reforma falando como os parlamentares. As maiores cidades do pa\u00eds t\u00eam regimes pr\u00f3prios de previd\u00eancia que j\u00e1 comprometem de 80% a 100% da arrecada\u00e7\u00e3o com IPTU. \u00c9 importante que a reforma tamb\u00e9m seja aplicada para Estados e munic\u00edpios&#8221;, completou o prefeito.<\/p>\n<p>Na reuni\u00e3o, o ministro Guedes tamb\u00e9m teria falado novamente sobre o novo pacto federativo que o governo pretende propor ap\u00f3s a aprova\u00e7\u00e3o da reforma da Previd\u00eancia. Hoje, 55% dos tributos arrecadados ficam com a Uni\u00e3o, 25% com os Estados e 20% com os munic\u00edpios. Com a nova configura\u00e7\u00e3o, as prefeituras passariam a ter 60% desse bolo, ficando 30% para os Estados e apenas 10% para em Bras\u00edlia.<\/p>\n<p>&#8220;Os munic\u00edpios t\u00eam assumido cada vez mais gastos sociais, principalmente em sa\u00fade. Nos \u00faltimos anos, as prefeituras assumiram muitos encargos, mas as contribui\u00e7\u00f5es federais que foram criadas, diferentemente dos impostos, n\u00e3o s\u00e3o d\u00edvidas com os demais entes&#8221;, completou Donizete.<\/p>\n<p>Os prefeitos tamb\u00e9m aproveitaram para solicitar mudan\u00e7as na din\u00e2mica de aprova\u00e7\u00e3o de financiamentos para as prefeituras junto a \u00f3rg\u00e3os internacionais. Segundo o presidente da FNP, muitos munic\u00edpios t\u00eam condi\u00e7\u00f5es financeiras, mas ficam travados na burocracia de se obter o aval do Tesouro Nacional. &#8220;Houve uma mudan\u00e7a de metodologia que prejudicou algumas prefeituras. Antes o aval se baseava no estoque da d\u00edvida, e agora passou para o fluxo de caixa. Pedimos que haja um sistema h\u00edbrido&#8221;, disse o prefeito.<\/p>\n<p>Al\u00e9m do prefeito de Campinas, estiveram na reuni\u00e3o os prefeitos de Porto Alegre (RS), Teresina (PI), Aracaju (SE), Rio Branco (AC) e o vice-prefeito de Curitiba (PR).<\/p>\n<p><strong>Militares<\/strong> &#8211; O vice-presidente Hamilton Mour\u00e3o afirmou nesta quarta-feira que a proposta da reforma da Previd\u00eancia que o governo enviar\u00e1 para o Congresso ainda neste ano incluir\u00e1 os militares.<\/p>\n<p>De acordo com Mour\u00e3o, o governo pode enviar uma proposta de emenda constitucional e um projeto de lei para abarcar os militares ainda no primeiro semestre deste ano. Questionado sobre se o envio dos dois textos seria simult\u00e2neo, ele afirmou n\u00e3o saber. &#8220;O presidente decide&#8221;, disse.<\/p>\n<p>O vice-presidente afirmou ainda que a expectativa do governo com o in\u00edcio dos trabalhos do Congresso \u00e9 &#8220;a melhor poss\u00edvel&#8221; e que a renova\u00e7\u00e3o dos parlamentares \u00e9 positiva.<\/p>\n<p>&#8220;Expectativa \u00e9 a melhor poss\u00edvel. Houve renova\u00e7\u00e3o grande. Acreditamos que a for\u00e7a dos novos vai favorecer a\u00ed esse entendimento do Congresso com as responsabilidades que eles t\u00eam perante o Brasil&#8221;, disse.<\/p>\n<p>Questionado sobre o favoritismo do atual presidente da C\u00e2mara, Rodrigo Maia (DEM-RJ), que busca a reelei\u00e7\u00e3o, e do senador Renan Calheiros (MDB-AL), que j\u00e1 comandou o Senado, e o fato de eles serem antigos no Congresso, Mour\u00e3o apenas respondeu: &#8220;Vou usar uma express\u00e3o em ingl\u00eas: &#8216;Welcome aboard&#8217; para os dois. Bem-vindos aos dois&#8221;. Mour\u00e3o dever\u00e1 participar da primeira sess\u00e3o legislativa na pr\u00f3xima segunda-feira, 4.<\/p>\n","protected":false},"excerpt":{"rendered":"<p>O ministro da Economia, Paulo Guedes, disse a prefeitos nesta quarta-feira, 30, que a reforma da Previd\u00eancia que o governo enviar\u00e1 ao Congresso em fevereiro dever\u00e1 incluir mudan\u00e7as nas regras de aposentadoria e pens\u00f5es do INSS e tamb\u00e9m de servidores civis e militares. Guedes tamb\u00e9m confirmou que haver\u00e1 a fixa\u00e7\u00e3o de uma idade m\u00ednima para [&hellip;]<\/p>\n","protected":false},"author":2,"featured_media":201038,"comment_status":"closed","ping_status":"closed","sticky":false,"template":"","format":"standard","meta":{"_acf_changed":false,"footnotes":""},"categories":[16],"tags":[95],"class_list":["post-201037","post","type-post","status-publish","format-standard","has-post-thumbnail","hentry","category-brasil","tag-capa"],"acf":[],"yoast_head":"<!-- This site is optimized with the Yoast SEO plugin v27.2 - https:\/\/yoast.com\/product\/yoast-seo-wordpress\/ -->\n<title>Nova Previd\u00eancia incluir\u00e1 militares e todo servidor - Notibras<\/title>\n<meta name=\"robots\" content=\"index, follow, max-snippet:-1, max-image-preview:large, max-video-preview:-1\" \/>\n<link rel=\"canonical\" href=\"https:\/\/www.notibras.com\/site\/nova-previdencia-incluira-militares-e-todo-servidor\/\" \/>\n<meta property=\"og:locale\" content=\"pt_BR\" \/>\n<meta property=\"og:type\" content=\"article\" \/>\n<meta property=\"og:title\" content=\"Nova Previd\u00eancia incluir\u00e1 militares e todo servidor - Notibras\" \/>\n<meta property=\"og:description\" content=\"O ministro da Economia, Paulo Guedes, disse a prefeitos nesta quarta-feira, 30, que a reforma da Previd\u00eancia que o governo enviar\u00e1 ao Congresso em fevereiro dever\u00e1 incluir mudan\u00e7as nas regras de aposentadoria e pens\u00f5es do INSS e tamb\u00e9m de servidores civis e militares. Guedes tamb\u00e9m confirmou que haver\u00e1 a fixa\u00e7\u00e3o de uma idade m\u00ednima para [&hellip;]\" \/>\n<meta property=\"og:url\" content=\"https:\/\/www.notibras.com\/site\/nova-previdencia-incluira-militares-e-todo-servidor\/\" \/>\n<meta property=\"og:site_name\" content=\"Notibras\" \/>\n<meta property=\"article:publisher\" content=\"https:\/\/www.facebook.com\/notibras\/\" \/>\n<meta property=\"article:published_time\" content=\"2019-01-30T23:21:56+00:00\" \/>\n<meta property=\"article:modified_time\" content=\"2019-01-30T23:23:58+00:00\" \/>\n<meta property=\"og:image\" content=\"https:\/\/www.notibras.com\/site\/wp-content\/uploads\/2019\/01\/mour\u00e3o.foto-wilson-dias.jpg\" \/>\n\t<meta property=\"og:image:width\" content=\"1140\" \/>\n\t<meta property=\"og:image:height\" content=\"760\" \/>\n\t<meta property=\"og:image:type\" content=\"image\/jpeg\" \/>\n<meta name=\"author\" content=\"Reda\u00e7\u00e3o\" \/>\n<meta name=\"twitter:card\" content=\"summary_large_image\" \/>\n<meta name=\"twitter:creator\" content=\"@Notibras\" \/>\n<meta name=\"twitter:site\" content=\"@Notibras\" \/>\n<meta name=\"twitter:label1\" content=\"Escrito por\" \/>\n\t<meta name=\"twitter:data1\" content=\"Reda\u00e7\u00e3o\" \/>\n\t<meta name=\"twitter:label2\" content=\"Est. tempo de leitura\" \/>\n\t<meta name=\"twitter:data2\" content=\"4 minutos\" \/>\n<script type=\"application\/ld+json\" class=\"yoast-schema-graph\">{\"@context\":\"https:\/\/schema.org\",\"@graph\":[{\"@type\":\"Article\",\"@id\":\"https:\/\/www.notibras.com\/site\/nova-previdencia-incluira-militares-e-todo-servidor\/#article\",\"isPartOf\":{\"@id\":\"https:\/\/www.notibras.com\/site\/nova-previdencia-incluira-militares-e-todo-servidor\/\"},\"author\":{\"name\":\"Reda\u00e7\u00e3o\",\"@id\":\"https:\/\/www.notibras.com\/site\/#\/schema\/person\/36ab0979449956132d3e5b517ea76ac8\"},\"headline\":\"Nova Previd\u00eancia incluir\u00e1 militares e todo servidor\",\"datePublished\":\"2019-01-30T23:21:56+00:00\",\"dateModified\":\"2019-01-30T23:23:58+00:00\",\"mainEntityOfPage\":{\"@id\":\"https:\/\/www.notibras.com\/site\/nova-previdencia-incluira-militares-e-todo-servidor\/\"},\"wordCount\":881,\"publisher\":{\"@id\":\"https:\/\/www.notibras.com\/site\/#organization\"},\"image\":{\"@id\":\"https:\/\/www.notibras.com\/site\/nova-previdencia-incluira-militares-e-todo-servidor\/#primaryimage\"},\"thumbnailUrl\":\"https:\/\/www.notibras.com\/site\/wp-content\/uploads\/2019\/01\/mour\u00e3o.foto-wilson-dias.jpg\",\"keywords\":[\"capa\"],\"articleSection\":[\"Brasil\"],\"inLanguage\":\"pt-BR\"},{\"@type\":\"WebPage\",\"@id\":\"https:\/\/www.notibras.com\/site\/nova-previdencia-incluira-militares-e-todo-servidor\/\",\"url\":\"https:\/\/www.notibras.com\/site\/nova-previdencia-incluira-militares-e-todo-servidor\/\",\"name\":\"Nova Previd\u00eancia incluir\u00e1 militares e todo servidor - Notibras\",\"isPartOf\":{\"@id\":\"https:\/\/www.notibras.com\/site\/#website\"},\"primaryImageOfPage\":{\"@id\":\"https:\/\/www.notibras.com\/site\/nova-previdencia-incluira-militares-e-todo-servidor\/#primaryimage\"},\"image\":{\"@id\":\"https:\/\/www.notibras.com\/site\/nova-previdencia-incluira-militares-e-todo-servidor\/#primaryimage\"},\"thumbnailUrl\":\"https:\/\/www.notibras.com\/site\/wp-content\/uploads\/2019\/01\/mour\u00e3o.foto-wilson-dias.jpg\",\"datePublished\":\"2019-01-30T23:21:56+00:00\",\"dateModified\":\"2019-01-30T23:23:58+00:00\",\"breadcrumb\":{\"@id\":\"https:\/\/www.notibras.com\/site\/nova-previdencia-incluira-militares-e-todo-servidor\/#breadcrumb\"},\"inLanguage\":\"pt-BR\",\"potentialAction\":[{\"@type\":\"ReadAction\",\"target\":[\"https:\/\/www.notibras.com\/site\/nova-previdencia-incluira-militares-e-todo-servidor\/\"]}]},{\"@type\":\"ImageObject\",\"inLanguage\":\"pt-BR\",\"@id\":\"https:\/\/www.notibras.com\/site\/nova-previdencia-incluira-militares-e-todo-servidor\/#primaryimage\",\"url\":\"https:\/\/www.notibras.com\/site\/wp-content\/uploads\/2019\/01\/mour\u00e3o.foto-wilson-dias.jpg\",\"contentUrl\":\"https:\/\/www.notibras.com\/site\/wp-content\/uploads\/2019\/01\/mour\u00e3o.foto-wilson-dias.jpg\",\"width\":1140,\"height\":760,\"caption\":\"Foto: Wilson Dias\/PR\"},{\"@type\":\"BreadcrumbList\",\"@id\":\"https:\/\/www.notibras.com\/site\/nova-previdencia-incluira-militares-e-todo-servidor\/#breadcrumb\",\"itemListElement\":[{\"@type\":\"ListItem\",\"position\":1,\"name\":\"In\u00edcio\",\"item\":\"https:\/\/www.notibras.com\/site\/\"},{\"@type\":\"ListItem\",\"position\":2,\"name\":\"Nova Previd\u00eancia incluir\u00e1 militares e todo servidor\"}]},{\"@type\":\"WebSite\",\"@id\":\"https:\/\/www.notibras.com\/site\/#website\",\"url\":\"https:\/\/www.notibras.com\/site\/\",\"name\":\"Notibras\",\"description\":\"Not\u00edcias de Bras\u00edlia, do Brasil e do Mundo\",\"publisher\":{\"@id\":\"https:\/\/www.notibras.com\/site\/#organization\"},\"potentialAction\":[{\"@type\":\"SearchAction\",\"target\":{\"@type\":\"EntryPoint\",\"urlTemplate\":\"https:\/\/www.notibras.com\/site\/?s={search_term_string}\"},\"query-input\":{\"@type\":\"PropertyValueSpecification\",\"valueRequired\":true,\"valueName\":\"search_term_string\"}}],\"inLanguage\":\"pt-BR\"},{\"@type\":\"Organization\",\"@id\":\"https:\/\/www.notibras.com\/site\/#organization\",\"name\":\"Grupo Notibras de Comunica\u00e7\u00e3o\",\"url\":\"https:\/\/www.notibras.com\/site\/\",\"logo\":{\"@type\":\"ImageObject\",\"inLanguage\":\"pt-BR\",\"@id\":\"https:\/\/www.notibras.com\/site\/#\/schema\/logo\/image\/\",\"url\":\"https:\/\/www.notibras.com\/site\/wp-content\/uploads\/2023\/01\/notibras23.png\",\"contentUrl\":\"https:\/\/www.notibras.com\/site\/wp-content\/uploads\/2023\/01\/notibras23.png\",\"width\":350,\"height\":87,\"caption\":\"Grupo Notibras de Comunica\u00e7\u00e3o\"},\"image\":{\"@id\":\"https:\/\/www.notibras.com\/site\/#\/schema\/logo\/image\/\"},\"sameAs\":[\"https:\/\/www.facebook.com\/notibras\/\",\"https:\/\/x.com\/Notibras\",\"https:\/\/www.instagram.com\/notibras\/\"]},{\"@type\":\"Person\",\"@id\":\"https:\/\/www.notibras.com\/site\/#\/schema\/person\/36ab0979449956132d3e5b517ea76ac8\",\"name\":\"Reda\u00e7\u00e3o\",\"image\":{\"@type\":\"ImageObject\",\"inLanguage\":\"pt-BR\",\"@id\":\"https:\/\/secure.gravatar.com\/avatar\/e0a867bdedb85fd243eadf09663511f96fc81e0720a4a42581f334ad4303aa6b?s=96&d=mm&r=g\",\"url\":\"https:\/\/secure.gravatar.com\/avatar\/e0a867bdedb85fd243eadf09663511f96fc81e0720a4a42581f334ad4303aa6b?s=96&d=mm&r=g\",\"contentUrl\":\"https:\/\/secure.gravatar.com\/avatar\/e0a867bdedb85fd243eadf09663511f96fc81e0720a4a42581f334ad4303aa6b?s=96&d=mm&r=g\",\"caption\":\"Reda\u00e7\u00e3o\"}}]}<\/script>\n<!-- \/ Yoast SEO plugin. -->","yoast_head_json":{"title":"Nova Previd\u00eancia incluir\u00e1 militares e todo servidor - Notibras","robots":{"index":"index","follow":"follow","max-snippet":"max-snippet:-1","max-image-preview":"max-image-preview:large","max-video-preview":"max-video-preview:-1"},"canonical":"https:\/\/www.notibras.com\/site\/nova-previdencia-incluira-militares-e-todo-servidor\/","og_locale":"pt_BR","og_type":"article","og_title":"Nova Previd\u00eancia incluir\u00e1 militares e todo servidor - Notibras","og_description":"O ministro da Economia, Paulo Guedes, disse a prefeitos nesta quarta-feira, 30, que a reforma da Previd\u00eancia que o governo enviar\u00e1 ao Congresso em fevereiro dever\u00e1 incluir mudan\u00e7as nas regras de aposentadoria e pens\u00f5es do INSS e tamb\u00e9m de servidores civis e militares. Guedes tamb\u00e9m confirmou que haver\u00e1 a fixa\u00e7\u00e3o de uma idade m\u00ednima para [&hellip;]","og_url":"https:\/\/www.notibras.com\/site\/nova-previdencia-incluira-militares-e-todo-servidor\/","og_site_name":"Notibras","article_publisher":"https:\/\/www.facebook.com\/notibras\/","article_published_time":"2019-01-30T23:21:56+00:00","article_modified_time":"2019-01-30T23:23:58+00:00","og_image":[{"width":1140,"height":760,"url":"https:\/\/www.notibras.com\/site\/wp-content\/uploads\/2019\/01\/mour\u00e3o.foto-wilson-dias.jpg","type":"image\/jpeg"}],"author":"Reda\u00e7\u00e3o","twitter_card":"summary_large_image","twitter_creator":"@Notibras","twitter_site":"@Notibras","twitter_misc":{"Escrito por":"Reda\u00e7\u00e3o","Est. tempo de leitura":"4 minutos"},"schema":{"@context":"https:\/\/schema.org","@graph":[{"@type":"Article","@id":"https:\/\/www.notibras.com\/site\/nova-previdencia-incluira-militares-e-todo-servidor\/#article","isPartOf":{"@id":"https:\/\/www.notibras.com\/site\/nova-previdencia-incluira-militares-e-todo-servidor\/"},"author":{"name":"Reda\u00e7\u00e3o","@id":"https:\/\/www.notibras.com\/site\/#\/schema\/person\/36ab0979449956132d3e5b517ea76ac8"},"headline":"Nova Previd\u00eancia incluir\u00e1 militares e todo servidor","datePublished":"2019-01-30T23:21:56+00:00","dateModified":"2019-01-30T23:23:58+00:00","mainEntityOfPage":{"@id":"https:\/\/www.notibras.com\/site\/nova-previdencia-incluira-militares-e-todo-servidor\/"},"wordCount":881,"publisher":{"@id":"https:\/\/www.notibras.com\/site\/#organization"},"image":{"@id":"https:\/\/www.notibras.com\/site\/nova-previdencia-incluira-militares-e-todo-servidor\/#primaryimage"},"thumbnailUrl":"https:\/\/www.notibras.com\/site\/wp-content\/uploads\/2019\/01\/mour\u00e3o.foto-wilson-dias.jpg","keywords":["capa"],"articleSection":["Brasil"],"inLanguage":"pt-BR"},{"@type":"WebPage","@id":"https:\/\/www.notibras.com\/site\/nova-previdencia-incluira-militares-e-todo-servidor\/","url":"https:\/\/www.notibras.com\/site\/nova-previdencia-incluira-militares-e-todo-servidor\/","name":"Nova Previd\u00eancia incluir\u00e1 militares e todo servidor - Notibras","isPartOf":{"@id":"https:\/\/www.notibras.com\/site\/#website"},"primaryImageOfPage":{"@id":"https:\/\/www.notibras.com\/site\/nova-previdencia-incluira-militares-e-todo-servidor\/#primaryimage"},"image":{"@id":"https:\/\/www.notibras.com\/site\/nova-previdencia-incluira-militares-e-todo-servidor\/#primaryimage"},"thumbnailUrl":"https:\/\/www.notibras.com\/site\/wp-content\/uploads\/2019\/01\/mour\u00e3o.foto-wilson-dias.jpg","datePublished":"2019-01-30T23:21:56+00:00","dateModified":"2019-01-30T23:23:58+00:00","breadcrumb":{"@id":"https:\/\/www.notibras.com\/site\/nova-previdencia-incluira-militares-e-todo-servidor\/#breadcrumb"},"inLanguage":"pt-BR","potentialAction":[{"@type":"ReadAction","target":["https:\/\/www.notibras.com\/site\/nova-previdencia-incluira-militares-e-todo-servidor\/"]}]},{"@type":"ImageObject","inLanguage":"pt-BR","@id":"https:\/\/www.notibras.com\/site\/nova-previdencia-incluira-militares-e-todo-servidor\/#primaryimage","url":"https:\/\/www.notibras.com\/site\/wp-content\/uploads\/2019\/01\/mour\u00e3o.foto-wilson-dias.jpg","contentUrl":"https:\/\/www.notibras.com\/site\/wp-content\/uploads\/2019\/01\/mour\u00e3o.foto-wilson-dias.jpg","width":1140,"height":760,"caption":"Foto: Wilson Dias\/PR"},{"@type":"BreadcrumbList","@id":"https:\/\/www.notibras.com\/site\/nova-previdencia-incluira-militares-e-todo-servidor\/#breadcrumb","itemListElement":[{"@type":"ListItem","position":1,"name":"In\u00edcio","item":"https:\/\/www.notibras.com\/site\/"},{"@type":"ListItem","position":2,"name":"Nova Previd\u00eancia incluir\u00e1 militares e todo servidor"}]},{"@type":"WebSite","@id":"https:\/\/www.notibras.com\/site\/#website","url":"https:\/\/www.notibras.com\/site\/","name":"Notibras","description":"Not\u00edcias de Bras\u00edlia, do Brasil e do Mundo","publisher":{"@id":"https:\/\/www.notibras.com\/site\/#organization"},"potentialAction":[{"@type":"SearchAction","target":{"@type":"EntryPoint","urlTemplate":"https:\/\/www.notibras.com\/site\/?s={search_term_string}"},"query-input":{"@type":"PropertyValueSpecification","valueRequired":true,"valueName":"search_term_string"}}],"inLanguage":"pt-BR"},{"@type":"Organization","@id":"https:\/\/www.notibras.com\/site\/#organization","name":"Grupo Notibras de Comunica\u00e7\u00e3o","url":"https:\/\/www.notibras.com\/site\/","logo":{"@type":"ImageObject","inLanguage":"pt-BR","@id":"https:\/\/www.notibras.com\/site\/#\/schema\/logo\/image\/","url":"https:\/\/www.notibras.com\/site\/wp-content\/uploads\/2023\/01\/notibras23.png","contentUrl":"https:\/\/www.notibras.com\/site\/wp-content\/uploads\/2023\/01\/notibras23.png","width":350,"height":87,"caption":"Grupo Notibras de Comunica\u00e7\u00e3o"},"image":{"@id":"https:\/\/www.notibras.com\/site\/#\/schema\/logo\/image\/"},"sameAs":["https:\/\/www.facebook.com\/notibras\/","https:\/\/x.com\/Notibras","https:\/\/www.instagram.com\/notibras\/"]},{"@type":"Person","@id":"https:\/\/www.notibras.com\/site\/#\/schema\/person\/36ab0979449956132d3e5b517ea76ac8","name":"Reda\u00e7\u00e3o","image":{"@type":"ImageObject","inLanguage":"pt-BR","@id":"https:\/\/secure.gravatar.com\/avatar\/e0a867bdedb85fd243eadf09663511f96fc81e0720a4a42581f334ad4303aa6b?s=96&d=mm&r=g","url":"https:\/\/secure.gravatar.com\/avatar\/e0a867bdedb85fd243eadf09663511f96fc81e0720a4a42581f334ad4303aa6b?s=96&d=mm&r=g","contentUrl":"https:\/\/secure.gravatar.com\/avatar\/e0a867bdedb85fd243eadf09663511f96fc81e0720a4a42581f334ad4303aa6b?s=96&d=mm&r=g","caption":"Reda\u00e7\u00e3o"}}]}},"amp_enabled":true,"_links":{"self":[{"href":"https:\/\/www.notibras.com\/site\/wp-json\/wp\/v2\/posts\/201037","targetHints":{"allow":["GET"]}}],"collection":[{"href":"https:\/\/www.notibras.com\/site\/wp-json\/wp\/v2\/posts"}],"about":[{"href":"https:\/\/www.notibras.com\/site\/wp-json\/wp\/v2\/types\/post"}],"author":[{"embeddable":true,"href":"https:\/\/www.notibras.com\/site\/wp-json\/wp\/v2\/users\/2"}],"replies":[{"embeddable":true,"href":"https:\/\/www.notibras.com\/site\/wp-json\/wp\/v2\/comments?post=201037"}],"version-history":[{"count":3,"href":"https:\/\/www.notibras.com\/site\/wp-json\/wp\/v2\/posts\/201037\/revisions"}],"predecessor-version":[{"id":201041,"href":"https:\/\/www.notibras.com\/site\/wp-json\/wp\/v2\/posts\/201037\/revisions\/201041"}],"wp:featuredmedia":[{"embeddable":true,"href":"https:\/\/www.notibras.com\/site\/wp-json\/wp\/v2\/media\/201038"}],"wp:attachment":[{"href":"https:\/\/www.notibras.com\/site\/wp-json\/wp\/v2\/media?parent=201037"}],"wp:term":[{"taxonomy":"category","embeddable":true,"href":"https:\/\/www.notibras.com\/site\/wp-json\/wp\/v2\/categories?post=201037"},{"taxonomy":"post_tag","embeddable":true,"href":"https:\/\/www.notibras.com\/site\/wp-json\/wp\/v2\/tags?post=201037"}],"curies":[{"name":"wp","href":"https:\/\/api.w.org\/{rel}","templated":true}]}}