{"id":201088,"date":"2019-01-31T09:00:35","date_gmt":"2019-01-31T11:00:35","guid":{"rendered":"https:\/\/www.notibras.com\/site\/?p=201088"},"modified":"2019-01-31T13:03:52","modified_gmt":"2019-01-31T15:03:52","slug":"historia-triste-com-final-feliz-de-kajutiti-lulu-a-india-kamayura","status":"publish","type":"post","link":"https:\/\/www.notibras.com\/site\/historia-triste-com-final-feliz-de-kajutiti-lulu-a-india-kamayura\/","title":{"rendered":"Hist\u00f3ria triste com final feliz de Kajutiti Lulu, a \u00edndia Kamayur\u00e1 que Damares adotou"},"content":{"rendered":"<p>\u00cdndios da aldeia Kamayur\u00e1, localizada no centro da reserva ind\u00edgena do Xingu, no norte do Mato Grosso, afirmaram \u00e0 revista \u00c9poca que a ministra da Mulher, da Fam\u00edlia e dos Direitos Humanos, Damares Alves, levou Kajutiti Lulu Kamayur\u00e1, \u00e0 \u00e9poca com seis anos, irregularmente da tribo. Damares apresenta Lulu, hoje com 20 anos, como sua filha adotiva, mas a ado\u00e7\u00e3o nunca foi formalizada legalmente, conforme a pr\u00f3pria ministra j\u00e1 admitiu em entrevista \u00e0 TV Globo.<\/p>\n<p>Segundo os \u00edndios, Lulu deixou a aldeia levada pela amiga e bra\u00e7o direito de Damares, M\u00e1rcia Suzuki, sob o pretexto de fazer um tratamento dent\u00e1rio na cidade, mas nunca mais voltou. M\u00e1rcia fundou, junto com Damares, a ONG Atini, cuja bandeira \u00e9 salvar crian\u00e7as ind\u00edgenas do infantic\u00eddio. &#8220;M\u00e1rcia veio na Kuarup (festa tradicional em homenagem aos mortos), olhou os dentes todos estragados (de Lulu) e falou que ia levar para tratar&#8221;, contou Mapulu, paj\u00e9 kamayur\u00e1 e irm\u00e3 do cacique.<\/p>\n<p>Em resposta a questionamentos da revista, a ministra afirmou que a fam\u00edlia biol\u00f3gica da filha adotiva a visita regularmente. Perguntada porque a crian\u00e7a n\u00e3o voltou \u00e0 aldeia ap\u00f3s o tratamento dent\u00e1rio, Damares disse que Lulu retornou ao Xingu para visitas. &#8220;Ela deixou o local com a fam\u00edlia e jamais perdeu o contato com seus parentes biol\u00f3gicos.&#8221; Os \u00edndios, por sua vez, dizem que a primeira visita de Lulu s\u00f3 aconteceu h\u00e1 cerca de dois anos. A quest\u00e3o sobre n\u00e3o ter adotado formalmente a menina foi ignorada pela ministra.<\/p>\n<p>Segundo a revista, para estar de acordo com a lei, a ado\u00e7\u00e3o de uma crian\u00e7a ind\u00edgena precisa passar pelo crivo da Justi\u00e7a Federal e da Justi\u00e7a comum. A ado\u00e7\u00e3o, ou mesmo a guarda ou a tutela, tamb\u00e9m dependem do aval da Funai. No processo, uma equipe de estudos psicossociais deve analisar se h\u00e1 v\u00ednculos entre a crian\u00e7a e o adotante e se a fam\u00edlia mais extensa corrobora a ado\u00e7\u00e3o. No caso dos ind\u00edgenas, deve ser ouvida a aldeia.<\/p>\n<p>Os relatos dos \u00edndios contam que a m\u00e3e biol\u00f3gica da crian\u00e7a n\u00e3o tinha condi\u00e7\u00f5es de cuidar dela e que Piracum\u00e3, o tio da menina, teve a ideia de deix\u00e1-la aos cuidados da v\u00f3 paterna, Tanumakaru. A aldeia, no entanto, sofria com escassez de comida e rem\u00e9dios, e Lulu chegou a ficar desnutrida. \u00c0 \u00e9poca, chegou a ser levada de avi\u00e3o por servidores que cuidam da sa\u00fade dos ind\u00edgenas na regi\u00e3o. Depois se recuperou, mas ficou com a denti\u00e7\u00e3o torta pelo uso de mamadeira.<\/p>\n<p>&#8220;Chorei, e Lulu estava chorando tamb\u00e9m por deixar a av\u00f3. M\u00e1rcia levou na marra. Disse que ia mandar de volta, que quando entrasse de f\u00e9rias ia mandar aqui. Cad\u00ea?&#8221;, disse, em tupi, a av\u00f3, hoje quase octogen\u00e1ria. Questionada sobre se sabia, no momento da partida de Lulu, que ela n\u00e3o mais retornaria, respondeu: &#8220;Nunca&#8221;.<\/p>\n<p>Em diversas ocasi\u00f5es, a ministra fez cr\u00edticas aos costumes ind\u00edgenas. Em 2013, em um culto, Damares disse que al\u00e9m de Lulu ter sido salva do infantic\u00eddio e ter sido maltratada pela mis\u00e9ria dos kamayur\u00e1s, a menina seria escrava do pr\u00f3prio povo.<\/p>\n<p>As acusa\u00e7\u00f5es de infantic\u00eddio e maus-tratos feitas pela ministra s\u00e3o rebatidas pelos kamayur\u00e1s. &#8220;Quem sofreu mesmo, quem ficava acordada fazendo mingau, era a vov\u00f3 Tanumakaru, n\u00e3o a Damares. Ajudei a buscar leite nessa \u00e9poca&#8221;, disse a paj\u00e9 Mapulu.<\/p>\n<p>Os \u00edndios, por\u00e9m, n\u00e3o negam que sacrificavam crian\u00e7as no passado No caso de Lulu, foi Piracum\u00e3, o tio da crian\u00e7a, quem insistiu para a m\u00e3e n\u00e3o enterrar o beb\u00ea. &#8220;Antigamente, tinha o costume de enterrar. Hoje, a lei mudou&#8221;, completou Mapulu.<\/p>\n","protected":false},"excerpt":{"rendered":"<p>\u00cdndios da aldeia Kamayur\u00e1, localizada no centro da reserva ind\u00edgena do Xingu, no norte do Mato Grosso, afirmaram \u00e0 revista \u00c9poca que a ministra da Mulher, da Fam\u00edlia e dos Direitos Humanos, Damares Alves, levou Kajutiti Lulu Kamayur\u00e1, \u00e0 \u00e9poca com seis anos, irregularmente da tribo. Damares apresenta Lulu, hoje com 20 anos, como sua [&hellip;]<\/p>\n","protected":false},"author":2,"featured_media":201090,"comment_status":"closed","ping_status":"closed","sticky":false,"template":"","format":"standard","meta":{"_acf_changed":false,"footnotes":""},"categories":[16],"tags":[95],"class_list":["post-201088","post","type-post","status-publish","format-standard","has-post-thumbnail","hentry","category-brasil","tag-capa"],"acf":[],"yoast_head":"<!-- This site is optimized with the Yoast SEO plugin v27.2 - https:\/\/yoast.com\/product\/yoast-seo-wordpress\/ -->\n<title>Hist\u00f3ria triste com final feliz de Kajutiti Lulu, a \u00edndia Kamayur\u00e1 que Damares adotou - Notibras<\/title>\n<meta name=\"robots\" content=\"index, follow, max-snippet:-1, max-image-preview:large, max-video-preview:-1\" \/>\n<link rel=\"canonical\" href=\"https:\/\/www.notibras.com\/site\/historia-triste-com-final-feliz-de-kajutiti-lulu-a-india-kamayura\/\" \/>\n<meta property=\"og:locale\" content=\"pt_BR\" \/>\n<meta property=\"og:type\" content=\"article\" \/>\n<meta property=\"og:title\" content=\"Hist\u00f3ria triste com final feliz de Kajutiti Lulu, a \u00edndia Kamayur\u00e1 que Damares adotou - Notibras\" \/>\n<meta property=\"og:description\" content=\"\u00cdndios da aldeia Kamayur\u00e1, localizada no centro da reserva ind\u00edgena do Xingu, no norte do Mato Grosso, afirmaram \u00e0 revista \u00c9poca que a ministra da Mulher, da Fam\u00edlia e dos Direitos Humanos, Damares Alves, levou Kajutiti Lulu Kamayur\u00e1, \u00e0 \u00e9poca com seis anos, irregularmente da tribo. Damares apresenta Lulu, hoje com 20 anos, como sua [&hellip;]\" \/>\n<meta property=\"og:url\" content=\"https:\/\/www.notibras.com\/site\/historia-triste-com-final-feliz-de-kajutiti-lulu-a-india-kamayura\/\" \/>\n<meta property=\"og:site_name\" content=\"Notibras\" \/>\n<meta property=\"article:publisher\" content=\"https:\/\/www.facebook.com\/notibras\/\" \/>\n<meta property=\"article:published_time\" content=\"2019-01-31T11:00:35+00:00\" \/>\n<meta property=\"article:modified_time\" content=\"2019-01-31T15:03:52+00:00\" \/>\n<meta property=\"og:image\" content=\"https:\/\/www.notibras.com\/site\/wp-content\/uploads\/2019\/01\/brasil-protesto-indios-20181206-001.jpg\" \/>\n\t<meta property=\"og:image:width\" content=\"3000\" \/>\n\t<meta property=\"og:image:height\" content=\"2000\" \/>\n\t<meta property=\"og:image:type\" content=\"image\/jpeg\" \/>\n<meta name=\"author\" content=\"Reda\u00e7\u00e3o\" \/>\n<meta name=\"twitter:card\" content=\"summary_large_image\" \/>\n<meta name=\"twitter:creator\" content=\"@Notibras\" \/>\n<meta name=\"twitter:site\" content=\"@Notibras\" \/>\n<meta name=\"twitter:label1\" content=\"Escrito por\" \/>\n\t<meta name=\"twitter:data1\" content=\"Reda\u00e7\u00e3o\" \/>\n\t<meta name=\"twitter:label2\" content=\"Est. tempo de leitura\" \/>\n\t<meta name=\"twitter:data2\" content=\"3 minutos\" \/>\n<script type=\"application\/ld+json\" class=\"yoast-schema-graph\">{\"@context\":\"https:\/\/schema.org\",\"@graph\":[{\"@type\":\"Article\",\"@id\":\"https:\/\/www.notibras.com\/site\/historia-triste-com-final-feliz-de-kajutiti-lulu-a-india-kamayura\/#article\",\"isPartOf\":{\"@id\":\"https:\/\/www.notibras.com\/site\/historia-triste-com-final-feliz-de-kajutiti-lulu-a-india-kamayura\/\"},\"author\":{\"name\":\"Reda\u00e7\u00e3o\",\"@id\":\"https:\/\/www.notibras.com\/site\/#\/schema\/person\/36ab0979449956132d3e5b517ea76ac8\"},\"headline\":\"Hist\u00f3ria triste com final feliz de Kajutiti Lulu, a \u00edndia Kamayur\u00e1 que Damares adotou\",\"datePublished\":\"2019-01-31T11:00:35+00:00\",\"dateModified\":\"2019-01-31T15:03:52+00:00\",\"mainEntityOfPage\":{\"@id\":\"https:\/\/www.notibras.com\/site\/historia-triste-com-final-feliz-de-kajutiti-lulu-a-india-kamayura\/\"},\"wordCount\":654,\"publisher\":{\"@id\":\"https:\/\/www.notibras.com\/site\/#organization\"},\"image\":{\"@id\":\"https:\/\/www.notibras.com\/site\/historia-triste-com-final-feliz-de-kajutiti-lulu-a-india-kamayura\/#primaryimage\"},\"thumbnailUrl\":\"https:\/\/www.notibras.com\/site\/wp-content\/uploads\/2019\/01\/brasil-protesto-indios-20181206-001.jpg\",\"keywords\":[\"capa\"],\"articleSection\":[\"Brasil\"],\"inLanguage\":\"pt-BR\"},{\"@type\":\"WebPage\",\"@id\":\"https:\/\/www.notibras.com\/site\/historia-triste-com-final-feliz-de-kajutiti-lulu-a-india-kamayura\/\",\"url\":\"https:\/\/www.notibras.com\/site\/historia-triste-com-final-feliz-de-kajutiti-lulu-a-india-kamayura\/\",\"name\":\"Hist\u00f3ria triste com final feliz de Kajutiti Lulu, a \u00edndia Kamayur\u00e1 que Damares adotou - Notibras\",\"isPartOf\":{\"@id\":\"https:\/\/www.notibras.com\/site\/#website\"},\"primaryImageOfPage\":{\"@id\":\"https:\/\/www.notibras.com\/site\/historia-triste-com-final-feliz-de-kajutiti-lulu-a-india-kamayura\/#primaryimage\"},\"image\":{\"@id\":\"https:\/\/www.notibras.com\/site\/historia-triste-com-final-feliz-de-kajutiti-lulu-a-india-kamayura\/#primaryimage\"},\"thumbnailUrl\":\"https:\/\/www.notibras.com\/site\/wp-content\/uploads\/2019\/01\/brasil-protesto-indios-20181206-001.jpg\",\"datePublished\":\"2019-01-31T11:00:35+00:00\",\"dateModified\":\"2019-01-31T15:03:52+00:00\",\"breadcrumb\":{\"@id\":\"https:\/\/www.notibras.com\/site\/historia-triste-com-final-feliz-de-kajutiti-lulu-a-india-kamayura\/#breadcrumb\"},\"inLanguage\":\"pt-BR\",\"potentialAction\":[{\"@type\":\"ReadAction\",\"target\":[\"https:\/\/www.notibras.com\/site\/historia-triste-com-final-feliz-de-kajutiti-lulu-a-india-kamayura\/\"]}]},{\"@type\":\"ImageObject\",\"inLanguage\":\"pt-BR\",\"@id\":\"https:\/\/www.notibras.com\/site\/historia-triste-com-final-feliz-de-kajutiti-lulu-a-india-kamayura\/#primaryimage\",\"url\":\"https:\/\/www.notibras.com\/site\/wp-content\/uploads\/2019\/01\/brasil-protesto-indios-20181206-001.jpg\",\"contentUrl\":\"https:\/\/www.notibras.com\/site\/wp-content\/uploads\/2019\/01\/brasil-protesto-indios-20181206-001.jpg\",\"width\":3000,\"height\":2000,\"caption\":\"Foto\/Reprodu\u00e7\u00e3o\"},{\"@type\":\"BreadcrumbList\",\"@id\":\"https:\/\/www.notibras.com\/site\/historia-triste-com-final-feliz-de-kajutiti-lulu-a-india-kamayura\/#breadcrumb\",\"itemListElement\":[{\"@type\":\"ListItem\",\"position\":1,\"name\":\"In\u00edcio\",\"item\":\"https:\/\/www.notibras.com\/site\/\"},{\"@type\":\"ListItem\",\"position\":2,\"name\":\"Hist\u00f3ria triste com final feliz de Kajutiti Lulu, a \u00edndia Kamayur\u00e1 que Damares adotou\"}]},{\"@type\":\"WebSite\",\"@id\":\"https:\/\/www.notibras.com\/site\/#website\",\"url\":\"https:\/\/www.notibras.com\/site\/\",\"name\":\"Notibras\",\"description\":\"Not\u00edcias de Bras\u00edlia, do Brasil e do Mundo\",\"publisher\":{\"@id\":\"https:\/\/www.notibras.com\/site\/#organization\"},\"potentialAction\":[{\"@type\":\"SearchAction\",\"target\":{\"@type\":\"EntryPoint\",\"urlTemplate\":\"https:\/\/www.notibras.com\/site\/?s={search_term_string}\"},\"query-input\":{\"@type\":\"PropertyValueSpecification\",\"valueRequired\":true,\"valueName\":\"search_term_string\"}}],\"inLanguage\":\"pt-BR\"},{\"@type\":\"Organization\",\"@id\":\"https:\/\/www.notibras.com\/site\/#organization\",\"name\":\"Grupo Notibras de Comunica\u00e7\u00e3o\",\"url\":\"https:\/\/www.notibras.com\/site\/\",\"logo\":{\"@type\":\"ImageObject\",\"inLanguage\":\"pt-BR\",\"@id\":\"https:\/\/www.notibras.com\/site\/#\/schema\/logo\/image\/\",\"url\":\"https:\/\/www.notibras.com\/site\/wp-content\/uploads\/2023\/01\/notibras23.png\",\"contentUrl\":\"https:\/\/www.notibras.com\/site\/wp-content\/uploads\/2023\/01\/notibras23.png\",\"width\":350,\"height\":87,\"caption\":\"Grupo Notibras de Comunica\u00e7\u00e3o\"},\"image\":{\"@id\":\"https:\/\/www.notibras.com\/site\/#\/schema\/logo\/image\/\"},\"sameAs\":[\"https:\/\/www.facebook.com\/notibras\/\",\"https:\/\/x.com\/Notibras\",\"https:\/\/www.instagram.com\/notibras\/\"]},{\"@type\":\"Person\",\"@id\":\"https:\/\/www.notibras.com\/site\/#\/schema\/person\/36ab0979449956132d3e5b517ea76ac8\",\"name\":\"Reda\u00e7\u00e3o\",\"image\":{\"@type\":\"ImageObject\",\"inLanguage\":\"pt-BR\",\"@id\":\"https:\/\/secure.gravatar.com\/avatar\/e0a867bdedb85fd243eadf09663511f96fc81e0720a4a42581f334ad4303aa6b?s=96&d=mm&r=g\",\"url\":\"https:\/\/secure.gravatar.com\/avatar\/e0a867bdedb85fd243eadf09663511f96fc81e0720a4a42581f334ad4303aa6b?s=96&d=mm&r=g\",\"contentUrl\":\"https:\/\/secure.gravatar.com\/avatar\/e0a867bdedb85fd243eadf09663511f96fc81e0720a4a42581f334ad4303aa6b?s=96&d=mm&r=g\",\"caption\":\"Reda\u00e7\u00e3o\"}}]}<\/script>\n<!-- \/ Yoast SEO plugin. -->","yoast_head_json":{"title":"Hist\u00f3ria triste com final feliz de Kajutiti Lulu, a \u00edndia Kamayur\u00e1 que Damares adotou - Notibras","robots":{"index":"index","follow":"follow","max-snippet":"max-snippet:-1","max-image-preview":"max-image-preview:large","max-video-preview":"max-video-preview:-1"},"canonical":"https:\/\/www.notibras.com\/site\/historia-triste-com-final-feliz-de-kajutiti-lulu-a-india-kamayura\/","og_locale":"pt_BR","og_type":"article","og_title":"Hist\u00f3ria triste com final feliz de Kajutiti Lulu, a \u00edndia Kamayur\u00e1 que Damares adotou - Notibras","og_description":"\u00cdndios da aldeia Kamayur\u00e1, localizada no centro da reserva ind\u00edgena do Xingu, no norte do Mato Grosso, afirmaram \u00e0 revista \u00c9poca que a ministra da Mulher, da Fam\u00edlia e dos Direitos Humanos, Damares Alves, levou Kajutiti Lulu Kamayur\u00e1, \u00e0 \u00e9poca com seis anos, irregularmente da tribo. Damares apresenta Lulu, hoje com 20 anos, como sua [&hellip;]","og_url":"https:\/\/www.notibras.com\/site\/historia-triste-com-final-feliz-de-kajutiti-lulu-a-india-kamayura\/","og_site_name":"Notibras","article_publisher":"https:\/\/www.facebook.com\/notibras\/","article_published_time":"2019-01-31T11:00:35+00:00","article_modified_time":"2019-01-31T15:03:52+00:00","og_image":[{"width":3000,"height":2000,"url":"https:\/\/www.notibras.com\/site\/wp-content\/uploads\/2019\/01\/brasil-protesto-indios-20181206-001.jpg","type":"image\/jpeg"}],"author":"Reda\u00e7\u00e3o","twitter_card":"summary_large_image","twitter_creator":"@Notibras","twitter_site":"@Notibras","twitter_misc":{"Escrito por":"Reda\u00e7\u00e3o","Est. tempo de leitura":"3 minutos"},"schema":{"@context":"https:\/\/schema.org","@graph":[{"@type":"Article","@id":"https:\/\/www.notibras.com\/site\/historia-triste-com-final-feliz-de-kajutiti-lulu-a-india-kamayura\/#article","isPartOf":{"@id":"https:\/\/www.notibras.com\/site\/historia-triste-com-final-feliz-de-kajutiti-lulu-a-india-kamayura\/"},"author":{"name":"Reda\u00e7\u00e3o","@id":"https:\/\/www.notibras.com\/site\/#\/schema\/person\/36ab0979449956132d3e5b517ea76ac8"},"headline":"Hist\u00f3ria triste com final feliz de Kajutiti Lulu, a \u00edndia Kamayur\u00e1 que Damares adotou","datePublished":"2019-01-31T11:00:35+00:00","dateModified":"2019-01-31T15:03:52+00:00","mainEntityOfPage":{"@id":"https:\/\/www.notibras.com\/site\/historia-triste-com-final-feliz-de-kajutiti-lulu-a-india-kamayura\/"},"wordCount":654,"publisher":{"@id":"https:\/\/www.notibras.com\/site\/#organization"},"image":{"@id":"https:\/\/www.notibras.com\/site\/historia-triste-com-final-feliz-de-kajutiti-lulu-a-india-kamayura\/#primaryimage"},"thumbnailUrl":"https:\/\/www.notibras.com\/site\/wp-content\/uploads\/2019\/01\/brasil-protesto-indios-20181206-001.jpg","keywords":["capa"],"articleSection":["Brasil"],"inLanguage":"pt-BR"},{"@type":"WebPage","@id":"https:\/\/www.notibras.com\/site\/historia-triste-com-final-feliz-de-kajutiti-lulu-a-india-kamayura\/","url":"https:\/\/www.notibras.com\/site\/historia-triste-com-final-feliz-de-kajutiti-lulu-a-india-kamayura\/","name":"Hist\u00f3ria triste com final feliz de Kajutiti Lulu, a \u00edndia Kamayur\u00e1 que Damares adotou - Notibras","isPartOf":{"@id":"https:\/\/www.notibras.com\/site\/#website"},"primaryImageOfPage":{"@id":"https:\/\/www.notibras.com\/site\/historia-triste-com-final-feliz-de-kajutiti-lulu-a-india-kamayura\/#primaryimage"},"image":{"@id":"https:\/\/www.notibras.com\/site\/historia-triste-com-final-feliz-de-kajutiti-lulu-a-india-kamayura\/#primaryimage"},"thumbnailUrl":"https:\/\/www.notibras.com\/site\/wp-content\/uploads\/2019\/01\/brasil-protesto-indios-20181206-001.jpg","datePublished":"2019-01-31T11:00:35+00:00","dateModified":"2019-01-31T15:03:52+00:00","breadcrumb":{"@id":"https:\/\/www.notibras.com\/site\/historia-triste-com-final-feliz-de-kajutiti-lulu-a-india-kamayura\/#breadcrumb"},"inLanguage":"pt-BR","potentialAction":[{"@type":"ReadAction","target":["https:\/\/www.notibras.com\/site\/historia-triste-com-final-feliz-de-kajutiti-lulu-a-india-kamayura\/"]}]},{"@type":"ImageObject","inLanguage":"pt-BR","@id":"https:\/\/www.notibras.com\/site\/historia-triste-com-final-feliz-de-kajutiti-lulu-a-india-kamayura\/#primaryimage","url":"https:\/\/www.notibras.com\/site\/wp-content\/uploads\/2019\/01\/brasil-protesto-indios-20181206-001.jpg","contentUrl":"https:\/\/www.notibras.com\/site\/wp-content\/uploads\/2019\/01\/brasil-protesto-indios-20181206-001.jpg","width":3000,"height":2000,"caption":"Foto\/Reprodu\u00e7\u00e3o"},{"@type":"BreadcrumbList","@id":"https:\/\/www.notibras.com\/site\/historia-triste-com-final-feliz-de-kajutiti-lulu-a-india-kamayura\/#breadcrumb","itemListElement":[{"@type":"ListItem","position":1,"name":"In\u00edcio","item":"https:\/\/www.notibras.com\/site\/"},{"@type":"ListItem","position":2,"name":"Hist\u00f3ria triste com final feliz de Kajutiti Lulu, a \u00edndia Kamayur\u00e1 que Damares adotou"}]},{"@type":"WebSite","@id":"https:\/\/www.notibras.com\/site\/#website","url":"https:\/\/www.notibras.com\/site\/","name":"Notibras","description":"Not\u00edcias de Bras\u00edlia, do Brasil e do Mundo","publisher":{"@id":"https:\/\/www.notibras.com\/site\/#organization"},"potentialAction":[{"@type":"SearchAction","target":{"@type":"EntryPoint","urlTemplate":"https:\/\/www.notibras.com\/site\/?s={search_term_string}"},"query-input":{"@type":"PropertyValueSpecification","valueRequired":true,"valueName":"search_term_string"}}],"inLanguage":"pt-BR"},{"@type":"Organization","@id":"https:\/\/www.notibras.com\/site\/#organization","name":"Grupo Notibras de Comunica\u00e7\u00e3o","url":"https:\/\/www.notibras.com\/site\/","logo":{"@type":"ImageObject","inLanguage":"pt-BR","@id":"https:\/\/www.notibras.com\/site\/#\/schema\/logo\/image\/","url":"https:\/\/www.notibras.com\/site\/wp-content\/uploads\/2023\/01\/notibras23.png","contentUrl":"https:\/\/www.notibras.com\/site\/wp-content\/uploads\/2023\/01\/notibras23.png","width":350,"height":87,"caption":"Grupo Notibras de Comunica\u00e7\u00e3o"},"image":{"@id":"https:\/\/www.notibras.com\/site\/#\/schema\/logo\/image\/"},"sameAs":["https:\/\/www.facebook.com\/notibras\/","https:\/\/x.com\/Notibras","https:\/\/www.instagram.com\/notibras\/"]},{"@type":"Person","@id":"https:\/\/www.notibras.com\/site\/#\/schema\/person\/36ab0979449956132d3e5b517ea76ac8","name":"Reda\u00e7\u00e3o","image":{"@type":"ImageObject","inLanguage":"pt-BR","@id":"https:\/\/secure.gravatar.com\/avatar\/e0a867bdedb85fd243eadf09663511f96fc81e0720a4a42581f334ad4303aa6b?s=96&d=mm&r=g","url":"https:\/\/secure.gravatar.com\/avatar\/e0a867bdedb85fd243eadf09663511f96fc81e0720a4a42581f334ad4303aa6b?s=96&d=mm&r=g","contentUrl":"https:\/\/secure.gravatar.com\/avatar\/e0a867bdedb85fd243eadf09663511f96fc81e0720a4a42581f334ad4303aa6b?s=96&d=mm&r=g","caption":"Reda\u00e7\u00e3o"}}]}},"amp_enabled":true,"_links":{"self":[{"href":"https:\/\/www.notibras.com\/site\/wp-json\/wp\/v2\/posts\/201088","targetHints":{"allow":["GET"]}}],"collection":[{"href":"https:\/\/www.notibras.com\/site\/wp-json\/wp\/v2\/posts"}],"about":[{"href":"https:\/\/www.notibras.com\/site\/wp-json\/wp\/v2\/types\/post"}],"author":[{"embeddable":true,"href":"https:\/\/www.notibras.com\/site\/wp-json\/wp\/v2\/users\/2"}],"replies":[{"embeddable":true,"href":"https:\/\/www.notibras.com\/site\/wp-json\/wp\/v2\/comments?post=201088"}],"version-history":[{"count":3,"href":"https:\/\/www.notibras.com\/site\/wp-json\/wp\/v2\/posts\/201088\/revisions"}],"predecessor-version":[{"id":201113,"href":"https:\/\/www.notibras.com\/site\/wp-json\/wp\/v2\/posts\/201088\/revisions\/201113"}],"wp:featuredmedia":[{"embeddable":true,"href":"https:\/\/www.notibras.com\/site\/wp-json\/wp\/v2\/media\/201090"}],"wp:attachment":[{"href":"https:\/\/www.notibras.com\/site\/wp-json\/wp\/v2\/media?parent=201088"}],"wp:term":[{"taxonomy":"category","embeddable":true,"href":"https:\/\/www.notibras.com\/site\/wp-json\/wp\/v2\/categories?post=201088"},{"taxonomy":"post_tag","embeddable":true,"href":"https:\/\/www.notibras.com\/site\/wp-json\/wp\/v2\/tags?post=201088"}],"curies":[{"name":"wp","href":"https:\/\/api.w.org\/{rel}","templated":true}]}}