{"id":20111,"date":"2014-08-18T14:41:03","date_gmt":"2014-08-18T17:41:03","guid":{"rendered":"http:\/\/www.notibras.com\/site\/?p=20111"},"modified":"2014-08-19T14:45:02","modified_gmt":"2014-08-19T17:45:02","slug":"candidata-marina-silva-nao-subira-no-palanque-de-lindbergh","status":"publish","type":"post","link":"https:\/\/www.notibras.com\/site\/candidata-marina-silva-nao-subira-no-palanque-de-lindbergh\/","title":{"rendered":"Candidata Marina Silva n\u00e3o subir\u00e1 no palanque de Lindberg Farias"},"content":{"rendered":"<p>A candidata do PSB a Presid\u00eancia da Rep\u00fablica, Marina Silva \u2013 j\u00e1 escolhida pela coliga\u00e7\u00e3o \u201cUnidos pelo Brasil\u201d (PSB-Rede Sustentabilidade-PPS-PHS-PRP-PSL), que vai anunciar a decis\u00e3o amanh\u00e3 \u2013 j\u00e1 decidiu que n\u00e3o vai subir no palanque do candidato a governador do Rio de Janeiro pela Frente Popular (PT-PV-PSB-PCdoB), senador Lindbergh Farias (PT).<\/p>\n<p>A pessebista, que foi contra o apoio do PSB do Rio a Lindbergh, quer dist\u00e2ncia do PT em todos os estados. Mesmo naqueles em que as legendas est\u00e3o aliadas. Desde que saiu do PT em 2009 \u2013 quando foi para o PV, pelo qual disputou a Presid\u00eancia pela primeira vez em 2010 \u2013 Marina tem batido muito forte nos governos petistas de Lula e Dilma. Ela apoiava a candidatura de Miro Teixeira (PROS) ao governo do estado, at\u00e9 que este desistiu por falta de apoio do pr\u00f3prio PSB do Rio, que era pr\u00f3-candidatura pr\u00f3pria ou da de Lindbergh. Al\u00e9m disso, os socialistas consideravam fraco o desempenho de Teixeira nas pesquisas de inten\u00e7\u00e3o de voto.<\/p>\n<p>O PSB participa da coliga\u00e7\u00e3o petista com o candidato a Senado, o deputado federal Rom\u00e1rio Faria. Este, contudo, continua ferrenho cr\u00edtico do Governo Dilma Rousseff e do PT Nacional.<\/p>\n<p>Em S\u00e3o Paulo, Marina tamb\u00e9m j\u00e1 avisou que n\u00e3o subir\u00e1 no palanque do governador e candidato \u00e0 reelei\u00e7\u00e3o Geraldo Alckmin (PSDB), mesmo este tendo como vice na chapa M\u00e1rcio Fran\u00e7a (PSB).<\/p>\n<p>Isolado \u2013 Ontem \u00e0 noite, em um ato pol\u00edtico no hotel Mercure, no bairro do Gragoat\u00e1, em Niter\u00f3i, o prefeito da cidade, Rodrigo Neves (PT), voltou a declarar o seu apoio \u00e0 reelei\u00e7\u00e3o do governador Luiz Fernando Pez\u00e3o (PMDB). \u201cDepois das elei\u00e7\u00f5es (2012) eu tirei a estrelinha do peito e botei as bandeiras do Brasil e de Niter\u00f3i. Temos que consolidar e ampliar a parceria com o Pez\u00e3o para os pr\u00f3ximos quatro anos\u201d, defendeu o petista, referindo-se ao peemedebista como seu amigo.<\/p>\n<p>No m\u00eas passado, em outro ato pol\u00edtico em uma churrascaria na zona sul da cidade, Rodrigo Neves tinha declarado apoio a Lindbergh, inclusive posando abra\u00e7ado a ele aos fot\u00f3grafos. O candidato do PT n\u00e3o tem nenhum dos dez prefeitos do partido em sua campanha.<\/p>\n","protected":false},"excerpt":{"rendered":"<p>A candidata do PSB a Presid\u00eancia da Rep\u00fablica, Marina Silva \u2013 j\u00e1 escolhida pela coliga\u00e7\u00e3o \u201cUnidos pelo Brasil\u201d (PSB-Rede Sustentabilidade-PPS-PHS-PRP-PSL), que vai anunciar a decis\u00e3o amanh\u00e3 \u2013 j\u00e1 decidiu que n\u00e3o vai subir no palanque do candidato a governador do Rio de Janeiro pela Frente Popular (PT-PV-PSB-PCdoB), senador Lindbergh Farias (PT). A pessebista, que foi [&hellip;]<\/p>\n","protected":false},"author":1,"featured_media":20112,"comment_status":"open","ping_status":"closed","sticky":false,"template":"","format":"standard","meta":{"_acf_changed":false,"footnotes":""},"categories":[33],"tags":[],"class_list":["post-20111","post","type-post","status-publish","format-standard","has-post-thumbnail","hentry","category-eleicoes-2014"],"acf":[],"_links":{"self":[{"href":"https:\/\/www.notibras.com\/site\/wp-json\/wp\/v2\/posts\/20111","targetHints":{"allow":["GET"]}}],"collection":[{"href":"https:\/\/www.notibras.com\/site\/wp-json\/wp\/v2\/posts"}],"about":[{"href":"https:\/\/www.notibras.com\/site\/wp-json\/wp\/v2\/types\/post"}],"author":[{"embeddable":true,"href":"https:\/\/www.notibras.com\/site\/wp-json\/wp\/v2\/users\/1"}],"replies":[{"embeddable":true,"href":"https:\/\/www.notibras.com\/site\/wp-json\/wp\/v2\/comments?post=20111"}],"version-history":[{"count":0,"href":"https:\/\/www.notibras.com\/site\/wp-json\/wp\/v2\/posts\/20111\/revisions"}],"wp:featuredmedia":[{"embeddable":true,"href":"https:\/\/www.notibras.com\/site\/wp-json\/wp\/v2\/media\/20112"}],"wp:attachment":[{"href":"https:\/\/www.notibras.com\/site\/wp-json\/wp\/v2\/media?parent=20111"}],"wp:term":[{"taxonomy":"category","embeddable":true,"href":"https:\/\/www.notibras.com\/site\/wp-json\/wp\/v2\/categories?post=20111"},{"taxonomy":"post_tag","embeddable":true,"href":"https:\/\/www.notibras.com\/site\/wp-json\/wp\/v2\/tags?post=20111"}],"curies":[{"name":"wp","href":"https:\/\/api.w.org\/{rel}","templated":true}]}}