{"id":201130,"date":"2019-01-31T15:30:13","date_gmt":"2019-01-31T17:30:13","guid":{"rendered":"https:\/\/www.notibras.com\/site\/?p=201130"},"modified":"2019-01-31T17:39:37","modified_gmt":"2019-01-31T19:39:37","slug":"acabou-a-farra-com-o-dinheiro-publico-e-o-tcu-esta-de-olho","status":"publish","type":"post","link":"https:\/\/www.notibras.com\/site\/acabou-a-farra-com-o-dinheiro-publico-e-o-tcu-esta-de-olho\/","title":{"rendered":"&#8216;Acabou a farra com o dinheiro p\u00fablico. E o TCU est\u00e1 de olho&#8217;"},"content":{"rendered":"<p>O governador Ibaneis Rocha e o presidente do Tribunal de Contas da Uni\u00e3o, Jos\u00e9 M\u00facio Monteiro, assinaram, nesta quinta-feira (31), decreto de Implanta\u00e7\u00e3o da Pol\u00edtica de Governan\u00e7a, por meio de um Acordo de Coopera\u00e7\u00e3o T\u00e9cnica do Governo do Distrito Federal com o TCU.<\/p>\n<p>Com a medida, Bras\u00edlia vai instituir a Pol\u00edtica de Governan\u00e7a P\u00fablica e Compliance no \u00e2mbito da Administra\u00e7\u00e3o Direta, Aut\u00e1rquica e Fundacional do Poder Executivo do Distrito Federal. Tamb\u00e9m ser\u00e1 criado o Conselho de Governan\u00e7a, \u00f3rg\u00e3o colegiado que coordenar\u00e1 iniciativas de aprimoramento institucional, com estabelecimento de patamares m\u00ednimos de governan\u00e7a.<\/p>\n<p>\u201cEstou feliz que os secret\u00e1rios tenham entendido a miss\u00e3o da Governan\u00e7a. Juntos, vamos criar um \u00f3rg\u00e3o que cuide de toda a governan\u00e7a no Distrito Federal. Essa busca de conhecimento que existe no TCU tem que ser observada por todos os governantes do Pa\u00eds. Assim, podemos transmitir \u00e0 popula\u00e7\u00e3o o que ela espera de todos n\u00f3s, que \u00e9 a transpar\u00eancia e o bom uso dos recursos p\u00fablicos\u201d, afirmou Ibaneis.<\/p>\n<p>Segundo o governador, atualmente os governos passam por dificuldades, fruto de desorganiza\u00e7\u00e3o administrativa e falta de gest\u00e3o estrat\u00e9gica. \u201cEstou feliz pela assinatura do conv\u00eanio. Vamos fazer o DF entrar na rota da boa gest\u00e3o e do total combate \u00e0 corrup\u00e7\u00e3o. Meus secret\u00e1rios v\u00e3o se engajar de forma profunda no efetivo cumprimento desse acordo\u201d, garantiu.<\/p>\n<p>O presidente do TCU, Jos\u00e9 M\u00facio Monteiro, afirmou que a assinatura do acordo \u00e9 uma forma do \u00f3rg\u00e3o retribuir as boas rela\u00e7\u00f5es com o Distrito Federal. \u201cTemos um acervo de informa\u00e7\u00f5es que sobrevive a governos, com o \u00fanico interesse de que as coisas deem certo. Por isso, temos ajudado governos e governantes a fazer suas gest\u00f5es de forma mais clara e participativa\u201d, explicou.<\/p>\n<p>Jos\u00e9 M\u00facio Monteiro disse admirar o entusiasmo e a vontade de acertar do governador. \u201cSou admirador de seu apetite em mudar as coisas para que elas sejam feitas de forma certa. Quero que o senhor veja no TCU uma casa parceira, um centro de trabalho para que n\u00f3s possamos materializar seus sonhos, sua vontade \u00e0 frente do governo. Tenho absoluta certeza que o senhor sonha com um GDF mais justo ou pelo menos, menos injusto\u201d, definiu.<\/p>\n<p>O governador Ibaneis Rocha explicou que o TCU possui um acervo muito grande de boas pr\u00e1ticas de pol\u00edticas e gest\u00e3o p\u00fablica e que pretende levar essa experi\u00eancia para todas as secretarias e administra\u00e7\u00f5es regionais. \u201cVamos buscar a experi\u00eancia e o conhecimento de quem j\u00e1 tem muito tempo trabalhando na \u00e1rea, para trazer transpar\u00eancia, economia de recursos e gest\u00e3o profissionalizada ao DF\u201d, concluiu.<\/p>\n<p><strong>Acordo<\/strong> &#8211; A ideia de instituir a pol\u00edtica de governan\u00e7a surgiu do entendimento de que \u00e9 necess\u00e1rio alinhamento entre as a\u00e7\u00f5es realizadas pelos \u00f3rg\u00e3os que comp\u00f5em a Administra\u00e7\u00e3o P\u00fablica. O acordo estabelece coopera\u00e7\u00e3o t\u00e9cnica entre o GDF e o TCU, para promover a troca de experi\u00eancias, informa\u00e7\u00f5es e tecnologias, visando \u00e0 capacita\u00e7\u00e3o, aperfei\u00e7oamento e especializa\u00e7\u00e3o t\u00e9cnica de recursos humanos, desenvolvimento institucional e da gest\u00e3o p\u00fablica, com a implementa\u00e7\u00e3o de a\u00e7\u00f5es conjuntas ou de apoio m\u00fatuo e de atividades complementares de interesse comum.<\/p>\n<p>O acordo n\u00e3o implica em compromissos financeiros ou transfer\u00eancia de recursos entre GDF e TCU, cabendo sua execu\u00e7\u00e3o e fiscaliza\u00e7\u00e3o \u00e0 Secretaria Adjunta de Governan\u00e7a e Compliance da Casa Civil do Distrito Federal.<\/p>\n<p>O Instituto Serzedello Corr\u00eaa recebe por ano mais de 50 mil pessoas para forma\u00e7\u00e3o profissional e o DF t\u00e3o pr\u00f3ximo n\u00e3o utilizava esses recursos. \u201c\u00c9 uma grande oportunidade para a gente profissionalizar a administra\u00e7\u00e3o sempre olhando para quem realmente necessita, que \u00e9 a popula\u00e7\u00e3o do Distrito Federal. Somos prestadores de servi\u00e7o\u201d, disse o chefe do Executivo.<\/p>\n<p>O treinamento teve in\u00edcio nesta quinta-feira, com tr\u00eas horas de aula. O acordo prev\u00ea v\u00e1rios treinamentos nas mais diversas \u00e1reas, como sa\u00fade, educa\u00e7\u00e3o e seguran\u00e7a, utilizando a expertise do TCU.<\/p>\n<p><strong>O que \u00e9<\/strong> &#8211; Governan\u00e7a P\u00fablica pode ser definida como um conjunto de boas pr\u00e1ticas de gest\u00e3o, lideran\u00e7a, estrat\u00e9gia e controle postas em pr\u00e1tica para avaliar, direcionar e monitorar a gest\u00e3o, com vistas \u00e0 condu\u00e7\u00e3o e a gera\u00e7\u00e3o de resultados nas pol\u00edticas p\u00fablicas e \u00e0 presta\u00e7\u00e3o de servi\u00e7os de interesse da sociedade. Trata-se de um importante instrumento de planejamento na gest\u00e3o da coisa p\u00fablica, permitindo o efetivo ciclo de desenvolvimento de pol\u00edticas p\u00fablicas.<\/p>\n<p>Por sua vez, o Compliance P\u00fablico se refere \u00e0 ades\u00e3o a valores, princ\u00edpios e normas de forma a sustentar e priorizar o interesse p\u00fablico em rela\u00e7\u00e3o ao interesse privado. A Pol\u00edtica de Governan\u00e7a e Compliance busca aperfei\u00e7oar os processos de gest\u00e3o das pol\u00edticas p\u00fablicas e recuperar a confian\u00e7a do cidad\u00e3o nas institui\u00e7\u00f5es que comp\u00f5em o Governo do Distrito Federal, promovendo maior equil\u00edbrio entre Estado e Sociedade.<\/p>\n<p>Ao mesmo tempo, o curso \u201cGovernan\u00e7a para Altos Executivos\u201d tem como objetivo a troca de informa\u00e7\u00f5es para facilitar a implementa\u00e7\u00e3o da Pol\u00edtica de Governan\u00e7a no Distrito Federal. Participar\u00e3o do curso o governador Ibaneis Rocha e os secret\u00e1rios de Estado.<\/p>\n<p>A solenidade contou, ainda, com as presen\u00e7as do secret\u00e1rio da Casa Civil, Eumar Novacki; da secret\u00e1ria-adjunta de Governan\u00e7a e Compliance, Cristiane Nardes; do ministro Augusto Nardes; al\u00e9m de representantes dos \u00f3rg\u00e3os da Casa Civil, secret\u00e1rios, secret\u00e1rios-adjuntos, subsecret\u00e1rios e assessores<\/p>\n","protected":false},"excerpt":{"rendered":"<p>O governador Ibaneis Rocha e o presidente do Tribunal de Contas da Uni\u00e3o, Jos\u00e9 M\u00facio Monteiro, assinaram, nesta quinta-feira (31), decreto de Implanta\u00e7\u00e3o da Pol\u00edtica de Governan\u00e7a, por meio de um Acordo de Coopera\u00e7\u00e3o T\u00e9cnica do Governo do Distrito Federal com o TCU. Com a medida, Bras\u00edlia vai instituir a Pol\u00edtica de Governan\u00e7a P\u00fablica e [&hellip;]<\/p>\n","protected":false},"author":2,"featured_media":201131,"comment_status":"closed","ping_status":"closed","sticky":false,"template":"","format":"standard","meta":{"_acf_changed":false,"footnotes":""},"categories":[1],"tags":[95],"class_list":["post-201130","post","type-post","status-publish","format-standard","has-post-thumbnail","hentry","category-brasilia","tag-capa"],"acf":[],"yoast_head":"<!-- This site is optimized with the Yoast SEO plugin v27.2 - https:\/\/yoast.com\/product\/yoast-seo-wordpress\/ -->\n<title>&#039;Acabou a farra com o dinheiro p\u00fablico. E o TCU est\u00e1 de olho&#039; - Notibras<\/title>\n<meta name=\"robots\" content=\"index, follow, max-snippet:-1, max-image-preview:large, max-video-preview:-1\" \/>\n<link rel=\"canonical\" href=\"https:\/\/www.notibras.com\/site\/acabou-a-farra-com-o-dinheiro-publico-e-o-tcu-esta-de-olho\/\" \/>\n<meta property=\"og:locale\" content=\"pt_BR\" \/>\n<meta property=\"og:type\" content=\"article\" \/>\n<meta property=\"og:title\" content=\"&#039;Acabou a farra com o dinheiro p\u00fablico. E o TCU est\u00e1 de olho&#039; - Notibras\" \/>\n<meta property=\"og:description\" content=\"O governador Ibaneis Rocha e o presidente do Tribunal de Contas da Uni\u00e3o, Jos\u00e9 M\u00facio Monteiro, assinaram, nesta quinta-feira (31), decreto de Implanta\u00e7\u00e3o da Pol\u00edtica de Governan\u00e7a, por meio de um Acordo de Coopera\u00e7\u00e3o T\u00e9cnica do Governo do Distrito Federal com o TCU. Com a medida, Bras\u00edlia vai instituir a Pol\u00edtica de Governan\u00e7a P\u00fablica e [&hellip;]\" \/>\n<meta property=\"og:url\" content=\"https:\/\/www.notibras.com\/site\/acabou-a-farra-com-o-dinheiro-publico-e-o-tcu-esta-de-olho\/\" \/>\n<meta property=\"og:site_name\" content=\"Notibras\" \/>\n<meta property=\"article:publisher\" content=\"https:\/\/www.facebook.com\/notibras\/\" \/>\n<meta property=\"article:published_time\" content=\"2019-01-31T17:30:13+00:00\" \/>\n<meta property=\"article:modified_time\" content=\"2019-01-31T19:39:37+00:00\" \/>\n<meta property=\"og:image\" content=\"https:\/\/www.notibras.com\/site\/wp-content\/uploads\/2019\/01\/33062454448_3fa18351ae_k.jpg\" \/>\n\t<meta property=\"og:image:width\" content=\"2048\" \/>\n\t<meta property=\"og:image:height\" content=\"1360\" \/>\n\t<meta property=\"og:image:type\" content=\"image\/jpeg\" \/>\n<meta name=\"author\" content=\"Reda\u00e7\u00e3o\" \/>\n<meta name=\"twitter:card\" content=\"summary_large_image\" \/>\n<meta name=\"twitter:creator\" content=\"@Notibras\" \/>\n<meta name=\"twitter:site\" content=\"@Notibras\" \/>\n<meta name=\"twitter:label1\" content=\"Escrito por\" \/>\n\t<meta name=\"twitter:data1\" content=\"Reda\u00e7\u00e3o\" \/>\n\t<meta name=\"twitter:label2\" content=\"Est. tempo de leitura\" \/>\n\t<meta name=\"twitter:data2\" content=\"5 minutos\" \/>\n<script type=\"application\/ld+json\" class=\"yoast-schema-graph\">{\"@context\":\"https:\/\/schema.org\",\"@graph\":[{\"@type\":\"Article\",\"@id\":\"https:\/\/www.notibras.com\/site\/acabou-a-farra-com-o-dinheiro-publico-e-o-tcu-esta-de-olho\/#article\",\"isPartOf\":{\"@id\":\"https:\/\/www.notibras.com\/site\/acabou-a-farra-com-o-dinheiro-publico-e-o-tcu-esta-de-olho\/\"},\"author\":{\"name\":\"Reda\u00e7\u00e3o\",\"@id\":\"https:\/\/www.notibras.com\/site\/#\/schema\/person\/36ab0979449956132d3e5b517ea76ac8\"},\"headline\":\"&#8216;Acabou a farra com o dinheiro p\u00fablico. E o TCU est\u00e1 de olho&#8217;\",\"datePublished\":\"2019-01-31T17:30:13+00:00\",\"dateModified\":\"2019-01-31T19:39:37+00:00\",\"mainEntityOfPage\":{\"@id\":\"https:\/\/www.notibras.com\/site\/acabou-a-farra-com-o-dinheiro-publico-e-o-tcu-esta-de-olho\/\"},\"wordCount\":973,\"publisher\":{\"@id\":\"https:\/\/www.notibras.com\/site\/#organization\"},\"image\":{\"@id\":\"https:\/\/www.notibras.com\/site\/acabou-a-farra-com-o-dinheiro-publico-e-o-tcu-esta-de-olho\/#primaryimage\"},\"thumbnailUrl\":\"https:\/\/www.notibras.com\/site\/wp-content\/uploads\/2019\/01\/33062454448_3fa18351ae_k.jpg\",\"keywords\":[\"capa\"],\"articleSection\":[\"Bras\u00edlia\"],\"inLanguage\":\"pt-BR\"},{\"@type\":\"WebPage\",\"@id\":\"https:\/\/www.notibras.com\/site\/acabou-a-farra-com-o-dinheiro-publico-e-o-tcu-esta-de-olho\/\",\"url\":\"https:\/\/www.notibras.com\/site\/acabou-a-farra-com-o-dinheiro-publico-e-o-tcu-esta-de-olho\/\",\"name\":\"'Acabou a farra com o dinheiro p\u00fablico. E o TCU est\u00e1 de olho' - Notibras\",\"isPartOf\":{\"@id\":\"https:\/\/www.notibras.com\/site\/#website\"},\"primaryImageOfPage\":{\"@id\":\"https:\/\/www.notibras.com\/site\/acabou-a-farra-com-o-dinheiro-publico-e-o-tcu-esta-de-olho\/#primaryimage\"},\"image\":{\"@id\":\"https:\/\/www.notibras.com\/site\/acabou-a-farra-com-o-dinheiro-publico-e-o-tcu-esta-de-olho\/#primaryimage\"},\"thumbnailUrl\":\"https:\/\/www.notibras.com\/site\/wp-content\/uploads\/2019\/01\/33062454448_3fa18351ae_k.jpg\",\"datePublished\":\"2019-01-31T17:30:13+00:00\",\"dateModified\":\"2019-01-31T19:39:37+00:00\",\"breadcrumb\":{\"@id\":\"https:\/\/www.notibras.com\/site\/acabou-a-farra-com-o-dinheiro-publico-e-o-tcu-esta-de-olho\/#breadcrumb\"},\"inLanguage\":\"pt-BR\",\"potentialAction\":[{\"@type\":\"ReadAction\",\"target\":[\"https:\/\/www.notibras.com\/site\/acabou-a-farra-com-o-dinheiro-publico-e-o-tcu-esta-de-olho\/\"]}]},{\"@type\":\"ImageObject\",\"inLanguage\":\"pt-BR\",\"@id\":\"https:\/\/www.notibras.com\/site\/acabou-a-farra-com-o-dinheiro-publico-e-o-tcu-esta-de-olho\/#primaryimage\",\"url\":\"https:\/\/www.notibras.com\/site\/wp-content\/uploads\/2019\/01\/33062454448_3fa18351ae_k.jpg\",\"contentUrl\":\"https:\/\/www.notibras.com\/site\/wp-content\/uploads\/2019\/01\/33062454448_3fa18351ae_k.jpg\",\"width\":2048,\"height\":1360,\"caption\":\"Foto: Renato Alves\/Ag\u00eancia Bras\u00edlia\"},{\"@type\":\"BreadcrumbList\",\"@id\":\"https:\/\/www.notibras.com\/site\/acabou-a-farra-com-o-dinheiro-publico-e-o-tcu-esta-de-olho\/#breadcrumb\",\"itemListElement\":[{\"@type\":\"ListItem\",\"position\":1,\"name\":\"In\u00edcio\",\"item\":\"https:\/\/www.notibras.com\/site\/\"},{\"@type\":\"ListItem\",\"position\":2,\"name\":\"&#8216;Acabou a farra com o dinheiro p\u00fablico. E o TCU est\u00e1 de olho&#8217;\"}]},{\"@type\":\"WebSite\",\"@id\":\"https:\/\/www.notibras.com\/site\/#website\",\"url\":\"https:\/\/www.notibras.com\/site\/\",\"name\":\"Notibras\",\"description\":\"Not\u00edcias de Bras\u00edlia, do Brasil e do Mundo\",\"publisher\":{\"@id\":\"https:\/\/www.notibras.com\/site\/#organization\"},\"potentialAction\":[{\"@type\":\"SearchAction\",\"target\":{\"@type\":\"EntryPoint\",\"urlTemplate\":\"https:\/\/www.notibras.com\/site\/?s={search_term_string}\"},\"query-input\":{\"@type\":\"PropertyValueSpecification\",\"valueRequired\":true,\"valueName\":\"search_term_string\"}}],\"inLanguage\":\"pt-BR\"},{\"@type\":\"Organization\",\"@id\":\"https:\/\/www.notibras.com\/site\/#organization\",\"name\":\"Grupo Notibras de Comunica\u00e7\u00e3o\",\"url\":\"https:\/\/www.notibras.com\/site\/\",\"logo\":{\"@type\":\"ImageObject\",\"inLanguage\":\"pt-BR\",\"@id\":\"https:\/\/www.notibras.com\/site\/#\/schema\/logo\/image\/\",\"url\":\"https:\/\/www.notibras.com\/site\/wp-content\/uploads\/2023\/01\/notibras23.png\",\"contentUrl\":\"https:\/\/www.notibras.com\/site\/wp-content\/uploads\/2023\/01\/notibras23.png\",\"width\":350,\"height\":87,\"caption\":\"Grupo Notibras de Comunica\u00e7\u00e3o\"},\"image\":{\"@id\":\"https:\/\/www.notibras.com\/site\/#\/schema\/logo\/image\/\"},\"sameAs\":[\"https:\/\/www.facebook.com\/notibras\/\",\"https:\/\/x.com\/Notibras\",\"https:\/\/www.instagram.com\/notibras\/\"]},{\"@type\":\"Person\",\"@id\":\"https:\/\/www.notibras.com\/site\/#\/schema\/person\/36ab0979449956132d3e5b517ea76ac8\",\"name\":\"Reda\u00e7\u00e3o\",\"image\":{\"@type\":\"ImageObject\",\"inLanguage\":\"pt-BR\",\"@id\":\"https:\/\/secure.gravatar.com\/avatar\/e0a867bdedb85fd243eadf09663511f96fc81e0720a4a42581f334ad4303aa6b?s=96&d=mm&r=g\",\"url\":\"https:\/\/secure.gravatar.com\/avatar\/e0a867bdedb85fd243eadf09663511f96fc81e0720a4a42581f334ad4303aa6b?s=96&d=mm&r=g\",\"contentUrl\":\"https:\/\/secure.gravatar.com\/avatar\/e0a867bdedb85fd243eadf09663511f96fc81e0720a4a42581f334ad4303aa6b?s=96&d=mm&r=g\",\"caption\":\"Reda\u00e7\u00e3o\"}}]}<\/script>\n<!-- \/ Yoast SEO plugin. -->","yoast_head_json":{"title":"'Acabou a farra com o dinheiro p\u00fablico. E o TCU est\u00e1 de olho' - Notibras","robots":{"index":"index","follow":"follow","max-snippet":"max-snippet:-1","max-image-preview":"max-image-preview:large","max-video-preview":"max-video-preview:-1"},"canonical":"https:\/\/www.notibras.com\/site\/acabou-a-farra-com-o-dinheiro-publico-e-o-tcu-esta-de-olho\/","og_locale":"pt_BR","og_type":"article","og_title":"'Acabou a farra com o dinheiro p\u00fablico. E o TCU est\u00e1 de olho' - Notibras","og_description":"O governador Ibaneis Rocha e o presidente do Tribunal de Contas da Uni\u00e3o, Jos\u00e9 M\u00facio Monteiro, assinaram, nesta quinta-feira (31), decreto de Implanta\u00e7\u00e3o da Pol\u00edtica de Governan\u00e7a, por meio de um Acordo de Coopera\u00e7\u00e3o T\u00e9cnica do Governo do Distrito Federal com o TCU. Com a medida, Bras\u00edlia vai instituir a Pol\u00edtica de Governan\u00e7a P\u00fablica e [&hellip;]","og_url":"https:\/\/www.notibras.com\/site\/acabou-a-farra-com-o-dinheiro-publico-e-o-tcu-esta-de-olho\/","og_site_name":"Notibras","article_publisher":"https:\/\/www.facebook.com\/notibras\/","article_published_time":"2019-01-31T17:30:13+00:00","article_modified_time":"2019-01-31T19:39:37+00:00","og_image":[{"width":2048,"height":1360,"url":"https:\/\/www.notibras.com\/site\/wp-content\/uploads\/2019\/01\/33062454448_3fa18351ae_k.jpg","type":"image\/jpeg"}],"author":"Reda\u00e7\u00e3o","twitter_card":"summary_large_image","twitter_creator":"@Notibras","twitter_site":"@Notibras","twitter_misc":{"Escrito por":"Reda\u00e7\u00e3o","Est. tempo de leitura":"5 minutos"},"schema":{"@context":"https:\/\/schema.org","@graph":[{"@type":"Article","@id":"https:\/\/www.notibras.com\/site\/acabou-a-farra-com-o-dinheiro-publico-e-o-tcu-esta-de-olho\/#article","isPartOf":{"@id":"https:\/\/www.notibras.com\/site\/acabou-a-farra-com-o-dinheiro-publico-e-o-tcu-esta-de-olho\/"},"author":{"name":"Reda\u00e7\u00e3o","@id":"https:\/\/www.notibras.com\/site\/#\/schema\/person\/36ab0979449956132d3e5b517ea76ac8"},"headline":"&#8216;Acabou a farra com o dinheiro p\u00fablico. E o TCU est\u00e1 de olho&#8217;","datePublished":"2019-01-31T17:30:13+00:00","dateModified":"2019-01-31T19:39:37+00:00","mainEntityOfPage":{"@id":"https:\/\/www.notibras.com\/site\/acabou-a-farra-com-o-dinheiro-publico-e-o-tcu-esta-de-olho\/"},"wordCount":973,"publisher":{"@id":"https:\/\/www.notibras.com\/site\/#organization"},"image":{"@id":"https:\/\/www.notibras.com\/site\/acabou-a-farra-com-o-dinheiro-publico-e-o-tcu-esta-de-olho\/#primaryimage"},"thumbnailUrl":"https:\/\/www.notibras.com\/site\/wp-content\/uploads\/2019\/01\/33062454448_3fa18351ae_k.jpg","keywords":["capa"],"articleSection":["Bras\u00edlia"],"inLanguage":"pt-BR"},{"@type":"WebPage","@id":"https:\/\/www.notibras.com\/site\/acabou-a-farra-com-o-dinheiro-publico-e-o-tcu-esta-de-olho\/","url":"https:\/\/www.notibras.com\/site\/acabou-a-farra-com-o-dinheiro-publico-e-o-tcu-esta-de-olho\/","name":"'Acabou a farra com o dinheiro p\u00fablico. E o TCU est\u00e1 de olho' - Notibras","isPartOf":{"@id":"https:\/\/www.notibras.com\/site\/#website"},"primaryImageOfPage":{"@id":"https:\/\/www.notibras.com\/site\/acabou-a-farra-com-o-dinheiro-publico-e-o-tcu-esta-de-olho\/#primaryimage"},"image":{"@id":"https:\/\/www.notibras.com\/site\/acabou-a-farra-com-o-dinheiro-publico-e-o-tcu-esta-de-olho\/#primaryimage"},"thumbnailUrl":"https:\/\/www.notibras.com\/site\/wp-content\/uploads\/2019\/01\/33062454448_3fa18351ae_k.jpg","datePublished":"2019-01-31T17:30:13+00:00","dateModified":"2019-01-31T19:39:37+00:00","breadcrumb":{"@id":"https:\/\/www.notibras.com\/site\/acabou-a-farra-com-o-dinheiro-publico-e-o-tcu-esta-de-olho\/#breadcrumb"},"inLanguage":"pt-BR","potentialAction":[{"@type":"ReadAction","target":["https:\/\/www.notibras.com\/site\/acabou-a-farra-com-o-dinheiro-publico-e-o-tcu-esta-de-olho\/"]}]},{"@type":"ImageObject","inLanguage":"pt-BR","@id":"https:\/\/www.notibras.com\/site\/acabou-a-farra-com-o-dinheiro-publico-e-o-tcu-esta-de-olho\/#primaryimage","url":"https:\/\/www.notibras.com\/site\/wp-content\/uploads\/2019\/01\/33062454448_3fa18351ae_k.jpg","contentUrl":"https:\/\/www.notibras.com\/site\/wp-content\/uploads\/2019\/01\/33062454448_3fa18351ae_k.jpg","width":2048,"height":1360,"caption":"Foto: Renato Alves\/Ag\u00eancia Bras\u00edlia"},{"@type":"BreadcrumbList","@id":"https:\/\/www.notibras.com\/site\/acabou-a-farra-com-o-dinheiro-publico-e-o-tcu-esta-de-olho\/#breadcrumb","itemListElement":[{"@type":"ListItem","position":1,"name":"In\u00edcio","item":"https:\/\/www.notibras.com\/site\/"},{"@type":"ListItem","position":2,"name":"&#8216;Acabou a farra com o dinheiro p\u00fablico. E o TCU est\u00e1 de olho&#8217;"}]},{"@type":"WebSite","@id":"https:\/\/www.notibras.com\/site\/#website","url":"https:\/\/www.notibras.com\/site\/","name":"Notibras","description":"Not\u00edcias de Bras\u00edlia, do Brasil e do Mundo","publisher":{"@id":"https:\/\/www.notibras.com\/site\/#organization"},"potentialAction":[{"@type":"SearchAction","target":{"@type":"EntryPoint","urlTemplate":"https:\/\/www.notibras.com\/site\/?s={search_term_string}"},"query-input":{"@type":"PropertyValueSpecification","valueRequired":true,"valueName":"search_term_string"}}],"inLanguage":"pt-BR"},{"@type":"Organization","@id":"https:\/\/www.notibras.com\/site\/#organization","name":"Grupo Notibras de Comunica\u00e7\u00e3o","url":"https:\/\/www.notibras.com\/site\/","logo":{"@type":"ImageObject","inLanguage":"pt-BR","@id":"https:\/\/www.notibras.com\/site\/#\/schema\/logo\/image\/","url":"https:\/\/www.notibras.com\/site\/wp-content\/uploads\/2023\/01\/notibras23.png","contentUrl":"https:\/\/www.notibras.com\/site\/wp-content\/uploads\/2023\/01\/notibras23.png","width":350,"height":87,"caption":"Grupo Notibras de Comunica\u00e7\u00e3o"},"image":{"@id":"https:\/\/www.notibras.com\/site\/#\/schema\/logo\/image\/"},"sameAs":["https:\/\/www.facebook.com\/notibras\/","https:\/\/x.com\/Notibras","https:\/\/www.instagram.com\/notibras\/"]},{"@type":"Person","@id":"https:\/\/www.notibras.com\/site\/#\/schema\/person\/36ab0979449956132d3e5b517ea76ac8","name":"Reda\u00e7\u00e3o","image":{"@type":"ImageObject","inLanguage":"pt-BR","@id":"https:\/\/secure.gravatar.com\/avatar\/e0a867bdedb85fd243eadf09663511f96fc81e0720a4a42581f334ad4303aa6b?s=96&d=mm&r=g","url":"https:\/\/secure.gravatar.com\/avatar\/e0a867bdedb85fd243eadf09663511f96fc81e0720a4a42581f334ad4303aa6b?s=96&d=mm&r=g","contentUrl":"https:\/\/secure.gravatar.com\/avatar\/e0a867bdedb85fd243eadf09663511f96fc81e0720a4a42581f334ad4303aa6b?s=96&d=mm&r=g","caption":"Reda\u00e7\u00e3o"}}]}},"amp_enabled":true,"_links":{"self":[{"href":"https:\/\/www.notibras.com\/site\/wp-json\/wp\/v2\/posts\/201130","targetHints":{"allow":["GET"]}}],"collection":[{"href":"https:\/\/www.notibras.com\/site\/wp-json\/wp\/v2\/posts"}],"about":[{"href":"https:\/\/www.notibras.com\/site\/wp-json\/wp\/v2\/types\/post"}],"author":[{"embeddable":true,"href":"https:\/\/www.notibras.com\/site\/wp-json\/wp\/v2\/users\/2"}],"replies":[{"embeddable":true,"href":"https:\/\/www.notibras.com\/site\/wp-json\/wp\/v2\/comments?post=201130"}],"version-history":[{"count":3,"href":"https:\/\/www.notibras.com\/site\/wp-json\/wp\/v2\/posts\/201130\/revisions"}],"predecessor-version":[{"id":201135,"href":"https:\/\/www.notibras.com\/site\/wp-json\/wp\/v2\/posts\/201130\/revisions\/201135"}],"wp:featuredmedia":[{"embeddable":true,"href":"https:\/\/www.notibras.com\/site\/wp-json\/wp\/v2\/media\/201131"}],"wp:attachment":[{"href":"https:\/\/www.notibras.com\/site\/wp-json\/wp\/v2\/media?parent=201130"}],"wp:term":[{"taxonomy":"category","embeddable":true,"href":"https:\/\/www.notibras.com\/site\/wp-json\/wp\/v2\/categories?post=201130"},{"taxonomy":"post_tag","embeddable":true,"href":"https:\/\/www.notibras.com\/site\/wp-json\/wp\/v2\/tags?post=201130"}],"curies":[{"name":"wp","href":"https:\/\/api.w.org\/{rel}","templated":true}]}}