{"id":201136,"date":"2019-01-31T17:51:01","date_gmt":"2019-01-31T19:51:01","guid":{"rendered":"https:\/\/www.notibras.com\/site\/?p=201136"},"modified":"2019-01-31T18:00:58","modified_gmt":"2019-01-31T20:00:58","slug":"bolsonaro-reage-bem-a-cirurgia-e-retorna-no-dia-6","status":"publish","type":"post","link":"https:\/\/www.notibras.com\/site\/bolsonaro-reage-bem-a-cirurgia-e-retorna-no-dia-6\/","title":{"rendered":"Bolsonaro reage bem \u00e0 cirurgia e retorna no dia 6"},"content":{"rendered":"<p>O porta-voz da Presid\u00eancia da Rep\u00fablica, Ot\u00e1vio do R\u00eago Barros, afirmou nesta quinta-feira, 31, em coletiva de imprensa no Hospital Israelita Albert Einstein, em S\u00e3o Paulo, que o governo tem esperan\u00e7a de que na semana que vem o presidente Jair Bolsonaro j\u00e1 possa voltar a trabalhar em Bras\u00edlia. O regresso dele deve ocorrer na quarta, dia 6.<\/p>\n<p>O presidente segue internado no local, onde despachou nesta quinta com o subchefe para Assuntos Jur\u00eddicos da Casa Civil, Jorge de Oliveira. De acordo com o porta-voz, no entanto, n\u00e3o foram realizadas videoconfer\u00eancias nem conversas com ministros.<\/p>\n<p>A imagem, divulgada nesta quinta pela assessoria de imprensa da presid\u00eancia da Rep\u00fablica, \u00e9 a primeira que mostra Bolsonaro ap\u00f3s o procedimento cir\u00fargico realizado na segunda-feira, 28.<\/p>\n<p>O porta-voz disse esperar que &#8220;muito em breve&#8221; Bolsonaro vai retornar \u00e0s atividades di\u00e1rias. R\u00eago Barros brincou ainda com a recomenda\u00e7\u00e3o m\u00e9dica de que o presidente evitasse falar para n\u00e3o gerar desconforto abdominal.<\/p>\n<p>&#8220;O presidente est\u00e1 falando j\u00e1, a despeito da recomenda\u00e7\u00e3o dos m\u00e9dicos. Hoje despachou t\u00eate-\u00e0-t\u00eate, falou pelo telefone tamb\u00e9m. Mas eu reconhe\u00e7o que \u00e9 dif\u00edcil para o presidente seguir com esta recomenda\u00e7\u00e3o m\u00e9dica (de n\u00e3o falar)&#8221;, afirmou o porta-voz.<\/p>\n<p>R\u00eago Barros destacou tamb\u00e9m que as dores do p\u00f3s-cir\u00fargico j\u00e1 &#8220;melhoraram bastante&#8221; e que ele andou sem aux\u00edlio de equipamentos no corredor do hospital. &#8220;O presidente surpreende pela fortaleza f\u00edsica e emocional&#8221;, disse.<\/p>\n<p>O boletim m\u00e9dico divulgado \u00e0s 16h desta quinta-feira pela equipe m\u00e9dica respons\u00e1vel pelo presidente, confirma &#8220;boa evolu\u00e7\u00e3o cl\u00ednica, sem febre ou outros sinais de infec\u00e7\u00e3o&#8221;, al\u00e9m de &#8220;exames laboratoriais est\u00e1veis&#8221;.<\/p>\n<p>Bolsonaro segue em jejum oral e com visitas restritas, mas tem caminhado e feito exerc\u00edcios respirat\u00f3rios e de fortalecimento muscular, ainda segundo o boletim.<\/p>\n","protected":false},"excerpt":{"rendered":"<p>O porta-voz da Presid\u00eancia da Rep\u00fablica, Ot\u00e1vio do R\u00eago Barros, afirmou nesta quinta-feira, 31, em coletiva de imprensa no Hospital Israelita Albert Einstein, em S\u00e3o Paulo, que o governo tem esperan\u00e7a de que na semana que vem o presidente Jair Bolsonaro j\u00e1 possa voltar a trabalhar em Bras\u00edlia. O regresso dele deve ocorrer na quarta, [&hellip;]<\/p>\n","protected":false},"author":2,"featured_media":201137,"comment_status":"closed","ping_status":"closed","sticky":false,"template":"","format":"standard","meta":{"_acf_changed":false,"footnotes":""},"categories":[16],"tags":[95],"class_list":["post-201136","post","type-post","status-publish","format-standard","has-post-thumbnail","hentry","category-brasil","tag-capa"],"acf":[],"yoast_head":"<!-- This site is optimized with the Yoast SEO plugin v27.2 - https:\/\/yoast.com\/product\/yoast-seo-wordpress\/ -->\n<title>Bolsonaro reage bem \u00e0 cirurgia e retorna no dia 6 - Notibras<\/title>\n<meta name=\"robots\" content=\"index, follow, max-snippet:-1, max-image-preview:large, max-video-preview:-1\" \/>\n<link rel=\"canonical\" href=\"https:\/\/www.notibras.com\/site\/bolsonaro-reage-bem-a-cirurgia-e-retorna-no-dia-6\/\" \/>\n<meta property=\"og:locale\" content=\"pt_BR\" \/>\n<meta property=\"og:type\" content=\"article\" \/>\n<meta property=\"og:title\" content=\"Bolsonaro reage bem \u00e0 cirurgia e retorna no dia 6 - Notibras\" \/>\n<meta property=\"og:description\" content=\"O porta-voz da Presid\u00eancia da Rep\u00fablica, Ot\u00e1vio do R\u00eago Barros, afirmou nesta quinta-feira, 31, em coletiva de imprensa no Hospital Israelita Albert Einstein, em S\u00e3o Paulo, que o governo tem esperan\u00e7a de que na semana que vem o presidente Jair Bolsonaro j\u00e1 possa voltar a trabalhar em Bras\u00edlia. O regresso dele deve ocorrer na quarta, [&hellip;]\" \/>\n<meta property=\"og:url\" content=\"https:\/\/www.notibras.com\/site\/bolsonaro-reage-bem-a-cirurgia-e-retorna-no-dia-6\/\" \/>\n<meta property=\"og:site_name\" content=\"Notibras\" \/>\n<meta property=\"article:publisher\" content=\"https:\/\/www.facebook.com\/notibras\/\" \/>\n<meta property=\"article:published_time\" content=\"2019-01-31T19:51:01+00:00\" \/>\n<meta property=\"article:modified_time\" content=\"2019-01-31T20:00:58+00:00\" \/>\n<meta property=\"og:image\" content=\"https:\/\/www.notibras.com\/site\/wp-content\/uploads\/2019\/01\/bolsonaro-no-hospital.jpeg\" \/>\n\t<meta property=\"og:image:width\" content=\"1600\" \/>\n\t<meta property=\"og:image:height\" content=\"2133\" \/>\n\t<meta property=\"og:image:type\" content=\"image\/jpeg\" \/>\n<meta name=\"author\" content=\"Reda\u00e7\u00e3o\" \/>\n<meta name=\"twitter:card\" content=\"summary_large_image\" \/>\n<meta name=\"twitter:creator\" content=\"@Notibras\" \/>\n<meta name=\"twitter:site\" content=\"@Notibras\" \/>\n<meta name=\"twitter:label1\" content=\"Escrito por\" \/>\n\t<meta name=\"twitter:data1\" content=\"Reda\u00e7\u00e3o\" \/>\n\t<meta name=\"twitter:label2\" content=\"Est. tempo de leitura\" \/>\n\t<meta name=\"twitter:data2\" content=\"2 minutos\" \/>\n<script type=\"application\/ld+json\" class=\"yoast-schema-graph\">{\"@context\":\"https:\/\/schema.org\",\"@graph\":[{\"@type\":\"Article\",\"@id\":\"https:\/\/www.notibras.com\/site\/bolsonaro-reage-bem-a-cirurgia-e-retorna-no-dia-6\/#article\",\"isPartOf\":{\"@id\":\"https:\/\/www.notibras.com\/site\/bolsonaro-reage-bem-a-cirurgia-e-retorna-no-dia-6\/\"},\"author\":{\"name\":\"Reda\u00e7\u00e3o\",\"@id\":\"https:\/\/www.notibras.com\/site\/#\/schema\/person\/36ab0979449956132d3e5b517ea76ac8\"},\"headline\":\"Bolsonaro reage bem \u00e0 cirurgia e retorna no dia 6\",\"datePublished\":\"2019-01-31T19:51:01+00:00\",\"dateModified\":\"2019-01-31T20:00:58+00:00\",\"mainEntityOfPage\":{\"@id\":\"https:\/\/www.notibras.com\/site\/bolsonaro-reage-bem-a-cirurgia-e-retorna-no-dia-6\/\"},\"wordCount\":328,\"publisher\":{\"@id\":\"https:\/\/www.notibras.com\/site\/#organization\"},\"image\":{\"@id\":\"https:\/\/www.notibras.com\/site\/bolsonaro-reage-bem-a-cirurgia-e-retorna-no-dia-6\/#primaryimage\"},\"thumbnailUrl\":\"https:\/\/www.notibras.com\/site\/wp-content\/uploads\/2019\/01\/bolsonaro-no-hospital.jpeg\",\"keywords\":[\"capa\"],\"articleSection\":[\"Brasil\"],\"inLanguage\":\"pt-BR\"},{\"@type\":\"WebPage\",\"@id\":\"https:\/\/www.notibras.com\/site\/bolsonaro-reage-bem-a-cirurgia-e-retorna-no-dia-6\/\",\"url\":\"https:\/\/www.notibras.com\/site\/bolsonaro-reage-bem-a-cirurgia-e-retorna-no-dia-6\/\",\"name\":\"Bolsonaro reage bem \u00e0 cirurgia e retorna no dia 6 - Notibras\",\"isPartOf\":{\"@id\":\"https:\/\/www.notibras.com\/site\/#website\"},\"primaryImageOfPage\":{\"@id\":\"https:\/\/www.notibras.com\/site\/bolsonaro-reage-bem-a-cirurgia-e-retorna-no-dia-6\/#primaryimage\"},\"image\":{\"@id\":\"https:\/\/www.notibras.com\/site\/bolsonaro-reage-bem-a-cirurgia-e-retorna-no-dia-6\/#primaryimage\"},\"thumbnailUrl\":\"https:\/\/www.notibras.com\/site\/wp-content\/uploads\/2019\/01\/bolsonaro-no-hospital.jpeg\",\"datePublished\":\"2019-01-31T19:51:01+00:00\",\"dateModified\":\"2019-01-31T20:00:58+00:00\",\"breadcrumb\":{\"@id\":\"https:\/\/www.notibras.com\/site\/bolsonaro-reage-bem-a-cirurgia-e-retorna-no-dia-6\/#breadcrumb\"},\"inLanguage\":\"pt-BR\",\"potentialAction\":[{\"@type\":\"ReadAction\",\"target\":[\"https:\/\/www.notibras.com\/site\/bolsonaro-reage-bem-a-cirurgia-e-retorna-no-dia-6\/\"]}]},{\"@type\":\"ImageObject\",\"inLanguage\":\"pt-BR\",\"@id\":\"https:\/\/www.notibras.com\/site\/bolsonaro-reage-bem-a-cirurgia-e-retorna-no-dia-6\/#primaryimage\",\"url\":\"https:\/\/www.notibras.com\/site\/wp-content\/uploads\/2019\/01\/bolsonaro-no-hospital.jpeg\",\"contentUrl\":\"https:\/\/www.notibras.com\/site\/wp-content\/uploads\/2019\/01\/bolsonaro-no-hospital.jpeg\",\"width\":1600,\"height\":2133,\"caption\":\"Foto\/Divulga\u00e7\u00e3o - PR\"},{\"@type\":\"BreadcrumbList\",\"@id\":\"https:\/\/www.notibras.com\/site\/bolsonaro-reage-bem-a-cirurgia-e-retorna-no-dia-6\/#breadcrumb\",\"itemListElement\":[{\"@type\":\"ListItem\",\"position\":1,\"name\":\"In\u00edcio\",\"item\":\"https:\/\/www.notibras.com\/site\/\"},{\"@type\":\"ListItem\",\"position\":2,\"name\":\"Bolsonaro reage bem \u00e0 cirurgia e retorna no dia 6\"}]},{\"@type\":\"WebSite\",\"@id\":\"https:\/\/www.notibras.com\/site\/#website\",\"url\":\"https:\/\/www.notibras.com\/site\/\",\"name\":\"Notibras\",\"description\":\"Not\u00edcias de Bras\u00edlia, do Brasil e do Mundo\",\"publisher\":{\"@id\":\"https:\/\/www.notibras.com\/site\/#organization\"},\"potentialAction\":[{\"@type\":\"SearchAction\",\"target\":{\"@type\":\"EntryPoint\",\"urlTemplate\":\"https:\/\/www.notibras.com\/site\/?s={search_term_string}\"},\"query-input\":{\"@type\":\"PropertyValueSpecification\",\"valueRequired\":true,\"valueName\":\"search_term_string\"}}],\"inLanguage\":\"pt-BR\"},{\"@type\":\"Organization\",\"@id\":\"https:\/\/www.notibras.com\/site\/#organization\",\"name\":\"Grupo Notibras de Comunica\u00e7\u00e3o\",\"url\":\"https:\/\/www.notibras.com\/site\/\",\"logo\":{\"@type\":\"ImageObject\",\"inLanguage\":\"pt-BR\",\"@id\":\"https:\/\/www.notibras.com\/site\/#\/schema\/logo\/image\/\",\"url\":\"https:\/\/www.notibras.com\/site\/wp-content\/uploads\/2023\/01\/notibras23.png\",\"contentUrl\":\"https:\/\/www.notibras.com\/site\/wp-content\/uploads\/2023\/01\/notibras23.png\",\"width\":350,\"height\":87,\"caption\":\"Grupo Notibras de Comunica\u00e7\u00e3o\"},\"image\":{\"@id\":\"https:\/\/www.notibras.com\/site\/#\/schema\/logo\/image\/\"},\"sameAs\":[\"https:\/\/www.facebook.com\/notibras\/\",\"https:\/\/x.com\/Notibras\",\"https:\/\/www.instagram.com\/notibras\/\"]},{\"@type\":\"Person\",\"@id\":\"https:\/\/www.notibras.com\/site\/#\/schema\/person\/36ab0979449956132d3e5b517ea76ac8\",\"name\":\"Reda\u00e7\u00e3o\",\"image\":{\"@type\":\"ImageObject\",\"inLanguage\":\"pt-BR\",\"@id\":\"https:\/\/secure.gravatar.com\/avatar\/e0a867bdedb85fd243eadf09663511f96fc81e0720a4a42581f334ad4303aa6b?s=96&d=mm&r=g\",\"url\":\"https:\/\/secure.gravatar.com\/avatar\/e0a867bdedb85fd243eadf09663511f96fc81e0720a4a42581f334ad4303aa6b?s=96&d=mm&r=g\",\"contentUrl\":\"https:\/\/secure.gravatar.com\/avatar\/e0a867bdedb85fd243eadf09663511f96fc81e0720a4a42581f334ad4303aa6b?s=96&d=mm&r=g\",\"caption\":\"Reda\u00e7\u00e3o\"}}]}<\/script>\n<!-- \/ Yoast SEO plugin. -->","yoast_head_json":{"title":"Bolsonaro reage bem \u00e0 cirurgia e retorna no dia 6 - Notibras","robots":{"index":"index","follow":"follow","max-snippet":"max-snippet:-1","max-image-preview":"max-image-preview:large","max-video-preview":"max-video-preview:-1"},"canonical":"https:\/\/www.notibras.com\/site\/bolsonaro-reage-bem-a-cirurgia-e-retorna-no-dia-6\/","og_locale":"pt_BR","og_type":"article","og_title":"Bolsonaro reage bem \u00e0 cirurgia e retorna no dia 6 - Notibras","og_description":"O porta-voz da Presid\u00eancia da Rep\u00fablica, Ot\u00e1vio do R\u00eago Barros, afirmou nesta quinta-feira, 31, em coletiva de imprensa no Hospital Israelita Albert Einstein, em S\u00e3o Paulo, que o governo tem esperan\u00e7a de que na semana que vem o presidente Jair Bolsonaro j\u00e1 possa voltar a trabalhar em Bras\u00edlia. O regresso dele deve ocorrer na quarta, [&hellip;]","og_url":"https:\/\/www.notibras.com\/site\/bolsonaro-reage-bem-a-cirurgia-e-retorna-no-dia-6\/","og_site_name":"Notibras","article_publisher":"https:\/\/www.facebook.com\/notibras\/","article_published_time":"2019-01-31T19:51:01+00:00","article_modified_time":"2019-01-31T20:00:58+00:00","og_image":[{"width":1600,"height":2133,"url":"https:\/\/www.notibras.com\/site\/wp-content\/uploads\/2019\/01\/bolsonaro-no-hospital.jpeg","type":"image\/jpeg"}],"author":"Reda\u00e7\u00e3o","twitter_card":"summary_large_image","twitter_creator":"@Notibras","twitter_site":"@Notibras","twitter_misc":{"Escrito por":"Reda\u00e7\u00e3o","Est. tempo de leitura":"2 minutos"},"schema":{"@context":"https:\/\/schema.org","@graph":[{"@type":"Article","@id":"https:\/\/www.notibras.com\/site\/bolsonaro-reage-bem-a-cirurgia-e-retorna-no-dia-6\/#article","isPartOf":{"@id":"https:\/\/www.notibras.com\/site\/bolsonaro-reage-bem-a-cirurgia-e-retorna-no-dia-6\/"},"author":{"name":"Reda\u00e7\u00e3o","@id":"https:\/\/www.notibras.com\/site\/#\/schema\/person\/36ab0979449956132d3e5b517ea76ac8"},"headline":"Bolsonaro reage bem \u00e0 cirurgia e retorna no dia 6","datePublished":"2019-01-31T19:51:01+00:00","dateModified":"2019-01-31T20:00:58+00:00","mainEntityOfPage":{"@id":"https:\/\/www.notibras.com\/site\/bolsonaro-reage-bem-a-cirurgia-e-retorna-no-dia-6\/"},"wordCount":328,"publisher":{"@id":"https:\/\/www.notibras.com\/site\/#organization"},"image":{"@id":"https:\/\/www.notibras.com\/site\/bolsonaro-reage-bem-a-cirurgia-e-retorna-no-dia-6\/#primaryimage"},"thumbnailUrl":"https:\/\/www.notibras.com\/site\/wp-content\/uploads\/2019\/01\/bolsonaro-no-hospital.jpeg","keywords":["capa"],"articleSection":["Brasil"],"inLanguage":"pt-BR"},{"@type":"WebPage","@id":"https:\/\/www.notibras.com\/site\/bolsonaro-reage-bem-a-cirurgia-e-retorna-no-dia-6\/","url":"https:\/\/www.notibras.com\/site\/bolsonaro-reage-bem-a-cirurgia-e-retorna-no-dia-6\/","name":"Bolsonaro reage bem \u00e0 cirurgia e retorna no dia 6 - Notibras","isPartOf":{"@id":"https:\/\/www.notibras.com\/site\/#website"},"primaryImageOfPage":{"@id":"https:\/\/www.notibras.com\/site\/bolsonaro-reage-bem-a-cirurgia-e-retorna-no-dia-6\/#primaryimage"},"image":{"@id":"https:\/\/www.notibras.com\/site\/bolsonaro-reage-bem-a-cirurgia-e-retorna-no-dia-6\/#primaryimage"},"thumbnailUrl":"https:\/\/www.notibras.com\/site\/wp-content\/uploads\/2019\/01\/bolsonaro-no-hospital.jpeg","datePublished":"2019-01-31T19:51:01+00:00","dateModified":"2019-01-31T20:00:58+00:00","breadcrumb":{"@id":"https:\/\/www.notibras.com\/site\/bolsonaro-reage-bem-a-cirurgia-e-retorna-no-dia-6\/#breadcrumb"},"inLanguage":"pt-BR","potentialAction":[{"@type":"ReadAction","target":["https:\/\/www.notibras.com\/site\/bolsonaro-reage-bem-a-cirurgia-e-retorna-no-dia-6\/"]}]},{"@type":"ImageObject","inLanguage":"pt-BR","@id":"https:\/\/www.notibras.com\/site\/bolsonaro-reage-bem-a-cirurgia-e-retorna-no-dia-6\/#primaryimage","url":"https:\/\/www.notibras.com\/site\/wp-content\/uploads\/2019\/01\/bolsonaro-no-hospital.jpeg","contentUrl":"https:\/\/www.notibras.com\/site\/wp-content\/uploads\/2019\/01\/bolsonaro-no-hospital.jpeg","width":1600,"height":2133,"caption":"Foto\/Divulga\u00e7\u00e3o - PR"},{"@type":"BreadcrumbList","@id":"https:\/\/www.notibras.com\/site\/bolsonaro-reage-bem-a-cirurgia-e-retorna-no-dia-6\/#breadcrumb","itemListElement":[{"@type":"ListItem","position":1,"name":"In\u00edcio","item":"https:\/\/www.notibras.com\/site\/"},{"@type":"ListItem","position":2,"name":"Bolsonaro reage bem \u00e0 cirurgia e retorna no dia 6"}]},{"@type":"WebSite","@id":"https:\/\/www.notibras.com\/site\/#website","url":"https:\/\/www.notibras.com\/site\/","name":"Notibras","description":"Not\u00edcias de Bras\u00edlia, do Brasil e do Mundo","publisher":{"@id":"https:\/\/www.notibras.com\/site\/#organization"},"potentialAction":[{"@type":"SearchAction","target":{"@type":"EntryPoint","urlTemplate":"https:\/\/www.notibras.com\/site\/?s={search_term_string}"},"query-input":{"@type":"PropertyValueSpecification","valueRequired":true,"valueName":"search_term_string"}}],"inLanguage":"pt-BR"},{"@type":"Organization","@id":"https:\/\/www.notibras.com\/site\/#organization","name":"Grupo Notibras de Comunica\u00e7\u00e3o","url":"https:\/\/www.notibras.com\/site\/","logo":{"@type":"ImageObject","inLanguage":"pt-BR","@id":"https:\/\/www.notibras.com\/site\/#\/schema\/logo\/image\/","url":"https:\/\/www.notibras.com\/site\/wp-content\/uploads\/2023\/01\/notibras23.png","contentUrl":"https:\/\/www.notibras.com\/site\/wp-content\/uploads\/2023\/01\/notibras23.png","width":350,"height":87,"caption":"Grupo Notibras de Comunica\u00e7\u00e3o"},"image":{"@id":"https:\/\/www.notibras.com\/site\/#\/schema\/logo\/image\/"},"sameAs":["https:\/\/www.facebook.com\/notibras\/","https:\/\/x.com\/Notibras","https:\/\/www.instagram.com\/notibras\/"]},{"@type":"Person","@id":"https:\/\/www.notibras.com\/site\/#\/schema\/person\/36ab0979449956132d3e5b517ea76ac8","name":"Reda\u00e7\u00e3o","image":{"@type":"ImageObject","inLanguage":"pt-BR","@id":"https:\/\/secure.gravatar.com\/avatar\/e0a867bdedb85fd243eadf09663511f96fc81e0720a4a42581f334ad4303aa6b?s=96&d=mm&r=g","url":"https:\/\/secure.gravatar.com\/avatar\/e0a867bdedb85fd243eadf09663511f96fc81e0720a4a42581f334ad4303aa6b?s=96&d=mm&r=g","contentUrl":"https:\/\/secure.gravatar.com\/avatar\/e0a867bdedb85fd243eadf09663511f96fc81e0720a4a42581f334ad4303aa6b?s=96&d=mm&r=g","caption":"Reda\u00e7\u00e3o"}}]}},"amp_enabled":true,"_links":{"self":[{"href":"https:\/\/www.notibras.com\/site\/wp-json\/wp\/v2\/posts\/201136","targetHints":{"allow":["GET"]}}],"collection":[{"href":"https:\/\/www.notibras.com\/site\/wp-json\/wp\/v2\/posts"}],"about":[{"href":"https:\/\/www.notibras.com\/site\/wp-json\/wp\/v2\/types\/post"}],"author":[{"embeddable":true,"href":"https:\/\/www.notibras.com\/site\/wp-json\/wp\/v2\/users\/2"}],"replies":[{"embeddable":true,"href":"https:\/\/www.notibras.com\/site\/wp-json\/wp\/v2\/comments?post=201136"}],"version-history":[{"count":4,"href":"https:\/\/www.notibras.com\/site\/wp-json\/wp\/v2\/posts\/201136\/revisions"}],"predecessor-version":[{"id":201141,"href":"https:\/\/www.notibras.com\/site\/wp-json\/wp\/v2\/posts\/201136\/revisions\/201141"}],"wp:featuredmedia":[{"embeddable":true,"href":"https:\/\/www.notibras.com\/site\/wp-json\/wp\/v2\/media\/201137"}],"wp:attachment":[{"href":"https:\/\/www.notibras.com\/site\/wp-json\/wp\/v2\/media?parent=201136"}],"wp:term":[{"taxonomy":"category","embeddable":true,"href":"https:\/\/www.notibras.com\/site\/wp-json\/wp\/v2\/categories?post=201136"},{"taxonomy":"post_tag","embeddable":true,"href":"https:\/\/www.notibras.com\/site\/wp-json\/wp\/v2\/tags?post=201136"}],"curies":[{"name":"wp","href":"https:\/\/api.w.org\/{rel}","templated":true}]}}