{"id":201143,"date":"2019-01-31T18:09:39","date_gmt":"2019-01-31T20:09:39","guid":{"rendered":"https:\/\/www.notibras.com\/site\/?p=201143"},"modified":"2019-01-31T18:55:16","modified_gmt":"2019-01-31T20:55:16","slug":"crime-organizado-e-corrupcao-tem-os-dias-contados","status":"publish","type":"post","link":"https:\/\/www.notibras.com\/site\/crime-organizado-e-corrupcao-tem-os-dias-contados\/","title":{"rendered":"&#8216;Crime organizado e corrup\u00e7\u00e3o t\u00eam os dias contados&#8217;"},"content":{"rendered":"<p>A mensagem do presidente Jair Bolsonaro ao Congresso Nacional anunciar\u00e1 as propostas de uma nova Previd\u00eancia Social e de combate ao crime organizado e \u00e0 corrup\u00e7\u00e3o, al\u00e9m da revis\u00e3o da lei de seguran\u00e7a de barragens. A informa\u00e7\u00e3o foi dada pelo porta-voz da Presid\u00eancia, R\u00eago Barros, nesta quinta (31), no Hospital Albert Einstein, onde o presidente est\u00e1 internado ap\u00f3s cirurgia de reconstru\u00e7\u00e3o do tr\u00e2nsito intestinal.<\/p>\n<p>As propostas constar\u00e3o da mensagem que ser\u00e1 lida no Congresso Nacional no pr\u00f3ximo dia 4, no in\u00edcio dos trabalhos da Casa. \u201cProporemos uma nova Previd\u00eancia, mais humana, mais justa, que n\u00e3o retire direitos e restabele\u00e7a o equil\u00edbrio fiscal, que garanta que nossos filhos e netos tenham um futuro assegurado\u201d, disse o porta-voz.<\/p>\n<p>\u201cLevaremos ao Congresso uma proposta que auxilie no combate ao crime organizado e \u00e0 corrup\u00e7\u00e3o, atacando o fim da impunidade por meio da Lei Anticrime. Na \u00e1rea de infraestrutura, trabalharemos para acabar com os gargalos log\u00edsticos que tentam atrapalhar o setor produtivo do Brasil. Levaremos tamb\u00e9m ao Congresso, de forma imediata, a revis\u00e3o da Lei de Seguran\u00e7a de Barragens\u201d, acrescentou R\u00eago Barros.<\/p>\n<p>Questionado sobre a inclus\u00e3o dos militares na reforma da Previd\u00eancia, o porta-voz disse que n\u00e3o tem nenhuma proposta espec\u00edfica. \u201cNaturalmente, o nosso presidente est\u00e1 enxergando e identificando todas as possibilidades, sejam para os funcion\u00e1rios militares, sejam para funcion\u00e1rios de outras carreiras e a sociedade de uma maneira geral\u201d, disse.<\/p>\n<p>Segundo o porta-voz, Bolsonaro est\u00e1 elaborando a estrat\u00e9gia de apresenta\u00e7\u00e3o das propostas ao Congresso a partir de um di\u00e1logo consensual com a pr\u00f3pria casa legislativa.<\/p>\n","protected":false},"excerpt":{"rendered":"<p>A mensagem do presidente Jair Bolsonaro ao Congresso Nacional anunciar\u00e1 as propostas de uma nova Previd\u00eancia Social e de combate ao crime organizado e \u00e0 corrup\u00e7\u00e3o, al\u00e9m da revis\u00e3o da lei de seguran\u00e7a de barragens. A informa\u00e7\u00e3o foi dada pelo porta-voz da Presid\u00eancia, R\u00eago Barros, nesta quinta (31), no Hospital Albert Einstein, onde o presidente [&hellip;]<\/p>\n","protected":false},"author":2,"featured_media":199647,"comment_status":"closed","ping_status":"closed","sticky":false,"template":"","format":"standard","meta":{"_acf_changed":false,"footnotes":""},"categories":[16],"tags":[95],"class_list":["post-201143","post","type-post","status-publish","format-standard","has-post-thumbnail","hentry","category-brasil","tag-capa"],"acf":[],"yoast_head":"<!-- This site is optimized with the Yoast SEO plugin v27.2 - https:\/\/yoast.com\/product\/yoast-seo-wordpress\/ -->\n<title>&#039;Crime organizado e corrup\u00e7\u00e3o t\u00eam os dias contados&#039; - Notibras<\/title>\n<meta name=\"robots\" content=\"index, follow, max-snippet:-1, max-image-preview:large, max-video-preview:-1\" \/>\n<link rel=\"canonical\" href=\"https:\/\/www.notibras.com\/site\/crime-organizado-e-corrupcao-tem-os-dias-contados\/\" \/>\n<meta property=\"og:locale\" content=\"pt_BR\" \/>\n<meta property=\"og:type\" content=\"article\" \/>\n<meta property=\"og:title\" content=\"&#039;Crime organizado e corrup\u00e7\u00e3o t\u00eam os dias contados&#039; - Notibras\" \/>\n<meta property=\"og:description\" content=\"A mensagem do presidente Jair Bolsonaro ao Congresso Nacional anunciar\u00e1 as propostas de uma nova Previd\u00eancia Social e de combate ao crime organizado e \u00e0 corrup\u00e7\u00e3o, al\u00e9m da revis\u00e3o da lei de seguran\u00e7a de barragens. A informa\u00e7\u00e3o foi dada pelo porta-voz da Presid\u00eancia, R\u00eago Barros, nesta quinta (31), no Hospital Albert Einstein, onde o presidente [&hellip;]\" \/>\n<meta property=\"og:url\" content=\"https:\/\/www.notibras.com\/site\/crime-organizado-e-corrupcao-tem-os-dias-contados\/\" \/>\n<meta property=\"og:site_name\" content=\"Notibras\" \/>\n<meta property=\"article:publisher\" content=\"https:\/\/www.facebook.com\/notibras\/\" \/>\n<meta property=\"article:published_time\" content=\"2019-01-31T20:09:39+00:00\" \/>\n<meta property=\"article:modified_time\" content=\"2019-01-31T20:55:16+00:00\" \/>\n<meta property=\"og:image\" content=\"https:\/\/www.notibras.com\/site\/wp-content\/uploads\/2019\/01\/bolsonaro.jpg\" \/>\n\t<meta property=\"og:image:width\" content=\"1024\" \/>\n\t<meta property=\"og:image:height\" content=\"681\" \/>\n\t<meta property=\"og:image:type\" content=\"image\/jpeg\" \/>\n<meta name=\"author\" content=\"Reda\u00e7\u00e3o\" \/>\n<meta name=\"twitter:card\" content=\"summary_large_image\" \/>\n<meta name=\"twitter:creator\" content=\"@Notibras\" \/>\n<meta name=\"twitter:site\" content=\"@Notibras\" \/>\n<meta name=\"twitter:label1\" content=\"Escrito por\" \/>\n\t<meta name=\"twitter:data1\" content=\"Reda\u00e7\u00e3o\" \/>\n\t<meta name=\"twitter:label2\" content=\"Est. tempo de leitura\" \/>\n\t<meta name=\"twitter:data2\" content=\"1 minuto\" \/>\n<script type=\"application\/ld+json\" class=\"yoast-schema-graph\">{\"@context\":\"https:\/\/schema.org\",\"@graph\":[{\"@type\":\"Article\",\"@id\":\"https:\/\/www.notibras.com\/site\/crime-organizado-e-corrupcao-tem-os-dias-contados\/#article\",\"isPartOf\":{\"@id\":\"https:\/\/www.notibras.com\/site\/crime-organizado-e-corrupcao-tem-os-dias-contados\/\"},\"author\":{\"name\":\"Reda\u00e7\u00e3o\",\"@id\":\"https:\/\/www.notibras.com\/site\/#\/schema\/person\/36ab0979449956132d3e5b517ea76ac8\"},\"headline\":\"&#8216;Crime organizado e corrup\u00e7\u00e3o t\u00eam os dias contados&#8217;\",\"datePublished\":\"2019-01-31T20:09:39+00:00\",\"dateModified\":\"2019-01-31T20:55:16+00:00\",\"mainEntityOfPage\":{\"@id\":\"https:\/\/www.notibras.com\/site\/crime-organizado-e-corrupcao-tem-os-dias-contados\/\"},\"wordCount\":292,\"publisher\":{\"@id\":\"https:\/\/www.notibras.com\/site\/#organization\"},\"image\":{\"@id\":\"https:\/\/www.notibras.com\/site\/crime-organizado-e-corrupcao-tem-os-dias-contados\/#primaryimage\"},\"thumbnailUrl\":\"https:\/\/www.notibras.com\/site\/wp-content\/uploads\/2019\/01\/bolsonaro.jpg\",\"keywords\":[\"capa\"],\"articleSection\":[\"Brasil\"],\"inLanguage\":\"pt-BR\"},{\"@type\":\"WebPage\",\"@id\":\"https:\/\/www.notibras.com\/site\/crime-organizado-e-corrupcao-tem-os-dias-contados\/\",\"url\":\"https:\/\/www.notibras.com\/site\/crime-organizado-e-corrupcao-tem-os-dias-contados\/\",\"name\":\"'Crime organizado e corrup\u00e7\u00e3o t\u00eam os dias contados' - Notibras\",\"isPartOf\":{\"@id\":\"https:\/\/www.notibras.com\/site\/#website\"},\"primaryImageOfPage\":{\"@id\":\"https:\/\/www.notibras.com\/site\/crime-organizado-e-corrupcao-tem-os-dias-contados\/#primaryimage\"},\"image\":{\"@id\":\"https:\/\/www.notibras.com\/site\/crime-organizado-e-corrupcao-tem-os-dias-contados\/#primaryimage\"},\"thumbnailUrl\":\"https:\/\/www.notibras.com\/site\/wp-content\/uploads\/2019\/01\/bolsonaro.jpg\",\"datePublished\":\"2019-01-31T20:09:39+00:00\",\"dateModified\":\"2019-01-31T20:55:16+00:00\",\"breadcrumb\":{\"@id\":\"https:\/\/www.notibras.com\/site\/crime-organizado-e-corrupcao-tem-os-dias-contados\/#breadcrumb\"},\"inLanguage\":\"pt-BR\",\"potentialAction\":[{\"@type\":\"ReadAction\",\"target\":[\"https:\/\/www.notibras.com\/site\/crime-organizado-e-corrupcao-tem-os-dias-contados\/\"]}]},{\"@type\":\"ImageObject\",\"inLanguage\":\"pt-BR\",\"@id\":\"https:\/\/www.notibras.com\/site\/crime-organizado-e-corrupcao-tem-os-dias-contados\/#primaryimage\",\"url\":\"https:\/\/www.notibras.com\/site\/wp-content\/uploads\/2019\/01\/bolsonaro.jpg\",\"contentUrl\":\"https:\/\/www.notibras.com\/site\/wp-content\/uploads\/2019\/01\/bolsonaro.jpg\",\"width\":1024,\"height\":681,\"caption\":\"Foto: Marcelo Camargo\/ABr\"},{\"@type\":\"BreadcrumbList\",\"@id\":\"https:\/\/www.notibras.com\/site\/crime-organizado-e-corrupcao-tem-os-dias-contados\/#breadcrumb\",\"itemListElement\":[{\"@type\":\"ListItem\",\"position\":1,\"name\":\"In\u00edcio\",\"item\":\"https:\/\/www.notibras.com\/site\/\"},{\"@type\":\"ListItem\",\"position\":2,\"name\":\"&#8216;Crime organizado e corrup\u00e7\u00e3o t\u00eam os dias contados&#8217;\"}]},{\"@type\":\"WebSite\",\"@id\":\"https:\/\/www.notibras.com\/site\/#website\",\"url\":\"https:\/\/www.notibras.com\/site\/\",\"name\":\"Notibras\",\"description\":\"Not\u00edcias de Bras\u00edlia, do Brasil e do Mundo\",\"publisher\":{\"@id\":\"https:\/\/www.notibras.com\/site\/#organization\"},\"potentialAction\":[{\"@type\":\"SearchAction\",\"target\":{\"@type\":\"EntryPoint\",\"urlTemplate\":\"https:\/\/www.notibras.com\/site\/?s={search_term_string}\"},\"query-input\":{\"@type\":\"PropertyValueSpecification\",\"valueRequired\":true,\"valueName\":\"search_term_string\"}}],\"inLanguage\":\"pt-BR\"},{\"@type\":\"Organization\",\"@id\":\"https:\/\/www.notibras.com\/site\/#organization\",\"name\":\"Grupo Notibras de Comunica\u00e7\u00e3o\",\"url\":\"https:\/\/www.notibras.com\/site\/\",\"logo\":{\"@type\":\"ImageObject\",\"inLanguage\":\"pt-BR\",\"@id\":\"https:\/\/www.notibras.com\/site\/#\/schema\/logo\/image\/\",\"url\":\"https:\/\/www.notibras.com\/site\/wp-content\/uploads\/2023\/01\/notibras23.png\",\"contentUrl\":\"https:\/\/www.notibras.com\/site\/wp-content\/uploads\/2023\/01\/notibras23.png\",\"width\":350,\"height\":87,\"caption\":\"Grupo Notibras de Comunica\u00e7\u00e3o\"},\"image\":{\"@id\":\"https:\/\/www.notibras.com\/site\/#\/schema\/logo\/image\/\"},\"sameAs\":[\"https:\/\/www.facebook.com\/notibras\/\",\"https:\/\/x.com\/Notibras\",\"https:\/\/www.instagram.com\/notibras\/\"]},{\"@type\":\"Person\",\"@id\":\"https:\/\/www.notibras.com\/site\/#\/schema\/person\/36ab0979449956132d3e5b517ea76ac8\",\"name\":\"Reda\u00e7\u00e3o\",\"image\":{\"@type\":\"ImageObject\",\"inLanguage\":\"pt-BR\",\"@id\":\"https:\/\/secure.gravatar.com\/avatar\/e0a867bdedb85fd243eadf09663511f96fc81e0720a4a42581f334ad4303aa6b?s=96&d=mm&r=g\",\"url\":\"https:\/\/secure.gravatar.com\/avatar\/e0a867bdedb85fd243eadf09663511f96fc81e0720a4a42581f334ad4303aa6b?s=96&d=mm&r=g\",\"contentUrl\":\"https:\/\/secure.gravatar.com\/avatar\/e0a867bdedb85fd243eadf09663511f96fc81e0720a4a42581f334ad4303aa6b?s=96&d=mm&r=g\",\"caption\":\"Reda\u00e7\u00e3o\"}}]}<\/script>\n<!-- \/ Yoast SEO plugin. -->","yoast_head_json":{"title":"'Crime organizado e corrup\u00e7\u00e3o t\u00eam os dias contados' - Notibras","robots":{"index":"index","follow":"follow","max-snippet":"max-snippet:-1","max-image-preview":"max-image-preview:large","max-video-preview":"max-video-preview:-1"},"canonical":"https:\/\/www.notibras.com\/site\/crime-organizado-e-corrupcao-tem-os-dias-contados\/","og_locale":"pt_BR","og_type":"article","og_title":"'Crime organizado e corrup\u00e7\u00e3o t\u00eam os dias contados' - Notibras","og_description":"A mensagem do presidente Jair Bolsonaro ao Congresso Nacional anunciar\u00e1 as propostas de uma nova Previd\u00eancia Social e de combate ao crime organizado e \u00e0 corrup\u00e7\u00e3o, al\u00e9m da revis\u00e3o da lei de seguran\u00e7a de barragens. A informa\u00e7\u00e3o foi dada pelo porta-voz da Presid\u00eancia, R\u00eago Barros, nesta quinta (31), no Hospital Albert Einstein, onde o presidente [&hellip;]","og_url":"https:\/\/www.notibras.com\/site\/crime-organizado-e-corrupcao-tem-os-dias-contados\/","og_site_name":"Notibras","article_publisher":"https:\/\/www.facebook.com\/notibras\/","article_published_time":"2019-01-31T20:09:39+00:00","article_modified_time":"2019-01-31T20:55:16+00:00","og_image":[{"width":1024,"height":681,"url":"https:\/\/www.notibras.com\/site\/wp-content\/uploads\/2019\/01\/bolsonaro.jpg","type":"image\/jpeg"}],"author":"Reda\u00e7\u00e3o","twitter_card":"summary_large_image","twitter_creator":"@Notibras","twitter_site":"@Notibras","twitter_misc":{"Escrito por":"Reda\u00e7\u00e3o","Est. tempo de leitura":"1 minuto"},"schema":{"@context":"https:\/\/schema.org","@graph":[{"@type":"Article","@id":"https:\/\/www.notibras.com\/site\/crime-organizado-e-corrupcao-tem-os-dias-contados\/#article","isPartOf":{"@id":"https:\/\/www.notibras.com\/site\/crime-organizado-e-corrupcao-tem-os-dias-contados\/"},"author":{"name":"Reda\u00e7\u00e3o","@id":"https:\/\/www.notibras.com\/site\/#\/schema\/person\/36ab0979449956132d3e5b517ea76ac8"},"headline":"&#8216;Crime organizado e corrup\u00e7\u00e3o t\u00eam os dias contados&#8217;","datePublished":"2019-01-31T20:09:39+00:00","dateModified":"2019-01-31T20:55:16+00:00","mainEntityOfPage":{"@id":"https:\/\/www.notibras.com\/site\/crime-organizado-e-corrupcao-tem-os-dias-contados\/"},"wordCount":292,"publisher":{"@id":"https:\/\/www.notibras.com\/site\/#organization"},"image":{"@id":"https:\/\/www.notibras.com\/site\/crime-organizado-e-corrupcao-tem-os-dias-contados\/#primaryimage"},"thumbnailUrl":"https:\/\/www.notibras.com\/site\/wp-content\/uploads\/2019\/01\/bolsonaro.jpg","keywords":["capa"],"articleSection":["Brasil"],"inLanguage":"pt-BR"},{"@type":"WebPage","@id":"https:\/\/www.notibras.com\/site\/crime-organizado-e-corrupcao-tem-os-dias-contados\/","url":"https:\/\/www.notibras.com\/site\/crime-organizado-e-corrupcao-tem-os-dias-contados\/","name":"'Crime organizado e corrup\u00e7\u00e3o t\u00eam os dias contados' - Notibras","isPartOf":{"@id":"https:\/\/www.notibras.com\/site\/#website"},"primaryImageOfPage":{"@id":"https:\/\/www.notibras.com\/site\/crime-organizado-e-corrupcao-tem-os-dias-contados\/#primaryimage"},"image":{"@id":"https:\/\/www.notibras.com\/site\/crime-organizado-e-corrupcao-tem-os-dias-contados\/#primaryimage"},"thumbnailUrl":"https:\/\/www.notibras.com\/site\/wp-content\/uploads\/2019\/01\/bolsonaro.jpg","datePublished":"2019-01-31T20:09:39+00:00","dateModified":"2019-01-31T20:55:16+00:00","breadcrumb":{"@id":"https:\/\/www.notibras.com\/site\/crime-organizado-e-corrupcao-tem-os-dias-contados\/#breadcrumb"},"inLanguage":"pt-BR","potentialAction":[{"@type":"ReadAction","target":["https:\/\/www.notibras.com\/site\/crime-organizado-e-corrupcao-tem-os-dias-contados\/"]}]},{"@type":"ImageObject","inLanguage":"pt-BR","@id":"https:\/\/www.notibras.com\/site\/crime-organizado-e-corrupcao-tem-os-dias-contados\/#primaryimage","url":"https:\/\/www.notibras.com\/site\/wp-content\/uploads\/2019\/01\/bolsonaro.jpg","contentUrl":"https:\/\/www.notibras.com\/site\/wp-content\/uploads\/2019\/01\/bolsonaro.jpg","width":1024,"height":681,"caption":"Foto: Marcelo Camargo\/ABr"},{"@type":"BreadcrumbList","@id":"https:\/\/www.notibras.com\/site\/crime-organizado-e-corrupcao-tem-os-dias-contados\/#breadcrumb","itemListElement":[{"@type":"ListItem","position":1,"name":"In\u00edcio","item":"https:\/\/www.notibras.com\/site\/"},{"@type":"ListItem","position":2,"name":"&#8216;Crime organizado e corrup\u00e7\u00e3o t\u00eam os dias contados&#8217;"}]},{"@type":"WebSite","@id":"https:\/\/www.notibras.com\/site\/#website","url":"https:\/\/www.notibras.com\/site\/","name":"Notibras","description":"Not\u00edcias de Bras\u00edlia, do Brasil e do Mundo","publisher":{"@id":"https:\/\/www.notibras.com\/site\/#organization"},"potentialAction":[{"@type":"SearchAction","target":{"@type":"EntryPoint","urlTemplate":"https:\/\/www.notibras.com\/site\/?s={search_term_string}"},"query-input":{"@type":"PropertyValueSpecification","valueRequired":true,"valueName":"search_term_string"}}],"inLanguage":"pt-BR"},{"@type":"Organization","@id":"https:\/\/www.notibras.com\/site\/#organization","name":"Grupo Notibras de Comunica\u00e7\u00e3o","url":"https:\/\/www.notibras.com\/site\/","logo":{"@type":"ImageObject","inLanguage":"pt-BR","@id":"https:\/\/www.notibras.com\/site\/#\/schema\/logo\/image\/","url":"https:\/\/www.notibras.com\/site\/wp-content\/uploads\/2023\/01\/notibras23.png","contentUrl":"https:\/\/www.notibras.com\/site\/wp-content\/uploads\/2023\/01\/notibras23.png","width":350,"height":87,"caption":"Grupo Notibras de Comunica\u00e7\u00e3o"},"image":{"@id":"https:\/\/www.notibras.com\/site\/#\/schema\/logo\/image\/"},"sameAs":["https:\/\/www.facebook.com\/notibras\/","https:\/\/x.com\/Notibras","https:\/\/www.instagram.com\/notibras\/"]},{"@type":"Person","@id":"https:\/\/www.notibras.com\/site\/#\/schema\/person\/36ab0979449956132d3e5b517ea76ac8","name":"Reda\u00e7\u00e3o","image":{"@type":"ImageObject","inLanguage":"pt-BR","@id":"https:\/\/secure.gravatar.com\/avatar\/e0a867bdedb85fd243eadf09663511f96fc81e0720a4a42581f334ad4303aa6b?s=96&d=mm&r=g","url":"https:\/\/secure.gravatar.com\/avatar\/e0a867bdedb85fd243eadf09663511f96fc81e0720a4a42581f334ad4303aa6b?s=96&d=mm&r=g","contentUrl":"https:\/\/secure.gravatar.com\/avatar\/e0a867bdedb85fd243eadf09663511f96fc81e0720a4a42581f334ad4303aa6b?s=96&d=mm&r=g","caption":"Reda\u00e7\u00e3o"}}]}},"amp_enabled":true,"_links":{"self":[{"href":"https:\/\/www.notibras.com\/site\/wp-json\/wp\/v2\/posts\/201143","targetHints":{"allow":["GET"]}}],"collection":[{"href":"https:\/\/www.notibras.com\/site\/wp-json\/wp\/v2\/posts"}],"about":[{"href":"https:\/\/www.notibras.com\/site\/wp-json\/wp\/v2\/types\/post"}],"author":[{"embeddable":true,"href":"https:\/\/www.notibras.com\/site\/wp-json\/wp\/v2\/users\/2"}],"replies":[{"embeddable":true,"href":"https:\/\/www.notibras.com\/site\/wp-json\/wp\/v2\/comments?post=201143"}],"version-history":[{"count":6,"href":"https:\/\/www.notibras.com\/site\/wp-json\/wp\/v2\/posts\/201143\/revisions"}],"predecessor-version":[{"id":201149,"href":"https:\/\/www.notibras.com\/site\/wp-json\/wp\/v2\/posts\/201143\/revisions\/201149"}],"wp:featuredmedia":[{"embeddable":true,"href":"https:\/\/www.notibras.com\/site\/wp-json\/wp\/v2\/media\/199647"}],"wp:attachment":[{"href":"https:\/\/www.notibras.com\/site\/wp-json\/wp\/v2\/media?parent=201143"}],"wp:term":[{"taxonomy":"category","embeddable":true,"href":"https:\/\/www.notibras.com\/site\/wp-json\/wp\/v2\/categories?post=201143"},{"taxonomy":"post_tag","embeddable":true,"href":"https:\/\/www.notibras.com\/site\/wp-json\/wp\/v2\/tags?post=201143"}],"curies":[{"name":"wp","href":"https:\/\/api.w.org\/{rel}","templated":true}]}}