{"id":201156,"date":"2019-02-01T04:00:13","date_gmt":"2019-02-01T06:00:13","guid":{"rendered":"https:\/\/www.notibras.com\/site\/?p=201156"},"modified":"2019-02-01T04:59:52","modified_gmt":"2019-02-01T06:59:52","slug":"bolsonaro-e-os-seus-generais-excomungam-4-casamentos-em-um-funeral","status":"publish","type":"post","link":"https:\/\/www.notibras.com\/site\/bolsonaro-e-os-seus-generais-excomungam-4-casamentos-em-um-funeral\/","title":{"rendered":"Bolsonaro e os seus generais excomungam 4 casamentos em um funeral"},"content":{"rendered":"<p>Sobre os casamentos de Lula com o PT, com Jos\u00e9 Dirceu, com Dilma Rousseff e com Ant\u00f4nio Palocci, tudo j\u00e1 foi dito. Inclusive sobre os div\u00f3rcios com os mesmos c\u00f4njuges. O grande evento que criou um movimento de consequ\u00eancias imprevis\u00edveis nesta semana foi um funeral. Os fatos que movimentaram os bastidores da Rep\u00fablica pouco foram sentidos pelos brasileiros.<\/p>\n<p>Durante as 24 horas em que aconteceram, o pa\u00eds e suas lideran\u00e7as estiveram pr\u00f3ximos de uma crise n\u00e3o experimentada antes, que poderia produzir muitos outros funerais, caso n\u00e3o tivesse sido debelada com a habilidade, paci\u00eancia, preceitos legais e ajuda de um grande aliado: o rel\u00f3gio.<\/p>\n<p>Foi assim:<\/p>\n<p><strong>domingo, 27 de janeiro<\/strong> \u2013 o presidente Jair Bolsonaro \u00e9 internado em S\u00e3o Paulo para aguardar a terceira cirurgia decorrente do atentado que sofreu em Juiz de Fora &#8211; trama ainda n\u00e3o desvendada que j\u00e1 tem um fugitivo;<\/p>\n<p><strong>segunda, 28 de janeiro<\/strong> \u2013 Bolsonaro \u00e9 submetido ao procedimento cir\u00fargico para retirada da bolsa de colostomia que durou mais de sete horas, no Hospital Albert Einstein. O general Hamilton Mour\u00e3o responde pelo Governo Federal;<\/p>\n<p><strong>ter\u00e7a, 29 de janeiro<\/strong> \u2013 morre em S\u00e3o Paulo o irm\u00e3o de Lula, Genival In\u00e1cio da Silva, conhecido como Vav\u00e1. O advogado do ex-presidente condenado entra com pedido de autoriza\u00e7\u00e3o para que Lula deixe a carceragem da Pol\u00edcia Federal, em Curitiba, e compare\u00e7a ao funeral. Alega o Artigo 120 da Lei de Execu\u00e7\u00e3o Penal que prev\u00ea essa possibilidade.<\/p>\n<p>O problema \u00e9 que ele encaminhou a peti\u00e7\u00e3o \u00e0 ju\u00edza Carolina Lebbos, da Vara de Execu\u00e7\u00f5es Penais de Curitiba, quando deveria ter encaminhado inicialmente \u00e0 Superintend\u00eancia da Pol\u00edcia Federal, que hospeda Lula em Curitiba. Perdeu tempo.<\/p>\n<p>Durante a tarde da ter\u00e7a-feira, a agora deputada federal e presidente do PT, Gleisi Hoffmann, e o agora desempregado e ex-senador Lindbergh Farias, convocam a milit\u00e2ncia da esquerda para um ato pol\u00edtico em torno do funeral. Arquitetam um manifesto sem precedentes que chama a aten\u00e7\u00e3o das autoridades do Planalto.<\/p>\n<p>Imaginam eles que ali \u2013 cemit\u00e9rio da Pauliceia em S\u00e3o Bernardo do Campo &#8211; o cen\u00e1rio seria emblem\u00e1tico para um quebra-quebra, entre t\u00famulos e mausol\u00e9us. Informa\u00e7\u00f5es chegam alertando que, uma vez fora das grades, Lula teria a oportunidade, em meio ao tumulto, de n\u00e3o voltar para sua hospedagem de origem e empreender fuga de futuras condena\u00e7\u00f5es, al\u00e9m daquela que cumpre hoje. Esse plano \u00e9 admitido pelas autoridades de seguran\u00e7a.<\/p>\n<p>Uma grande correria no Pal\u00e1cio do Planalto identifica o perigo na convoca\u00e7\u00e3o que fazem Gleisi e Lindbergh, que poderia atrair coroas de flores, ter\u00e7os, foices, martelos, pistolas, fuzis e outros instrumentos pr\u00f3prios para produzir novos \u00f3bitos e manchetes internacionais. Plano muito apropriado para o momento.<\/p>\n<p>As redes sociais vermelhas s\u00e3o incendiadas, a imprensa que apoia o presidi\u00e1rio vibra com as poss\u00edveis mat\u00e9rias e imagens que seriam geradas naquele ambiente, perfeito para a ocasi\u00e3o. Durante toda a tarde a contrainforma\u00e7\u00e3o entra em a\u00e7\u00e3o.<\/p>\n<p>Bolsonaristas v\u00e3o \u00e0s redes sociais afirmar que Lula, quando presidente, n\u00e3o foi ao enterro dos irm\u00e3os Jo\u00e3o In\u00e1cio, morto em 2004, nem de Odair In\u00e1cio, desaparecido em 2005. Petistas rebatem e afirmam que Lula s\u00f3 amava Vav\u00e1. O clima \u00e9 tenso durante toda a tarde. A turma do Mito contra a turma que ataca o Coiso.<\/p>\n<p>Promessas de enfrentamento nas \u00faltimas consequ\u00eancias s\u00e3o registradas em posts na internet. O general Mour\u00e3o, vice-presidente, desarma o clima hostil com a declara\u00e7\u00e3o de que \u00e9 a favor do comparecimento de Lula ao sepultamento por uma quest\u00e3o humanit\u00e1ria. As For\u00e7as Armadas ficam de prontid\u00e3o.<\/p>\n<p>Enquanto Mour\u00e3o mantinha um tom respeitoso sobre o assunto, as autoridades ganhavam minutos e segundos preciosos. Nos bastidores todas as for\u00e7as de seguran\u00e7a s\u00e3o convocadas, de olho no rel\u00f3gio. O tempo passa.<\/p>\n<p><strong>\u00c0s 20h45<\/strong>, a ju\u00edza Carolina Lebbos encaminha pedido de parecer \u00e0 DIP &#8211; Diretoria de Intelig\u00eancia da Pol\u00edcia Federal, inst\u00e2ncia inicial onde Lula deveria ter solicitado a permiss\u00e3o. O superintendente, delegado Luciano Flores de Lima, conversa ent\u00e3o com Jo\u00e3o Camilo Pires do Campo, secret\u00e1rio de Seguran\u00e7a P\u00fablica de S\u00e3o Paulo, que afirmou ser imposs\u00edvel uma log\u00edstica capaz de garantir a seguran\u00e7a do funeral.<\/p>\n<p>Pr\u00f3ximo de meia-noite, al\u00e9m de n\u00e3o garantir que seria capaz de impedir a fuga de Lula, tamb\u00e9m n\u00e3o poderia contar com aeronaves, em fun\u00e7\u00e3o de ter os helic\u00f3pteros todos em miss\u00e3o no acidente de Brumadinho, onde a popula\u00e7\u00e3o aguarda mais de 300 funerais. Deu a entender que a trag\u00e9dia em Minas Gerais e as fam\u00edlias vitimadas, simples e honestas, eram prioridade.<\/p>\n<p>Enquanto isso, prevendo que seria consultado, o general Ajax Porto Pinheiro, assistente do ministro do Supremo Tribunal Federal, Dias Toffoli, prev\u00ea que depois do indeferimento da ju\u00edza Lebbos, o advogado de Lula recorreria ao TRF4, que tamb\u00e9m negaria o pedido, e que depois chegaria ao Supremo Tribunal Federal. E o tempo passa.<\/p>\n<p>Toffoli aguardou a sequ\u00eancia dos fatos durante toda a noite. J\u00e1 estava decidido conceder o alvar\u00e1 de Lula para comparecer ao funeral-com\u00edcio organizado pelas estrelas do PT, Gleisi e Lindbergh. Mas havia ainda a decis\u00e3o da ju\u00edza Lebbos, aguardada na madrugada e a do desembargador do TRF4, na sequ\u00eancia.<\/p>\n<p><strong>&#8211; 23h50<\/strong> \u2013 a ju\u00edza Lebbos, de posse dos fundamentos recebidos do delegado Luciano de Lima da DIP Curitiba, indefere o pedido. O tempo passa;<\/p>\n<p><strong>quarta, 30 de janeiro<\/strong> \u2013 a madrugado foi tensa nos bastidores do Planalto e nas redes sociais entre os grupos verde-amarelo e vermelho. Enquanto os advogados de Lula amanhecem na expectativa de uma resposta do TRF4, o vel\u00f3rio de Vav\u00e1 tem in\u00edcio com o sepultamento marcado para as 13h00.<\/p>\n<p>O desembargador de plant\u00e3o, Leandro Poulsen, responde ao recurso com um redundante \u201cn\u00e3o\u201d: Lula n\u00e3o vai a lugar algum. Ato seguinte, como previsto, a defesa de Luiz In\u00e1cio recorre ao STF de Toffoli onde a decis\u00e3o j\u00e1 estava pronta, contrariando os tr\u00eas indeferimentos anteriores.<\/p>\n<p>De olho no rel\u00f3gio, em nome do Supremo Tribunal Federal, Dias Toffoli acenou com um \u201cSIM\u201d no final da manh\u00e3, conforme o general Mour\u00e3o havia aben\u00e7oado.<\/p>\n<p>Lula \u00e9 comunicado pr\u00f3ximo das 12h00, quando em S\u00e3o Bernardo do Campo a urna de Vav\u00e1 j\u00e1 era conduzida ao t\u00famulo. Embora a autoriza\u00e7\u00e3o permitisse o translado do corpo do querido irm\u00e3o (e adiamento do enterro) ao lugar reservado para o ex-presidente e sua fam\u00edlia, em unidade do Ex\u00e9rcito.<\/p>\n<p>Entretanto, n\u00e3o foram permitidas regalias. Ent\u00e3o, sem a famosa garrafinha de \u00e1gua mineral, sem faixas, sem cartazes, sem imprensa, sem celular, sem com\u00edcio, sem Gleisi, sem Lindbergh, o funeral n\u00e3o teria a menor gra\u00e7a. Lula, assim, desistiu de comparecer.<\/p>\n<p><strong>&#8211; 13h00<\/strong> \u2013 Vav\u00e1 \u00e9 sepultado; Lula \u00e9 calado; Gleisi e Lindbergh s\u00e3o frustrados no show macabro em que pretendiam transformar o sepultamento. O Brasil volta a aten\u00e7\u00e3o aos brasileiros sofridos de Brumadinho e seus mortos que tamb\u00e9m pagaram a conta. Ufa!<\/p>\n<p>O tempo passou&#8230;<\/p>\n","protected":false},"excerpt":{"rendered":"<p>Sobre os casamentos de Lula com o PT, com Jos\u00e9 Dirceu, com Dilma Rousseff e com Ant\u00f4nio Palocci, tudo j\u00e1 foi dito. Inclusive sobre os div\u00f3rcios com os mesmos c\u00f4njuges. O grande evento que criou um movimento de consequ\u00eancias imprevis\u00edveis nesta semana foi um funeral. Os fatos que movimentaram os bastidores da Rep\u00fablica pouco foram [&hellip;]<\/p>\n","protected":false},"author":2,"featured_media":167731,"comment_status":"closed","ping_status":"closed","sticky":false,"template":"","format":"standard","meta":{"_acf_changed":false,"footnotes":""},"categories":[16],"tags":[95],"class_list":["post-201156","post","type-post","status-publish","format-standard","has-post-thumbnail","hentry","category-brasil","tag-capa"],"acf":[],"yoast_head":"<!-- This site is optimized with the Yoast SEO plugin v27.2 - https:\/\/yoast.com\/product\/yoast-seo-wordpress\/ -->\n<title>Bolsonaro e os seus generais excomungam 4 casamentos em um funeral - Notibras<\/title>\n<meta name=\"robots\" content=\"index, follow, max-snippet:-1, max-image-preview:large, max-video-preview:-1\" \/>\n<link rel=\"canonical\" href=\"https:\/\/www.notibras.com\/site\/bolsonaro-e-os-seus-generais-excomungam-4-casamentos-em-um-funeral\/\" \/>\n<meta property=\"og:locale\" content=\"pt_BR\" \/>\n<meta property=\"og:type\" content=\"article\" \/>\n<meta property=\"og:title\" content=\"Bolsonaro e os seus generais excomungam 4 casamentos em um funeral - Notibras\" \/>\n<meta property=\"og:description\" content=\"Sobre os casamentos de Lula com o PT, com Jos\u00e9 Dirceu, com Dilma Rousseff e com Ant\u00f4nio Palocci, tudo j\u00e1 foi dito. Inclusive sobre os div\u00f3rcios com os mesmos c\u00f4njuges. O grande evento que criou um movimento de consequ\u00eancias imprevis\u00edveis nesta semana foi um funeral. Os fatos que movimentaram os bastidores da Rep\u00fablica pouco foram [&hellip;]\" \/>\n<meta property=\"og:url\" content=\"https:\/\/www.notibras.com\/site\/bolsonaro-e-os-seus-generais-excomungam-4-casamentos-em-um-funeral\/\" \/>\n<meta property=\"og:site_name\" content=\"Notibras\" \/>\n<meta property=\"article:publisher\" content=\"https:\/\/www.facebook.com\/notibras\/\" \/>\n<meta property=\"article:published_time\" content=\"2019-02-01T06:00:13+00:00\" \/>\n<meta property=\"article:modified_time\" content=\"2019-02-01T06:59:52+00:00\" \/>\n<meta property=\"og:image\" content=\"https:\/\/www.notibras.com\/site\/wp-content\/uploads\/2018\/01\/brazil-politics-lula-campaign-000-xt4uu-nelson-almeida-afp.jpg\" \/>\n\t<meta property=\"og:image:width\" content=\"1000\" \/>\n\t<meta property=\"og:image:height\" content=\"667\" \/>\n\t<meta property=\"og:image:type\" content=\"image\/jpeg\" \/>\n<meta name=\"author\" content=\"Reda\u00e7\u00e3o\" \/>\n<meta name=\"twitter:card\" content=\"summary_large_image\" \/>\n<meta name=\"twitter:creator\" content=\"@Notibras\" \/>\n<meta name=\"twitter:site\" content=\"@Notibras\" \/>\n<meta name=\"twitter:label1\" content=\"Escrito por\" \/>\n\t<meta name=\"twitter:data1\" content=\"Reda\u00e7\u00e3o\" \/>\n\t<meta name=\"twitter:label2\" content=\"Est. tempo de leitura\" \/>\n\t<meta name=\"twitter:data2\" content=\"6 minutos\" \/>\n<script type=\"application\/ld+json\" class=\"yoast-schema-graph\">{\"@context\":\"https:\/\/schema.org\",\"@graph\":[{\"@type\":\"Article\",\"@id\":\"https:\/\/www.notibras.com\/site\/bolsonaro-e-os-seus-generais-excomungam-4-casamentos-em-um-funeral\/#article\",\"isPartOf\":{\"@id\":\"https:\/\/www.notibras.com\/site\/bolsonaro-e-os-seus-generais-excomungam-4-casamentos-em-um-funeral\/\"},\"author\":{\"name\":\"Reda\u00e7\u00e3o\",\"@id\":\"https:\/\/www.notibras.com\/site\/#\/schema\/person\/36ab0979449956132d3e5b517ea76ac8\"},\"headline\":\"Bolsonaro e os seus generais excomungam 4 casamentos em um funeral\",\"datePublished\":\"2019-02-01T06:00:13+00:00\",\"dateModified\":\"2019-02-01T06:59:52+00:00\",\"mainEntityOfPage\":{\"@id\":\"https:\/\/www.notibras.com\/site\/bolsonaro-e-os-seus-generais-excomungam-4-casamentos-em-um-funeral\/\"},\"wordCount\":1222,\"publisher\":{\"@id\":\"https:\/\/www.notibras.com\/site\/#organization\"},\"image\":{\"@id\":\"https:\/\/www.notibras.com\/site\/bolsonaro-e-os-seus-generais-excomungam-4-casamentos-em-um-funeral\/#primaryimage\"},\"thumbnailUrl\":\"https:\/\/www.notibras.com\/site\/wp-content\/uploads\/2018\/01\/brazil-politics-lula-campaign-000-xt4uu-nelson-almeida-afp.jpg\",\"keywords\":[\"capa\"],\"articleSection\":[\"Brasil\"],\"inLanguage\":\"pt-BR\"},{\"@type\":\"WebPage\",\"@id\":\"https:\/\/www.notibras.com\/site\/bolsonaro-e-os-seus-generais-excomungam-4-casamentos-em-um-funeral\/\",\"url\":\"https:\/\/www.notibras.com\/site\/bolsonaro-e-os-seus-generais-excomungam-4-casamentos-em-um-funeral\/\",\"name\":\"Bolsonaro e os seus generais excomungam 4 casamentos em um funeral - Notibras\",\"isPartOf\":{\"@id\":\"https:\/\/www.notibras.com\/site\/#website\"},\"primaryImageOfPage\":{\"@id\":\"https:\/\/www.notibras.com\/site\/bolsonaro-e-os-seus-generais-excomungam-4-casamentos-em-um-funeral\/#primaryimage\"},\"image\":{\"@id\":\"https:\/\/www.notibras.com\/site\/bolsonaro-e-os-seus-generais-excomungam-4-casamentos-em-um-funeral\/#primaryimage\"},\"thumbnailUrl\":\"https:\/\/www.notibras.com\/site\/wp-content\/uploads\/2018\/01\/brazil-politics-lula-campaign-000-xt4uu-nelson-almeida-afp.jpg\",\"datePublished\":\"2019-02-01T06:00:13+00:00\",\"dateModified\":\"2019-02-01T06:59:52+00:00\",\"breadcrumb\":{\"@id\":\"https:\/\/www.notibras.com\/site\/bolsonaro-e-os-seus-generais-excomungam-4-casamentos-em-um-funeral\/#breadcrumb\"},\"inLanguage\":\"pt-BR\",\"potentialAction\":[{\"@type\":\"ReadAction\",\"target\":[\"https:\/\/www.notibras.com\/site\/bolsonaro-e-os-seus-generais-excomungam-4-casamentos-em-um-funeral\/\"]}]},{\"@type\":\"ImageObject\",\"inLanguage\":\"pt-BR\",\"@id\":\"https:\/\/www.notibras.com\/site\/bolsonaro-e-os-seus-generais-excomungam-4-casamentos-em-um-funeral\/#primaryimage\",\"url\":\"https:\/\/www.notibras.com\/site\/wp-content\/uploads\/2018\/01\/brazil-politics-lula-campaign-000-xt4uu-nelson-almeida-afp.jpg\",\"contentUrl\":\"https:\/\/www.notibras.com\/site\/wp-content\/uploads\/2018\/01\/brazil-politics-lula-campaign-000-xt4uu-nelson-almeida-afp.jpg\",\"width\":1000,\"height\":667,\"caption\":\"Foto: Nelson Almeida\/AFP - Estad\u00e3oConte\u00fado\"},{\"@type\":\"BreadcrumbList\",\"@id\":\"https:\/\/www.notibras.com\/site\/bolsonaro-e-os-seus-generais-excomungam-4-casamentos-em-um-funeral\/#breadcrumb\",\"itemListElement\":[{\"@type\":\"ListItem\",\"position\":1,\"name\":\"In\u00edcio\",\"item\":\"https:\/\/www.notibras.com\/site\/\"},{\"@type\":\"ListItem\",\"position\":2,\"name\":\"Bolsonaro e os seus generais excomungam 4 casamentos em um funeral\"}]},{\"@type\":\"WebSite\",\"@id\":\"https:\/\/www.notibras.com\/site\/#website\",\"url\":\"https:\/\/www.notibras.com\/site\/\",\"name\":\"Notibras\",\"description\":\"Not\u00edcias de Bras\u00edlia, do Brasil e do Mundo\",\"publisher\":{\"@id\":\"https:\/\/www.notibras.com\/site\/#organization\"},\"potentialAction\":[{\"@type\":\"SearchAction\",\"target\":{\"@type\":\"EntryPoint\",\"urlTemplate\":\"https:\/\/www.notibras.com\/site\/?s={search_term_string}\"},\"query-input\":{\"@type\":\"PropertyValueSpecification\",\"valueRequired\":true,\"valueName\":\"search_term_string\"}}],\"inLanguage\":\"pt-BR\"},{\"@type\":\"Organization\",\"@id\":\"https:\/\/www.notibras.com\/site\/#organization\",\"name\":\"Grupo Notibras de Comunica\u00e7\u00e3o\",\"url\":\"https:\/\/www.notibras.com\/site\/\",\"logo\":{\"@type\":\"ImageObject\",\"inLanguage\":\"pt-BR\",\"@id\":\"https:\/\/www.notibras.com\/site\/#\/schema\/logo\/image\/\",\"url\":\"https:\/\/www.notibras.com\/site\/wp-content\/uploads\/2023\/01\/notibras23.png\",\"contentUrl\":\"https:\/\/www.notibras.com\/site\/wp-content\/uploads\/2023\/01\/notibras23.png\",\"width\":350,\"height\":87,\"caption\":\"Grupo Notibras de Comunica\u00e7\u00e3o\"},\"image\":{\"@id\":\"https:\/\/www.notibras.com\/site\/#\/schema\/logo\/image\/\"},\"sameAs\":[\"https:\/\/www.facebook.com\/notibras\/\",\"https:\/\/x.com\/Notibras\",\"https:\/\/www.instagram.com\/notibras\/\"]},{\"@type\":\"Person\",\"@id\":\"https:\/\/www.notibras.com\/site\/#\/schema\/person\/36ab0979449956132d3e5b517ea76ac8\",\"name\":\"Reda\u00e7\u00e3o\",\"image\":{\"@type\":\"ImageObject\",\"inLanguage\":\"pt-BR\",\"@id\":\"https:\/\/secure.gravatar.com\/avatar\/e0a867bdedb85fd243eadf09663511f96fc81e0720a4a42581f334ad4303aa6b?s=96&d=mm&r=g\",\"url\":\"https:\/\/secure.gravatar.com\/avatar\/e0a867bdedb85fd243eadf09663511f96fc81e0720a4a42581f334ad4303aa6b?s=96&d=mm&r=g\",\"contentUrl\":\"https:\/\/secure.gravatar.com\/avatar\/e0a867bdedb85fd243eadf09663511f96fc81e0720a4a42581f334ad4303aa6b?s=96&d=mm&r=g\",\"caption\":\"Reda\u00e7\u00e3o\"}}]}<\/script>\n<!-- \/ Yoast SEO plugin. -->","yoast_head_json":{"title":"Bolsonaro e os seus generais excomungam 4 casamentos em um funeral - Notibras","robots":{"index":"index","follow":"follow","max-snippet":"max-snippet:-1","max-image-preview":"max-image-preview:large","max-video-preview":"max-video-preview:-1"},"canonical":"https:\/\/www.notibras.com\/site\/bolsonaro-e-os-seus-generais-excomungam-4-casamentos-em-um-funeral\/","og_locale":"pt_BR","og_type":"article","og_title":"Bolsonaro e os seus generais excomungam 4 casamentos em um funeral - Notibras","og_description":"Sobre os casamentos de Lula com o PT, com Jos\u00e9 Dirceu, com Dilma Rousseff e com Ant\u00f4nio Palocci, tudo j\u00e1 foi dito. Inclusive sobre os div\u00f3rcios com os mesmos c\u00f4njuges. O grande evento que criou um movimento de consequ\u00eancias imprevis\u00edveis nesta semana foi um funeral. Os fatos que movimentaram os bastidores da Rep\u00fablica pouco foram [&hellip;]","og_url":"https:\/\/www.notibras.com\/site\/bolsonaro-e-os-seus-generais-excomungam-4-casamentos-em-um-funeral\/","og_site_name":"Notibras","article_publisher":"https:\/\/www.facebook.com\/notibras\/","article_published_time":"2019-02-01T06:00:13+00:00","article_modified_time":"2019-02-01T06:59:52+00:00","og_image":[{"width":1000,"height":667,"url":"https:\/\/www.notibras.com\/site\/wp-content\/uploads\/2018\/01\/brazil-politics-lula-campaign-000-xt4uu-nelson-almeida-afp.jpg","type":"image\/jpeg"}],"author":"Reda\u00e7\u00e3o","twitter_card":"summary_large_image","twitter_creator":"@Notibras","twitter_site":"@Notibras","twitter_misc":{"Escrito por":"Reda\u00e7\u00e3o","Est. tempo de leitura":"6 minutos"},"schema":{"@context":"https:\/\/schema.org","@graph":[{"@type":"Article","@id":"https:\/\/www.notibras.com\/site\/bolsonaro-e-os-seus-generais-excomungam-4-casamentos-em-um-funeral\/#article","isPartOf":{"@id":"https:\/\/www.notibras.com\/site\/bolsonaro-e-os-seus-generais-excomungam-4-casamentos-em-um-funeral\/"},"author":{"name":"Reda\u00e7\u00e3o","@id":"https:\/\/www.notibras.com\/site\/#\/schema\/person\/36ab0979449956132d3e5b517ea76ac8"},"headline":"Bolsonaro e os seus generais excomungam 4 casamentos em um funeral","datePublished":"2019-02-01T06:00:13+00:00","dateModified":"2019-02-01T06:59:52+00:00","mainEntityOfPage":{"@id":"https:\/\/www.notibras.com\/site\/bolsonaro-e-os-seus-generais-excomungam-4-casamentos-em-um-funeral\/"},"wordCount":1222,"publisher":{"@id":"https:\/\/www.notibras.com\/site\/#organization"},"image":{"@id":"https:\/\/www.notibras.com\/site\/bolsonaro-e-os-seus-generais-excomungam-4-casamentos-em-um-funeral\/#primaryimage"},"thumbnailUrl":"https:\/\/www.notibras.com\/site\/wp-content\/uploads\/2018\/01\/brazil-politics-lula-campaign-000-xt4uu-nelson-almeida-afp.jpg","keywords":["capa"],"articleSection":["Brasil"],"inLanguage":"pt-BR"},{"@type":"WebPage","@id":"https:\/\/www.notibras.com\/site\/bolsonaro-e-os-seus-generais-excomungam-4-casamentos-em-um-funeral\/","url":"https:\/\/www.notibras.com\/site\/bolsonaro-e-os-seus-generais-excomungam-4-casamentos-em-um-funeral\/","name":"Bolsonaro e os seus generais excomungam 4 casamentos em um funeral - Notibras","isPartOf":{"@id":"https:\/\/www.notibras.com\/site\/#website"},"primaryImageOfPage":{"@id":"https:\/\/www.notibras.com\/site\/bolsonaro-e-os-seus-generais-excomungam-4-casamentos-em-um-funeral\/#primaryimage"},"image":{"@id":"https:\/\/www.notibras.com\/site\/bolsonaro-e-os-seus-generais-excomungam-4-casamentos-em-um-funeral\/#primaryimage"},"thumbnailUrl":"https:\/\/www.notibras.com\/site\/wp-content\/uploads\/2018\/01\/brazil-politics-lula-campaign-000-xt4uu-nelson-almeida-afp.jpg","datePublished":"2019-02-01T06:00:13+00:00","dateModified":"2019-02-01T06:59:52+00:00","breadcrumb":{"@id":"https:\/\/www.notibras.com\/site\/bolsonaro-e-os-seus-generais-excomungam-4-casamentos-em-um-funeral\/#breadcrumb"},"inLanguage":"pt-BR","potentialAction":[{"@type":"ReadAction","target":["https:\/\/www.notibras.com\/site\/bolsonaro-e-os-seus-generais-excomungam-4-casamentos-em-um-funeral\/"]}]},{"@type":"ImageObject","inLanguage":"pt-BR","@id":"https:\/\/www.notibras.com\/site\/bolsonaro-e-os-seus-generais-excomungam-4-casamentos-em-um-funeral\/#primaryimage","url":"https:\/\/www.notibras.com\/site\/wp-content\/uploads\/2018\/01\/brazil-politics-lula-campaign-000-xt4uu-nelson-almeida-afp.jpg","contentUrl":"https:\/\/www.notibras.com\/site\/wp-content\/uploads\/2018\/01\/brazil-politics-lula-campaign-000-xt4uu-nelson-almeida-afp.jpg","width":1000,"height":667,"caption":"Foto: Nelson Almeida\/AFP - Estad\u00e3oConte\u00fado"},{"@type":"BreadcrumbList","@id":"https:\/\/www.notibras.com\/site\/bolsonaro-e-os-seus-generais-excomungam-4-casamentos-em-um-funeral\/#breadcrumb","itemListElement":[{"@type":"ListItem","position":1,"name":"In\u00edcio","item":"https:\/\/www.notibras.com\/site\/"},{"@type":"ListItem","position":2,"name":"Bolsonaro e os seus generais excomungam 4 casamentos em um funeral"}]},{"@type":"WebSite","@id":"https:\/\/www.notibras.com\/site\/#website","url":"https:\/\/www.notibras.com\/site\/","name":"Notibras","description":"Not\u00edcias de Bras\u00edlia, do Brasil e do Mundo","publisher":{"@id":"https:\/\/www.notibras.com\/site\/#organization"},"potentialAction":[{"@type":"SearchAction","target":{"@type":"EntryPoint","urlTemplate":"https:\/\/www.notibras.com\/site\/?s={search_term_string}"},"query-input":{"@type":"PropertyValueSpecification","valueRequired":true,"valueName":"search_term_string"}}],"inLanguage":"pt-BR"},{"@type":"Organization","@id":"https:\/\/www.notibras.com\/site\/#organization","name":"Grupo Notibras de Comunica\u00e7\u00e3o","url":"https:\/\/www.notibras.com\/site\/","logo":{"@type":"ImageObject","inLanguage":"pt-BR","@id":"https:\/\/www.notibras.com\/site\/#\/schema\/logo\/image\/","url":"https:\/\/www.notibras.com\/site\/wp-content\/uploads\/2023\/01\/notibras23.png","contentUrl":"https:\/\/www.notibras.com\/site\/wp-content\/uploads\/2023\/01\/notibras23.png","width":350,"height":87,"caption":"Grupo Notibras de Comunica\u00e7\u00e3o"},"image":{"@id":"https:\/\/www.notibras.com\/site\/#\/schema\/logo\/image\/"},"sameAs":["https:\/\/www.facebook.com\/notibras\/","https:\/\/x.com\/Notibras","https:\/\/www.instagram.com\/notibras\/"]},{"@type":"Person","@id":"https:\/\/www.notibras.com\/site\/#\/schema\/person\/36ab0979449956132d3e5b517ea76ac8","name":"Reda\u00e7\u00e3o","image":{"@type":"ImageObject","inLanguage":"pt-BR","@id":"https:\/\/secure.gravatar.com\/avatar\/e0a867bdedb85fd243eadf09663511f96fc81e0720a4a42581f334ad4303aa6b?s=96&d=mm&r=g","url":"https:\/\/secure.gravatar.com\/avatar\/e0a867bdedb85fd243eadf09663511f96fc81e0720a4a42581f334ad4303aa6b?s=96&d=mm&r=g","contentUrl":"https:\/\/secure.gravatar.com\/avatar\/e0a867bdedb85fd243eadf09663511f96fc81e0720a4a42581f334ad4303aa6b?s=96&d=mm&r=g","caption":"Reda\u00e7\u00e3o"}}]}},"amp_enabled":true,"_links":{"self":[{"href":"https:\/\/www.notibras.com\/site\/wp-json\/wp\/v2\/posts\/201156","targetHints":{"allow":["GET"]}}],"collection":[{"href":"https:\/\/www.notibras.com\/site\/wp-json\/wp\/v2\/posts"}],"about":[{"href":"https:\/\/www.notibras.com\/site\/wp-json\/wp\/v2\/types\/post"}],"author":[{"embeddable":true,"href":"https:\/\/www.notibras.com\/site\/wp-json\/wp\/v2\/users\/2"}],"replies":[{"embeddable":true,"href":"https:\/\/www.notibras.com\/site\/wp-json\/wp\/v2\/comments?post=201156"}],"version-history":[{"count":7,"href":"https:\/\/www.notibras.com\/site\/wp-json\/wp\/v2\/posts\/201156\/revisions"}],"predecessor-version":[{"id":201163,"href":"https:\/\/www.notibras.com\/site\/wp-json\/wp\/v2\/posts\/201156\/revisions\/201163"}],"wp:featuredmedia":[{"embeddable":true,"href":"https:\/\/www.notibras.com\/site\/wp-json\/wp\/v2\/media\/167731"}],"wp:attachment":[{"href":"https:\/\/www.notibras.com\/site\/wp-json\/wp\/v2\/media?parent=201156"}],"wp:term":[{"taxonomy":"category","embeddable":true,"href":"https:\/\/www.notibras.com\/site\/wp-json\/wp\/v2\/categories?post=201156"},{"taxonomy":"post_tag","embeddable":true,"href":"https:\/\/www.notibras.com\/site\/wp-json\/wp\/v2\/tags?post=201156"}],"curies":[{"name":"wp","href":"https:\/\/api.w.org\/{rel}","templated":true}]}}