{"id":201213,"date":"2019-02-01T16:17:10","date_gmt":"2019-02-01T18:17:10","guid":{"rendered":"https:\/\/www.notibras.com\/site\/?p=201213"},"modified":"2019-02-01T17:23:56","modified_gmt":"2019-02-01T19:23:56","slug":"mar-de-lama-assim-comecou-tragedia-em-brumadinho","status":"publish","type":"post","link":"https:\/\/www.notibras.com\/site\/mar-de-lama-assim-comecou-tragedia-em-brumadinho\/","title":{"rendered":"Mar de lama. Assim come\u00e7ou trag\u00e9dia em Brumadinho"},"content":{"rendered":"<p>Imagens de c\u00e2meras de seguran\u00e7a que estavam pr\u00f3ximas \u00e0 barragem da mina C\u00f3rrego do Feij\u00e3o, da Vale, que se rompeu em Brumadinho na sexta-feira, 25, mostram o momento em que a lama come\u00e7a a se espalhar. As imagens foram obtidas e divulgadas pelas TVs Globo e Bandeirantes.<\/p>\n<p>No in\u00edcio do segundo v\u00eddeo, \u00e9 poss\u00edvel ver a forma\u00e7\u00e3o de um pared\u00e3o de poeira e, em seguida, uma onda de lama avan\u00e7ando. Ve\u00edculos que estavam na \u00e1rea tentam fugir do local, que \u00e9 totalmente tomado pelo rejeito de min\u00e9rio de ferro. O desastre ocorreu \u00e0s 12h29, segundo o hor\u00e1rio exibido nas imagens.<\/p>\n<p>O material atingiu a \u00e1rea administrativa da empresa, a comunidade da Vila Ferteco e a pousada Nova Est\u00e2ncia. At\u00e9 a manh\u00e3 desta sexta-feira, segundo o Corpo de Bombeiros de Minas Gerais, a trag\u00e9dia deixou 110 mortos &#8211; 71 deles identificados &#8211; e 238 desaparecidos.<\/p>\n<p>O rompimento ocorreu na Barragem 1, que foi constru\u00edda em 1976, com volume de quase 13 milh\u00f5es de m\u00b3. Segundo a Vale, a barragem tinha encerrado as atividades havia cerca de tr\u00eas anos.<\/p>\n<p>No dia do desastre, o presidente da mineradora, Fabio Schvartsman, disse que os funcion\u00e1rios seriam os mais afetados. Ele informou que cerca de 300 funcion\u00e1rios estavam no pr\u00e9dio administrativo e no restaurante da empresa, mas que 100 j\u00e1 tinham feito contato.<\/p>\n<p>Mesmo com as dificuldades para o resgate, os bombeiros continuam as buscas na regi\u00e3o afetada pelo desastre. O tenente Pedro Aihara, porta-voz do Corpo de Bombeiros de Minas Gerais, disse nesta semana que ainda est\u00e1 cedo para determinar uma data limite para o encerramento das buscas por v\u00edtimas.<\/p>\n<p>Nesta sexta, a corpora\u00e7\u00e3o prestou uma homenagem \u00e0s v\u00edtimas. O helic\u00f3ptero Arcanjo lan\u00e7ou flores doadas pela popula\u00e7\u00e3o sobre a regi\u00e3o do desastre.<\/p>\n<p>An\u00e1lises foram feitas nas \u00e1guas do Rio Paraopeba com amostras coletadas entre os dias 25 (quando o acidente ocorreu) e 29. Foram encontrados valores at\u00e9 21 vezes acima do aceit\u00e1vel de chumbo total e merc\u00fario total. Tamb\u00e9m foi constatada a presen\u00e7a de n\u00edquel, chumbo, c\u00e1dmio e zinco, no dia 26, em um dos pontos de monitoramento. Diante dessa situa\u00e7\u00e3o, o governo de Minas Gerais desaconselha o uso da \u00e1gua para qualquer finalidade at\u00e9 que a situa\u00e7\u00e3o esteja normalizada.<\/p>\n<p>O ministro da Sa\u00fade, Luiz Henrique Mandetta, informou que pessoas que tiveram contato direto com a lama da barragem que se rompeu, como bombeiros e volunt\u00e1rios, ser\u00e3o submetidas a exame peri\u00f3dicos para avaliar se foram contaminadas por metais pesados.<\/p>\n<p>Assista ao v\u00eddeo:<\/p>\n<p><iframe loading=\"lazy\" width=\"740\" height=\"416\" src=\"https:\/\/www.youtube.com\/embed\/2vbF3z2fvh0?feature=oembed\" frameborder=\"0\" allow=\"accelerometer; autoplay; encrypted-media; gyroscope; picture-in-picture\" allowfullscreen><\/iframe><\/p>\n","protected":false},"excerpt":{"rendered":"<p>Imagens de c\u00e2meras de seguran\u00e7a que estavam pr\u00f3ximas \u00e0 barragem da mina C\u00f3rrego do Feij\u00e3o, da Vale, que se rompeu em Brumadinho na sexta-feira, 25, mostram o momento em que a lama come\u00e7a a se espalhar. As imagens foram obtidas e divulgadas pelas TVs Globo e Bandeirantes. No in\u00edcio do segundo v\u00eddeo, \u00e9 poss\u00edvel ver [&hellip;]<\/p>\n","protected":false},"author":2,"featured_media":200513,"comment_status":"closed","ping_status":"closed","sticky":false,"template":"","format":"standard","meta":{"_acf_changed":false,"footnotes":""},"categories":[16],"tags":[95],"class_list":["post-201213","post","type-post","status-publish","format-standard","has-post-thumbnail","hentry","category-brasil","tag-capa"],"acf":[],"yoast_head":"<!-- This site is optimized with the Yoast SEO plugin v27.2 - https:\/\/yoast.com\/product\/yoast-seo-wordpress\/ -->\n<title>Mar de lama. Assim come\u00e7ou trag\u00e9dia em Brumadinho - Notibras<\/title>\n<meta name=\"robots\" content=\"index, follow, max-snippet:-1, max-image-preview:large, max-video-preview:-1\" \/>\n<link rel=\"canonical\" href=\"https:\/\/www.notibras.com\/site\/mar-de-lama-assim-comecou-tragedia-em-brumadinho\/\" \/>\n<meta property=\"og:locale\" content=\"pt_BR\" \/>\n<meta property=\"og:type\" content=\"article\" \/>\n<meta property=\"og:title\" content=\"Mar de lama. Assim come\u00e7ou trag\u00e9dia em Brumadinho - Notibras\" \/>\n<meta property=\"og:description\" content=\"Imagens de c\u00e2meras de seguran\u00e7a que estavam pr\u00f3ximas \u00e0 barragem da mina C\u00f3rrego do Feij\u00e3o, da Vale, que se rompeu em Brumadinho na sexta-feira, 25, mostram o momento em que a lama come\u00e7a a se espalhar. As imagens foram obtidas e divulgadas pelas TVs Globo e Bandeirantes. No in\u00edcio do segundo v\u00eddeo, \u00e9 poss\u00edvel ver [&hellip;]\" \/>\n<meta property=\"og:url\" content=\"https:\/\/www.notibras.com\/site\/mar-de-lama-assim-comecou-tragedia-em-brumadinho\/\" \/>\n<meta property=\"og:site_name\" content=\"Notibras\" \/>\n<meta property=\"article:publisher\" content=\"https:\/\/www.facebook.com\/notibras\/\" \/>\n<meta property=\"article:published_time\" content=\"2019-02-01T18:17:10+00:00\" \/>\n<meta property=\"article:modified_time\" content=\"2019-02-01T19:23:56+00:00\" \/>\n<meta property=\"og:image\" content=\"https:\/\/www.notibras.com\/site\/wp-content\/uploads\/2019\/01\/brumadinho.2.jpeg\" \/>\n\t<meta property=\"og:image:width\" content=\"1600\" \/>\n\t<meta property=\"og:image:height\" content=\"900\" \/>\n\t<meta property=\"og:image:type\" content=\"image\/jpeg\" \/>\n<meta name=\"author\" content=\"Reda\u00e7\u00e3o\" \/>\n<meta name=\"twitter:card\" content=\"summary_large_image\" \/>\n<meta name=\"twitter:creator\" content=\"@Notibras\" \/>\n<meta name=\"twitter:site\" content=\"@Notibras\" \/>\n<meta name=\"twitter:label1\" content=\"Escrito por\" \/>\n\t<meta name=\"twitter:data1\" content=\"Reda\u00e7\u00e3o\" \/>\n\t<meta name=\"twitter:label2\" content=\"Est. tempo de leitura\" \/>\n\t<meta name=\"twitter:data2\" content=\"2 minutos\" \/>\n<script type=\"application\/ld+json\" class=\"yoast-schema-graph\">{\"@context\":\"https:\/\/schema.org\",\"@graph\":[{\"@type\":\"Article\",\"@id\":\"https:\/\/www.notibras.com\/site\/mar-de-lama-assim-comecou-tragedia-em-brumadinho\/#article\",\"isPartOf\":{\"@id\":\"https:\/\/www.notibras.com\/site\/mar-de-lama-assim-comecou-tragedia-em-brumadinho\/\"},\"author\":{\"name\":\"Reda\u00e7\u00e3o\",\"@id\":\"https:\/\/www.notibras.com\/site\/#\/schema\/person\/36ab0979449956132d3e5b517ea76ac8\"},\"headline\":\"Mar de lama. Assim come\u00e7ou trag\u00e9dia em Brumadinho\",\"datePublished\":\"2019-02-01T18:17:10+00:00\",\"dateModified\":\"2019-02-01T19:23:56+00:00\",\"mainEntityOfPage\":{\"@id\":\"https:\/\/www.notibras.com\/site\/mar-de-lama-assim-comecou-tragedia-em-brumadinho\/\"},\"wordCount\":453,\"publisher\":{\"@id\":\"https:\/\/www.notibras.com\/site\/#organization\"},\"image\":{\"@id\":\"https:\/\/www.notibras.com\/site\/mar-de-lama-assim-comecou-tragedia-em-brumadinho\/#primaryimage\"},\"thumbnailUrl\":\"https:\/\/www.notibras.com\/site\/wp-content\/uploads\/2019\/01\/brumadinho.2.jpeg\",\"keywords\":[\"capa\"],\"articleSection\":[\"Brasil\"],\"inLanguage\":\"pt-BR\"},{\"@type\":\"WebPage\",\"@id\":\"https:\/\/www.notibras.com\/site\/mar-de-lama-assim-comecou-tragedia-em-brumadinho\/\",\"url\":\"https:\/\/www.notibras.com\/site\/mar-de-lama-assim-comecou-tragedia-em-brumadinho\/\",\"name\":\"Mar de lama. Assim come\u00e7ou trag\u00e9dia em Brumadinho - Notibras\",\"isPartOf\":{\"@id\":\"https:\/\/www.notibras.com\/site\/#website\"},\"primaryImageOfPage\":{\"@id\":\"https:\/\/www.notibras.com\/site\/mar-de-lama-assim-comecou-tragedia-em-brumadinho\/#primaryimage\"},\"image\":{\"@id\":\"https:\/\/www.notibras.com\/site\/mar-de-lama-assim-comecou-tragedia-em-brumadinho\/#primaryimage\"},\"thumbnailUrl\":\"https:\/\/www.notibras.com\/site\/wp-content\/uploads\/2019\/01\/brumadinho.2.jpeg\",\"datePublished\":\"2019-02-01T18:17:10+00:00\",\"dateModified\":\"2019-02-01T19:23:56+00:00\",\"breadcrumb\":{\"@id\":\"https:\/\/www.notibras.com\/site\/mar-de-lama-assim-comecou-tragedia-em-brumadinho\/#breadcrumb\"},\"inLanguage\":\"pt-BR\",\"potentialAction\":[{\"@type\":\"ReadAction\",\"target\":[\"https:\/\/www.notibras.com\/site\/mar-de-lama-assim-comecou-tragedia-em-brumadinho\/\"]}]},{\"@type\":\"ImageObject\",\"inLanguage\":\"pt-BR\",\"@id\":\"https:\/\/www.notibras.com\/site\/mar-de-lama-assim-comecou-tragedia-em-brumadinho\/#primaryimage\",\"url\":\"https:\/\/www.notibras.com\/site\/wp-content\/uploads\/2019\/01\/brumadinho.2.jpeg\",\"contentUrl\":\"https:\/\/www.notibras.com\/site\/wp-content\/uploads\/2019\/01\/brumadinho.2.jpeg\",\"width\":1600,\"height\":900,\"caption\":\"Foto\/Divulga\u00e7\u00e3o - Corpo de Bombeiros\"},{\"@type\":\"BreadcrumbList\",\"@id\":\"https:\/\/www.notibras.com\/site\/mar-de-lama-assim-comecou-tragedia-em-brumadinho\/#breadcrumb\",\"itemListElement\":[{\"@type\":\"ListItem\",\"position\":1,\"name\":\"In\u00edcio\",\"item\":\"https:\/\/www.notibras.com\/site\/\"},{\"@type\":\"ListItem\",\"position\":2,\"name\":\"Mar de lama. Assim come\u00e7ou trag\u00e9dia em Brumadinho\"}]},{\"@type\":\"WebSite\",\"@id\":\"https:\/\/www.notibras.com\/site\/#website\",\"url\":\"https:\/\/www.notibras.com\/site\/\",\"name\":\"Notibras\",\"description\":\"Not\u00edcias de Bras\u00edlia, do Brasil e do Mundo\",\"publisher\":{\"@id\":\"https:\/\/www.notibras.com\/site\/#organization\"},\"potentialAction\":[{\"@type\":\"SearchAction\",\"target\":{\"@type\":\"EntryPoint\",\"urlTemplate\":\"https:\/\/www.notibras.com\/site\/?s={search_term_string}\"},\"query-input\":{\"@type\":\"PropertyValueSpecification\",\"valueRequired\":true,\"valueName\":\"search_term_string\"}}],\"inLanguage\":\"pt-BR\"},{\"@type\":\"Organization\",\"@id\":\"https:\/\/www.notibras.com\/site\/#organization\",\"name\":\"Grupo Notibras de Comunica\u00e7\u00e3o\",\"url\":\"https:\/\/www.notibras.com\/site\/\",\"logo\":{\"@type\":\"ImageObject\",\"inLanguage\":\"pt-BR\",\"@id\":\"https:\/\/www.notibras.com\/site\/#\/schema\/logo\/image\/\",\"url\":\"https:\/\/www.notibras.com\/site\/wp-content\/uploads\/2023\/01\/notibras23.png\",\"contentUrl\":\"https:\/\/www.notibras.com\/site\/wp-content\/uploads\/2023\/01\/notibras23.png\",\"width\":350,\"height\":87,\"caption\":\"Grupo Notibras de Comunica\u00e7\u00e3o\"},\"image\":{\"@id\":\"https:\/\/www.notibras.com\/site\/#\/schema\/logo\/image\/\"},\"sameAs\":[\"https:\/\/www.facebook.com\/notibras\/\",\"https:\/\/x.com\/Notibras\",\"https:\/\/www.instagram.com\/notibras\/\"]},{\"@type\":\"Person\",\"@id\":\"https:\/\/www.notibras.com\/site\/#\/schema\/person\/36ab0979449956132d3e5b517ea76ac8\",\"name\":\"Reda\u00e7\u00e3o\",\"image\":{\"@type\":\"ImageObject\",\"inLanguage\":\"pt-BR\",\"@id\":\"https:\/\/secure.gravatar.com\/avatar\/e0a867bdedb85fd243eadf09663511f96fc81e0720a4a42581f334ad4303aa6b?s=96&d=mm&r=g\",\"url\":\"https:\/\/secure.gravatar.com\/avatar\/e0a867bdedb85fd243eadf09663511f96fc81e0720a4a42581f334ad4303aa6b?s=96&d=mm&r=g\",\"contentUrl\":\"https:\/\/secure.gravatar.com\/avatar\/e0a867bdedb85fd243eadf09663511f96fc81e0720a4a42581f334ad4303aa6b?s=96&d=mm&r=g\",\"caption\":\"Reda\u00e7\u00e3o\"}}]}<\/script>\n<!-- \/ Yoast SEO plugin. -->","yoast_head_json":{"title":"Mar de lama. Assim come\u00e7ou trag\u00e9dia em Brumadinho - Notibras","robots":{"index":"index","follow":"follow","max-snippet":"max-snippet:-1","max-image-preview":"max-image-preview:large","max-video-preview":"max-video-preview:-1"},"canonical":"https:\/\/www.notibras.com\/site\/mar-de-lama-assim-comecou-tragedia-em-brumadinho\/","og_locale":"pt_BR","og_type":"article","og_title":"Mar de lama. Assim come\u00e7ou trag\u00e9dia em Brumadinho - Notibras","og_description":"Imagens de c\u00e2meras de seguran\u00e7a que estavam pr\u00f3ximas \u00e0 barragem da mina C\u00f3rrego do Feij\u00e3o, da Vale, que se rompeu em Brumadinho na sexta-feira, 25, mostram o momento em que a lama come\u00e7a a se espalhar. As imagens foram obtidas e divulgadas pelas TVs Globo e Bandeirantes. No in\u00edcio do segundo v\u00eddeo, \u00e9 poss\u00edvel ver [&hellip;]","og_url":"https:\/\/www.notibras.com\/site\/mar-de-lama-assim-comecou-tragedia-em-brumadinho\/","og_site_name":"Notibras","article_publisher":"https:\/\/www.facebook.com\/notibras\/","article_published_time":"2019-02-01T18:17:10+00:00","article_modified_time":"2019-02-01T19:23:56+00:00","og_image":[{"width":1600,"height":900,"url":"https:\/\/www.notibras.com\/site\/wp-content\/uploads\/2019\/01\/brumadinho.2.jpeg","type":"image\/jpeg"}],"author":"Reda\u00e7\u00e3o","twitter_card":"summary_large_image","twitter_creator":"@Notibras","twitter_site":"@Notibras","twitter_misc":{"Escrito por":"Reda\u00e7\u00e3o","Est. tempo de leitura":"2 minutos"},"schema":{"@context":"https:\/\/schema.org","@graph":[{"@type":"Article","@id":"https:\/\/www.notibras.com\/site\/mar-de-lama-assim-comecou-tragedia-em-brumadinho\/#article","isPartOf":{"@id":"https:\/\/www.notibras.com\/site\/mar-de-lama-assim-comecou-tragedia-em-brumadinho\/"},"author":{"name":"Reda\u00e7\u00e3o","@id":"https:\/\/www.notibras.com\/site\/#\/schema\/person\/36ab0979449956132d3e5b517ea76ac8"},"headline":"Mar de lama. Assim come\u00e7ou trag\u00e9dia em Brumadinho","datePublished":"2019-02-01T18:17:10+00:00","dateModified":"2019-02-01T19:23:56+00:00","mainEntityOfPage":{"@id":"https:\/\/www.notibras.com\/site\/mar-de-lama-assim-comecou-tragedia-em-brumadinho\/"},"wordCount":453,"publisher":{"@id":"https:\/\/www.notibras.com\/site\/#organization"},"image":{"@id":"https:\/\/www.notibras.com\/site\/mar-de-lama-assim-comecou-tragedia-em-brumadinho\/#primaryimage"},"thumbnailUrl":"https:\/\/www.notibras.com\/site\/wp-content\/uploads\/2019\/01\/brumadinho.2.jpeg","keywords":["capa"],"articleSection":["Brasil"],"inLanguage":"pt-BR"},{"@type":"WebPage","@id":"https:\/\/www.notibras.com\/site\/mar-de-lama-assim-comecou-tragedia-em-brumadinho\/","url":"https:\/\/www.notibras.com\/site\/mar-de-lama-assim-comecou-tragedia-em-brumadinho\/","name":"Mar de lama. Assim come\u00e7ou trag\u00e9dia em Brumadinho - Notibras","isPartOf":{"@id":"https:\/\/www.notibras.com\/site\/#website"},"primaryImageOfPage":{"@id":"https:\/\/www.notibras.com\/site\/mar-de-lama-assim-comecou-tragedia-em-brumadinho\/#primaryimage"},"image":{"@id":"https:\/\/www.notibras.com\/site\/mar-de-lama-assim-comecou-tragedia-em-brumadinho\/#primaryimage"},"thumbnailUrl":"https:\/\/www.notibras.com\/site\/wp-content\/uploads\/2019\/01\/brumadinho.2.jpeg","datePublished":"2019-02-01T18:17:10+00:00","dateModified":"2019-02-01T19:23:56+00:00","breadcrumb":{"@id":"https:\/\/www.notibras.com\/site\/mar-de-lama-assim-comecou-tragedia-em-brumadinho\/#breadcrumb"},"inLanguage":"pt-BR","potentialAction":[{"@type":"ReadAction","target":["https:\/\/www.notibras.com\/site\/mar-de-lama-assim-comecou-tragedia-em-brumadinho\/"]}]},{"@type":"ImageObject","inLanguage":"pt-BR","@id":"https:\/\/www.notibras.com\/site\/mar-de-lama-assim-comecou-tragedia-em-brumadinho\/#primaryimage","url":"https:\/\/www.notibras.com\/site\/wp-content\/uploads\/2019\/01\/brumadinho.2.jpeg","contentUrl":"https:\/\/www.notibras.com\/site\/wp-content\/uploads\/2019\/01\/brumadinho.2.jpeg","width":1600,"height":900,"caption":"Foto\/Divulga\u00e7\u00e3o - Corpo de Bombeiros"},{"@type":"BreadcrumbList","@id":"https:\/\/www.notibras.com\/site\/mar-de-lama-assim-comecou-tragedia-em-brumadinho\/#breadcrumb","itemListElement":[{"@type":"ListItem","position":1,"name":"In\u00edcio","item":"https:\/\/www.notibras.com\/site\/"},{"@type":"ListItem","position":2,"name":"Mar de lama. Assim come\u00e7ou trag\u00e9dia em Brumadinho"}]},{"@type":"WebSite","@id":"https:\/\/www.notibras.com\/site\/#website","url":"https:\/\/www.notibras.com\/site\/","name":"Notibras","description":"Not\u00edcias de Bras\u00edlia, do Brasil e do Mundo","publisher":{"@id":"https:\/\/www.notibras.com\/site\/#organization"},"potentialAction":[{"@type":"SearchAction","target":{"@type":"EntryPoint","urlTemplate":"https:\/\/www.notibras.com\/site\/?s={search_term_string}"},"query-input":{"@type":"PropertyValueSpecification","valueRequired":true,"valueName":"search_term_string"}}],"inLanguage":"pt-BR"},{"@type":"Organization","@id":"https:\/\/www.notibras.com\/site\/#organization","name":"Grupo Notibras de Comunica\u00e7\u00e3o","url":"https:\/\/www.notibras.com\/site\/","logo":{"@type":"ImageObject","inLanguage":"pt-BR","@id":"https:\/\/www.notibras.com\/site\/#\/schema\/logo\/image\/","url":"https:\/\/www.notibras.com\/site\/wp-content\/uploads\/2023\/01\/notibras23.png","contentUrl":"https:\/\/www.notibras.com\/site\/wp-content\/uploads\/2023\/01\/notibras23.png","width":350,"height":87,"caption":"Grupo Notibras de Comunica\u00e7\u00e3o"},"image":{"@id":"https:\/\/www.notibras.com\/site\/#\/schema\/logo\/image\/"},"sameAs":["https:\/\/www.facebook.com\/notibras\/","https:\/\/x.com\/Notibras","https:\/\/www.instagram.com\/notibras\/"]},{"@type":"Person","@id":"https:\/\/www.notibras.com\/site\/#\/schema\/person\/36ab0979449956132d3e5b517ea76ac8","name":"Reda\u00e7\u00e3o","image":{"@type":"ImageObject","inLanguage":"pt-BR","@id":"https:\/\/secure.gravatar.com\/avatar\/e0a867bdedb85fd243eadf09663511f96fc81e0720a4a42581f334ad4303aa6b?s=96&d=mm&r=g","url":"https:\/\/secure.gravatar.com\/avatar\/e0a867bdedb85fd243eadf09663511f96fc81e0720a4a42581f334ad4303aa6b?s=96&d=mm&r=g","contentUrl":"https:\/\/secure.gravatar.com\/avatar\/e0a867bdedb85fd243eadf09663511f96fc81e0720a4a42581f334ad4303aa6b?s=96&d=mm&r=g","caption":"Reda\u00e7\u00e3o"}}]}},"amp_enabled":true,"_links":{"self":[{"href":"https:\/\/www.notibras.com\/site\/wp-json\/wp\/v2\/posts\/201213","targetHints":{"allow":["GET"]}}],"collection":[{"href":"https:\/\/www.notibras.com\/site\/wp-json\/wp\/v2\/posts"}],"about":[{"href":"https:\/\/www.notibras.com\/site\/wp-json\/wp\/v2\/types\/post"}],"author":[{"embeddable":true,"href":"https:\/\/www.notibras.com\/site\/wp-json\/wp\/v2\/users\/2"}],"replies":[{"embeddable":true,"href":"https:\/\/www.notibras.com\/site\/wp-json\/wp\/v2\/comments?post=201213"}],"version-history":[{"count":2,"href":"https:\/\/www.notibras.com\/site\/wp-json\/wp\/v2\/posts\/201213\/revisions"}],"predecessor-version":[{"id":201216,"href":"https:\/\/www.notibras.com\/site\/wp-json\/wp\/v2\/posts\/201213\/revisions\/201216"}],"wp:featuredmedia":[{"embeddable":true,"href":"https:\/\/www.notibras.com\/site\/wp-json\/wp\/v2\/media\/200513"}],"wp:attachment":[{"href":"https:\/\/www.notibras.com\/site\/wp-json\/wp\/v2\/media?parent=201213"}],"wp:term":[{"taxonomy":"category","embeddable":true,"href":"https:\/\/www.notibras.com\/site\/wp-json\/wp\/v2\/categories?post=201213"},{"taxonomy":"post_tag","embeddable":true,"href":"https:\/\/www.notibras.com\/site\/wp-json\/wp\/v2\/tags?post=201213"}],"curies":[{"name":"wp","href":"https:\/\/api.w.org\/{rel}","templated":true}]}}