{"id":201233,"date":"2019-02-01T18:21:18","date_gmt":"2019-02-01T20:21:18","guid":{"rendered":"https:\/\/www.notibras.com\/site\/?p=201233"},"modified":"2019-02-01T18:21:18","modified_gmt":"2019-02-01T20:21:18","slug":"trump-rompe-acordo-nuclear-com-os-russos","status":"publish","type":"post","link":"https:\/\/www.notibras.com\/site\/trump-rompe-acordo-nuclear-com-os-russos\/","title":{"rendered":"Trump rompe acordo nuclear com os russos"},"content":{"rendered":"<p>Os Estados Unidos anunciaram nesta sexta-feira, 1\u00ba, sua retirada do Tratado de For\u00e7as Nucleares de Alcance Intermedi\u00e1rio (INF) com a R\u00fassia sobre as armas nucleares de alcance intermedi\u00e1rio, um marco da Guerra Fria, acusando Moscou de n\u00e3o cumpri-lo.<\/p>\n<p>A partir de s\u00e1bado, os &#8220;Estados Unidos suspender\u00e3o suas obriga\u00e7\u00f5es no marco do Tratado INF e come\u00e7ar\u00e1 o processo de retirada&#8221;, que deve ser conclu\u00eddo em seis meses, &#8220;a n\u00e3o ser que a R\u00fassia volte a respeit\u00e1-lo destruindo todos os m\u00edsseis, lan\u00e7adores e equipamentos que violam o texto&#8221;, disse o presidente americano, Donald Trump, em comunicado.<\/p>\n<p>&#8220;Durante muito tempo a R\u00fassia violou com impunidade o Tratado de For\u00e7as Nucleares de Alcance Intermedi\u00e1rio (INF), desenvolvendo e implementando secretamente um sistema de m\u00edsseis proibidos que representam uma amea\u00e7a direta aos nossos aliados e tropas no exterior&#8221;, afirmou Trump.<\/p>\n<p>O presidente americano disse que seu pa\u00eds come\u00e7ar\u00e1 a desenvolver &#8220;op\u00e7\u00f5es de resposta militar&#8221; e trabalhar\u00e1 com a Organiza\u00e7\u00e3o do Tratado do Atl\u00e2ntico Norte (Otan) para adaptar-se \u00e0 nova situa\u00e7\u00e3o causada pela suspens\u00e3o da participa\u00e7\u00e3o no acordo.<\/p>\n<p>&#8220;Desenvolveremos nossas pr\u00f3prias op\u00e7\u00f5es de resposta militar e trabalharemos com a Otan e com nossos aliados e s\u00f3cios para negar para a R\u00fassia qualquer vantagem militar derivada de sua conduta ilegal&#8221;, completou Trump.<\/p>\n<p>O chefe da diplomacia americana, Mike Pompeo, garantiu, no entanto, que Washington est\u00e1 pronto para continuar as conversas com Moscou &#8220;sobre a quest\u00e3o do desarmamento&#8221;.<\/p>\n<p>O tratado negociado pelo ent\u00e3o presidente dos EUA Ronald Regan e pelo l\u00edder sovi\u00e9tico Mikhail Gorbachev em 1987, estabeleceu a elimina\u00e7\u00e3o de m\u00edsseis nucleares e convencionais de alcances curto e intermedi\u00e1rio por ambos os pa\u00edses.<\/p>\n<p>EUA e R\u00fassia se acusam mutuamente de violar o tratado, que pro\u00edbe os dois pa\u00edses signat\u00e1rios de fabricar, desenvolver ou testar m\u00edsseis de curto alcance (500 km a 1.000 km) e de m\u00e9dio alcance (1.000 km a 5.000 km).<\/p>\n<p>Desde que Trump amea\u00e7ou em outubro suspender o pacto, os EUA mantiveram v\u00e1rias negocia\u00e7\u00f5es com a R\u00fassia para tentar chegar a um acordo. A \u00faltima rodada terminou sem \u00eaxito na quinta-feira, 31.<\/p>\n<p>O vice-ministro de Rela\u00e7\u00f5es Exteriores da R\u00fassia, Serguei Riabkov, alertou que a suspens\u00e3o do tratado &#8220;significa, de fato, que os EUA se libera de qualquer tipo de restri\u00e7\u00e3o&#8221; e que &#8220;no pior dos cen\u00e1rios, agora mesmo podem aparecer em terra 24 m\u00edsseis de cruzeiro Tomahawk com cargas nucelares&#8221;.<\/p>\n","protected":false},"excerpt":{"rendered":"<p>Os Estados Unidos anunciaram nesta sexta-feira, 1\u00ba, sua retirada do Tratado de For\u00e7as Nucleares de Alcance Intermedi\u00e1rio (INF) com a R\u00fassia sobre as armas nucleares de alcance intermedi\u00e1rio, um marco da Guerra Fria, acusando Moscou de n\u00e3o cumpri-lo. A partir de s\u00e1bado, os &#8220;Estados Unidos suspender\u00e3o suas obriga\u00e7\u00f5es no marco do Tratado INF e come\u00e7ar\u00e1 [&hellip;]<\/p>\n","protected":false},"author":2,"featured_media":201234,"comment_status":"closed","ping_status":"closed","sticky":false,"template":"","format":"standard","meta":{"_acf_changed":false,"footnotes":""},"categories":[17],"tags":[95],"class_list":["post-201233","post","type-post","status-publish","format-standard","has-post-thumbnail","hentry","category-mundo","tag-capa"],"acf":[],"yoast_head":"<!-- This site is optimized with the Yoast SEO plugin v27.2 - https:\/\/yoast.com\/product\/yoast-seo-wordpress\/ -->\n<title>Trump rompe acordo nuclear com os russos - Notibras<\/title>\n<meta name=\"robots\" content=\"index, follow, max-snippet:-1, max-image-preview:large, max-video-preview:-1\" \/>\n<link rel=\"canonical\" href=\"https:\/\/www.notibras.com\/site\/trump-rompe-acordo-nuclear-com-os-russos\/\" \/>\n<meta property=\"og:locale\" content=\"pt_BR\" \/>\n<meta property=\"og:type\" content=\"article\" \/>\n<meta property=\"og:title\" content=\"Trump rompe acordo nuclear com os russos - Notibras\" \/>\n<meta property=\"og:description\" content=\"Os Estados Unidos anunciaram nesta sexta-feira, 1\u00ba, sua retirada do Tratado de For\u00e7as Nucleares de Alcance Intermedi\u00e1rio (INF) com a R\u00fassia sobre as armas nucleares de alcance intermedi\u00e1rio, um marco da Guerra Fria, acusando Moscou de n\u00e3o cumpri-lo. A partir de s\u00e1bado, os &#8220;Estados Unidos suspender\u00e3o suas obriga\u00e7\u00f5es no marco do Tratado INF e come\u00e7ar\u00e1 [&hellip;]\" \/>\n<meta property=\"og:url\" content=\"https:\/\/www.notibras.com\/site\/trump-rompe-acordo-nuclear-com-os-russos\/\" \/>\n<meta property=\"og:site_name\" content=\"Notibras\" \/>\n<meta property=\"article:publisher\" content=\"https:\/\/www.facebook.com\/notibras\/\" \/>\n<meta property=\"article:published_time\" content=\"2019-02-01T20:21:18+00:00\" \/>\n<meta property=\"og:image\" content=\"https:\/\/www.notibras.com\/site\/wp-content\/uploads\/2019\/02\/bomba2.jpg\" \/>\n\t<meta property=\"og:image:width\" content=\"1200\" \/>\n\t<meta property=\"og:image:height\" content=\"750\" \/>\n\t<meta property=\"og:image:type\" content=\"image\/jpeg\" \/>\n<meta name=\"author\" content=\"Reda\u00e7\u00e3o\" \/>\n<meta name=\"twitter:card\" content=\"summary_large_image\" \/>\n<meta name=\"twitter:creator\" content=\"@Notibras\" \/>\n<meta name=\"twitter:site\" content=\"@Notibras\" \/>\n<meta name=\"twitter:label1\" content=\"Escrito por\" \/>\n\t<meta name=\"twitter:data1\" content=\"Reda\u00e7\u00e3o\" \/>\n\t<meta name=\"twitter:label2\" content=\"Est. tempo de leitura\" \/>\n\t<meta name=\"twitter:data2\" content=\"2 minutos\" \/>\n<script type=\"application\/ld+json\" class=\"yoast-schema-graph\">{\"@context\":\"https:\/\/schema.org\",\"@graph\":[{\"@type\":\"Article\",\"@id\":\"https:\/\/www.notibras.com\/site\/trump-rompe-acordo-nuclear-com-os-russos\/#article\",\"isPartOf\":{\"@id\":\"https:\/\/www.notibras.com\/site\/trump-rompe-acordo-nuclear-com-os-russos\/\"},\"author\":{\"name\":\"Reda\u00e7\u00e3o\",\"@id\":\"https:\/\/www.notibras.com\/site\/#\/schema\/person\/36ab0979449956132d3e5b517ea76ac8\"},\"headline\":\"Trump rompe acordo nuclear com os russos\",\"datePublished\":\"2019-02-01T20:21:18+00:00\",\"mainEntityOfPage\":{\"@id\":\"https:\/\/www.notibras.com\/site\/trump-rompe-acordo-nuclear-com-os-russos\/\"},\"wordCount\":437,\"publisher\":{\"@id\":\"https:\/\/www.notibras.com\/site\/#organization\"},\"image\":{\"@id\":\"https:\/\/www.notibras.com\/site\/trump-rompe-acordo-nuclear-com-os-russos\/#primaryimage\"},\"thumbnailUrl\":\"https:\/\/www.notibras.com\/site\/wp-content\/uploads\/2019\/02\/bomba2.jpg\",\"keywords\":[\"capa\"],\"articleSection\":[\"Mundo\"],\"inLanguage\":\"pt-BR\"},{\"@type\":\"WebPage\",\"@id\":\"https:\/\/www.notibras.com\/site\/trump-rompe-acordo-nuclear-com-os-russos\/\",\"url\":\"https:\/\/www.notibras.com\/site\/trump-rompe-acordo-nuclear-com-os-russos\/\",\"name\":\"Trump rompe acordo nuclear com os russos - Notibras\",\"isPartOf\":{\"@id\":\"https:\/\/www.notibras.com\/site\/#website\"},\"primaryImageOfPage\":{\"@id\":\"https:\/\/www.notibras.com\/site\/trump-rompe-acordo-nuclear-com-os-russos\/#primaryimage\"},\"image\":{\"@id\":\"https:\/\/www.notibras.com\/site\/trump-rompe-acordo-nuclear-com-os-russos\/#primaryimage\"},\"thumbnailUrl\":\"https:\/\/www.notibras.com\/site\/wp-content\/uploads\/2019\/02\/bomba2.jpg\",\"datePublished\":\"2019-02-01T20:21:18+00:00\",\"breadcrumb\":{\"@id\":\"https:\/\/www.notibras.com\/site\/trump-rompe-acordo-nuclear-com-os-russos\/#breadcrumb\"},\"inLanguage\":\"pt-BR\",\"potentialAction\":[{\"@type\":\"ReadAction\",\"target\":[\"https:\/\/www.notibras.com\/site\/trump-rompe-acordo-nuclear-com-os-russos\/\"]}]},{\"@type\":\"ImageObject\",\"inLanguage\":\"pt-BR\",\"@id\":\"https:\/\/www.notibras.com\/site\/trump-rompe-acordo-nuclear-com-os-russos\/#primaryimage\",\"url\":\"https:\/\/www.notibras.com\/site\/wp-content\/uploads\/2019\/02\/bomba2.jpg\",\"contentUrl\":\"https:\/\/www.notibras.com\/site\/wp-content\/uploads\/2019\/02\/bomba2.jpg\",\"width\":1200,\"height\":750},{\"@type\":\"BreadcrumbList\",\"@id\":\"https:\/\/www.notibras.com\/site\/trump-rompe-acordo-nuclear-com-os-russos\/#breadcrumb\",\"itemListElement\":[{\"@type\":\"ListItem\",\"position\":1,\"name\":\"In\u00edcio\",\"item\":\"https:\/\/www.notibras.com\/site\/\"},{\"@type\":\"ListItem\",\"position\":2,\"name\":\"Trump rompe acordo nuclear com os russos\"}]},{\"@type\":\"WebSite\",\"@id\":\"https:\/\/www.notibras.com\/site\/#website\",\"url\":\"https:\/\/www.notibras.com\/site\/\",\"name\":\"Notibras\",\"description\":\"Not\u00edcias de Bras\u00edlia, do Brasil e do Mundo\",\"publisher\":{\"@id\":\"https:\/\/www.notibras.com\/site\/#organization\"},\"potentialAction\":[{\"@type\":\"SearchAction\",\"target\":{\"@type\":\"EntryPoint\",\"urlTemplate\":\"https:\/\/www.notibras.com\/site\/?s={search_term_string}\"},\"query-input\":{\"@type\":\"PropertyValueSpecification\",\"valueRequired\":true,\"valueName\":\"search_term_string\"}}],\"inLanguage\":\"pt-BR\"},{\"@type\":\"Organization\",\"@id\":\"https:\/\/www.notibras.com\/site\/#organization\",\"name\":\"Grupo Notibras de Comunica\u00e7\u00e3o\",\"url\":\"https:\/\/www.notibras.com\/site\/\",\"logo\":{\"@type\":\"ImageObject\",\"inLanguage\":\"pt-BR\",\"@id\":\"https:\/\/www.notibras.com\/site\/#\/schema\/logo\/image\/\",\"url\":\"https:\/\/www.notibras.com\/site\/wp-content\/uploads\/2023\/01\/notibras23.png\",\"contentUrl\":\"https:\/\/www.notibras.com\/site\/wp-content\/uploads\/2023\/01\/notibras23.png\",\"width\":350,\"height\":87,\"caption\":\"Grupo Notibras de Comunica\u00e7\u00e3o\"},\"image\":{\"@id\":\"https:\/\/www.notibras.com\/site\/#\/schema\/logo\/image\/\"},\"sameAs\":[\"https:\/\/www.facebook.com\/notibras\/\",\"https:\/\/x.com\/Notibras\",\"https:\/\/www.instagram.com\/notibras\/\"]},{\"@type\":\"Person\",\"@id\":\"https:\/\/www.notibras.com\/site\/#\/schema\/person\/36ab0979449956132d3e5b517ea76ac8\",\"name\":\"Reda\u00e7\u00e3o\",\"image\":{\"@type\":\"ImageObject\",\"inLanguage\":\"pt-BR\",\"@id\":\"https:\/\/secure.gravatar.com\/avatar\/e0a867bdedb85fd243eadf09663511f96fc81e0720a4a42581f334ad4303aa6b?s=96&d=mm&r=g\",\"url\":\"https:\/\/secure.gravatar.com\/avatar\/e0a867bdedb85fd243eadf09663511f96fc81e0720a4a42581f334ad4303aa6b?s=96&d=mm&r=g\",\"contentUrl\":\"https:\/\/secure.gravatar.com\/avatar\/e0a867bdedb85fd243eadf09663511f96fc81e0720a4a42581f334ad4303aa6b?s=96&d=mm&r=g\",\"caption\":\"Reda\u00e7\u00e3o\"}}]}<\/script>\n<!-- \/ Yoast SEO plugin. -->","yoast_head_json":{"title":"Trump rompe acordo nuclear com os russos - Notibras","robots":{"index":"index","follow":"follow","max-snippet":"max-snippet:-1","max-image-preview":"max-image-preview:large","max-video-preview":"max-video-preview:-1"},"canonical":"https:\/\/www.notibras.com\/site\/trump-rompe-acordo-nuclear-com-os-russos\/","og_locale":"pt_BR","og_type":"article","og_title":"Trump rompe acordo nuclear com os russos - Notibras","og_description":"Os Estados Unidos anunciaram nesta sexta-feira, 1\u00ba, sua retirada do Tratado de For\u00e7as Nucleares de Alcance Intermedi\u00e1rio (INF) com a R\u00fassia sobre as armas nucleares de alcance intermedi\u00e1rio, um marco da Guerra Fria, acusando Moscou de n\u00e3o cumpri-lo. A partir de s\u00e1bado, os &#8220;Estados Unidos suspender\u00e3o suas obriga\u00e7\u00f5es no marco do Tratado INF e come\u00e7ar\u00e1 [&hellip;]","og_url":"https:\/\/www.notibras.com\/site\/trump-rompe-acordo-nuclear-com-os-russos\/","og_site_name":"Notibras","article_publisher":"https:\/\/www.facebook.com\/notibras\/","article_published_time":"2019-02-01T20:21:18+00:00","og_image":[{"width":1200,"height":750,"url":"https:\/\/www.notibras.com\/site\/wp-content\/uploads\/2019\/02\/bomba2.jpg","type":"image\/jpeg"}],"author":"Reda\u00e7\u00e3o","twitter_card":"summary_large_image","twitter_creator":"@Notibras","twitter_site":"@Notibras","twitter_misc":{"Escrito por":"Reda\u00e7\u00e3o","Est. tempo de leitura":"2 minutos"},"schema":{"@context":"https:\/\/schema.org","@graph":[{"@type":"Article","@id":"https:\/\/www.notibras.com\/site\/trump-rompe-acordo-nuclear-com-os-russos\/#article","isPartOf":{"@id":"https:\/\/www.notibras.com\/site\/trump-rompe-acordo-nuclear-com-os-russos\/"},"author":{"name":"Reda\u00e7\u00e3o","@id":"https:\/\/www.notibras.com\/site\/#\/schema\/person\/36ab0979449956132d3e5b517ea76ac8"},"headline":"Trump rompe acordo nuclear com os russos","datePublished":"2019-02-01T20:21:18+00:00","mainEntityOfPage":{"@id":"https:\/\/www.notibras.com\/site\/trump-rompe-acordo-nuclear-com-os-russos\/"},"wordCount":437,"publisher":{"@id":"https:\/\/www.notibras.com\/site\/#organization"},"image":{"@id":"https:\/\/www.notibras.com\/site\/trump-rompe-acordo-nuclear-com-os-russos\/#primaryimage"},"thumbnailUrl":"https:\/\/www.notibras.com\/site\/wp-content\/uploads\/2019\/02\/bomba2.jpg","keywords":["capa"],"articleSection":["Mundo"],"inLanguage":"pt-BR"},{"@type":"WebPage","@id":"https:\/\/www.notibras.com\/site\/trump-rompe-acordo-nuclear-com-os-russos\/","url":"https:\/\/www.notibras.com\/site\/trump-rompe-acordo-nuclear-com-os-russos\/","name":"Trump rompe acordo nuclear com os russos - Notibras","isPartOf":{"@id":"https:\/\/www.notibras.com\/site\/#website"},"primaryImageOfPage":{"@id":"https:\/\/www.notibras.com\/site\/trump-rompe-acordo-nuclear-com-os-russos\/#primaryimage"},"image":{"@id":"https:\/\/www.notibras.com\/site\/trump-rompe-acordo-nuclear-com-os-russos\/#primaryimage"},"thumbnailUrl":"https:\/\/www.notibras.com\/site\/wp-content\/uploads\/2019\/02\/bomba2.jpg","datePublished":"2019-02-01T20:21:18+00:00","breadcrumb":{"@id":"https:\/\/www.notibras.com\/site\/trump-rompe-acordo-nuclear-com-os-russos\/#breadcrumb"},"inLanguage":"pt-BR","potentialAction":[{"@type":"ReadAction","target":["https:\/\/www.notibras.com\/site\/trump-rompe-acordo-nuclear-com-os-russos\/"]}]},{"@type":"ImageObject","inLanguage":"pt-BR","@id":"https:\/\/www.notibras.com\/site\/trump-rompe-acordo-nuclear-com-os-russos\/#primaryimage","url":"https:\/\/www.notibras.com\/site\/wp-content\/uploads\/2019\/02\/bomba2.jpg","contentUrl":"https:\/\/www.notibras.com\/site\/wp-content\/uploads\/2019\/02\/bomba2.jpg","width":1200,"height":750},{"@type":"BreadcrumbList","@id":"https:\/\/www.notibras.com\/site\/trump-rompe-acordo-nuclear-com-os-russos\/#breadcrumb","itemListElement":[{"@type":"ListItem","position":1,"name":"In\u00edcio","item":"https:\/\/www.notibras.com\/site\/"},{"@type":"ListItem","position":2,"name":"Trump rompe acordo nuclear com os russos"}]},{"@type":"WebSite","@id":"https:\/\/www.notibras.com\/site\/#website","url":"https:\/\/www.notibras.com\/site\/","name":"Notibras","description":"Not\u00edcias de Bras\u00edlia, do Brasil e do Mundo","publisher":{"@id":"https:\/\/www.notibras.com\/site\/#organization"},"potentialAction":[{"@type":"SearchAction","target":{"@type":"EntryPoint","urlTemplate":"https:\/\/www.notibras.com\/site\/?s={search_term_string}"},"query-input":{"@type":"PropertyValueSpecification","valueRequired":true,"valueName":"search_term_string"}}],"inLanguage":"pt-BR"},{"@type":"Organization","@id":"https:\/\/www.notibras.com\/site\/#organization","name":"Grupo Notibras de Comunica\u00e7\u00e3o","url":"https:\/\/www.notibras.com\/site\/","logo":{"@type":"ImageObject","inLanguage":"pt-BR","@id":"https:\/\/www.notibras.com\/site\/#\/schema\/logo\/image\/","url":"https:\/\/www.notibras.com\/site\/wp-content\/uploads\/2023\/01\/notibras23.png","contentUrl":"https:\/\/www.notibras.com\/site\/wp-content\/uploads\/2023\/01\/notibras23.png","width":350,"height":87,"caption":"Grupo Notibras de Comunica\u00e7\u00e3o"},"image":{"@id":"https:\/\/www.notibras.com\/site\/#\/schema\/logo\/image\/"},"sameAs":["https:\/\/www.facebook.com\/notibras\/","https:\/\/x.com\/Notibras","https:\/\/www.instagram.com\/notibras\/"]},{"@type":"Person","@id":"https:\/\/www.notibras.com\/site\/#\/schema\/person\/36ab0979449956132d3e5b517ea76ac8","name":"Reda\u00e7\u00e3o","image":{"@type":"ImageObject","inLanguage":"pt-BR","@id":"https:\/\/secure.gravatar.com\/avatar\/e0a867bdedb85fd243eadf09663511f96fc81e0720a4a42581f334ad4303aa6b?s=96&d=mm&r=g","url":"https:\/\/secure.gravatar.com\/avatar\/e0a867bdedb85fd243eadf09663511f96fc81e0720a4a42581f334ad4303aa6b?s=96&d=mm&r=g","contentUrl":"https:\/\/secure.gravatar.com\/avatar\/e0a867bdedb85fd243eadf09663511f96fc81e0720a4a42581f334ad4303aa6b?s=96&d=mm&r=g","caption":"Reda\u00e7\u00e3o"}}]}},"amp_enabled":true,"_links":{"self":[{"href":"https:\/\/www.notibras.com\/site\/wp-json\/wp\/v2\/posts\/201233","targetHints":{"allow":["GET"]}}],"collection":[{"href":"https:\/\/www.notibras.com\/site\/wp-json\/wp\/v2\/posts"}],"about":[{"href":"https:\/\/www.notibras.com\/site\/wp-json\/wp\/v2\/types\/post"}],"author":[{"embeddable":true,"href":"https:\/\/www.notibras.com\/site\/wp-json\/wp\/v2\/users\/2"}],"replies":[{"embeddable":true,"href":"https:\/\/www.notibras.com\/site\/wp-json\/wp\/v2\/comments?post=201233"}],"version-history":[{"count":1,"href":"https:\/\/www.notibras.com\/site\/wp-json\/wp\/v2\/posts\/201233\/revisions"}],"predecessor-version":[{"id":201235,"href":"https:\/\/www.notibras.com\/site\/wp-json\/wp\/v2\/posts\/201233\/revisions\/201235"}],"wp:featuredmedia":[{"embeddable":true,"href":"https:\/\/www.notibras.com\/site\/wp-json\/wp\/v2\/media\/201234"}],"wp:attachment":[{"href":"https:\/\/www.notibras.com\/site\/wp-json\/wp\/v2\/media?parent=201233"}],"wp:term":[{"taxonomy":"category","embeddable":true,"href":"https:\/\/www.notibras.com\/site\/wp-json\/wp\/v2\/categories?post=201233"},{"taxonomy":"post_tag","embeddable":true,"href":"https:\/\/www.notibras.com\/site\/wp-json\/wp\/v2\/tags?post=201233"}],"curies":[{"name":"wp","href":"https:\/\/api.w.org\/{rel}","templated":true}]}}