{"id":201314,"date":"2019-02-02T13:48:58","date_gmt":"2019-02-02T15:48:58","guid":{"rendered":"https:\/\/www.notibras.com\/site\/?p=201314"},"modified":"2019-02-02T15:12:39","modified_gmt":"2019-02-02T17:12:39","slug":"planalto-rejeita-ditadura-de-juizes-e-mira-toffoli","status":"publish","type":"post","link":"https:\/\/www.notibras.com\/site\/planalto-rejeita-ditadura-de-juizes-e-mira-toffoli\/","title":{"rendered":"Planalto rejeita ditadura de ju\u00edzes e mira Toffoli"},"content":{"rendered":"<p>A decis\u00e3o monocr\u00e1tica do presidente do Supremo Tribunal Federal (STF), Dias Toffoli, de anular a decis\u00e3o que aprovou uma vota\u00e7\u00e3o aberta para a presid\u00eancia da Casa, foi vista com preocupa\u00e7\u00e3o por interlocutores do presidente Jair Bolsonaro. Para assessores, Toffoli interferiu indevidamente no Senado mesmo havendo entendimentos anteriores de que inger\u00eancias sobre assuntos internos de outro poder n\u00e3o poderiam ocorrer. Acompanhe ao vivo a vota\u00e7\u00e3o no Senado.<\/p>\n<p>Em uma sess\u00e3o tumultuada ontem, os senadores aprovaram, por 50 votos a 2, que a escolha do pr\u00f3ximo presidente da Casa seria por voto aberto. Toffoli, por\u00e9m, acatou pedido do MDB e do Solidariedade para anular esta decis\u00e3o e manter a vota\u00e7\u00e3o secreta, como prev\u00ea o Regimento Interno do Senado. Os senadores retomaram a sess\u00e3o na manh\u00e3 deste s\u00e1bado para discutir se votam de forma aberta e secreta.<\/p>\n<p>Seja qual for o resultado, a avalia\u00e7\u00e3o dos interlocutores de Bolsonaro \u00e9 que a situa\u00e7\u00e3o \u201cfugiu do controle\u201d e poder\u00e1 trazer \u201csequelas\u201d ao governo em vota\u00e7\u00f5es importantes, como a reforma da Previd\u00eancia.<\/p>\n<p>A disputa no Senado se d\u00e1 principalmente entre o senador Renan Calheiros (MDB-AL), que j\u00e1 presidiu a Casa por quatro vezes, e Davi Alcolumbre (DEM-AP), que teve apoio velado do ministro da Casa Civil, Onyx Lorenzoni. Neste momento, a avalia\u00e7\u00e3o \u00e9 de que, em qualquer cen\u00e1rio, o governo j\u00e1 saiu perdendo, com o desgaste sofrido, a despeito de Bolsonaro ter pedido neutralidade de sua equipe.<\/p>\n<p>Assessores que trabalham no Pal\u00e1cio do Planalto tamb\u00e9m dizem temer o que chama de \u201cditadura do Judici\u00e1rio\u201d que, \u201calheio aos anseios da popula\u00e7\u00e3o\u201d, \u201cderrubou a decis\u00e3o de 50 senadores eleitos pelo povo com uma canetada\u201d, em uma \u201cclara interfer\u00eancia indevida em outro poder\u201d. Al\u00e9m de preocupa\u00e7\u00f5es com a forma como \u201ca democracia est\u00e1 sendo tratada\u201d, na avalia\u00e7\u00e3o de um desses interlocutores, h\u00e1 um temor do que poder\u00e1 acontecer na tramita\u00e7\u00e3o de propostas importantes para o Planalto no Congresso.<\/p>\n<p>Um dos assessores palacianos comentou que o STF, em vez de trazer seguran\u00e7a jur\u00eddica ao Pa\u00eds, est\u00e1 provocando exatamente o contr\u00e1rio: \u201cEst\u00e1 gerando inseguran\u00e7a jur\u00eddica com suas decis\u00f5es baseadas em convic\u00e7\u00f5es ideol\u00f3gicas, pol\u00edticas e partid\u00e1rias\u201d. Para este auxiliar, n\u00e3o \u00e9 poss\u00edvel que os destinos do Pa\u00eds fiquem sendo decididos \u201cde m\u00e3o em m\u00e3o de ministros do STF, que tomam posi\u00e7\u00f5es isoladas que afetam o futuro da Na\u00e7\u00e3o\u201d.<\/p>\n<p>Os auxiliares diretos do presidente n\u00e3o querem se posicionar oficialmente para \u201cevitar tumultuar ainda mais o processo\u201d. Com o presidente Jair Bolsonaro, \u201cfora de combate\u201d, se recuperando da cirurgia de retirada da bolsa de colostomia no hospital Albert Einsten, em S\u00e3o Paulo, h\u00e1 d\u00favidas sobre a autonomia de Onyx, escalado para ser o articulador pol\u00edtico do Planalto. Esses auxiliares insistem que o governo n\u00e3o tomou partido nas vota\u00e7\u00f5es e o que houve foi um apoio a Alcolumbre s\u00f3 por parte de Onyx, contrariando as orienta\u00e7\u00f5es do presidente.<\/p>\n<p>Uma das avalia\u00e7\u00f5es \u00e9 de que, de qualquer forma, os movimentos de Onyx, apesar de o presidente Bolsonaro ter dito que era para seus auxiliares n\u00e3o se meterem nesse processo, j\u00e1 trouxeram perdas para o governo. \u201cO governo perder\u00e1 em qualquer resultado neste epis\u00f3dio\u201d, observou um desses interlocutores que lembrou e reiterou que \u201co pior cen\u00e1rio para o Planalto \u00e9 ter Renan Calheiros como seu inimigo\u201d.<\/p>\n<p>O governo j\u00e1 avaliava que enfrentaria dificuldades no Congresso. Mas o cen\u00e1rio, na avalia\u00e7\u00e3o desses interlocutores, parece ainda mais sombrio. Lembram que, em casos anteriores, decis\u00f5es do STF foram desrespeitadas e nada aconteceu. Outro fator levantado pelos auxiliares \u00e9 a inexperi\u00eancia pol\u00edtica de alguns integrantes do partido do presidente, o PSL, e o fato de estarem divididos em muitos momentos, al\u00e9m de agirem isoladamente.<\/p>\n","protected":false},"excerpt":{"rendered":"<p>A decis\u00e3o monocr\u00e1tica do presidente do Supremo Tribunal Federal (STF), Dias Toffoli, de anular a decis\u00e3o que aprovou uma vota\u00e7\u00e3o aberta para a presid\u00eancia da Casa, foi vista com preocupa\u00e7\u00e3o por interlocutores do presidente Jair Bolsonaro. Para assessores, Toffoli interferiu indevidamente no Senado mesmo havendo entendimentos anteriores de que inger\u00eancias sobre assuntos internos de outro [&hellip;]<\/p>\n","protected":false},"author":2,"featured_media":201315,"comment_status":"closed","ping_status":"closed","sticky":false,"template":"","format":"standard","meta":{"_acf_changed":false,"footnotes":""},"categories":[16],"tags":[95],"class_list":["post-201314","post","type-post","status-publish","format-standard","has-post-thumbnail","hentry","category-brasil","tag-capa"],"acf":[],"yoast_head":"<!-- This site is optimized with the Yoast SEO plugin v27.2 - https:\/\/yoast.com\/product\/yoast-seo-wordpress\/ -->\n<title>Planalto rejeita ditadura de ju\u00edzes e mira Toffoli - Notibras<\/title>\n<meta name=\"robots\" content=\"index, follow, max-snippet:-1, max-image-preview:large, max-video-preview:-1\" \/>\n<link rel=\"canonical\" href=\"https:\/\/www.notibras.com\/site\/planalto-rejeita-ditadura-de-juizes-e-mira-toffoli\/\" \/>\n<meta property=\"og:locale\" content=\"pt_BR\" \/>\n<meta property=\"og:type\" content=\"article\" \/>\n<meta property=\"og:title\" content=\"Planalto rejeita ditadura de ju\u00edzes e mira Toffoli - Notibras\" \/>\n<meta property=\"og:description\" content=\"A decis\u00e3o monocr\u00e1tica do presidente do Supremo Tribunal Federal (STF), Dias Toffoli, de anular a decis\u00e3o que aprovou uma vota\u00e7\u00e3o aberta para a presid\u00eancia da Casa, foi vista com preocupa\u00e7\u00e3o por interlocutores do presidente Jair Bolsonaro. Para assessores, Toffoli interferiu indevidamente no Senado mesmo havendo entendimentos anteriores de que inger\u00eancias sobre assuntos internos de outro [&hellip;]\" \/>\n<meta property=\"og:url\" content=\"https:\/\/www.notibras.com\/site\/planalto-rejeita-ditadura-de-juizes-e-mira-toffoli\/\" \/>\n<meta property=\"og:site_name\" content=\"Notibras\" \/>\n<meta property=\"article:publisher\" content=\"https:\/\/www.facebook.com\/notibras\/\" \/>\n<meta property=\"article:published_time\" content=\"2019-02-02T15:48:58+00:00\" \/>\n<meta property=\"article:modified_time\" content=\"2019-02-02T17:12:39+00:00\" \/>\n<meta property=\"og:image\" content=\"https:\/\/www.notibras.com\/site\/wp-content\/uploads\/2019\/02\/stf.jpeg\" \/>\n\t<meta property=\"og:image:width\" content=\"2000\" \/>\n\t<meta property=\"og:image:height\" content=\"1010\" \/>\n\t<meta property=\"og:image:type\" content=\"image\/jpeg\" \/>\n<meta name=\"author\" content=\"Reda\u00e7\u00e3o\" \/>\n<meta name=\"twitter:card\" content=\"summary_large_image\" \/>\n<meta name=\"twitter:creator\" content=\"@Notibras\" \/>\n<meta name=\"twitter:site\" content=\"@Notibras\" \/>\n<meta name=\"twitter:label1\" content=\"Escrito por\" \/>\n\t<meta name=\"twitter:data1\" content=\"Reda\u00e7\u00e3o\" \/>\n\t<meta name=\"twitter:label2\" content=\"Est. tempo de leitura\" \/>\n\t<meta name=\"twitter:data2\" content=\"3 minutos\" \/>\n<script type=\"application\/ld+json\" class=\"yoast-schema-graph\">{\"@context\":\"https:\/\/schema.org\",\"@graph\":[{\"@type\":\"Article\",\"@id\":\"https:\/\/www.notibras.com\/site\/planalto-rejeita-ditadura-de-juizes-e-mira-toffoli\/#article\",\"isPartOf\":{\"@id\":\"https:\/\/www.notibras.com\/site\/planalto-rejeita-ditadura-de-juizes-e-mira-toffoli\/\"},\"author\":{\"name\":\"Reda\u00e7\u00e3o\",\"@id\":\"https:\/\/www.notibras.com\/site\/#\/schema\/person\/36ab0979449956132d3e5b517ea76ac8\"},\"headline\":\"Planalto rejeita ditadura de ju\u00edzes e mira Toffoli\",\"datePublished\":\"2019-02-02T15:48:58+00:00\",\"dateModified\":\"2019-02-02T17:12:39+00:00\",\"mainEntityOfPage\":{\"@id\":\"https:\/\/www.notibras.com\/site\/planalto-rejeita-ditadura-de-juizes-e-mira-toffoli\/\"},\"wordCount\":660,\"publisher\":{\"@id\":\"https:\/\/www.notibras.com\/site\/#organization\"},\"image\":{\"@id\":\"https:\/\/www.notibras.com\/site\/planalto-rejeita-ditadura-de-juizes-e-mira-toffoli\/#primaryimage\"},\"thumbnailUrl\":\"https:\/\/www.notibras.com\/site\/wp-content\/uploads\/2019\/02\/stf.jpeg\",\"keywords\":[\"capa\"],\"articleSection\":[\"Brasil\"],\"inLanguage\":\"pt-BR\"},{\"@type\":\"WebPage\",\"@id\":\"https:\/\/www.notibras.com\/site\/planalto-rejeita-ditadura-de-juizes-e-mira-toffoli\/\",\"url\":\"https:\/\/www.notibras.com\/site\/planalto-rejeita-ditadura-de-juizes-e-mira-toffoli\/\",\"name\":\"Planalto rejeita ditadura de ju\u00edzes e mira Toffoli - Notibras\",\"isPartOf\":{\"@id\":\"https:\/\/www.notibras.com\/site\/#website\"},\"primaryImageOfPage\":{\"@id\":\"https:\/\/www.notibras.com\/site\/planalto-rejeita-ditadura-de-juizes-e-mira-toffoli\/#primaryimage\"},\"image\":{\"@id\":\"https:\/\/www.notibras.com\/site\/planalto-rejeita-ditadura-de-juizes-e-mira-toffoli\/#primaryimage\"},\"thumbnailUrl\":\"https:\/\/www.notibras.com\/site\/wp-content\/uploads\/2019\/02\/stf.jpeg\",\"datePublished\":\"2019-02-02T15:48:58+00:00\",\"dateModified\":\"2019-02-02T17:12:39+00:00\",\"breadcrumb\":{\"@id\":\"https:\/\/www.notibras.com\/site\/planalto-rejeita-ditadura-de-juizes-e-mira-toffoli\/#breadcrumb\"},\"inLanguage\":\"pt-BR\",\"potentialAction\":[{\"@type\":\"ReadAction\",\"target\":[\"https:\/\/www.notibras.com\/site\/planalto-rejeita-ditadura-de-juizes-e-mira-toffoli\/\"]}]},{\"@type\":\"ImageObject\",\"inLanguage\":\"pt-BR\",\"@id\":\"https:\/\/www.notibras.com\/site\/planalto-rejeita-ditadura-de-juizes-e-mira-toffoli\/#primaryimage\",\"url\":\"https:\/\/www.notibras.com\/site\/wp-content\/uploads\/2019\/02\/stf.jpeg\",\"contentUrl\":\"https:\/\/www.notibras.com\/site\/wp-content\/uploads\/2019\/02\/stf.jpeg\",\"width\":2000,\"height\":1010},{\"@type\":\"BreadcrumbList\",\"@id\":\"https:\/\/www.notibras.com\/site\/planalto-rejeita-ditadura-de-juizes-e-mira-toffoli\/#breadcrumb\",\"itemListElement\":[{\"@type\":\"ListItem\",\"position\":1,\"name\":\"In\u00edcio\",\"item\":\"https:\/\/www.notibras.com\/site\/\"},{\"@type\":\"ListItem\",\"position\":2,\"name\":\"Planalto rejeita ditadura de ju\u00edzes e mira Toffoli\"}]},{\"@type\":\"WebSite\",\"@id\":\"https:\/\/www.notibras.com\/site\/#website\",\"url\":\"https:\/\/www.notibras.com\/site\/\",\"name\":\"Notibras\",\"description\":\"Not\u00edcias de Bras\u00edlia, do Brasil e do Mundo\",\"publisher\":{\"@id\":\"https:\/\/www.notibras.com\/site\/#organization\"},\"potentialAction\":[{\"@type\":\"SearchAction\",\"target\":{\"@type\":\"EntryPoint\",\"urlTemplate\":\"https:\/\/www.notibras.com\/site\/?s={search_term_string}\"},\"query-input\":{\"@type\":\"PropertyValueSpecification\",\"valueRequired\":true,\"valueName\":\"search_term_string\"}}],\"inLanguage\":\"pt-BR\"},{\"@type\":\"Organization\",\"@id\":\"https:\/\/www.notibras.com\/site\/#organization\",\"name\":\"Grupo Notibras de Comunica\u00e7\u00e3o\",\"url\":\"https:\/\/www.notibras.com\/site\/\",\"logo\":{\"@type\":\"ImageObject\",\"inLanguage\":\"pt-BR\",\"@id\":\"https:\/\/www.notibras.com\/site\/#\/schema\/logo\/image\/\",\"url\":\"https:\/\/www.notibras.com\/site\/wp-content\/uploads\/2023\/01\/notibras23.png\",\"contentUrl\":\"https:\/\/www.notibras.com\/site\/wp-content\/uploads\/2023\/01\/notibras23.png\",\"width\":350,\"height\":87,\"caption\":\"Grupo Notibras de Comunica\u00e7\u00e3o\"},\"image\":{\"@id\":\"https:\/\/www.notibras.com\/site\/#\/schema\/logo\/image\/\"},\"sameAs\":[\"https:\/\/www.facebook.com\/notibras\/\",\"https:\/\/x.com\/Notibras\",\"https:\/\/www.instagram.com\/notibras\/\"]},{\"@type\":\"Person\",\"@id\":\"https:\/\/www.notibras.com\/site\/#\/schema\/person\/36ab0979449956132d3e5b517ea76ac8\",\"name\":\"Reda\u00e7\u00e3o\",\"image\":{\"@type\":\"ImageObject\",\"inLanguage\":\"pt-BR\",\"@id\":\"https:\/\/secure.gravatar.com\/avatar\/e0a867bdedb85fd243eadf09663511f96fc81e0720a4a42581f334ad4303aa6b?s=96&d=mm&r=g\",\"url\":\"https:\/\/secure.gravatar.com\/avatar\/e0a867bdedb85fd243eadf09663511f96fc81e0720a4a42581f334ad4303aa6b?s=96&d=mm&r=g\",\"contentUrl\":\"https:\/\/secure.gravatar.com\/avatar\/e0a867bdedb85fd243eadf09663511f96fc81e0720a4a42581f334ad4303aa6b?s=96&d=mm&r=g\",\"caption\":\"Reda\u00e7\u00e3o\"}}]}<\/script>\n<!-- \/ Yoast SEO plugin. -->","yoast_head_json":{"title":"Planalto rejeita ditadura de ju\u00edzes e mira Toffoli - Notibras","robots":{"index":"index","follow":"follow","max-snippet":"max-snippet:-1","max-image-preview":"max-image-preview:large","max-video-preview":"max-video-preview:-1"},"canonical":"https:\/\/www.notibras.com\/site\/planalto-rejeita-ditadura-de-juizes-e-mira-toffoli\/","og_locale":"pt_BR","og_type":"article","og_title":"Planalto rejeita ditadura de ju\u00edzes e mira Toffoli - Notibras","og_description":"A decis\u00e3o monocr\u00e1tica do presidente do Supremo Tribunal Federal (STF), Dias Toffoli, de anular a decis\u00e3o que aprovou uma vota\u00e7\u00e3o aberta para a presid\u00eancia da Casa, foi vista com preocupa\u00e7\u00e3o por interlocutores do presidente Jair Bolsonaro. Para assessores, Toffoli interferiu indevidamente no Senado mesmo havendo entendimentos anteriores de que inger\u00eancias sobre assuntos internos de outro [&hellip;]","og_url":"https:\/\/www.notibras.com\/site\/planalto-rejeita-ditadura-de-juizes-e-mira-toffoli\/","og_site_name":"Notibras","article_publisher":"https:\/\/www.facebook.com\/notibras\/","article_published_time":"2019-02-02T15:48:58+00:00","article_modified_time":"2019-02-02T17:12:39+00:00","og_image":[{"width":2000,"height":1010,"url":"https:\/\/www.notibras.com\/site\/wp-content\/uploads\/2019\/02\/stf.jpeg","type":"image\/jpeg"}],"author":"Reda\u00e7\u00e3o","twitter_card":"summary_large_image","twitter_creator":"@Notibras","twitter_site":"@Notibras","twitter_misc":{"Escrito por":"Reda\u00e7\u00e3o","Est. tempo de leitura":"3 minutos"},"schema":{"@context":"https:\/\/schema.org","@graph":[{"@type":"Article","@id":"https:\/\/www.notibras.com\/site\/planalto-rejeita-ditadura-de-juizes-e-mira-toffoli\/#article","isPartOf":{"@id":"https:\/\/www.notibras.com\/site\/planalto-rejeita-ditadura-de-juizes-e-mira-toffoli\/"},"author":{"name":"Reda\u00e7\u00e3o","@id":"https:\/\/www.notibras.com\/site\/#\/schema\/person\/36ab0979449956132d3e5b517ea76ac8"},"headline":"Planalto rejeita ditadura de ju\u00edzes e mira Toffoli","datePublished":"2019-02-02T15:48:58+00:00","dateModified":"2019-02-02T17:12:39+00:00","mainEntityOfPage":{"@id":"https:\/\/www.notibras.com\/site\/planalto-rejeita-ditadura-de-juizes-e-mira-toffoli\/"},"wordCount":660,"publisher":{"@id":"https:\/\/www.notibras.com\/site\/#organization"},"image":{"@id":"https:\/\/www.notibras.com\/site\/planalto-rejeita-ditadura-de-juizes-e-mira-toffoli\/#primaryimage"},"thumbnailUrl":"https:\/\/www.notibras.com\/site\/wp-content\/uploads\/2019\/02\/stf.jpeg","keywords":["capa"],"articleSection":["Brasil"],"inLanguage":"pt-BR"},{"@type":"WebPage","@id":"https:\/\/www.notibras.com\/site\/planalto-rejeita-ditadura-de-juizes-e-mira-toffoli\/","url":"https:\/\/www.notibras.com\/site\/planalto-rejeita-ditadura-de-juizes-e-mira-toffoli\/","name":"Planalto rejeita ditadura de ju\u00edzes e mira Toffoli - Notibras","isPartOf":{"@id":"https:\/\/www.notibras.com\/site\/#website"},"primaryImageOfPage":{"@id":"https:\/\/www.notibras.com\/site\/planalto-rejeita-ditadura-de-juizes-e-mira-toffoli\/#primaryimage"},"image":{"@id":"https:\/\/www.notibras.com\/site\/planalto-rejeita-ditadura-de-juizes-e-mira-toffoli\/#primaryimage"},"thumbnailUrl":"https:\/\/www.notibras.com\/site\/wp-content\/uploads\/2019\/02\/stf.jpeg","datePublished":"2019-02-02T15:48:58+00:00","dateModified":"2019-02-02T17:12:39+00:00","breadcrumb":{"@id":"https:\/\/www.notibras.com\/site\/planalto-rejeita-ditadura-de-juizes-e-mira-toffoli\/#breadcrumb"},"inLanguage":"pt-BR","potentialAction":[{"@type":"ReadAction","target":["https:\/\/www.notibras.com\/site\/planalto-rejeita-ditadura-de-juizes-e-mira-toffoli\/"]}]},{"@type":"ImageObject","inLanguage":"pt-BR","@id":"https:\/\/www.notibras.com\/site\/planalto-rejeita-ditadura-de-juizes-e-mira-toffoli\/#primaryimage","url":"https:\/\/www.notibras.com\/site\/wp-content\/uploads\/2019\/02\/stf.jpeg","contentUrl":"https:\/\/www.notibras.com\/site\/wp-content\/uploads\/2019\/02\/stf.jpeg","width":2000,"height":1010},{"@type":"BreadcrumbList","@id":"https:\/\/www.notibras.com\/site\/planalto-rejeita-ditadura-de-juizes-e-mira-toffoli\/#breadcrumb","itemListElement":[{"@type":"ListItem","position":1,"name":"In\u00edcio","item":"https:\/\/www.notibras.com\/site\/"},{"@type":"ListItem","position":2,"name":"Planalto rejeita ditadura de ju\u00edzes e mira Toffoli"}]},{"@type":"WebSite","@id":"https:\/\/www.notibras.com\/site\/#website","url":"https:\/\/www.notibras.com\/site\/","name":"Notibras","description":"Not\u00edcias de Bras\u00edlia, do Brasil e do Mundo","publisher":{"@id":"https:\/\/www.notibras.com\/site\/#organization"},"potentialAction":[{"@type":"SearchAction","target":{"@type":"EntryPoint","urlTemplate":"https:\/\/www.notibras.com\/site\/?s={search_term_string}"},"query-input":{"@type":"PropertyValueSpecification","valueRequired":true,"valueName":"search_term_string"}}],"inLanguage":"pt-BR"},{"@type":"Organization","@id":"https:\/\/www.notibras.com\/site\/#organization","name":"Grupo Notibras de Comunica\u00e7\u00e3o","url":"https:\/\/www.notibras.com\/site\/","logo":{"@type":"ImageObject","inLanguage":"pt-BR","@id":"https:\/\/www.notibras.com\/site\/#\/schema\/logo\/image\/","url":"https:\/\/www.notibras.com\/site\/wp-content\/uploads\/2023\/01\/notibras23.png","contentUrl":"https:\/\/www.notibras.com\/site\/wp-content\/uploads\/2023\/01\/notibras23.png","width":350,"height":87,"caption":"Grupo Notibras de Comunica\u00e7\u00e3o"},"image":{"@id":"https:\/\/www.notibras.com\/site\/#\/schema\/logo\/image\/"},"sameAs":["https:\/\/www.facebook.com\/notibras\/","https:\/\/x.com\/Notibras","https:\/\/www.instagram.com\/notibras\/"]},{"@type":"Person","@id":"https:\/\/www.notibras.com\/site\/#\/schema\/person\/36ab0979449956132d3e5b517ea76ac8","name":"Reda\u00e7\u00e3o","image":{"@type":"ImageObject","inLanguage":"pt-BR","@id":"https:\/\/secure.gravatar.com\/avatar\/e0a867bdedb85fd243eadf09663511f96fc81e0720a4a42581f334ad4303aa6b?s=96&d=mm&r=g","url":"https:\/\/secure.gravatar.com\/avatar\/e0a867bdedb85fd243eadf09663511f96fc81e0720a4a42581f334ad4303aa6b?s=96&d=mm&r=g","contentUrl":"https:\/\/secure.gravatar.com\/avatar\/e0a867bdedb85fd243eadf09663511f96fc81e0720a4a42581f334ad4303aa6b?s=96&d=mm&r=g","caption":"Reda\u00e7\u00e3o"}}]}},"amp_enabled":true,"_links":{"self":[{"href":"https:\/\/www.notibras.com\/site\/wp-json\/wp\/v2\/posts\/201314","targetHints":{"allow":["GET"]}}],"collection":[{"href":"https:\/\/www.notibras.com\/site\/wp-json\/wp\/v2\/posts"}],"about":[{"href":"https:\/\/www.notibras.com\/site\/wp-json\/wp\/v2\/types\/post"}],"author":[{"embeddable":true,"href":"https:\/\/www.notibras.com\/site\/wp-json\/wp\/v2\/users\/2"}],"replies":[{"embeddable":true,"href":"https:\/\/www.notibras.com\/site\/wp-json\/wp\/v2\/comments?post=201314"}],"version-history":[{"count":6,"href":"https:\/\/www.notibras.com\/site\/wp-json\/wp\/v2\/posts\/201314\/revisions"}],"predecessor-version":[{"id":201324,"href":"https:\/\/www.notibras.com\/site\/wp-json\/wp\/v2\/posts\/201314\/revisions\/201324"}],"wp:featuredmedia":[{"embeddable":true,"href":"https:\/\/www.notibras.com\/site\/wp-json\/wp\/v2\/media\/201315"}],"wp:attachment":[{"href":"https:\/\/www.notibras.com\/site\/wp-json\/wp\/v2\/media?parent=201314"}],"wp:term":[{"taxonomy":"category","embeddable":true,"href":"https:\/\/www.notibras.com\/site\/wp-json\/wp\/v2\/categories?post=201314"},{"taxonomy":"post_tag","embeddable":true,"href":"https:\/\/www.notibras.com\/site\/wp-json\/wp\/v2\/tags?post=201314"}],"curies":[{"name":"wp","href":"https:\/\/api.w.org\/{rel}","templated":true}]}}