{"id":201325,"date":"2019-02-02T18:36:06","date_gmt":"2019-02-02T20:36:06","guid":{"rendered":"https:\/\/www.notibras.com\/site\/?p=201325"},"modified":"2019-02-02T19:27:26","modified_gmt":"2019-02-02T21:27:26","slug":"fraude-e-derrota-de-renan-marcam-eleicao-no-senado","status":"publish","type":"post","link":"https:\/\/www.notibras.com\/site\/fraude-e-derrota-de-renan-marcam-eleicao-no-senado\/","title":{"rendered":"Fraude e derrota de Renan marcam elei\u00e7\u00e3o no Senado"},"content":{"rendered":"<p>O senador pelo Amap\u00e1 Davi Alcolumbre (DEM) foi eleito no in\u00edcio da noite deste s\u00e1bado, 2, presidente do Senado &#8211; e, consequentemente, do Congresso Nacional. Ele recebeu 42 de um total de 77 votos, sendo registradas quatro aus\u00eancias. Foram necess\u00e1rias duas vota\u00e7\u00f5es. Na primeira, houve fraude. Como s\u00e3o apenas 81 senadores, foram contabilizados 82 votos.<\/p>\n<p>A vota\u00e7\u00e3o deveria ser secreta, como determinou o ministro Dias Toffoli, presidente do Supremo Tribunal Federal, durante a madrugada. Mas, \u00e0 medida em que iam votando, os senadores declaravam o voto e mostravam a c\u00e9dula antes de deposit\u00e1-la na urna.<\/p>\n<p>Quando foi anunciado o resultado, Davi disse a primeira frase. &#8220;Quero agradecer a Deus pela oportunidade de sentar nesta cadeira&#8221;. Em nota, o presidente Jair Bolsonaro cumprimentou os presidentes da C\u00e2mara (eleito na sexta-feira) e do Senado. &#8220;Resultado consolida tradi\u00e7\u00e3o democr\u00e1tica e compromisso das duas Casas com anseios do povo&#8221;, registrou.<\/p>\n<p>Em meio \u00e0 segunda vota\u00e7\u00e3o, e constrangido com a fraude apontada pouco antes, o alagoano Renan Calheiros (MDB), retirou a candidatura. Ele teve 5. Espiridi\u00e3o Amin (PP-SC) ficou com 13 votos, \u00c2ngelo Coronel (PSD-BA) teve 8 votos, Reguffe (sem partido-DF) recebeu 6 votos e Fernando Collor (Pros-AL) ficou com 3 votos<\/p>\n<p>Alcolumbre \u00e9 senador de primeiro mandato. Foi eleito em 2014. Teve uma atua\u00e7\u00e3o discreta nos primeiros quatro anos no Senado. Na disputa pelo comando da Casa, revelou-se um h\u00e1bil articulador, congregando os advers\u00e1rios de Renan Calheiros e os aliados do governo federal.<\/p>\n<p>Aos 41 anos, o senador estreou na pol\u00edtica no in\u00edcio deste s\u00e9culo. Foi vereador em Macap\u00e1, tr\u00eas vezes deputado federal e chegou ao Senado em 2015. Nas elei\u00e7\u00f5es de outubro passado, concorreu ao governo do Amap\u00e1 e ficou em terceiro lugar. Davi Alcolumbre \u00e9 um dos mais jovens senadores a assumir a presid\u00eancia da Casa.<\/p>\n","protected":false},"excerpt":{"rendered":"<p>O senador pelo Amap\u00e1 Davi Alcolumbre (DEM) foi eleito no in\u00edcio da noite deste s\u00e1bado, 2, presidente do Senado &#8211; e, consequentemente, do Congresso Nacional. Ele recebeu 42 de um total de 77 votos, sendo registradas quatro aus\u00eancias. Foram necess\u00e1rias duas vota\u00e7\u00f5es. Na primeira, houve fraude. Como s\u00e3o apenas 81 senadores, foram contabilizados 82 votos. [&hellip;]<\/p>\n","protected":false},"author":2,"featured_media":201326,"comment_status":"closed","ping_status":"closed","sticky":false,"template":"","format":"standard","meta":{"_acf_changed":false,"footnotes":""},"categories":[16],"tags":[95],"class_list":["post-201325","post","type-post","status-publish","format-standard","has-post-thumbnail","hentry","category-brasil","tag-capa"],"acf":[],"yoast_head":"<!-- This site is optimized with the Yoast SEO plugin v27.2 - https:\/\/yoast.com\/product\/yoast-seo-wordpress\/ -->\n<title>Fraude e derrota de Renan marcam elei\u00e7\u00e3o no Senado - Notibras<\/title>\n<meta name=\"robots\" content=\"index, follow, max-snippet:-1, max-image-preview:large, max-video-preview:-1\" \/>\n<link rel=\"canonical\" href=\"https:\/\/www.notibras.com\/site\/fraude-e-derrota-de-renan-marcam-eleicao-no-senado\/\" \/>\n<meta property=\"og:locale\" content=\"pt_BR\" \/>\n<meta property=\"og:type\" content=\"article\" \/>\n<meta property=\"og:title\" content=\"Fraude e derrota de Renan marcam elei\u00e7\u00e3o no Senado - Notibras\" \/>\n<meta property=\"og:description\" content=\"O senador pelo Amap\u00e1 Davi Alcolumbre (DEM) foi eleito no in\u00edcio da noite deste s\u00e1bado, 2, presidente do Senado &#8211; e, consequentemente, do Congresso Nacional. Ele recebeu 42 de um total de 77 votos, sendo registradas quatro aus\u00eancias. Foram necess\u00e1rias duas vota\u00e7\u00f5es. Na primeira, houve fraude. Como s\u00e3o apenas 81 senadores, foram contabilizados 82 votos. [&hellip;]\" \/>\n<meta property=\"og:url\" content=\"https:\/\/www.notibras.com\/site\/fraude-e-derrota-de-renan-marcam-eleicao-no-senado\/\" \/>\n<meta property=\"og:site_name\" content=\"Notibras\" \/>\n<meta property=\"article:publisher\" content=\"https:\/\/www.facebook.com\/notibras\/\" \/>\n<meta property=\"article:published_time\" content=\"2019-02-02T20:36:06+00:00\" \/>\n<meta property=\"article:modified_time\" content=\"2019-02-02T21:27:26+00:00\" \/>\n<meta property=\"og:image\" content=\"https:\/\/www.notibras.com\/site\/wp-content\/uploads\/2019\/02\/davi-alcolumbe.jpg\" \/>\n\t<meta property=\"og:image:width\" content=\"1140\" \/>\n\t<meta property=\"og:image:height\" content=\"760\" \/>\n\t<meta property=\"og:image:type\" content=\"image\/jpeg\" \/>\n<meta name=\"author\" content=\"Reda\u00e7\u00e3o\" \/>\n<meta name=\"twitter:card\" content=\"summary_large_image\" \/>\n<meta name=\"twitter:creator\" content=\"@Notibras\" \/>\n<meta name=\"twitter:site\" content=\"@Notibras\" \/>\n<meta name=\"twitter:label1\" content=\"Escrito por\" \/>\n\t<meta name=\"twitter:data1\" content=\"Reda\u00e7\u00e3o\" \/>\n\t<meta name=\"twitter:label2\" content=\"Est. tempo de leitura\" \/>\n\t<meta name=\"twitter:data2\" content=\"2 minutos\" \/>\n<script type=\"application\/ld+json\" class=\"yoast-schema-graph\">{\"@context\":\"https:\/\/schema.org\",\"@graph\":[{\"@type\":\"Article\",\"@id\":\"https:\/\/www.notibras.com\/site\/fraude-e-derrota-de-renan-marcam-eleicao-no-senado\/#article\",\"isPartOf\":{\"@id\":\"https:\/\/www.notibras.com\/site\/fraude-e-derrota-de-renan-marcam-eleicao-no-senado\/\"},\"author\":{\"name\":\"Reda\u00e7\u00e3o\",\"@id\":\"https:\/\/www.notibras.com\/site\/#\/schema\/person\/36ab0979449956132d3e5b517ea76ac8\"},\"headline\":\"Fraude e derrota de Renan marcam elei\u00e7\u00e3o no Senado\",\"datePublished\":\"2019-02-02T20:36:06+00:00\",\"dateModified\":\"2019-02-02T21:27:26+00:00\",\"mainEntityOfPage\":{\"@id\":\"https:\/\/www.notibras.com\/site\/fraude-e-derrota-de-renan-marcam-eleicao-no-senado\/\"},\"wordCount\":310,\"publisher\":{\"@id\":\"https:\/\/www.notibras.com\/site\/#organization\"},\"image\":{\"@id\":\"https:\/\/www.notibras.com\/site\/fraude-e-derrota-de-renan-marcam-eleicao-no-senado\/#primaryimage\"},\"thumbnailUrl\":\"https:\/\/www.notibras.com\/site\/wp-content\/uploads\/2019\/02\/davi-alcolumbe.jpg\",\"keywords\":[\"capa\"],\"articleSection\":[\"Brasil\"],\"inLanguage\":\"pt-BR\"},{\"@type\":\"WebPage\",\"@id\":\"https:\/\/www.notibras.com\/site\/fraude-e-derrota-de-renan-marcam-eleicao-no-senado\/\",\"url\":\"https:\/\/www.notibras.com\/site\/fraude-e-derrota-de-renan-marcam-eleicao-no-senado\/\",\"name\":\"Fraude e derrota de Renan marcam elei\u00e7\u00e3o no Senado - Notibras\",\"isPartOf\":{\"@id\":\"https:\/\/www.notibras.com\/site\/#website\"},\"primaryImageOfPage\":{\"@id\":\"https:\/\/www.notibras.com\/site\/fraude-e-derrota-de-renan-marcam-eleicao-no-senado\/#primaryimage\"},\"image\":{\"@id\":\"https:\/\/www.notibras.com\/site\/fraude-e-derrota-de-renan-marcam-eleicao-no-senado\/#primaryimage\"},\"thumbnailUrl\":\"https:\/\/www.notibras.com\/site\/wp-content\/uploads\/2019\/02\/davi-alcolumbe.jpg\",\"datePublished\":\"2019-02-02T20:36:06+00:00\",\"dateModified\":\"2019-02-02T21:27:26+00:00\",\"breadcrumb\":{\"@id\":\"https:\/\/www.notibras.com\/site\/fraude-e-derrota-de-renan-marcam-eleicao-no-senado\/#breadcrumb\"},\"inLanguage\":\"pt-BR\",\"potentialAction\":[{\"@type\":\"ReadAction\",\"target\":[\"https:\/\/www.notibras.com\/site\/fraude-e-derrota-de-renan-marcam-eleicao-no-senado\/\"]}]},{\"@type\":\"ImageObject\",\"inLanguage\":\"pt-BR\",\"@id\":\"https:\/\/www.notibras.com\/site\/fraude-e-derrota-de-renan-marcam-eleicao-no-senado\/#primaryimage\",\"url\":\"https:\/\/www.notibras.com\/site\/wp-content\/uploads\/2019\/02\/davi-alcolumbe.jpg\",\"contentUrl\":\"https:\/\/www.notibras.com\/site\/wp-content\/uploads\/2019\/02\/davi-alcolumbe.jpg\",\"width\":1140,\"height\":760,\"caption\":\"Foto: Fabio Rodrigues Pozzebom\/ABr\"},{\"@type\":\"BreadcrumbList\",\"@id\":\"https:\/\/www.notibras.com\/site\/fraude-e-derrota-de-renan-marcam-eleicao-no-senado\/#breadcrumb\",\"itemListElement\":[{\"@type\":\"ListItem\",\"position\":1,\"name\":\"In\u00edcio\",\"item\":\"https:\/\/www.notibras.com\/site\/\"},{\"@type\":\"ListItem\",\"position\":2,\"name\":\"Fraude e derrota de Renan marcam elei\u00e7\u00e3o no Senado\"}]},{\"@type\":\"WebSite\",\"@id\":\"https:\/\/www.notibras.com\/site\/#website\",\"url\":\"https:\/\/www.notibras.com\/site\/\",\"name\":\"Notibras\",\"description\":\"Not\u00edcias de Bras\u00edlia, do Brasil e do Mundo\",\"publisher\":{\"@id\":\"https:\/\/www.notibras.com\/site\/#organization\"},\"potentialAction\":[{\"@type\":\"SearchAction\",\"target\":{\"@type\":\"EntryPoint\",\"urlTemplate\":\"https:\/\/www.notibras.com\/site\/?s={search_term_string}\"},\"query-input\":{\"@type\":\"PropertyValueSpecification\",\"valueRequired\":true,\"valueName\":\"search_term_string\"}}],\"inLanguage\":\"pt-BR\"},{\"@type\":\"Organization\",\"@id\":\"https:\/\/www.notibras.com\/site\/#organization\",\"name\":\"Grupo Notibras de Comunica\u00e7\u00e3o\",\"url\":\"https:\/\/www.notibras.com\/site\/\",\"logo\":{\"@type\":\"ImageObject\",\"inLanguage\":\"pt-BR\",\"@id\":\"https:\/\/www.notibras.com\/site\/#\/schema\/logo\/image\/\",\"url\":\"https:\/\/www.notibras.com\/site\/wp-content\/uploads\/2023\/01\/notibras23.png\",\"contentUrl\":\"https:\/\/www.notibras.com\/site\/wp-content\/uploads\/2023\/01\/notibras23.png\",\"width\":350,\"height\":87,\"caption\":\"Grupo Notibras de Comunica\u00e7\u00e3o\"},\"image\":{\"@id\":\"https:\/\/www.notibras.com\/site\/#\/schema\/logo\/image\/\"},\"sameAs\":[\"https:\/\/www.facebook.com\/notibras\/\",\"https:\/\/x.com\/Notibras\",\"https:\/\/www.instagram.com\/notibras\/\"]},{\"@type\":\"Person\",\"@id\":\"https:\/\/www.notibras.com\/site\/#\/schema\/person\/36ab0979449956132d3e5b517ea76ac8\",\"name\":\"Reda\u00e7\u00e3o\",\"image\":{\"@type\":\"ImageObject\",\"inLanguage\":\"pt-BR\",\"@id\":\"https:\/\/secure.gravatar.com\/avatar\/e0a867bdedb85fd243eadf09663511f96fc81e0720a4a42581f334ad4303aa6b?s=96&d=mm&r=g\",\"url\":\"https:\/\/secure.gravatar.com\/avatar\/e0a867bdedb85fd243eadf09663511f96fc81e0720a4a42581f334ad4303aa6b?s=96&d=mm&r=g\",\"contentUrl\":\"https:\/\/secure.gravatar.com\/avatar\/e0a867bdedb85fd243eadf09663511f96fc81e0720a4a42581f334ad4303aa6b?s=96&d=mm&r=g\",\"caption\":\"Reda\u00e7\u00e3o\"}}]}<\/script>\n<!-- \/ Yoast SEO plugin. -->","yoast_head_json":{"title":"Fraude e derrota de Renan marcam elei\u00e7\u00e3o no Senado - Notibras","robots":{"index":"index","follow":"follow","max-snippet":"max-snippet:-1","max-image-preview":"max-image-preview:large","max-video-preview":"max-video-preview:-1"},"canonical":"https:\/\/www.notibras.com\/site\/fraude-e-derrota-de-renan-marcam-eleicao-no-senado\/","og_locale":"pt_BR","og_type":"article","og_title":"Fraude e derrota de Renan marcam elei\u00e7\u00e3o no Senado - Notibras","og_description":"O senador pelo Amap\u00e1 Davi Alcolumbre (DEM) foi eleito no in\u00edcio da noite deste s\u00e1bado, 2, presidente do Senado &#8211; e, consequentemente, do Congresso Nacional. Ele recebeu 42 de um total de 77 votos, sendo registradas quatro aus\u00eancias. Foram necess\u00e1rias duas vota\u00e7\u00f5es. Na primeira, houve fraude. Como s\u00e3o apenas 81 senadores, foram contabilizados 82 votos. [&hellip;]","og_url":"https:\/\/www.notibras.com\/site\/fraude-e-derrota-de-renan-marcam-eleicao-no-senado\/","og_site_name":"Notibras","article_publisher":"https:\/\/www.facebook.com\/notibras\/","article_published_time":"2019-02-02T20:36:06+00:00","article_modified_time":"2019-02-02T21:27:26+00:00","og_image":[{"width":1140,"height":760,"url":"https:\/\/www.notibras.com\/site\/wp-content\/uploads\/2019\/02\/davi-alcolumbe.jpg","type":"image\/jpeg"}],"author":"Reda\u00e7\u00e3o","twitter_card":"summary_large_image","twitter_creator":"@Notibras","twitter_site":"@Notibras","twitter_misc":{"Escrito por":"Reda\u00e7\u00e3o","Est. tempo de leitura":"2 minutos"},"schema":{"@context":"https:\/\/schema.org","@graph":[{"@type":"Article","@id":"https:\/\/www.notibras.com\/site\/fraude-e-derrota-de-renan-marcam-eleicao-no-senado\/#article","isPartOf":{"@id":"https:\/\/www.notibras.com\/site\/fraude-e-derrota-de-renan-marcam-eleicao-no-senado\/"},"author":{"name":"Reda\u00e7\u00e3o","@id":"https:\/\/www.notibras.com\/site\/#\/schema\/person\/36ab0979449956132d3e5b517ea76ac8"},"headline":"Fraude e derrota de Renan marcam elei\u00e7\u00e3o no Senado","datePublished":"2019-02-02T20:36:06+00:00","dateModified":"2019-02-02T21:27:26+00:00","mainEntityOfPage":{"@id":"https:\/\/www.notibras.com\/site\/fraude-e-derrota-de-renan-marcam-eleicao-no-senado\/"},"wordCount":310,"publisher":{"@id":"https:\/\/www.notibras.com\/site\/#organization"},"image":{"@id":"https:\/\/www.notibras.com\/site\/fraude-e-derrota-de-renan-marcam-eleicao-no-senado\/#primaryimage"},"thumbnailUrl":"https:\/\/www.notibras.com\/site\/wp-content\/uploads\/2019\/02\/davi-alcolumbe.jpg","keywords":["capa"],"articleSection":["Brasil"],"inLanguage":"pt-BR"},{"@type":"WebPage","@id":"https:\/\/www.notibras.com\/site\/fraude-e-derrota-de-renan-marcam-eleicao-no-senado\/","url":"https:\/\/www.notibras.com\/site\/fraude-e-derrota-de-renan-marcam-eleicao-no-senado\/","name":"Fraude e derrota de Renan marcam elei\u00e7\u00e3o no Senado - Notibras","isPartOf":{"@id":"https:\/\/www.notibras.com\/site\/#website"},"primaryImageOfPage":{"@id":"https:\/\/www.notibras.com\/site\/fraude-e-derrota-de-renan-marcam-eleicao-no-senado\/#primaryimage"},"image":{"@id":"https:\/\/www.notibras.com\/site\/fraude-e-derrota-de-renan-marcam-eleicao-no-senado\/#primaryimage"},"thumbnailUrl":"https:\/\/www.notibras.com\/site\/wp-content\/uploads\/2019\/02\/davi-alcolumbe.jpg","datePublished":"2019-02-02T20:36:06+00:00","dateModified":"2019-02-02T21:27:26+00:00","breadcrumb":{"@id":"https:\/\/www.notibras.com\/site\/fraude-e-derrota-de-renan-marcam-eleicao-no-senado\/#breadcrumb"},"inLanguage":"pt-BR","potentialAction":[{"@type":"ReadAction","target":["https:\/\/www.notibras.com\/site\/fraude-e-derrota-de-renan-marcam-eleicao-no-senado\/"]}]},{"@type":"ImageObject","inLanguage":"pt-BR","@id":"https:\/\/www.notibras.com\/site\/fraude-e-derrota-de-renan-marcam-eleicao-no-senado\/#primaryimage","url":"https:\/\/www.notibras.com\/site\/wp-content\/uploads\/2019\/02\/davi-alcolumbe.jpg","contentUrl":"https:\/\/www.notibras.com\/site\/wp-content\/uploads\/2019\/02\/davi-alcolumbe.jpg","width":1140,"height":760,"caption":"Foto: Fabio Rodrigues Pozzebom\/ABr"},{"@type":"BreadcrumbList","@id":"https:\/\/www.notibras.com\/site\/fraude-e-derrota-de-renan-marcam-eleicao-no-senado\/#breadcrumb","itemListElement":[{"@type":"ListItem","position":1,"name":"In\u00edcio","item":"https:\/\/www.notibras.com\/site\/"},{"@type":"ListItem","position":2,"name":"Fraude e derrota de Renan marcam elei\u00e7\u00e3o no Senado"}]},{"@type":"WebSite","@id":"https:\/\/www.notibras.com\/site\/#website","url":"https:\/\/www.notibras.com\/site\/","name":"Notibras","description":"Not\u00edcias de Bras\u00edlia, do Brasil e do Mundo","publisher":{"@id":"https:\/\/www.notibras.com\/site\/#organization"},"potentialAction":[{"@type":"SearchAction","target":{"@type":"EntryPoint","urlTemplate":"https:\/\/www.notibras.com\/site\/?s={search_term_string}"},"query-input":{"@type":"PropertyValueSpecification","valueRequired":true,"valueName":"search_term_string"}}],"inLanguage":"pt-BR"},{"@type":"Organization","@id":"https:\/\/www.notibras.com\/site\/#organization","name":"Grupo Notibras de Comunica\u00e7\u00e3o","url":"https:\/\/www.notibras.com\/site\/","logo":{"@type":"ImageObject","inLanguage":"pt-BR","@id":"https:\/\/www.notibras.com\/site\/#\/schema\/logo\/image\/","url":"https:\/\/www.notibras.com\/site\/wp-content\/uploads\/2023\/01\/notibras23.png","contentUrl":"https:\/\/www.notibras.com\/site\/wp-content\/uploads\/2023\/01\/notibras23.png","width":350,"height":87,"caption":"Grupo Notibras de Comunica\u00e7\u00e3o"},"image":{"@id":"https:\/\/www.notibras.com\/site\/#\/schema\/logo\/image\/"},"sameAs":["https:\/\/www.facebook.com\/notibras\/","https:\/\/x.com\/Notibras","https:\/\/www.instagram.com\/notibras\/"]},{"@type":"Person","@id":"https:\/\/www.notibras.com\/site\/#\/schema\/person\/36ab0979449956132d3e5b517ea76ac8","name":"Reda\u00e7\u00e3o","image":{"@type":"ImageObject","inLanguage":"pt-BR","@id":"https:\/\/secure.gravatar.com\/avatar\/e0a867bdedb85fd243eadf09663511f96fc81e0720a4a42581f334ad4303aa6b?s=96&d=mm&r=g","url":"https:\/\/secure.gravatar.com\/avatar\/e0a867bdedb85fd243eadf09663511f96fc81e0720a4a42581f334ad4303aa6b?s=96&d=mm&r=g","contentUrl":"https:\/\/secure.gravatar.com\/avatar\/e0a867bdedb85fd243eadf09663511f96fc81e0720a4a42581f334ad4303aa6b?s=96&d=mm&r=g","caption":"Reda\u00e7\u00e3o"}}]}},"amp_enabled":true,"_links":{"self":[{"href":"https:\/\/www.notibras.com\/site\/wp-json\/wp\/v2\/posts\/201325","targetHints":{"allow":["GET"]}}],"collection":[{"href":"https:\/\/www.notibras.com\/site\/wp-json\/wp\/v2\/posts"}],"about":[{"href":"https:\/\/www.notibras.com\/site\/wp-json\/wp\/v2\/types\/post"}],"author":[{"embeddable":true,"href":"https:\/\/www.notibras.com\/site\/wp-json\/wp\/v2\/users\/2"}],"replies":[{"embeddable":true,"href":"https:\/\/www.notibras.com\/site\/wp-json\/wp\/v2\/comments?post=201325"}],"version-history":[{"count":2,"href":"https:\/\/www.notibras.com\/site\/wp-json\/wp\/v2\/posts\/201325\/revisions"}],"predecessor-version":[{"id":201328,"href":"https:\/\/www.notibras.com\/site\/wp-json\/wp\/v2\/posts\/201325\/revisions\/201328"}],"wp:featuredmedia":[{"embeddable":true,"href":"https:\/\/www.notibras.com\/site\/wp-json\/wp\/v2\/media\/201326"}],"wp:attachment":[{"href":"https:\/\/www.notibras.com\/site\/wp-json\/wp\/v2\/media?parent=201325"}],"wp:term":[{"taxonomy":"category","embeddable":true,"href":"https:\/\/www.notibras.com\/site\/wp-json\/wp\/v2\/categories?post=201325"},{"taxonomy":"post_tag","embeddable":true,"href":"https:\/\/www.notibras.com\/site\/wp-json\/wp\/v2\/tags?post=201325"}],"curies":[{"name":"wp","href":"https:\/\/api.w.org\/{rel}","templated":true}]}}