{"id":201361,"date":"2019-02-03T10:00:32","date_gmt":"2019-02-03T12:00:32","guid":{"rendered":"https:\/\/www.notibras.com\/site\/?p=201361"},"modified":"2019-02-03T10:13:22","modified_gmt":"2019-02-03T12:13:22","slug":"psl-e-uma-salada-cacar-comunista-e-da-boca-pra-fora","status":"publish","type":"post","link":"https:\/\/www.notibras.com\/site\/psl-e-uma-salada-cacar-comunista-e-da-boca-pra-fora\/","title":{"rendered":"&#8216;PSL \u00e9 uma salada. Ca\u00e7ar comunista \u00e9 da boca pra fora&#8217;"},"content":{"rendered":"<p>Para o historiador e cientista pol\u00edtico Boris Fausto, o Brasil nunca esteve t\u00e3o dividido como hoje e a exist\u00eancia de diferentes vis\u00f5es deve se refletir no Congresso que tomou posse nesta sexta-feira, 1.\u00ba. &#8220;Houve divis\u00f5es na sociedade no passado, mas nesse grau e nessa consist\u00eancia, nunca tivemos&#8221;, afirmou nesta entrevista.<\/p>\n<p>Na avalia\u00e7\u00e3o de Fausto, os bolsonaristas criaram um prop\u00f3sito de &#8216;ca\u00e7a aos comunistas&#8217; mas h\u00e1 muita fantasia em torno disso. Foi criada a ideia de &#8216;n\u00f3s e eles&#8217;, mas todo mundo vai assentar a poeira ao longo do tempo, prev\u00ea. E o pr\u00f3prio PT, diz o historiador, precisa ser mais flex\u00edvel se desejar ter aluma influ\u00eancia na oposi\u00e7\u00e3o.<\/p>\n<p>Veja trechos da entrevista:<\/p>\n<p><strong>Qual a avalia\u00e7\u00e3o do sr. sobre o perfil deste novo Congresso?<\/strong><\/p>\n<p>\u00c9 preciso acompanhar o que vai fazer essa grande bancada do PSL (na C\u00e2mara, com 52 deputados). Tem muita gente nova e n\u00e3o sabemos se v\u00e3o se comportar maci\u00e7amente votando sempre a favor do governo, ou se uma parte ter\u00e1 independ\u00eancia em casos que contrariem sua opini\u00e3o. Os sinais indicam que \u00e9 uma salada composta de muitos elementos, sem unanimidade. Quando o grupo foi para a China, por exemplo, produziu indigna\u00e7\u00e3o nos setores mais ideol\u00f3gicos do bolsonarismo. Vejo que esses votos, aparentemente, n\u00e3o s\u00e3o garantidos. Al\u00e9m disso, \u00e9 preciso entender as nuances dessa direita que chegou ao poder. \u00c9 um mundo muito mal conhecido porque era aparentemente secund\u00e1rio e, de repente, apareceu na ordem do dia. Figuras at\u00e9 ent\u00e3o inexpressivas ou n\u00e3o consideradas surgem e passam a pesar no jogo pol\u00edtico e nas ideias.<\/p>\n<p><strong>Como a divis\u00e3o da sociedade pode se refletir no Congresso?<\/strong><\/p>\n<p>\u00c9 saud\u00e1vel haver disputas, conflitos e opini\u00f5es divergentes na sociedade desde que tenham um m\u00ednimo denominador comum e que pelo entendimento cheguem a algum consenso. Quando n\u00e3o h\u00e1 isso, n\u00e3o tem di\u00e1logo. Houve divis\u00f5es na sociedade brasileira no passado, mas nesse grau e nessa consist\u00eancia, nunca tivemos. Por exemplo, o getulismo e antigetulismo. Foi uma luta pol\u00edtica constante, mas duvido que algu\u00e9m deixasse de jantar na casa de um parente porque esse parente fosse udenista ou getulista. Hoje, o clima de divis\u00e3o profunda na sociedade deve se refletir no Congresso. Mas existe no Congresso um &#8220;esp\u00edrito de corpo&#8221; entre os membros. Muitos entram com o furor de mudar tudo que \u00e9 poss\u00edvel, mas depois entram na engrenagem, mesmo com opini\u00f5es diferentes, daquela corpora\u00e7\u00e3o. \u00c9 natural.<\/p>\n<p><strong>O discurso do governo estimula essa divis\u00e3o?<\/strong><\/p>\n<p>Essa corrente de direita a que o Bolsonaro est\u00e1 associado encontrou um inimigo no chamado comunismo internacional, com determina\u00e7\u00f5es internas. Hoje, se criou essa fantasia e n\u00e3o se criou por prop\u00f3sitos inocentes. \u00c9 a ideia de juntar uma por\u00e7\u00e3o de correntes e pessoas nesse &#8220;perigoso inimigo&#8221; constru\u00eddo que \u00e9 a esquerda, o marxismo, a influ\u00eancia cultural gramsciana, com esse prop\u00f3sito de criar &#8220;n\u00f3s e eles&#8221;. O &#8220;n\u00f3s&#8221;, que iremos retificar tudo isso, e colocar nas mentes doutrinas que n\u00e3o s\u00e3o ideol\u00f3gicas, pensamentos que s\u00e3o abertos, quando precisamente esse \u00e9 um pensamento muito ideol\u00f3gico. Mas existe uma raiz disso na esquerda tamb\u00e9m. O PT criou uma divis\u00e3o entre n\u00f3s e eles. Se voc\u00ea pensa diferente, se n\u00e3o acredita no projeto do partido, deve ser exclu\u00eddo. \u00c9 bom n\u00e3o esquecer os males que essa gente produziu em nome de uma chamada esquerda.<\/p>\n<p><strong>Como acredita que deve agir a oposi\u00e7\u00e3o no governo Bolsonaro?<\/strong><\/p>\n<p>A oposi\u00e7\u00e3o tem de ser de combate respons\u00e1vel e de reconstru\u00e7\u00e3o. N\u00e3o \u00e9 oposi\u00e7\u00e3o por oposi\u00e7\u00e3o, a favor de que nada d\u00ea certo, mas de vigil\u00e2ncia. A oposi\u00e7\u00e3o vai ser for\u00e7ada a evitar o deslize para a corrup\u00e7\u00e3o interna da democracia, mais do que apoiar um ou outro ato do governo. Com rela\u00e7\u00e3o a projetos que fa\u00e7am sentido do ponto de vista nacional, como a Previd\u00eancia e uma reforma tribut\u00e1ria, na depend\u00eancia de como forem, n\u00e3o vejo porque fazer uma oposi\u00e7\u00e3o cerrada a qualquer pre\u00e7o, contrariando um interesse nacional. Numa situa\u00e7\u00e3o em que os partidos, e a esquerda sobretudo, foram fortemente atingidos, a tend\u00eancia \u00e0 aglutina\u00e7\u00e3o e aproxima\u00e7\u00e3o das pessoas \u00e9 muito forte.<\/p>\n<p><strong>Qual seria a participa\u00e7\u00e3o do PT em um eventual bloco de esquerda no Congresso?<\/strong><\/p>\n<p>O PT deveria ir por uma linha mais flex\u00edvel se quiser ter papel relevante na uni\u00e3o das esquerdas. O problema \u00e9 que uma uni\u00e3o dessas com o PT sem fazer uma avalia\u00e7\u00e3o cr\u00edtica n\u00e3o teria muita autoridade como for\u00e7a de esquerda. Ao mesmo tempo, \u00e9 improv\u00e1vel que (o partido) venha a fazer a reavalia\u00e7\u00e3o dos muitos erros que cometeu. Ent\u00e3o, seria uma frente com um problema interno, uma dificuldade nesse PT monol\u00edtico, que n\u00e3o quer se alterar, que tem uma bancada grande (56 deputados) e se considera hegem\u00f4nico.<\/p>\n","protected":false},"excerpt":{"rendered":"<p>Para o historiador e cientista pol\u00edtico Boris Fausto, o Brasil nunca esteve t\u00e3o dividido como hoje e a exist\u00eancia de diferentes vis\u00f5es deve se refletir no Congresso que tomou posse nesta sexta-feira, 1.\u00ba. &#8220;Houve divis\u00f5es na sociedade no passado, mas nesse grau e nessa consist\u00eancia, nunca tivemos&#8221;, afirmou nesta entrevista. Na avalia\u00e7\u00e3o de Fausto, os [&hellip;]<\/p>\n","protected":false},"author":2,"featured_media":201362,"comment_status":"closed","ping_status":"closed","sticky":false,"template":"","format":"standard","meta":{"_acf_changed":false,"footnotes":""},"categories":[16],"tags":[95],"class_list":["post-201361","post","type-post","status-publish","format-standard","has-post-thumbnail","hentry","category-brasil","tag-capa"],"acf":[],"yoast_head":"<!-- This site is optimized with the Yoast SEO plugin v27.2 - https:\/\/yoast.com\/product\/yoast-seo-wordpress\/ -->\n<title>&#039;PSL \u00e9 uma salada. Ca\u00e7ar comunista \u00e9 da boca pra fora&#039; - Notibras<\/title>\n<meta name=\"robots\" content=\"index, follow, max-snippet:-1, max-image-preview:large, max-video-preview:-1\" \/>\n<link rel=\"canonical\" href=\"https:\/\/www.notibras.com\/site\/psl-e-uma-salada-cacar-comunista-e-da-boca-pra-fora\/\" \/>\n<meta property=\"og:locale\" content=\"pt_BR\" \/>\n<meta property=\"og:type\" content=\"article\" \/>\n<meta property=\"og:title\" content=\"&#039;PSL \u00e9 uma salada. Ca\u00e7ar comunista \u00e9 da boca pra fora&#039; - Notibras\" \/>\n<meta property=\"og:description\" content=\"Para o historiador e cientista pol\u00edtico Boris Fausto, o Brasil nunca esteve t\u00e3o dividido como hoje e a exist\u00eancia de diferentes vis\u00f5es deve se refletir no Congresso que tomou posse nesta sexta-feira, 1.\u00ba. &#8220;Houve divis\u00f5es na sociedade no passado, mas nesse grau e nessa consist\u00eancia, nunca tivemos&#8221;, afirmou nesta entrevista. Na avalia\u00e7\u00e3o de Fausto, os [&hellip;]\" \/>\n<meta property=\"og:url\" content=\"https:\/\/www.notibras.com\/site\/psl-e-uma-salada-cacar-comunista-e-da-boca-pra-fora\/\" \/>\n<meta property=\"og:site_name\" content=\"Notibras\" \/>\n<meta property=\"article:publisher\" content=\"https:\/\/www.facebook.com\/notibras\/\" \/>\n<meta property=\"article:published_time\" content=\"2019-02-03T12:00:32+00:00\" \/>\n<meta property=\"article:modified_time\" content=\"2019-02-03T12:13:22+00:00\" \/>\n<meta property=\"og:image\" content=\"https:\/\/www.notibras.com\/site\/wp-content\/uploads\/2019\/02\/Boris.jpg\" \/>\n\t<meta property=\"og:image:width\" content=\"1024\" \/>\n\t<meta property=\"og:image:height\" content=\"684\" \/>\n\t<meta property=\"og:image:type\" content=\"image\/jpeg\" \/>\n<meta name=\"author\" content=\"Reda\u00e7\u00e3o\" \/>\n<meta name=\"twitter:card\" content=\"summary_large_image\" \/>\n<meta name=\"twitter:creator\" content=\"@Notibras\" \/>\n<meta name=\"twitter:site\" content=\"@Notibras\" \/>\n<meta name=\"twitter:label1\" content=\"Escrito por\" \/>\n\t<meta name=\"twitter:data1\" content=\"Reda\u00e7\u00e3o\" \/>\n\t<meta name=\"twitter:label2\" content=\"Est. tempo de leitura\" \/>\n\t<meta name=\"twitter:data2\" content=\"4 minutos\" \/>\n<script type=\"application\/ld+json\" class=\"yoast-schema-graph\">{\"@context\":\"https:\/\/schema.org\",\"@graph\":[{\"@type\":\"Article\",\"@id\":\"https:\/\/www.notibras.com\/site\/psl-e-uma-salada-cacar-comunista-e-da-boca-pra-fora\/#article\",\"isPartOf\":{\"@id\":\"https:\/\/www.notibras.com\/site\/psl-e-uma-salada-cacar-comunista-e-da-boca-pra-fora\/\"},\"author\":{\"name\":\"Reda\u00e7\u00e3o\",\"@id\":\"https:\/\/www.notibras.com\/site\/#\/schema\/person\/36ab0979449956132d3e5b517ea76ac8\"},\"headline\":\"&#8216;PSL \u00e9 uma salada. Ca\u00e7ar comunista \u00e9 da boca pra fora&#8217;\",\"datePublished\":\"2019-02-03T12:00:32+00:00\",\"dateModified\":\"2019-02-03T12:13:22+00:00\",\"mainEntityOfPage\":{\"@id\":\"https:\/\/www.notibras.com\/site\/psl-e-uma-salada-cacar-comunista-e-da-boca-pra-fora\/\"},\"wordCount\":859,\"publisher\":{\"@id\":\"https:\/\/www.notibras.com\/site\/#organization\"},\"image\":{\"@id\":\"https:\/\/www.notibras.com\/site\/psl-e-uma-salada-cacar-comunista-e-da-boca-pra-fora\/#primaryimage\"},\"thumbnailUrl\":\"https:\/\/www.notibras.com\/site\/wp-content\/uploads\/2019\/02\/Boris.jpg\",\"keywords\":[\"capa\"],\"articleSection\":[\"Brasil\"],\"inLanguage\":\"pt-BR\"},{\"@type\":\"WebPage\",\"@id\":\"https:\/\/www.notibras.com\/site\/psl-e-uma-salada-cacar-comunista-e-da-boca-pra-fora\/\",\"url\":\"https:\/\/www.notibras.com\/site\/psl-e-uma-salada-cacar-comunista-e-da-boca-pra-fora\/\",\"name\":\"'PSL \u00e9 uma salada. Ca\u00e7ar comunista \u00e9 da boca pra fora' - Notibras\",\"isPartOf\":{\"@id\":\"https:\/\/www.notibras.com\/site\/#website\"},\"primaryImageOfPage\":{\"@id\":\"https:\/\/www.notibras.com\/site\/psl-e-uma-salada-cacar-comunista-e-da-boca-pra-fora\/#primaryimage\"},\"image\":{\"@id\":\"https:\/\/www.notibras.com\/site\/psl-e-uma-salada-cacar-comunista-e-da-boca-pra-fora\/#primaryimage\"},\"thumbnailUrl\":\"https:\/\/www.notibras.com\/site\/wp-content\/uploads\/2019\/02\/Boris.jpg\",\"datePublished\":\"2019-02-03T12:00:32+00:00\",\"dateModified\":\"2019-02-03T12:13:22+00:00\",\"breadcrumb\":{\"@id\":\"https:\/\/www.notibras.com\/site\/psl-e-uma-salada-cacar-comunista-e-da-boca-pra-fora\/#breadcrumb\"},\"inLanguage\":\"pt-BR\",\"potentialAction\":[{\"@type\":\"ReadAction\",\"target\":[\"https:\/\/www.notibras.com\/site\/psl-e-uma-salada-cacar-comunista-e-da-boca-pra-fora\/\"]}]},{\"@type\":\"ImageObject\",\"inLanguage\":\"pt-BR\",\"@id\":\"https:\/\/www.notibras.com\/site\/psl-e-uma-salada-cacar-comunista-e-da-boca-pra-fora\/#primaryimage\",\"url\":\"https:\/\/www.notibras.com\/site\/wp-content\/uploads\/2019\/02\/Boris.jpg\",\"contentUrl\":\"https:\/\/www.notibras.com\/site\/wp-content\/uploads\/2019\/02\/Boris.jpg\",\"width\":1024,\"height\":684,\"caption\":\"Foto\/Arquivo Notibras\"},{\"@type\":\"BreadcrumbList\",\"@id\":\"https:\/\/www.notibras.com\/site\/psl-e-uma-salada-cacar-comunista-e-da-boca-pra-fora\/#breadcrumb\",\"itemListElement\":[{\"@type\":\"ListItem\",\"position\":1,\"name\":\"In\u00edcio\",\"item\":\"https:\/\/www.notibras.com\/site\/\"},{\"@type\":\"ListItem\",\"position\":2,\"name\":\"&#8216;PSL \u00e9 uma salada. Ca\u00e7ar comunista \u00e9 da boca pra fora&#8217;\"}]},{\"@type\":\"WebSite\",\"@id\":\"https:\/\/www.notibras.com\/site\/#website\",\"url\":\"https:\/\/www.notibras.com\/site\/\",\"name\":\"Notibras\",\"description\":\"Not\u00edcias de Bras\u00edlia, do Brasil e do Mundo\",\"publisher\":{\"@id\":\"https:\/\/www.notibras.com\/site\/#organization\"},\"potentialAction\":[{\"@type\":\"SearchAction\",\"target\":{\"@type\":\"EntryPoint\",\"urlTemplate\":\"https:\/\/www.notibras.com\/site\/?s={search_term_string}\"},\"query-input\":{\"@type\":\"PropertyValueSpecification\",\"valueRequired\":true,\"valueName\":\"search_term_string\"}}],\"inLanguage\":\"pt-BR\"},{\"@type\":\"Organization\",\"@id\":\"https:\/\/www.notibras.com\/site\/#organization\",\"name\":\"Grupo Notibras de Comunica\u00e7\u00e3o\",\"url\":\"https:\/\/www.notibras.com\/site\/\",\"logo\":{\"@type\":\"ImageObject\",\"inLanguage\":\"pt-BR\",\"@id\":\"https:\/\/www.notibras.com\/site\/#\/schema\/logo\/image\/\",\"url\":\"https:\/\/www.notibras.com\/site\/wp-content\/uploads\/2023\/01\/notibras23.png\",\"contentUrl\":\"https:\/\/www.notibras.com\/site\/wp-content\/uploads\/2023\/01\/notibras23.png\",\"width\":350,\"height\":87,\"caption\":\"Grupo Notibras de Comunica\u00e7\u00e3o\"},\"image\":{\"@id\":\"https:\/\/www.notibras.com\/site\/#\/schema\/logo\/image\/\"},\"sameAs\":[\"https:\/\/www.facebook.com\/notibras\/\",\"https:\/\/x.com\/Notibras\",\"https:\/\/www.instagram.com\/notibras\/\"]},{\"@type\":\"Person\",\"@id\":\"https:\/\/www.notibras.com\/site\/#\/schema\/person\/36ab0979449956132d3e5b517ea76ac8\",\"name\":\"Reda\u00e7\u00e3o\",\"image\":{\"@type\":\"ImageObject\",\"inLanguage\":\"pt-BR\",\"@id\":\"https:\/\/secure.gravatar.com\/avatar\/e0a867bdedb85fd243eadf09663511f96fc81e0720a4a42581f334ad4303aa6b?s=96&d=mm&r=g\",\"url\":\"https:\/\/secure.gravatar.com\/avatar\/e0a867bdedb85fd243eadf09663511f96fc81e0720a4a42581f334ad4303aa6b?s=96&d=mm&r=g\",\"contentUrl\":\"https:\/\/secure.gravatar.com\/avatar\/e0a867bdedb85fd243eadf09663511f96fc81e0720a4a42581f334ad4303aa6b?s=96&d=mm&r=g\",\"caption\":\"Reda\u00e7\u00e3o\"}}]}<\/script>\n<!-- \/ Yoast SEO plugin. -->","yoast_head_json":{"title":"'PSL \u00e9 uma salada. Ca\u00e7ar comunista \u00e9 da boca pra fora' - Notibras","robots":{"index":"index","follow":"follow","max-snippet":"max-snippet:-1","max-image-preview":"max-image-preview:large","max-video-preview":"max-video-preview:-1"},"canonical":"https:\/\/www.notibras.com\/site\/psl-e-uma-salada-cacar-comunista-e-da-boca-pra-fora\/","og_locale":"pt_BR","og_type":"article","og_title":"'PSL \u00e9 uma salada. Ca\u00e7ar comunista \u00e9 da boca pra fora' - Notibras","og_description":"Para o historiador e cientista pol\u00edtico Boris Fausto, o Brasil nunca esteve t\u00e3o dividido como hoje e a exist\u00eancia de diferentes vis\u00f5es deve se refletir no Congresso que tomou posse nesta sexta-feira, 1.\u00ba. &#8220;Houve divis\u00f5es na sociedade no passado, mas nesse grau e nessa consist\u00eancia, nunca tivemos&#8221;, afirmou nesta entrevista. Na avalia\u00e7\u00e3o de Fausto, os [&hellip;]","og_url":"https:\/\/www.notibras.com\/site\/psl-e-uma-salada-cacar-comunista-e-da-boca-pra-fora\/","og_site_name":"Notibras","article_publisher":"https:\/\/www.facebook.com\/notibras\/","article_published_time":"2019-02-03T12:00:32+00:00","article_modified_time":"2019-02-03T12:13:22+00:00","og_image":[{"width":1024,"height":684,"url":"https:\/\/www.notibras.com\/site\/wp-content\/uploads\/2019\/02\/Boris.jpg","type":"image\/jpeg"}],"author":"Reda\u00e7\u00e3o","twitter_card":"summary_large_image","twitter_creator":"@Notibras","twitter_site":"@Notibras","twitter_misc":{"Escrito por":"Reda\u00e7\u00e3o","Est. tempo de leitura":"4 minutos"},"schema":{"@context":"https:\/\/schema.org","@graph":[{"@type":"Article","@id":"https:\/\/www.notibras.com\/site\/psl-e-uma-salada-cacar-comunista-e-da-boca-pra-fora\/#article","isPartOf":{"@id":"https:\/\/www.notibras.com\/site\/psl-e-uma-salada-cacar-comunista-e-da-boca-pra-fora\/"},"author":{"name":"Reda\u00e7\u00e3o","@id":"https:\/\/www.notibras.com\/site\/#\/schema\/person\/36ab0979449956132d3e5b517ea76ac8"},"headline":"&#8216;PSL \u00e9 uma salada. Ca\u00e7ar comunista \u00e9 da boca pra fora&#8217;","datePublished":"2019-02-03T12:00:32+00:00","dateModified":"2019-02-03T12:13:22+00:00","mainEntityOfPage":{"@id":"https:\/\/www.notibras.com\/site\/psl-e-uma-salada-cacar-comunista-e-da-boca-pra-fora\/"},"wordCount":859,"publisher":{"@id":"https:\/\/www.notibras.com\/site\/#organization"},"image":{"@id":"https:\/\/www.notibras.com\/site\/psl-e-uma-salada-cacar-comunista-e-da-boca-pra-fora\/#primaryimage"},"thumbnailUrl":"https:\/\/www.notibras.com\/site\/wp-content\/uploads\/2019\/02\/Boris.jpg","keywords":["capa"],"articleSection":["Brasil"],"inLanguage":"pt-BR"},{"@type":"WebPage","@id":"https:\/\/www.notibras.com\/site\/psl-e-uma-salada-cacar-comunista-e-da-boca-pra-fora\/","url":"https:\/\/www.notibras.com\/site\/psl-e-uma-salada-cacar-comunista-e-da-boca-pra-fora\/","name":"'PSL \u00e9 uma salada. Ca\u00e7ar comunista \u00e9 da boca pra fora' - Notibras","isPartOf":{"@id":"https:\/\/www.notibras.com\/site\/#website"},"primaryImageOfPage":{"@id":"https:\/\/www.notibras.com\/site\/psl-e-uma-salada-cacar-comunista-e-da-boca-pra-fora\/#primaryimage"},"image":{"@id":"https:\/\/www.notibras.com\/site\/psl-e-uma-salada-cacar-comunista-e-da-boca-pra-fora\/#primaryimage"},"thumbnailUrl":"https:\/\/www.notibras.com\/site\/wp-content\/uploads\/2019\/02\/Boris.jpg","datePublished":"2019-02-03T12:00:32+00:00","dateModified":"2019-02-03T12:13:22+00:00","breadcrumb":{"@id":"https:\/\/www.notibras.com\/site\/psl-e-uma-salada-cacar-comunista-e-da-boca-pra-fora\/#breadcrumb"},"inLanguage":"pt-BR","potentialAction":[{"@type":"ReadAction","target":["https:\/\/www.notibras.com\/site\/psl-e-uma-salada-cacar-comunista-e-da-boca-pra-fora\/"]}]},{"@type":"ImageObject","inLanguage":"pt-BR","@id":"https:\/\/www.notibras.com\/site\/psl-e-uma-salada-cacar-comunista-e-da-boca-pra-fora\/#primaryimage","url":"https:\/\/www.notibras.com\/site\/wp-content\/uploads\/2019\/02\/Boris.jpg","contentUrl":"https:\/\/www.notibras.com\/site\/wp-content\/uploads\/2019\/02\/Boris.jpg","width":1024,"height":684,"caption":"Foto\/Arquivo Notibras"},{"@type":"BreadcrumbList","@id":"https:\/\/www.notibras.com\/site\/psl-e-uma-salada-cacar-comunista-e-da-boca-pra-fora\/#breadcrumb","itemListElement":[{"@type":"ListItem","position":1,"name":"In\u00edcio","item":"https:\/\/www.notibras.com\/site\/"},{"@type":"ListItem","position":2,"name":"&#8216;PSL \u00e9 uma salada. Ca\u00e7ar comunista \u00e9 da boca pra fora&#8217;"}]},{"@type":"WebSite","@id":"https:\/\/www.notibras.com\/site\/#website","url":"https:\/\/www.notibras.com\/site\/","name":"Notibras","description":"Not\u00edcias de Bras\u00edlia, do Brasil e do Mundo","publisher":{"@id":"https:\/\/www.notibras.com\/site\/#organization"},"potentialAction":[{"@type":"SearchAction","target":{"@type":"EntryPoint","urlTemplate":"https:\/\/www.notibras.com\/site\/?s={search_term_string}"},"query-input":{"@type":"PropertyValueSpecification","valueRequired":true,"valueName":"search_term_string"}}],"inLanguage":"pt-BR"},{"@type":"Organization","@id":"https:\/\/www.notibras.com\/site\/#organization","name":"Grupo Notibras de Comunica\u00e7\u00e3o","url":"https:\/\/www.notibras.com\/site\/","logo":{"@type":"ImageObject","inLanguage":"pt-BR","@id":"https:\/\/www.notibras.com\/site\/#\/schema\/logo\/image\/","url":"https:\/\/www.notibras.com\/site\/wp-content\/uploads\/2023\/01\/notibras23.png","contentUrl":"https:\/\/www.notibras.com\/site\/wp-content\/uploads\/2023\/01\/notibras23.png","width":350,"height":87,"caption":"Grupo Notibras de Comunica\u00e7\u00e3o"},"image":{"@id":"https:\/\/www.notibras.com\/site\/#\/schema\/logo\/image\/"},"sameAs":["https:\/\/www.facebook.com\/notibras\/","https:\/\/x.com\/Notibras","https:\/\/www.instagram.com\/notibras\/"]},{"@type":"Person","@id":"https:\/\/www.notibras.com\/site\/#\/schema\/person\/36ab0979449956132d3e5b517ea76ac8","name":"Reda\u00e7\u00e3o","image":{"@type":"ImageObject","inLanguage":"pt-BR","@id":"https:\/\/secure.gravatar.com\/avatar\/e0a867bdedb85fd243eadf09663511f96fc81e0720a4a42581f334ad4303aa6b?s=96&d=mm&r=g","url":"https:\/\/secure.gravatar.com\/avatar\/e0a867bdedb85fd243eadf09663511f96fc81e0720a4a42581f334ad4303aa6b?s=96&d=mm&r=g","contentUrl":"https:\/\/secure.gravatar.com\/avatar\/e0a867bdedb85fd243eadf09663511f96fc81e0720a4a42581f334ad4303aa6b?s=96&d=mm&r=g","caption":"Reda\u00e7\u00e3o"}}]}},"amp_enabled":true,"_links":{"self":[{"href":"https:\/\/www.notibras.com\/site\/wp-json\/wp\/v2\/posts\/201361","targetHints":{"allow":["GET"]}}],"collection":[{"href":"https:\/\/www.notibras.com\/site\/wp-json\/wp\/v2\/posts"}],"about":[{"href":"https:\/\/www.notibras.com\/site\/wp-json\/wp\/v2\/types\/post"}],"author":[{"embeddable":true,"href":"https:\/\/www.notibras.com\/site\/wp-json\/wp\/v2\/users\/2"}],"replies":[{"embeddable":true,"href":"https:\/\/www.notibras.com\/site\/wp-json\/wp\/v2\/comments?post=201361"}],"version-history":[{"count":1,"href":"https:\/\/www.notibras.com\/site\/wp-json\/wp\/v2\/posts\/201361\/revisions"}],"predecessor-version":[{"id":201363,"href":"https:\/\/www.notibras.com\/site\/wp-json\/wp\/v2\/posts\/201361\/revisions\/201363"}],"wp:featuredmedia":[{"embeddable":true,"href":"https:\/\/www.notibras.com\/site\/wp-json\/wp\/v2\/media\/201362"}],"wp:attachment":[{"href":"https:\/\/www.notibras.com\/site\/wp-json\/wp\/v2\/media?parent=201361"}],"wp:term":[{"taxonomy":"category","embeddable":true,"href":"https:\/\/www.notibras.com\/site\/wp-json\/wp\/v2\/categories?post=201361"},{"taxonomy":"post_tag","embeddable":true,"href":"https:\/\/www.notibras.com\/site\/wp-json\/wp\/v2\/tags?post=201361"}],"curies":[{"name":"wp","href":"https:\/\/api.w.org\/{rel}","templated":true}]}}