{"id":201364,"date":"2019-02-03T11:00:32","date_gmt":"2019-02-03T13:00:32","guid":{"rendered":"https:\/\/www.notibras.com\/site\/?p=201364"},"modified":"2019-02-03T10:55:08","modified_gmt":"2019-02-03T12:55:08","slug":"odiado-por-lula-dem-tem-forca-de-governo-paralelo","status":"publish","type":"post","link":"https:\/\/www.notibras.com\/site\/odiado-por-lula-dem-tem-forca-de-governo-paralelo\/","title":{"rendered":"Odiado por Lula, DEM tem for\u00e7a de governo paralelo"},"content":{"rendered":"<p>A renova\u00e7\u00e3o pol\u00edtica impulsionada pelas redes sociais varreu velhas figuras e oligarquias, mas o DEM voltou ao poder com for\u00e7a. Depois de amargar um d\u00e9cimo lugar geral em votos nas elei\u00e7\u00f5es para deputado federal e um quinto para senador em 2018, o partido inverte a posi\u00e7\u00e3o na influ\u00eancia pol\u00edtica com a reelei\u00e7\u00e3o de Rodrigo Maia (RJ) no comando da C\u00e2mara e a vit\u00f3ria de Davi Alcolumbre (AP) na disputa pela presid\u00eancia do Senado.<\/p>\n<p>A fa\u00e7anha do DEM, como o PFL de Antonio Carlos Magalh\u00e3es, Marco Maciel e Jorge Bornhausen foi rebatizado h\u00e1 12 anos, ocorre meses depois de o partido obter tr\u00eas minist\u00e9rios do governo Jair Bolsonaro. A legenda conseguiu construir um atalho \u00e0 barreira &#8220;\u00e9tica&#8221; imposta pelo n\u00facleo dos generais e emplacar os deputados Luiz Henrique Mandetta (MS) na pasta da Sa\u00fade, Tereza Cristina (MS) na Agricultura e, em especial, Onyx Lorenzoni na chefia da Casa Civil. Os tr\u00eas foram citados em den\u00fancias.<\/p>\n<p>Nem o PSL, de Bolsonaro, que saiu em outubro das urnas como o mais votado para a C\u00e2mara, com 11 milh\u00f5es de votos, e o PT, campe\u00e3o na contagem de votos para o Senado, com 24 milh\u00f5es, tiveram o mesmo espa\u00e7o no tabuleiro pol\u00edtico de Bras\u00edlia.<\/p>\n<p>\u00c9 a primeira vez que um partido comandar\u00e1 as duas casas desde 2014, quando o ent\u00e3o PMDB elegeu Renan Calheiros (AL) no Senado e Eduardo Cunha (RJ) na C\u00e2mara. Mas nessa \u00e9poca, o PMDB tinha a maioria no Senado e a segunda na C\u00e2mara, quando derrotou o candidato do l\u00edder do PT. Agora, o DEM assume as duas Casas com apenas a quarta bancada no Senado (seis senadores) &#8211; empatado com PT e PP &#8211; e a 11.\u00aa na C\u00e2mara (27 deputados).<\/p>\n<p>Interlocutores do Planalto observam que as movimenta\u00e7\u00f5es de Onyx para nomear colegas no primeiro escal\u00e3o do governo teve o aval absoluto do presidente Jair Bolsonaro. Na empreitada atuou tamb\u00e9m o governador eleito de Goi\u00e1s e tamb\u00e9m integrante do DEM, Ronaldo Caiado.<\/p>\n<p>A parceria Caiado e Onyx passou por cima de Rodrigo Maia e do presidente nacional do partido, ACM Neto. Os dois n\u00e3o foram ouvidos na escolha dos ministros. Na elei\u00e7\u00e3o do ano passado, o prefeito de Salvador impediu que o partido desembarcasse oficialmente da campanha do tucano Geraldo Alckmin e aderisse a Bolsonaro. Interlocutores de Maia e de ACM Neto enxergam uma obsess\u00e3o de Onyx em dominar o partido.<\/p>\n<p>A vit\u00f3ria de Alcolumbre, um senador de 41 anos e apenas h\u00e1 quatro no Senado, deu mais visibilidade \u00e0 contribui\u00e7\u00e3o do ministro da Casa Civil para derrotar Renan, que perdeu ontem a chance de ser eleito presidente do Senado pela quinta vez.<\/p>\n<p>Jatinho. O partido p\u00f4s \u00e0 disposi\u00e7\u00e3o de Alcolumbre um jatinho para costurar apoios nos Estados e ignorou apelos de Maia de que temia uma redu\u00e7\u00e3o de suas chances de permanecer \u00e0 frente da C\u00e2mara se a legenda dividisse esfor\u00e7os na elei\u00e7\u00e3o da presid\u00eancia do Senado.<\/p>\n<p>Criado a partir de uma dissid\u00eancia do PDS nas articula\u00e7\u00f5es para candidatura presidencial de Tancredo Neves, do PMDB, o antigo PFL foi rebatizado de DEM em 2007. Era o auge da popularidade do PT e do ent\u00e3o presidente Luiz In\u00e1cio Lula da Silva, que tr\u00eas anos depois defendeu em com\u00edcio a &#8220;extirpa\u00e7\u00e3o&#8221; do Democratas por ser um &#8220;partido do \u00f3dio&#8221;.<\/p>\n<p>Foi como PFL que a sigla viveu momentos intensos na pol\u00edtica, com o l\u00edder baiano Ant\u00f4nio Carlos Magalh\u00e3es dando as cartas do Minist\u00e9rio das Comunica\u00e7\u00f5es do governo Sarney e depois como apoio do governo Fernando Henrique &#8211; quando comandou o Senado.<\/p>\n","protected":false},"excerpt":{"rendered":"<p>A renova\u00e7\u00e3o pol\u00edtica impulsionada pelas redes sociais varreu velhas figuras e oligarquias, mas o DEM voltou ao poder com for\u00e7a. Depois de amargar um d\u00e9cimo lugar geral em votos nas elei\u00e7\u00f5es para deputado federal e um quinto para senador em 2018, o partido inverte a posi\u00e7\u00e3o na influ\u00eancia pol\u00edtica com a reelei\u00e7\u00e3o de Rodrigo Maia [&hellip;]<\/p>\n","protected":false},"author":2,"featured_media":201365,"comment_status":"closed","ping_status":"closed","sticky":false,"template":"","format":"standard","meta":{"_acf_changed":false,"footnotes":""},"categories":[16],"tags":[95],"class_list":["post-201364","post","type-post","status-publish","format-standard","has-post-thumbnail","hentry","category-brasil","tag-capa"],"acf":[],"yoast_head":"<!-- This site is optimized with the Yoast SEO plugin v27.2 - https:\/\/yoast.com\/product\/yoast-seo-wordpress\/ -->\n<title>Odiado por Lula, DEM tem for\u00e7a de governo paralelo - Notibras<\/title>\n<meta name=\"robots\" content=\"index, follow, max-snippet:-1, max-image-preview:large, max-video-preview:-1\" \/>\n<link rel=\"canonical\" href=\"https:\/\/www.notibras.com\/site\/odiado-por-lula-dem-tem-forca-de-governo-paralelo\/\" \/>\n<meta property=\"og:locale\" content=\"pt_BR\" \/>\n<meta property=\"og:type\" content=\"article\" \/>\n<meta property=\"og:title\" content=\"Odiado por Lula, DEM tem for\u00e7a de governo paralelo - Notibras\" \/>\n<meta property=\"og:description\" content=\"A renova\u00e7\u00e3o pol\u00edtica impulsionada pelas redes sociais varreu velhas figuras e oligarquias, mas o DEM voltou ao poder com for\u00e7a. Depois de amargar um d\u00e9cimo lugar geral em votos nas elei\u00e7\u00f5es para deputado federal e um quinto para senador em 2018, o partido inverte a posi\u00e7\u00e3o na influ\u00eancia pol\u00edtica com a reelei\u00e7\u00e3o de Rodrigo Maia [&hellip;]\" \/>\n<meta property=\"og:url\" content=\"https:\/\/www.notibras.com\/site\/odiado-por-lula-dem-tem-forca-de-governo-paralelo\/\" \/>\n<meta property=\"og:site_name\" content=\"Notibras\" \/>\n<meta property=\"article:publisher\" content=\"https:\/\/www.facebook.com\/notibras\/\" \/>\n<meta property=\"article:published_time\" content=\"2019-02-03T13:00:32+00:00\" \/>\n<meta property=\"og:image\" content=\"https:\/\/www.notibras.com\/site\/wp-content\/uploads\/2019\/02\/maia-e-onyx.jpg\" \/>\n\t<meta property=\"og:image:width\" content=\"1140\" \/>\n\t<meta property=\"og:image:height\" content=\"760\" \/>\n\t<meta property=\"og:image:type\" content=\"image\/jpeg\" \/>\n<meta name=\"author\" content=\"Reda\u00e7\u00e3o\" \/>\n<meta name=\"twitter:card\" content=\"summary_large_image\" \/>\n<meta name=\"twitter:creator\" content=\"@Notibras\" \/>\n<meta name=\"twitter:site\" content=\"@Notibras\" \/>\n<meta name=\"twitter:label1\" content=\"Escrito por\" \/>\n\t<meta name=\"twitter:data1\" content=\"Reda\u00e7\u00e3o\" \/>\n\t<meta name=\"twitter:label2\" content=\"Est. tempo de leitura\" \/>\n\t<meta name=\"twitter:data2\" content=\"3 minutos\" \/>\n<script type=\"application\/ld+json\" class=\"yoast-schema-graph\">{\"@context\":\"https:\/\/schema.org\",\"@graph\":[{\"@type\":\"Article\",\"@id\":\"https:\/\/www.notibras.com\/site\/odiado-por-lula-dem-tem-forca-de-governo-paralelo\/#article\",\"isPartOf\":{\"@id\":\"https:\/\/www.notibras.com\/site\/odiado-por-lula-dem-tem-forca-de-governo-paralelo\/\"},\"author\":{\"name\":\"Reda\u00e7\u00e3o\",\"@id\":\"https:\/\/www.notibras.com\/site\/#\/schema\/person\/36ab0979449956132d3e5b517ea76ac8\"},\"headline\":\"Odiado por Lula, DEM tem for\u00e7a de governo paralelo\",\"datePublished\":\"2019-02-03T13:00:32+00:00\",\"mainEntityOfPage\":{\"@id\":\"https:\/\/www.notibras.com\/site\/odiado-por-lula-dem-tem-forca-de-governo-paralelo\/\"},\"wordCount\":638,\"publisher\":{\"@id\":\"https:\/\/www.notibras.com\/site\/#organization\"},\"image\":{\"@id\":\"https:\/\/www.notibras.com\/site\/odiado-por-lula-dem-tem-forca-de-governo-paralelo\/#primaryimage\"},\"thumbnailUrl\":\"https:\/\/www.notibras.com\/site\/wp-content\/uploads\/2019\/02\/maia-e-onyx.jpg\",\"keywords\":[\"capa\"],\"articleSection\":[\"Brasil\"],\"inLanguage\":\"pt-BR\"},{\"@type\":\"WebPage\",\"@id\":\"https:\/\/www.notibras.com\/site\/odiado-por-lula-dem-tem-forca-de-governo-paralelo\/\",\"url\":\"https:\/\/www.notibras.com\/site\/odiado-por-lula-dem-tem-forca-de-governo-paralelo\/\",\"name\":\"Odiado por Lula, DEM tem for\u00e7a de governo paralelo - Notibras\",\"isPartOf\":{\"@id\":\"https:\/\/www.notibras.com\/site\/#website\"},\"primaryImageOfPage\":{\"@id\":\"https:\/\/www.notibras.com\/site\/odiado-por-lula-dem-tem-forca-de-governo-paralelo\/#primaryimage\"},\"image\":{\"@id\":\"https:\/\/www.notibras.com\/site\/odiado-por-lula-dem-tem-forca-de-governo-paralelo\/#primaryimage\"},\"thumbnailUrl\":\"https:\/\/www.notibras.com\/site\/wp-content\/uploads\/2019\/02\/maia-e-onyx.jpg\",\"datePublished\":\"2019-02-03T13:00:32+00:00\",\"breadcrumb\":{\"@id\":\"https:\/\/www.notibras.com\/site\/odiado-por-lula-dem-tem-forca-de-governo-paralelo\/#breadcrumb\"},\"inLanguage\":\"pt-BR\",\"potentialAction\":[{\"@type\":\"ReadAction\",\"target\":[\"https:\/\/www.notibras.com\/site\/odiado-por-lula-dem-tem-forca-de-governo-paralelo\/\"]}]},{\"@type\":\"ImageObject\",\"inLanguage\":\"pt-BR\",\"@id\":\"https:\/\/www.notibras.com\/site\/odiado-por-lula-dem-tem-forca-de-governo-paralelo\/#primaryimage\",\"url\":\"https:\/\/www.notibras.com\/site\/wp-content\/uploads\/2019\/02\/maia-e-onyx.jpg\",\"contentUrl\":\"https:\/\/www.notibras.com\/site\/wp-content\/uploads\/2019\/02\/maia-e-onyx.jpg\",\"width\":1140,\"height\":760,\"caption\":\"Foto: Marcelo Camargo\/ABr\"},{\"@type\":\"BreadcrumbList\",\"@id\":\"https:\/\/www.notibras.com\/site\/odiado-por-lula-dem-tem-forca-de-governo-paralelo\/#breadcrumb\",\"itemListElement\":[{\"@type\":\"ListItem\",\"position\":1,\"name\":\"In\u00edcio\",\"item\":\"https:\/\/www.notibras.com\/site\/\"},{\"@type\":\"ListItem\",\"position\":2,\"name\":\"Odiado por Lula, DEM tem for\u00e7a de governo paralelo\"}]},{\"@type\":\"WebSite\",\"@id\":\"https:\/\/www.notibras.com\/site\/#website\",\"url\":\"https:\/\/www.notibras.com\/site\/\",\"name\":\"Notibras\",\"description\":\"Not\u00edcias de Bras\u00edlia, do Brasil e do Mundo\",\"publisher\":{\"@id\":\"https:\/\/www.notibras.com\/site\/#organization\"},\"potentialAction\":[{\"@type\":\"SearchAction\",\"target\":{\"@type\":\"EntryPoint\",\"urlTemplate\":\"https:\/\/www.notibras.com\/site\/?s={search_term_string}\"},\"query-input\":{\"@type\":\"PropertyValueSpecification\",\"valueRequired\":true,\"valueName\":\"search_term_string\"}}],\"inLanguage\":\"pt-BR\"},{\"@type\":\"Organization\",\"@id\":\"https:\/\/www.notibras.com\/site\/#organization\",\"name\":\"Grupo Notibras de Comunica\u00e7\u00e3o\",\"url\":\"https:\/\/www.notibras.com\/site\/\",\"logo\":{\"@type\":\"ImageObject\",\"inLanguage\":\"pt-BR\",\"@id\":\"https:\/\/www.notibras.com\/site\/#\/schema\/logo\/image\/\",\"url\":\"https:\/\/www.notibras.com\/site\/wp-content\/uploads\/2023\/01\/notibras23.png\",\"contentUrl\":\"https:\/\/www.notibras.com\/site\/wp-content\/uploads\/2023\/01\/notibras23.png\",\"width\":350,\"height\":87,\"caption\":\"Grupo Notibras de Comunica\u00e7\u00e3o\"},\"image\":{\"@id\":\"https:\/\/www.notibras.com\/site\/#\/schema\/logo\/image\/\"},\"sameAs\":[\"https:\/\/www.facebook.com\/notibras\/\",\"https:\/\/x.com\/Notibras\",\"https:\/\/www.instagram.com\/notibras\/\"]},{\"@type\":\"Person\",\"@id\":\"https:\/\/www.notibras.com\/site\/#\/schema\/person\/36ab0979449956132d3e5b517ea76ac8\",\"name\":\"Reda\u00e7\u00e3o\",\"image\":{\"@type\":\"ImageObject\",\"inLanguage\":\"pt-BR\",\"@id\":\"https:\/\/secure.gravatar.com\/avatar\/e0a867bdedb85fd243eadf09663511f96fc81e0720a4a42581f334ad4303aa6b?s=96&d=mm&r=g\",\"url\":\"https:\/\/secure.gravatar.com\/avatar\/e0a867bdedb85fd243eadf09663511f96fc81e0720a4a42581f334ad4303aa6b?s=96&d=mm&r=g\",\"contentUrl\":\"https:\/\/secure.gravatar.com\/avatar\/e0a867bdedb85fd243eadf09663511f96fc81e0720a4a42581f334ad4303aa6b?s=96&d=mm&r=g\",\"caption\":\"Reda\u00e7\u00e3o\"}}]}<\/script>\n<!-- \/ Yoast SEO plugin. -->","yoast_head_json":{"title":"Odiado por Lula, DEM tem for\u00e7a de governo paralelo - Notibras","robots":{"index":"index","follow":"follow","max-snippet":"max-snippet:-1","max-image-preview":"max-image-preview:large","max-video-preview":"max-video-preview:-1"},"canonical":"https:\/\/www.notibras.com\/site\/odiado-por-lula-dem-tem-forca-de-governo-paralelo\/","og_locale":"pt_BR","og_type":"article","og_title":"Odiado por Lula, DEM tem for\u00e7a de governo paralelo - Notibras","og_description":"A renova\u00e7\u00e3o pol\u00edtica impulsionada pelas redes sociais varreu velhas figuras e oligarquias, mas o DEM voltou ao poder com for\u00e7a. Depois de amargar um d\u00e9cimo lugar geral em votos nas elei\u00e7\u00f5es para deputado federal e um quinto para senador em 2018, o partido inverte a posi\u00e7\u00e3o na influ\u00eancia pol\u00edtica com a reelei\u00e7\u00e3o de Rodrigo Maia [&hellip;]","og_url":"https:\/\/www.notibras.com\/site\/odiado-por-lula-dem-tem-forca-de-governo-paralelo\/","og_site_name":"Notibras","article_publisher":"https:\/\/www.facebook.com\/notibras\/","article_published_time":"2019-02-03T13:00:32+00:00","og_image":[{"width":1140,"height":760,"url":"https:\/\/www.notibras.com\/site\/wp-content\/uploads\/2019\/02\/maia-e-onyx.jpg","type":"image\/jpeg"}],"author":"Reda\u00e7\u00e3o","twitter_card":"summary_large_image","twitter_creator":"@Notibras","twitter_site":"@Notibras","twitter_misc":{"Escrito por":"Reda\u00e7\u00e3o","Est. tempo de leitura":"3 minutos"},"schema":{"@context":"https:\/\/schema.org","@graph":[{"@type":"Article","@id":"https:\/\/www.notibras.com\/site\/odiado-por-lula-dem-tem-forca-de-governo-paralelo\/#article","isPartOf":{"@id":"https:\/\/www.notibras.com\/site\/odiado-por-lula-dem-tem-forca-de-governo-paralelo\/"},"author":{"name":"Reda\u00e7\u00e3o","@id":"https:\/\/www.notibras.com\/site\/#\/schema\/person\/36ab0979449956132d3e5b517ea76ac8"},"headline":"Odiado por Lula, DEM tem for\u00e7a de governo paralelo","datePublished":"2019-02-03T13:00:32+00:00","mainEntityOfPage":{"@id":"https:\/\/www.notibras.com\/site\/odiado-por-lula-dem-tem-forca-de-governo-paralelo\/"},"wordCount":638,"publisher":{"@id":"https:\/\/www.notibras.com\/site\/#organization"},"image":{"@id":"https:\/\/www.notibras.com\/site\/odiado-por-lula-dem-tem-forca-de-governo-paralelo\/#primaryimage"},"thumbnailUrl":"https:\/\/www.notibras.com\/site\/wp-content\/uploads\/2019\/02\/maia-e-onyx.jpg","keywords":["capa"],"articleSection":["Brasil"],"inLanguage":"pt-BR"},{"@type":"WebPage","@id":"https:\/\/www.notibras.com\/site\/odiado-por-lula-dem-tem-forca-de-governo-paralelo\/","url":"https:\/\/www.notibras.com\/site\/odiado-por-lula-dem-tem-forca-de-governo-paralelo\/","name":"Odiado por Lula, DEM tem for\u00e7a de governo paralelo - Notibras","isPartOf":{"@id":"https:\/\/www.notibras.com\/site\/#website"},"primaryImageOfPage":{"@id":"https:\/\/www.notibras.com\/site\/odiado-por-lula-dem-tem-forca-de-governo-paralelo\/#primaryimage"},"image":{"@id":"https:\/\/www.notibras.com\/site\/odiado-por-lula-dem-tem-forca-de-governo-paralelo\/#primaryimage"},"thumbnailUrl":"https:\/\/www.notibras.com\/site\/wp-content\/uploads\/2019\/02\/maia-e-onyx.jpg","datePublished":"2019-02-03T13:00:32+00:00","breadcrumb":{"@id":"https:\/\/www.notibras.com\/site\/odiado-por-lula-dem-tem-forca-de-governo-paralelo\/#breadcrumb"},"inLanguage":"pt-BR","potentialAction":[{"@type":"ReadAction","target":["https:\/\/www.notibras.com\/site\/odiado-por-lula-dem-tem-forca-de-governo-paralelo\/"]}]},{"@type":"ImageObject","inLanguage":"pt-BR","@id":"https:\/\/www.notibras.com\/site\/odiado-por-lula-dem-tem-forca-de-governo-paralelo\/#primaryimage","url":"https:\/\/www.notibras.com\/site\/wp-content\/uploads\/2019\/02\/maia-e-onyx.jpg","contentUrl":"https:\/\/www.notibras.com\/site\/wp-content\/uploads\/2019\/02\/maia-e-onyx.jpg","width":1140,"height":760,"caption":"Foto: Marcelo Camargo\/ABr"},{"@type":"BreadcrumbList","@id":"https:\/\/www.notibras.com\/site\/odiado-por-lula-dem-tem-forca-de-governo-paralelo\/#breadcrumb","itemListElement":[{"@type":"ListItem","position":1,"name":"In\u00edcio","item":"https:\/\/www.notibras.com\/site\/"},{"@type":"ListItem","position":2,"name":"Odiado por Lula, DEM tem for\u00e7a de governo paralelo"}]},{"@type":"WebSite","@id":"https:\/\/www.notibras.com\/site\/#website","url":"https:\/\/www.notibras.com\/site\/","name":"Notibras","description":"Not\u00edcias de Bras\u00edlia, do Brasil e do Mundo","publisher":{"@id":"https:\/\/www.notibras.com\/site\/#organization"},"potentialAction":[{"@type":"SearchAction","target":{"@type":"EntryPoint","urlTemplate":"https:\/\/www.notibras.com\/site\/?s={search_term_string}"},"query-input":{"@type":"PropertyValueSpecification","valueRequired":true,"valueName":"search_term_string"}}],"inLanguage":"pt-BR"},{"@type":"Organization","@id":"https:\/\/www.notibras.com\/site\/#organization","name":"Grupo Notibras de Comunica\u00e7\u00e3o","url":"https:\/\/www.notibras.com\/site\/","logo":{"@type":"ImageObject","inLanguage":"pt-BR","@id":"https:\/\/www.notibras.com\/site\/#\/schema\/logo\/image\/","url":"https:\/\/www.notibras.com\/site\/wp-content\/uploads\/2023\/01\/notibras23.png","contentUrl":"https:\/\/www.notibras.com\/site\/wp-content\/uploads\/2023\/01\/notibras23.png","width":350,"height":87,"caption":"Grupo Notibras de Comunica\u00e7\u00e3o"},"image":{"@id":"https:\/\/www.notibras.com\/site\/#\/schema\/logo\/image\/"},"sameAs":["https:\/\/www.facebook.com\/notibras\/","https:\/\/x.com\/Notibras","https:\/\/www.instagram.com\/notibras\/"]},{"@type":"Person","@id":"https:\/\/www.notibras.com\/site\/#\/schema\/person\/36ab0979449956132d3e5b517ea76ac8","name":"Reda\u00e7\u00e3o","image":{"@type":"ImageObject","inLanguage":"pt-BR","@id":"https:\/\/secure.gravatar.com\/avatar\/e0a867bdedb85fd243eadf09663511f96fc81e0720a4a42581f334ad4303aa6b?s=96&d=mm&r=g","url":"https:\/\/secure.gravatar.com\/avatar\/e0a867bdedb85fd243eadf09663511f96fc81e0720a4a42581f334ad4303aa6b?s=96&d=mm&r=g","contentUrl":"https:\/\/secure.gravatar.com\/avatar\/e0a867bdedb85fd243eadf09663511f96fc81e0720a4a42581f334ad4303aa6b?s=96&d=mm&r=g","caption":"Reda\u00e7\u00e3o"}}]}},"amp_enabled":true,"_links":{"self":[{"href":"https:\/\/www.notibras.com\/site\/wp-json\/wp\/v2\/posts\/201364","targetHints":{"allow":["GET"]}}],"collection":[{"href":"https:\/\/www.notibras.com\/site\/wp-json\/wp\/v2\/posts"}],"about":[{"href":"https:\/\/www.notibras.com\/site\/wp-json\/wp\/v2\/types\/post"}],"author":[{"embeddable":true,"href":"https:\/\/www.notibras.com\/site\/wp-json\/wp\/v2\/users\/2"}],"replies":[{"embeddable":true,"href":"https:\/\/www.notibras.com\/site\/wp-json\/wp\/v2\/comments?post=201364"}],"version-history":[{"count":1,"href":"https:\/\/www.notibras.com\/site\/wp-json\/wp\/v2\/posts\/201364\/revisions"}],"predecessor-version":[{"id":201366,"href":"https:\/\/www.notibras.com\/site\/wp-json\/wp\/v2\/posts\/201364\/revisions\/201366"}],"wp:featuredmedia":[{"embeddable":true,"href":"https:\/\/www.notibras.com\/site\/wp-json\/wp\/v2\/media\/201365"}],"wp:attachment":[{"href":"https:\/\/www.notibras.com\/site\/wp-json\/wp\/v2\/media?parent=201364"}],"wp:term":[{"taxonomy":"category","embeddable":true,"href":"https:\/\/www.notibras.com\/site\/wp-json\/wp\/v2\/categories?post=201364"},{"taxonomy":"post_tag","embeddable":true,"href":"https:\/\/www.notibras.com\/site\/wp-json\/wp\/v2\/tags?post=201364"}],"curies":[{"name":"wp","href":"https:\/\/api.w.org\/{rel}","templated":true}]}}