{"id":201386,"date":"2019-02-03T17:00:41","date_gmt":"2019-02-03T19:00:41","guid":{"rendered":"https:\/\/www.notibras.com\/site\/?p=201386"},"modified":"2019-02-03T17:37:44","modified_gmt":"2019-02-03T19:37:44","slug":"leila-mostra-na-queda-de-renan-como-sacar-bem","status":"publish","type":"post","link":"https:\/\/www.notibras.com\/site\/leila-mostra-na-queda-de-renan-como-sacar-bem\/","title":{"rendered":"Leila mostra na queda de Renan como sacar bem"},"content":{"rendered":"<p>O manual de boa reda\u00e7\u00e3o recomenda que o articulista deve observar a m\u00e1xima: cada par\u00e1grafo deve conter um argumento, ideia ou informa\u00e7\u00e3o. No caso da inacredit\u00e1vel elei\u00e7\u00e3o ao comando do Senado Federal vers\u00e3o 2019, h\u00e1 como fazer destaques em cada linha. A maioria s\u00e3o fatos rid\u00edculos. Outros s\u00e3o grav\u00edssimos. Mas o mais importante n\u00e3o pode ser perdido de vista: o feudo ruiu.<\/p>\n<p>A m\u00e3o que era beijada n\u00e3o por amor mas por temor; a m\u00e3o cheia de an\u00e9is que fazia e desfazia a seu bel prazer, at\u00e9 mesmo a Constitui\u00e7\u00e3o em 2016; a m\u00e3o que sabia estender-se enquanto a outra recebia o pre\u00e7o da aparente ades\u00e3o, a m\u00e3o que apertava segundo seus interesses e que esmagava quando convinha, esta m\u00e3o consagrada como todo poderosa e inating\u00edvel ficou inerte. Porque a cabe\u00e7a de Renan caiu.<\/p>\n<p>Para n\u00e3o ser derrotado, o candidato \u00e0 sua 5\u00aa Presid\u00eancia do Congresso (ou 6\u00aa, se considerar, como muitos, que Eun\u00edcio era um preposto) ocupou a tribuna para denunciar o car\u00e1ter antidemocr\u00e1tico da elei\u00e7\u00e3o. Nisto, Renan tem raz\u00e3o. H\u00e1 ind\u00edcios claros, at\u00e9 mesmo provas de comportamentos autorit\u00e1rios.<\/p>\n<p>Um deles antes mesmo do in\u00edcio das sess\u00f5es: o secret\u00e1rio-geral do Senado, na manh\u00e3 de sexta-feira, editou medida que procurava mudar a composi\u00e7\u00e3o da Mesa, impedindo David Alcolumbre de presidir as reuni\u00f5es preparat\u00f3rias, como o pr\u00f3prio Renan Calheiros tinha feito em 2015. A partir da\u00ed, cada grupo lan\u00e7a m\u00e3o de manobras e explora\u00e7\u00e3o do regimento interno. Nada novo, faz parte do jogo. A performance circense ficou com a senadora K\u00e1tia Abreu e seu apego \u00e0 pasta contendo o roteiro da sess\u00e3o.<\/p>\n<p>Al\u00e9m do teatrinho, os observadores atentos e acostumados a pisar no tapete azul ficaram surpresos de ver um Renan Calheiros nervoso, mais est\u00e1tico que de costume na sua poltrona, ladeado por Fernando Collor, com quem atingiu um outro patamar em sua atua\u00e7\u00e3o parlamentar (que come\u00e7ou nos anos 80) h\u00e1 quase trinta anos.<\/p>\n<p>O primeiro gr\u00e3o de areia no mecanismo chamado \u201cvolta \u00e0 Presid\u00eancia\u201d tinha sido o apertado placar da vota\u00e7\u00e3o na bancada do MDB, em reuni\u00e3o na quinta-feira. O pernambucano Jarbas Vasconcelos n\u00e3o participou, e dos doze integrantes, sete indicaram Renan, mas cinco preferiram Simone Tebet. Se at\u00e9 mesmo os servos mais pr\u00f3ximos amea\u00e7avam seu senhor, a situa\u00e7\u00e3o merecia mais aten\u00e7\u00e3o.<\/p>\n<p>O autor, em 1979, de um livro intitulado \u201cEm Defesa de um Mandato Popular\u201d tamb\u00e9m amargou a completa falta de popularidade. A opini\u00e3o p\u00fablica, ao menos fora de Alagoas, n\u00e3o era ponto de apoio do candidato. As manifesta\u00e7\u00f5es nas redes sociais do #ForaRenan n\u00e3o s\u00e3o novas, come\u00e7aram pela milit\u00e2ncia de esquerda, at\u00e9 que a orienta\u00e7\u00e3o dos governos Lula e Dilma foi de pragmatismo e de \u201creal politik\u201d.<\/p>\n<p>Seguindo \u00e0 risca os preceitos militares de Sun Tzu, avaliando que que n\u00e3o podiam derrota-lo, aliaram-se ao a alagoano. Por sinal, a queda de Renan e a propuls\u00e3o ao topo do DEM nas duas Casas Legislativas devem ter sido recebidos com amargura pelos dois ex-presidentes petistas, que pretendiam \u201cextirpar\u201d da pol\u00edtica o partido de Rodrigo Maia e David Alcolumbre.<\/p>\n<p>Enquetes feitas com a popula\u00e7\u00e3o, lembradas por \u00c1lvaro Dias no plen\u00e1rio, indicavam rejei\u00e7\u00e3o superior a 80 %, atingindo at\u00e9 94 %. Tudo bem que n\u00e3o era o eleitor lambda que havia de se pronunciar (e ainda bem at\u00e9 para Alcolumbre, porque n\u00e3o h\u00e1 d\u00favida que todas as economias de recursos propostas por Reguffe teriam vencido o voto popular por aclama\u00e7\u00e3o). Mas n\u00e3o deixa de ser sintom\u00e1tico que, no meio das declara\u00e7\u00f5es de voto dos senadores, nenhum assumiu ser eleitor de Renan. O baiano Jaques Wagner se indignou da pr\u00e1tica adotada de mostrar a c\u00e9dula, e vaticinou que \u201ca Bahia conhecia o valor de sua palavra\u201d. Mas n\u00e3o conseguiu dizer que votava em Renan.<\/p>\n<p>A elei\u00e7\u00e3o no Senado ainda render\u00e1 an\u00e1lises e questionamentos. O papel do presidente do STF Dias T\u00f3ffoli, a fraude eleitoral podendo envolver Z\u00e9 Maranh\u00e3o, Fernando Bezerra Coelho (ambos renistas convictos) e o misterioso senador que conseguiu dar voto duplo em Renan. Em aparte, foi not\u00e1vel a atua\u00e7\u00e3o de Leila Barros na segunda vota\u00e7\u00e3o. Guardi\u00e3 dos envelopes e das c\u00e9dulas, em p\u00e9 ao lado do presidente, s\u00f3 entregava a Z\u00e9 Maranh\u00e3o os tr\u00eas conjuntos de cada Estado quando os votantes se aproximavam. Com o perd\u00e3o do trocadilho, para seu primeiro jogo no Senado, Leila brilhou mais uma vez num de seus fortes de tempo de atleta: sacou muito bem.<\/p>\n<p>Analistas pol\u00edticos previam a frustra\u00e7\u00e3o de Renan Calheiros. E j\u00e1 o pintam como opositor ferrenho. A carreira do alagoano, representante de seu estado desde 1994 no Senado sem interrup\u00e7\u00e3o, pai do governador reeleito, indica uma intelig\u00eancia e uma sensibilidade pol\u00edtica muito al\u00e9m dos padr\u00f5es comuns. Semana que vem, o tamanho de seu \u201cgrupo\u201d e a atua\u00e7\u00e3o dele j\u00e1 poder\u00e1 ser vista. Dentro, e fora do Congresso.<\/p>\n<p>Parafraseando o pr\u00f3prio Renan de 1991, quando pilotou como l\u00edder do Governo no Congresso o pacote econ\u00f4mico chamado Plano Collor, \u201co Brasil mudou em outubro, o Congresso em fevereiro, e quem n\u00e3o entendeu isso vai perder o bonde da hist\u00f3ria\u201d. Sua condi\u00e7\u00e3o de Senador lhe assegura a passagem neste bonde. Resta a saber se na primeira classe, ou no compartimento de carga.<\/p>\n","protected":false},"excerpt":{"rendered":"<p>O manual de boa reda\u00e7\u00e3o recomenda que o articulista deve observar a m\u00e1xima: cada par\u00e1grafo deve conter um argumento, ideia ou informa\u00e7\u00e3o. No caso da inacredit\u00e1vel elei\u00e7\u00e3o ao comando do Senado Federal vers\u00e3o 2019, h\u00e1 como fazer destaques em cada linha. A maioria s\u00e3o fatos rid\u00edculos. Outros s\u00e3o grav\u00edssimos. Mas o mais importante n\u00e3o pode [&hellip;]<\/p>\n","protected":false},"author":2,"featured_media":201387,"comment_status":"closed","ping_status":"closed","sticky":false,"template":"","format":"standard","meta":{"_acf_changed":false,"footnotes":""},"categories":[1],"tags":[95],"class_list":["post-201386","post","type-post","status-publish","format-standard","has-post-thumbnail","hentry","category-brasilia","tag-capa"],"acf":[],"yoast_head":"<!-- This site is optimized with the Yoast SEO plugin v27.2 - https:\/\/yoast.com\/product\/yoast-seo-wordpress\/ -->\n<title>Leila mostra na queda de Renan como sacar bem - Notibras<\/title>\n<meta name=\"robots\" content=\"index, follow, max-snippet:-1, max-image-preview:large, max-video-preview:-1\" \/>\n<link rel=\"canonical\" href=\"https:\/\/www.notibras.com\/site\/leila-mostra-na-queda-de-renan-como-sacar-bem\/\" \/>\n<meta property=\"og:locale\" content=\"pt_BR\" \/>\n<meta property=\"og:type\" content=\"article\" \/>\n<meta property=\"og:title\" content=\"Leila mostra na queda de Renan como sacar bem - Notibras\" \/>\n<meta property=\"og:description\" content=\"O manual de boa reda\u00e7\u00e3o recomenda que o articulista deve observar a m\u00e1xima: cada par\u00e1grafo deve conter um argumento, ideia ou informa\u00e7\u00e3o. No caso da inacredit\u00e1vel elei\u00e7\u00e3o ao comando do Senado Federal vers\u00e3o 2019, h\u00e1 como fazer destaques em cada linha. A maioria s\u00e3o fatos rid\u00edculos. Outros s\u00e3o grav\u00edssimos. Mas o mais importante n\u00e3o pode [&hellip;]\" \/>\n<meta property=\"og:url\" content=\"https:\/\/www.notibras.com\/site\/leila-mostra-na-queda-de-renan-como-sacar-bem\/\" \/>\n<meta property=\"og:site_name\" content=\"Notibras\" \/>\n<meta property=\"article:publisher\" content=\"https:\/\/www.facebook.com\/notibras\/\" \/>\n<meta property=\"article:published_time\" content=\"2019-02-03T19:00:41+00:00\" \/>\n<meta property=\"article:modified_time\" content=\"2019-02-03T19:37:44+00:00\" \/>\n<meta property=\"og:image\" content=\"https:\/\/www.notibras.com\/site\/wp-content\/uploads\/2019\/02\/senadora-leila-barros.jpg\" \/>\n\t<meta property=\"og:image:width\" content=\"1140\" \/>\n\t<meta property=\"og:image:height\" content=\"760\" \/>\n\t<meta property=\"og:image:type\" content=\"image\/jpeg\" \/>\n<meta name=\"author\" content=\"Reda\u00e7\u00e3o\" \/>\n<meta name=\"twitter:card\" content=\"summary_large_image\" \/>\n<meta name=\"twitter:creator\" content=\"@Notibras\" \/>\n<meta name=\"twitter:site\" content=\"@Notibras\" \/>\n<meta name=\"twitter:label1\" content=\"Escrito por\" \/>\n\t<meta name=\"twitter:data1\" content=\"Reda\u00e7\u00e3o\" \/>\n\t<meta name=\"twitter:label2\" content=\"Est. tempo de leitura\" \/>\n\t<meta name=\"twitter:data2\" content=\"5 minutos\" \/>\n<script type=\"application\/ld+json\" class=\"yoast-schema-graph\">{\"@context\":\"https:\/\/schema.org\",\"@graph\":[{\"@type\":\"Article\",\"@id\":\"https:\/\/www.notibras.com\/site\/leila-mostra-na-queda-de-renan-como-sacar-bem\/#article\",\"isPartOf\":{\"@id\":\"https:\/\/www.notibras.com\/site\/leila-mostra-na-queda-de-renan-como-sacar-bem\/\"},\"author\":{\"name\":\"Reda\u00e7\u00e3o\",\"@id\":\"https:\/\/www.notibras.com\/site\/#\/schema\/person\/36ab0979449956132d3e5b517ea76ac8\"},\"headline\":\"Leila mostra na queda de Renan como sacar bem\",\"datePublished\":\"2019-02-03T19:00:41+00:00\",\"dateModified\":\"2019-02-03T19:37:44+00:00\",\"mainEntityOfPage\":{\"@id\":\"https:\/\/www.notibras.com\/site\/leila-mostra-na-queda-de-renan-como-sacar-bem\/\"},\"wordCount\":948,\"publisher\":{\"@id\":\"https:\/\/www.notibras.com\/site\/#organization\"},\"image\":{\"@id\":\"https:\/\/www.notibras.com\/site\/leila-mostra-na-queda-de-renan-como-sacar-bem\/#primaryimage\"},\"thumbnailUrl\":\"https:\/\/www.notibras.com\/site\/wp-content\/uploads\/2019\/02\/senadora-leila-barros.jpg\",\"keywords\":[\"capa\"],\"articleSection\":[\"Bras\u00edlia\"],\"inLanguage\":\"pt-BR\"},{\"@type\":\"WebPage\",\"@id\":\"https:\/\/www.notibras.com\/site\/leila-mostra-na-queda-de-renan-como-sacar-bem\/\",\"url\":\"https:\/\/www.notibras.com\/site\/leila-mostra-na-queda-de-renan-como-sacar-bem\/\",\"name\":\"Leila mostra na queda de Renan como sacar bem - Notibras\",\"isPartOf\":{\"@id\":\"https:\/\/www.notibras.com\/site\/#website\"},\"primaryImageOfPage\":{\"@id\":\"https:\/\/www.notibras.com\/site\/leila-mostra-na-queda-de-renan-como-sacar-bem\/#primaryimage\"},\"image\":{\"@id\":\"https:\/\/www.notibras.com\/site\/leila-mostra-na-queda-de-renan-como-sacar-bem\/#primaryimage\"},\"thumbnailUrl\":\"https:\/\/www.notibras.com\/site\/wp-content\/uploads\/2019\/02\/senadora-leila-barros.jpg\",\"datePublished\":\"2019-02-03T19:00:41+00:00\",\"dateModified\":\"2019-02-03T19:37:44+00:00\",\"breadcrumb\":{\"@id\":\"https:\/\/www.notibras.com\/site\/leila-mostra-na-queda-de-renan-como-sacar-bem\/#breadcrumb\"},\"inLanguage\":\"pt-BR\",\"potentialAction\":[{\"@type\":\"ReadAction\",\"target\":[\"https:\/\/www.notibras.com\/site\/leila-mostra-na-queda-de-renan-como-sacar-bem\/\"]}]},{\"@type\":\"ImageObject\",\"inLanguage\":\"pt-BR\",\"@id\":\"https:\/\/www.notibras.com\/site\/leila-mostra-na-queda-de-renan-como-sacar-bem\/#primaryimage\",\"url\":\"https:\/\/www.notibras.com\/site\/wp-content\/uploads\/2019\/02\/senadora-leila-barros.jpg\",\"contentUrl\":\"https:\/\/www.notibras.com\/site\/wp-content\/uploads\/2019\/02\/senadora-leila-barros.jpg\",\"width\":1140,\"height\":760,\"caption\":\"Foto: F\u00e1bio Rodrigues Pozzebom\/ABr\"},{\"@type\":\"BreadcrumbList\",\"@id\":\"https:\/\/www.notibras.com\/site\/leila-mostra-na-queda-de-renan-como-sacar-bem\/#breadcrumb\",\"itemListElement\":[{\"@type\":\"ListItem\",\"position\":1,\"name\":\"In\u00edcio\",\"item\":\"https:\/\/www.notibras.com\/site\/\"},{\"@type\":\"ListItem\",\"position\":2,\"name\":\"Leila mostra na queda de Renan como sacar bem\"}]},{\"@type\":\"WebSite\",\"@id\":\"https:\/\/www.notibras.com\/site\/#website\",\"url\":\"https:\/\/www.notibras.com\/site\/\",\"name\":\"Notibras\",\"description\":\"Not\u00edcias de Bras\u00edlia, do Brasil e do Mundo\",\"publisher\":{\"@id\":\"https:\/\/www.notibras.com\/site\/#organization\"},\"potentialAction\":[{\"@type\":\"SearchAction\",\"target\":{\"@type\":\"EntryPoint\",\"urlTemplate\":\"https:\/\/www.notibras.com\/site\/?s={search_term_string}\"},\"query-input\":{\"@type\":\"PropertyValueSpecification\",\"valueRequired\":true,\"valueName\":\"search_term_string\"}}],\"inLanguage\":\"pt-BR\"},{\"@type\":\"Organization\",\"@id\":\"https:\/\/www.notibras.com\/site\/#organization\",\"name\":\"Grupo Notibras de Comunica\u00e7\u00e3o\",\"url\":\"https:\/\/www.notibras.com\/site\/\",\"logo\":{\"@type\":\"ImageObject\",\"inLanguage\":\"pt-BR\",\"@id\":\"https:\/\/www.notibras.com\/site\/#\/schema\/logo\/image\/\",\"url\":\"https:\/\/www.notibras.com\/site\/wp-content\/uploads\/2023\/01\/notibras23.png\",\"contentUrl\":\"https:\/\/www.notibras.com\/site\/wp-content\/uploads\/2023\/01\/notibras23.png\",\"width\":350,\"height\":87,\"caption\":\"Grupo Notibras de Comunica\u00e7\u00e3o\"},\"image\":{\"@id\":\"https:\/\/www.notibras.com\/site\/#\/schema\/logo\/image\/\"},\"sameAs\":[\"https:\/\/www.facebook.com\/notibras\/\",\"https:\/\/x.com\/Notibras\",\"https:\/\/www.instagram.com\/notibras\/\"]},{\"@type\":\"Person\",\"@id\":\"https:\/\/www.notibras.com\/site\/#\/schema\/person\/36ab0979449956132d3e5b517ea76ac8\",\"name\":\"Reda\u00e7\u00e3o\",\"image\":{\"@type\":\"ImageObject\",\"inLanguage\":\"pt-BR\",\"@id\":\"https:\/\/secure.gravatar.com\/avatar\/e0a867bdedb85fd243eadf09663511f96fc81e0720a4a42581f334ad4303aa6b?s=96&d=mm&r=g\",\"url\":\"https:\/\/secure.gravatar.com\/avatar\/e0a867bdedb85fd243eadf09663511f96fc81e0720a4a42581f334ad4303aa6b?s=96&d=mm&r=g\",\"contentUrl\":\"https:\/\/secure.gravatar.com\/avatar\/e0a867bdedb85fd243eadf09663511f96fc81e0720a4a42581f334ad4303aa6b?s=96&d=mm&r=g\",\"caption\":\"Reda\u00e7\u00e3o\"}}]}<\/script>\n<!-- \/ Yoast SEO plugin. -->","yoast_head_json":{"title":"Leila mostra na queda de Renan como sacar bem - Notibras","robots":{"index":"index","follow":"follow","max-snippet":"max-snippet:-1","max-image-preview":"max-image-preview:large","max-video-preview":"max-video-preview:-1"},"canonical":"https:\/\/www.notibras.com\/site\/leila-mostra-na-queda-de-renan-como-sacar-bem\/","og_locale":"pt_BR","og_type":"article","og_title":"Leila mostra na queda de Renan como sacar bem - Notibras","og_description":"O manual de boa reda\u00e7\u00e3o recomenda que o articulista deve observar a m\u00e1xima: cada par\u00e1grafo deve conter um argumento, ideia ou informa\u00e7\u00e3o. No caso da inacredit\u00e1vel elei\u00e7\u00e3o ao comando do Senado Federal vers\u00e3o 2019, h\u00e1 como fazer destaques em cada linha. A maioria s\u00e3o fatos rid\u00edculos. Outros s\u00e3o grav\u00edssimos. Mas o mais importante n\u00e3o pode [&hellip;]","og_url":"https:\/\/www.notibras.com\/site\/leila-mostra-na-queda-de-renan-como-sacar-bem\/","og_site_name":"Notibras","article_publisher":"https:\/\/www.facebook.com\/notibras\/","article_published_time":"2019-02-03T19:00:41+00:00","article_modified_time":"2019-02-03T19:37:44+00:00","og_image":[{"width":1140,"height":760,"url":"https:\/\/www.notibras.com\/site\/wp-content\/uploads\/2019\/02\/senadora-leila-barros.jpg","type":"image\/jpeg"}],"author":"Reda\u00e7\u00e3o","twitter_card":"summary_large_image","twitter_creator":"@Notibras","twitter_site":"@Notibras","twitter_misc":{"Escrito por":"Reda\u00e7\u00e3o","Est. tempo de leitura":"5 minutos"},"schema":{"@context":"https:\/\/schema.org","@graph":[{"@type":"Article","@id":"https:\/\/www.notibras.com\/site\/leila-mostra-na-queda-de-renan-como-sacar-bem\/#article","isPartOf":{"@id":"https:\/\/www.notibras.com\/site\/leila-mostra-na-queda-de-renan-como-sacar-bem\/"},"author":{"name":"Reda\u00e7\u00e3o","@id":"https:\/\/www.notibras.com\/site\/#\/schema\/person\/36ab0979449956132d3e5b517ea76ac8"},"headline":"Leila mostra na queda de Renan como sacar bem","datePublished":"2019-02-03T19:00:41+00:00","dateModified":"2019-02-03T19:37:44+00:00","mainEntityOfPage":{"@id":"https:\/\/www.notibras.com\/site\/leila-mostra-na-queda-de-renan-como-sacar-bem\/"},"wordCount":948,"publisher":{"@id":"https:\/\/www.notibras.com\/site\/#organization"},"image":{"@id":"https:\/\/www.notibras.com\/site\/leila-mostra-na-queda-de-renan-como-sacar-bem\/#primaryimage"},"thumbnailUrl":"https:\/\/www.notibras.com\/site\/wp-content\/uploads\/2019\/02\/senadora-leila-barros.jpg","keywords":["capa"],"articleSection":["Bras\u00edlia"],"inLanguage":"pt-BR"},{"@type":"WebPage","@id":"https:\/\/www.notibras.com\/site\/leila-mostra-na-queda-de-renan-como-sacar-bem\/","url":"https:\/\/www.notibras.com\/site\/leila-mostra-na-queda-de-renan-como-sacar-bem\/","name":"Leila mostra na queda de Renan como sacar bem - Notibras","isPartOf":{"@id":"https:\/\/www.notibras.com\/site\/#website"},"primaryImageOfPage":{"@id":"https:\/\/www.notibras.com\/site\/leila-mostra-na-queda-de-renan-como-sacar-bem\/#primaryimage"},"image":{"@id":"https:\/\/www.notibras.com\/site\/leila-mostra-na-queda-de-renan-como-sacar-bem\/#primaryimage"},"thumbnailUrl":"https:\/\/www.notibras.com\/site\/wp-content\/uploads\/2019\/02\/senadora-leila-barros.jpg","datePublished":"2019-02-03T19:00:41+00:00","dateModified":"2019-02-03T19:37:44+00:00","breadcrumb":{"@id":"https:\/\/www.notibras.com\/site\/leila-mostra-na-queda-de-renan-como-sacar-bem\/#breadcrumb"},"inLanguage":"pt-BR","potentialAction":[{"@type":"ReadAction","target":["https:\/\/www.notibras.com\/site\/leila-mostra-na-queda-de-renan-como-sacar-bem\/"]}]},{"@type":"ImageObject","inLanguage":"pt-BR","@id":"https:\/\/www.notibras.com\/site\/leila-mostra-na-queda-de-renan-como-sacar-bem\/#primaryimage","url":"https:\/\/www.notibras.com\/site\/wp-content\/uploads\/2019\/02\/senadora-leila-barros.jpg","contentUrl":"https:\/\/www.notibras.com\/site\/wp-content\/uploads\/2019\/02\/senadora-leila-barros.jpg","width":1140,"height":760,"caption":"Foto: F\u00e1bio Rodrigues Pozzebom\/ABr"},{"@type":"BreadcrumbList","@id":"https:\/\/www.notibras.com\/site\/leila-mostra-na-queda-de-renan-como-sacar-bem\/#breadcrumb","itemListElement":[{"@type":"ListItem","position":1,"name":"In\u00edcio","item":"https:\/\/www.notibras.com\/site\/"},{"@type":"ListItem","position":2,"name":"Leila mostra na queda de Renan como sacar bem"}]},{"@type":"WebSite","@id":"https:\/\/www.notibras.com\/site\/#website","url":"https:\/\/www.notibras.com\/site\/","name":"Notibras","description":"Not\u00edcias de Bras\u00edlia, do Brasil e do Mundo","publisher":{"@id":"https:\/\/www.notibras.com\/site\/#organization"},"potentialAction":[{"@type":"SearchAction","target":{"@type":"EntryPoint","urlTemplate":"https:\/\/www.notibras.com\/site\/?s={search_term_string}"},"query-input":{"@type":"PropertyValueSpecification","valueRequired":true,"valueName":"search_term_string"}}],"inLanguage":"pt-BR"},{"@type":"Organization","@id":"https:\/\/www.notibras.com\/site\/#organization","name":"Grupo Notibras de Comunica\u00e7\u00e3o","url":"https:\/\/www.notibras.com\/site\/","logo":{"@type":"ImageObject","inLanguage":"pt-BR","@id":"https:\/\/www.notibras.com\/site\/#\/schema\/logo\/image\/","url":"https:\/\/www.notibras.com\/site\/wp-content\/uploads\/2023\/01\/notibras23.png","contentUrl":"https:\/\/www.notibras.com\/site\/wp-content\/uploads\/2023\/01\/notibras23.png","width":350,"height":87,"caption":"Grupo Notibras de Comunica\u00e7\u00e3o"},"image":{"@id":"https:\/\/www.notibras.com\/site\/#\/schema\/logo\/image\/"},"sameAs":["https:\/\/www.facebook.com\/notibras\/","https:\/\/x.com\/Notibras","https:\/\/www.instagram.com\/notibras\/"]},{"@type":"Person","@id":"https:\/\/www.notibras.com\/site\/#\/schema\/person\/36ab0979449956132d3e5b517ea76ac8","name":"Reda\u00e7\u00e3o","image":{"@type":"ImageObject","inLanguage":"pt-BR","@id":"https:\/\/secure.gravatar.com\/avatar\/e0a867bdedb85fd243eadf09663511f96fc81e0720a4a42581f334ad4303aa6b?s=96&d=mm&r=g","url":"https:\/\/secure.gravatar.com\/avatar\/e0a867bdedb85fd243eadf09663511f96fc81e0720a4a42581f334ad4303aa6b?s=96&d=mm&r=g","contentUrl":"https:\/\/secure.gravatar.com\/avatar\/e0a867bdedb85fd243eadf09663511f96fc81e0720a4a42581f334ad4303aa6b?s=96&d=mm&r=g","caption":"Reda\u00e7\u00e3o"}}]}},"amp_enabled":true,"_links":{"self":[{"href":"https:\/\/www.notibras.com\/site\/wp-json\/wp\/v2\/posts\/201386","targetHints":{"allow":["GET"]}}],"collection":[{"href":"https:\/\/www.notibras.com\/site\/wp-json\/wp\/v2\/posts"}],"about":[{"href":"https:\/\/www.notibras.com\/site\/wp-json\/wp\/v2\/types\/post"}],"author":[{"embeddable":true,"href":"https:\/\/www.notibras.com\/site\/wp-json\/wp\/v2\/users\/2"}],"replies":[{"embeddable":true,"href":"https:\/\/www.notibras.com\/site\/wp-json\/wp\/v2\/comments?post=201386"}],"version-history":[{"count":5,"href":"https:\/\/www.notibras.com\/site\/wp-json\/wp\/v2\/posts\/201386\/revisions"}],"predecessor-version":[{"id":201392,"href":"https:\/\/www.notibras.com\/site\/wp-json\/wp\/v2\/posts\/201386\/revisions\/201392"}],"wp:featuredmedia":[{"embeddable":true,"href":"https:\/\/www.notibras.com\/site\/wp-json\/wp\/v2\/media\/201387"}],"wp:attachment":[{"href":"https:\/\/www.notibras.com\/site\/wp-json\/wp\/v2\/media?parent=201386"}],"wp:term":[{"taxonomy":"category","embeddable":true,"href":"https:\/\/www.notibras.com\/site\/wp-json\/wp\/v2\/categories?post=201386"},{"taxonomy":"post_tag","embeddable":true,"href":"https:\/\/www.notibras.com\/site\/wp-json\/wp\/v2\/tags?post=201386"}],"curies":[{"name":"wp","href":"https:\/\/api.w.org\/{rel}","templated":true}]}}