{"id":201398,"date":"2019-02-03T17:30:46","date_gmt":"2019-02-03T19:30:46","guid":{"rendered":"https:\/\/www.notibras.com\/site\/?p=201398"},"modified":"2019-02-03T17:36:39","modified_gmt":"2019-02-03T19:36:39","slug":"eduardo-ministro-sem-pasta-do-pai-jair-bolsonaro","status":"publish","type":"post","link":"https:\/\/www.notibras.com\/site\/eduardo-ministro-sem-pasta-do-pai-jair-bolsonaro\/","title":{"rendered":"Eduardo, ministro sem pasta do pai Jair Bolsonaro"},"content":{"rendered":"<p>Oficialmente, ele n\u00e3o ocupa nenhum cargo no governo nem faz parte da assessoria pessoal do presidente Jair Bolsonaro. Tampouco participou da equipe de transi\u00e7\u00e3o. Ainda assim, o deputado federal Eduardo Bolsonaro (PSL-SP) assumiu um protagonismo inusitado na nova administra\u00e7\u00e3o.<\/p>\n<p>Terceiro dos cinco filhos do presidente e o ca\u00e7ula entre os tr\u00eas que se fizeram na pol\u00edtica \u00e0 sombra do pai, Eduardo, de 34 anos, \u00e9 o herdeiro que tem se mostrado mais \u00e0 vontade at\u00e9 agora no governo.<\/p>\n<p>Embora reeleito com quase 2 milh\u00f5es de votos, a maior vota\u00e7\u00e3o j\u00e1 obtida por um deputado federal, ele parece mais envolvido com o dia a dia do Executivo do que com as quest\u00f5es mais urgentes do Congresso, como as articula\u00e7\u00f5es para forma\u00e7\u00e3o de um bloco de apoio \u00e0s reformas, em especial a da Previd\u00eancia, considerada fundamental para o equil\u00edbrio das contas p\u00fablicas.<\/p>\n<p>Como uma esp\u00e9cie de 23.\u00ba ministro, com o cacife refor\u00e7ado pelos la\u00e7os familiares com Bolsonaro, Eduardo circula com desenvoltura nos corredores do poder, pontifica sobre as diretrizes do governo, faz contatos internacionais em nome do pai, \u00e0 margem do Itamaraty, e foi o \u00fanico parlamentar a acompanhar o presidente ao F\u00f3rum Econ\u00f4mico Mundial, em Davos, na Su\u00ed\u00e7a.<\/p>\n<p>Nos bastidores, ele manobra como qualquer representante da &#8220;velha pol\u00edtica&#8221;, para emplacar nomes de seu relacionamento no primeiro e no segundo escal\u00f5es e interferir na redistribui\u00e7\u00e3o de \u00f3rg\u00e3os entre minist\u00e9rios.<\/p>\n<p><strong>Ativista inflamado<\/strong> &#8211;\u00a0Considerado o representante mais ideol\u00f3gico do cl\u00e3, ele teve participa\u00e7\u00e3o ativa na nomea\u00e7\u00e3o do ministro das Rela\u00e7\u00f5es Exteriores, Ernesto Ara\u00fajo, cuja indica\u00e7\u00e3o foi atribu\u00edda ao escritor e pensador Olavo de Carvalho, de quem \u00e9 um fiel seguidor e a quem chama de &#8220;o maior fil\u00f3sofo brasileiro vivo&#8221;.<\/p>\n<p>Como ativista inflamado contra o que classifica de &#8220;marxismo cultural&#8221;, presente, em sua vis\u00e3o, nas universidades, nas escolas, na m\u00eddia e no mundo do entretenimento, ele teria se envolvido tamb\u00e9m, segundo quem acompanhou a forma\u00e7\u00e3o da equipe de Bolsonaro, na nomea\u00e7\u00e3o do ministro Ricardo V\u00e9lez Rodriguez, da Educa\u00e7\u00e3o, outro integrante do governo indicado por Olavo.<\/p>\n<p>Em sua cota pessoal, destacam-se as indica\u00e7\u00f5es de Filipe G. Martins, assessor de Assuntos Internacionais da Presid\u00eancia, que o acompanha h\u00e1 anos, e as da empres\u00e1ria Let\u00edcia Catelani, sua ex-namorada, e do ex-assessor parlamentar M\u00e1rcio Coimbra, para diretorias da Ag\u00eancia Brasileira de Promo\u00e7\u00e3o das Exporta\u00e7\u00f5es (Apex), com sal\u00e1rios na faixa de R$ 40 mil. Antes, com o apoio de Ara\u00fajo, ele j\u00e1 havia convencido Bolsonaro a manter a Apex com o Itamaraty, contra a demanda do ministro Paulo Guedes, da Economia, que queria o \u00f3rg\u00e3o sob seu comando.<\/p>\n<p><strong>Convescote<\/strong> &#8211; A rela\u00e7\u00e3o de Eduardo com a bancada do PSL &#8211; que deve chegar a 55 deputados e se igualar \u00e0 do PT como a maior da C\u00e2mara, com a cassa\u00e7\u00e3o do mandato de um parlamentar petista &#8211; foi marcada at\u00e9 agora mais pelos &#8220;barracos&#8221; de que foi protagonista do que pelo empenho em organizar o trabalho dos correligion\u00e1rios, muitos dos quais s\u00e3o novatos no Legislativo.<\/p>\n<p>Depois de cham\u00e1-los de &#8220;favelados&#8221; e afirmar que s\u00f3 conseguiram se eleger por causa do pai, Eduardo se envolveu numa discuss\u00e3o acalorada no grupo dos parlamentares do PSL no WhatsApp. No bate-boca, que vazou para a imprensa, ele disse que a deputada Joice Hasselmann, eleita com mais de 1 milh\u00e3o de votos, \u00e9 &#8220;sonsa&#8221; e tem &#8220;fama de louca&#8221;. &#8220;N\u00e3o admito nem te dou liberdade para falar assim comigo. Ponha-se no seu lugar&#8221;, retrucou Joice.<\/p>\n<p>Numa outra frente, ao debochar de um convescote realizado por um grupo de parlamentares do PSL na China, em janeiro, foi confrontado pelo advogado Cl\u00e9ber Teixeira, chefe de gabinete do deputado Alexandre Frota, que participou da farra. &#8220;Se ele falar nesse tom no gabinete do Frota, quebro a cara dele&#8221;, disse.<\/p>\n<p>O ambiente ficou t\u00e3o carregado que Eduardo e seus aliados j\u00e1 discutem a uni\u00e3o dos parlamentares do PSL considerados como &#8220;direita puro-sangue&#8221; e a poss\u00edvel migra\u00e7\u00e3o para outra legenda. Ao mesmo tempo, ele organizou uma peregrina\u00e7\u00e3o de um grupo de deputados do partido para Richmond, na Virg\u00ednia, nos Estados Unidos, onde vive Olavo de Carvalho, para receber uma esp\u00e9cie de &#8220;batismo ideol\u00f3gico&#8221;.<\/p>\n<p>Como conta quem convive com o cl\u00e3, Eduardo n\u00e3o \u00e9 t\u00e3o pr\u00f3ximo do pai quanto seu irm\u00e3o Carlos, o segundo mais velho do trio, vereador do PSL no Rio de Janeiro e respons\u00e1vel pela bem-sucedida campanha de Bolsonaro nas redes sociais. Mas tamb\u00e9m n\u00e3o \u00e9 t\u00e3o distante quanto Fl\u00e1vio, o primog\u00eanito, eleito senador pelo Rio tamb\u00e9m pelo PSL.<\/p>\n<p>Fl\u00e1vio, que j\u00e1 era o mais independente, afastou-se ainda mais do pai e dos irm\u00e3os com a divulga\u00e7\u00e3o do chamado Caso Queiroz, no qual um ex-assessor seu \u00e9 investigado por movimenta\u00e7\u00f5es financeiras at\u00edpicas em sua conta banc\u00e1ria.<\/p>\n<p><strong>&#8220;Saia justa&#8221;<\/strong> &#8211; Talvez, Eduardo tamb\u00e9m n\u00e3o tenha a mesma influ\u00eancia de Carlos junto ao presidente, como se diz, e seja o que mais problemas costuma criar para o pai &#8211; ao menos at\u00e9 o surgimento do Caso Queiroz. Por suas declara\u00e7\u00f5es controversas, Eduardo j\u00e1 levou v\u00e1rios pitos de Bolsonaro, nos quais ele desautorizava o &#8220;garoto&#8221; em p\u00fablico.<\/p>\n<p>Foi o que aconteceu quando falou sobre uma poss\u00edvel rejei\u00e7\u00e3o da reforma da Previd\u00eancia pelo Congresso. Ou quando criou uma &#8220;saia justa&#8221; para Bolsonaro na campanha, com a divulga\u00e7\u00e3o de um v\u00eddeo em que dizia que bastavam &#8220;um jipe, um cabo e um soldado&#8221; para fechar o Supremo Tribunal Federal (STF).<\/p>\n<p>Nada isso, por\u00e9m, parece abalar a rela\u00e7\u00e3o de Eduardo com o pai ou constrang\u00ea-lo em seus movimentos. Ao contr\u00e1rio. Na situa\u00e7\u00e3o de filho do presidente, referendada por um resultado excepcional nas urnas, Eduardo parece convencido de que tem a for\u00e7a e est\u00e1 blindado em sua atua\u00e7\u00e3o de ministro sem pasta.<\/p>\n<p>Ambicioso, ele pode estar se preparando para voos mais altos. Questionado por uma jornalista sobre seu desejo de suceder o pai em 2022, durante uma viagem ao Chile em dezembro, Eduardo respondeu: &#8220;N\u00e3o estou trabalhando para daqui a quatro anos ser presidente do Brasil. Mas, se as coisas correrem naturalmente, por que n\u00e3o?&#8221;.<\/p>\n<p><strong>Discurso e a realidade<\/strong> &#8211; O deputado Eduardo Bolsonaro (PSL-SP) defende a moraliza\u00e7\u00e3o da administra\u00e7\u00e3o p\u00fablica, mas nem sempre se mostra disposto a abandonar privil\u00e9gios que, se n\u00e3o s\u00e3o ilegais, simbolizam o sistema de benesses em vigor no Pa\u00eds, que ele tanto critica.<\/p>\n<p>Embora tenha morado com o pai em seu primeiro mandato, de 2015 a 2018, Eduardo recebeu aux\u00edlio-moradia, de R$ 4,3 mil por m\u00eas. Al\u00e9m disso, apesar de ter se reeleito e de j\u00e1 ter moradia na cidade, ele embolsou no final de 2018 R$ 33,7 mil em aux\u00edlio-mudan\u00e7a pago pela C\u00e2mara.<\/p>\n<p>Por suas publica\u00e7\u00f5es truculentas nas redes sociais, nas quais tem milh\u00f5es de seguidores, e por suas propostas pol\u00eamicas, Eduardo j\u00e1 foi chamado de pitbull do cl\u00e3. Ele pr\u00f3prio afirma, por\u00e9m, amparado pelo pai, que o verdadeiro pitbull da fam\u00edlia \u00e9 seu irm\u00e3o Carlos, vereador no Rio de Janeiro.<\/p>\n<p>Aqueles que tiveram ou tem contato com Eduardo dizem que, pessoalmente, ele n\u00e3o lembra nem de longe o ativista aguerrido que mostra ser em seus discursos e na internet. \u00c9 at\u00e9 dif\u00edcil acreditar, mas, segundo eles, Eduardo \u00e9 gentil e n\u00e3o costuma partir para o confronto direto com seus interlocutores.<\/p>\n<p>Formado em Direito na Universidade Federal do Rio de Janeiro (UFRJ) em 2008, ele passou num concurso para escriv\u00e3o da Pol\u00edcia Federal e atuou na cidade de Guajar\u00e1-Mirim, em Rond\u00f4nia, na fronteira com a Bol\u00edvia, no Aeroporto de Guarulhos, em S\u00e3o Paulo, e na capital paulista, at\u00e9 se eleger deputado pela primeira vez pelo PSC, em 2014.<\/p>\n<p><strong>Semente liberal<\/strong> &#8211; Em 2016 e 2017, ele cursou a p\u00f3s-gradua\u00e7\u00e3o em Escola Austr\u00edaca, de orienta\u00e7\u00e3o ultraliberal, no Instituto Mises Brasil, levado pela empres\u00e1ria Let\u00edcia Catelani, que assumiu em janeiro uma diretoria da Ag\u00eancia Brasileira de Promo\u00e7\u00e3o de Exporta\u00e7\u00f5es (Apex), por indica\u00e7\u00e3o dele.<\/p>\n<p>Provavelmente, foi Eduardo quem plantou a semente do liberalismo em Bolsonaro, abrindo espa\u00e7o para ele se aliar a Paulo Guedes, hoje ministro da Economia. Mas, apesar de se dizer um defensor do livre mercado, ele segue a m\u00e1xima do fil\u00f3sofo Olavo de Carvalho de que a quest\u00e3o mais relevante \u00e9 a cultural e n\u00e3o a econ\u00f4mica.<\/p>\n<p>Surfista do tipo &#8220;menino do Rio&#8221;, que j\u00e1 pegou onda no Hava\u00ed e em Bali, na Indon\u00e9sia, Eduardo aproveitou a realiza\u00e7\u00e3o da C\u00fapula Conservadora das Am\u00e9ricas, em dezembro, em Foz do Igua\u00e7u, para pedir, de joelhos, diante da plateia, sua noiva, a psic\u00f3loga Helo\u00edsa Wolf, em casamento.<\/p>\n<p>Eduardo foi procurado para comentar a quest\u00e3o e outros temas abordados nesta reportagem, mas n\u00e3o retornou os contatos feitos via WhatsApp e celular. Seu assessor de imprensa chegou a responder \u00e0s mensagens mas n\u00e3o agendou a entrevista. As informa\u00e7\u00f5es inclu\u00eddas aqui foram apuradas com cr\u00edticos e aliados de Eduardo, que convivem ou j\u00e1 conviveram com ele, mas preferiram manter o anonimato.<\/p>\n","protected":false},"excerpt":{"rendered":"<p>Oficialmente, ele n\u00e3o ocupa nenhum cargo no governo nem faz parte da assessoria pessoal do presidente Jair Bolsonaro. Tampouco participou da equipe de transi\u00e7\u00e3o. Ainda assim, o deputado federal Eduardo Bolsonaro (PSL-SP) assumiu um protagonismo inusitado na nova administra\u00e7\u00e3o. Terceiro dos cinco filhos do presidente e o ca\u00e7ula entre os tr\u00eas que se fizeram na [&hellip;]<\/p>\n","protected":false},"author":2,"featured_media":201399,"comment_status":"closed","ping_status":"closed","sticky":false,"template":"","format":"standard","meta":{"_acf_changed":false,"footnotes":""},"categories":[16],"tags":[95],"class_list":["post-201398","post","type-post","status-publish","format-standard","has-post-thumbnail","hentry","category-brasil","tag-capa"],"acf":[],"yoast_head":"<!-- This site is optimized with the Yoast SEO plugin v27.2 - https:\/\/yoast.com\/product\/yoast-seo-wordpress\/ -->\n<title>Eduardo, ministro sem pasta do pai Jair Bolsonaro - Notibras<\/title>\n<meta name=\"robots\" content=\"index, follow, max-snippet:-1, max-image-preview:large, max-video-preview:-1\" \/>\n<link rel=\"canonical\" href=\"https:\/\/www.notibras.com\/site\/eduardo-ministro-sem-pasta-do-pai-jair-bolsonaro\/\" \/>\n<meta property=\"og:locale\" content=\"pt_BR\" \/>\n<meta property=\"og:type\" content=\"article\" \/>\n<meta property=\"og:title\" content=\"Eduardo, ministro sem pasta do pai Jair Bolsonaro - Notibras\" \/>\n<meta property=\"og:description\" content=\"Oficialmente, ele n\u00e3o ocupa nenhum cargo no governo nem faz parte da assessoria pessoal do presidente Jair Bolsonaro. Tampouco participou da equipe de transi\u00e7\u00e3o. Ainda assim, o deputado federal Eduardo Bolsonaro (PSL-SP) assumiu um protagonismo inusitado na nova administra\u00e7\u00e3o. Terceiro dos cinco filhos do presidente e o ca\u00e7ula entre os tr\u00eas que se fizeram na [&hellip;]\" \/>\n<meta property=\"og:url\" content=\"https:\/\/www.notibras.com\/site\/eduardo-ministro-sem-pasta-do-pai-jair-bolsonaro\/\" \/>\n<meta property=\"og:site_name\" content=\"Notibras\" \/>\n<meta property=\"article:publisher\" content=\"https:\/\/www.facebook.com\/notibras\/\" \/>\n<meta property=\"article:published_time\" content=\"2019-02-03T19:30:46+00:00\" \/>\n<meta property=\"article:modified_time\" content=\"2019-02-03T19:36:39+00:00\" \/>\n<meta property=\"og:image\" content=\"https:\/\/www.notibras.com\/site\/wp-content\/uploads\/2019\/02\/eduardo-bolsonaro.1.jpg\" \/>\n\t<meta property=\"og:image:width\" content=\"1140\" \/>\n\t<meta property=\"og:image:height\" content=\"760\" \/>\n\t<meta property=\"og:image:type\" content=\"image\/jpeg\" \/>\n<meta name=\"author\" content=\"Reda\u00e7\u00e3o\" \/>\n<meta name=\"twitter:card\" content=\"summary_large_image\" \/>\n<meta name=\"twitter:creator\" content=\"@Notibras\" \/>\n<meta name=\"twitter:site\" content=\"@Notibras\" \/>\n<meta name=\"twitter:label1\" content=\"Escrito por\" \/>\n\t<meta name=\"twitter:data1\" content=\"Reda\u00e7\u00e3o\" \/>\n\t<meta name=\"twitter:label2\" content=\"Est. tempo de leitura\" \/>\n\t<meta name=\"twitter:data2\" content=\"8 minutos\" \/>\n<script type=\"application\/ld+json\" class=\"yoast-schema-graph\">{\"@context\":\"https:\/\/schema.org\",\"@graph\":[{\"@type\":\"Article\",\"@id\":\"https:\/\/www.notibras.com\/site\/eduardo-ministro-sem-pasta-do-pai-jair-bolsonaro\/#article\",\"isPartOf\":{\"@id\":\"https:\/\/www.notibras.com\/site\/eduardo-ministro-sem-pasta-do-pai-jair-bolsonaro\/\"},\"author\":{\"name\":\"Reda\u00e7\u00e3o\",\"@id\":\"https:\/\/www.notibras.com\/site\/#\/schema\/person\/36ab0979449956132d3e5b517ea76ac8\"},\"headline\":\"Eduardo, ministro sem pasta do pai Jair Bolsonaro\",\"datePublished\":\"2019-02-03T19:30:46+00:00\",\"dateModified\":\"2019-02-03T19:36:39+00:00\",\"mainEntityOfPage\":{\"@id\":\"https:\/\/www.notibras.com\/site\/eduardo-ministro-sem-pasta-do-pai-jair-bolsonaro\/\"},\"wordCount\":1580,\"publisher\":{\"@id\":\"https:\/\/www.notibras.com\/site\/#organization\"},\"image\":{\"@id\":\"https:\/\/www.notibras.com\/site\/eduardo-ministro-sem-pasta-do-pai-jair-bolsonaro\/#primaryimage\"},\"thumbnailUrl\":\"https:\/\/www.notibras.com\/site\/wp-content\/uploads\/2019\/02\/eduardo-bolsonaro.1.jpg\",\"keywords\":[\"capa\"],\"articleSection\":[\"Brasil\"],\"inLanguage\":\"pt-BR\"},{\"@type\":\"WebPage\",\"@id\":\"https:\/\/www.notibras.com\/site\/eduardo-ministro-sem-pasta-do-pai-jair-bolsonaro\/\",\"url\":\"https:\/\/www.notibras.com\/site\/eduardo-ministro-sem-pasta-do-pai-jair-bolsonaro\/\",\"name\":\"Eduardo, ministro sem pasta do pai Jair Bolsonaro - Notibras\",\"isPartOf\":{\"@id\":\"https:\/\/www.notibras.com\/site\/#website\"},\"primaryImageOfPage\":{\"@id\":\"https:\/\/www.notibras.com\/site\/eduardo-ministro-sem-pasta-do-pai-jair-bolsonaro\/#primaryimage\"},\"image\":{\"@id\":\"https:\/\/www.notibras.com\/site\/eduardo-ministro-sem-pasta-do-pai-jair-bolsonaro\/#primaryimage\"},\"thumbnailUrl\":\"https:\/\/www.notibras.com\/site\/wp-content\/uploads\/2019\/02\/eduardo-bolsonaro.1.jpg\",\"datePublished\":\"2019-02-03T19:30:46+00:00\",\"dateModified\":\"2019-02-03T19:36:39+00:00\",\"breadcrumb\":{\"@id\":\"https:\/\/www.notibras.com\/site\/eduardo-ministro-sem-pasta-do-pai-jair-bolsonaro\/#breadcrumb\"},\"inLanguage\":\"pt-BR\",\"potentialAction\":[{\"@type\":\"ReadAction\",\"target\":[\"https:\/\/www.notibras.com\/site\/eduardo-ministro-sem-pasta-do-pai-jair-bolsonaro\/\"]}]},{\"@type\":\"ImageObject\",\"inLanguage\":\"pt-BR\",\"@id\":\"https:\/\/www.notibras.com\/site\/eduardo-ministro-sem-pasta-do-pai-jair-bolsonaro\/#primaryimage\",\"url\":\"https:\/\/www.notibras.com\/site\/wp-content\/uploads\/2019\/02\/eduardo-bolsonaro.1.jpg\",\"contentUrl\":\"https:\/\/www.notibras.com\/site\/wp-content\/uploads\/2019\/02\/eduardo-bolsonaro.1.jpg\",\"width\":1140,\"height\":760,\"caption\":\"Foto: Marcelo Camargo\/ABr\"},{\"@type\":\"BreadcrumbList\",\"@id\":\"https:\/\/www.notibras.com\/site\/eduardo-ministro-sem-pasta-do-pai-jair-bolsonaro\/#breadcrumb\",\"itemListElement\":[{\"@type\":\"ListItem\",\"position\":1,\"name\":\"In\u00edcio\",\"item\":\"https:\/\/www.notibras.com\/site\/\"},{\"@type\":\"ListItem\",\"position\":2,\"name\":\"Eduardo, ministro sem pasta do pai Jair Bolsonaro\"}]},{\"@type\":\"WebSite\",\"@id\":\"https:\/\/www.notibras.com\/site\/#website\",\"url\":\"https:\/\/www.notibras.com\/site\/\",\"name\":\"Notibras\",\"description\":\"Not\u00edcias de Bras\u00edlia, do Brasil e do Mundo\",\"publisher\":{\"@id\":\"https:\/\/www.notibras.com\/site\/#organization\"},\"potentialAction\":[{\"@type\":\"SearchAction\",\"target\":{\"@type\":\"EntryPoint\",\"urlTemplate\":\"https:\/\/www.notibras.com\/site\/?s={search_term_string}\"},\"query-input\":{\"@type\":\"PropertyValueSpecification\",\"valueRequired\":true,\"valueName\":\"search_term_string\"}}],\"inLanguage\":\"pt-BR\"},{\"@type\":\"Organization\",\"@id\":\"https:\/\/www.notibras.com\/site\/#organization\",\"name\":\"Grupo Notibras de Comunica\u00e7\u00e3o\",\"url\":\"https:\/\/www.notibras.com\/site\/\",\"logo\":{\"@type\":\"ImageObject\",\"inLanguage\":\"pt-BR\",\"@id\":\"https:\/\/www.notibras.com\/site\/#\/schema\/logo\/image\/\",\"url\":\"https:\/\/www.notibras.com\/site\/wp-content\/uploads\/2023\/01\/notibras23.png\",\"contentUrl\":\"https:\/\/www.notibras.com\/site\/wp-content\/uploads\/2023\/01\/notibras23.png\",\"width\":350,\"height\":87,\"caption\":\"Grupo Notibras de Comunica\u00e7\u00e3o\"},\"image\":{\"@id\":\"https:\/\/www.notibras.com\/site\/#\/schema\/logo\/image\/\"},\"sameAs\":[\"https:\/\/www.facebook.com\/notibras\/\",\"https:\/\/x.com\/Notibras\",\"https:\/\/www.instagram.com\/notibras\/\"]},{\"@type\":\"Person\",\"@id\":\"https:\/\/www.notibras.com\/site\/#\/schema\/person\/36ab0979449956132d3e5b517ea76ac8\",\"name\":\"Reda\u00e7\u00e3o\",\"image\":{\"@type\":\"ImageObject\",\"inLanguage\":\"pt-BR\",\"@id\":\"https:\/\/secure.gravatar.com\/avatar\/e0a867bdedb85fd243eadf09663511f96fc81e0720a4a42581f334ad4303aa6b?s=96&d=mm&r=g\",\"url\":\"https:\/\/secure.gravatar.com\/avatar\/e0a867bdedb85fd243eadf09663511f96fc81e0720a4a42581f334ad4303aa6b?s=96&d=mm&r=g\",\"contentUrl\":\"https:\/\/secure.gravatar.com\/avatar\/e0a867bdedb85fd243eadf09663511f96fc81e0720a4a42581f334ad4303aa6b?s=96&d=mm&r=g\",\"caption\":\"Reda\u00e7\u00e3o\"}}]}<\/script>\n<!-- \/ Yoast SEO plugin. -->","yoast_head_json":{"title":"Eduardo, ministro sem pasta do pai Jair Bolsonaro - Notibras","robots":{"index":"index","follow":"follow","max-snippet":"max-snippet:-1","max-image-preview":"max-image-preview:large","max-video-preview":"max-video-preview:-1"},"canonical":"https:\/\/www.notibras.com\/site\/eduardo-ministro-sem-pasta-do-pai-jair-bolsonaro\/","og_locale":"pt_BR","og_type":"article","og_title":"Eduardo, ministro sem pasta do pai Jair Bolsonaro - Notibras","og_description":"Oficialmente, ele n\u00e3o ocupa nenhum cargo no governo nem faz parte da assessoria pessoal do presidente Jair Bolsonaro. Tampouco participou da equipe de transi\u00e7\u00e3o. Ainda assim, o deputado federal Eduardo Bolsonaro (PSL-SP) assumiu um protagonismo inusitado na nova administra\u00e7\u00e3o. Terceiro dos cinco filhos do presidente e o ca\u00e7ula entre os tr\u00eas que se fizeram na [&hellip;]","og_url":"https:\/\/www.notibras.com\/site\/eduardo-ministro-sem-pasta-do-pai-jair-bolsonaro\/","og_site_name":"Notibras","article_publisher":"https:\/\/www.facebook.com\/notibras\/","article_published_time":"2019-02-03T19:30:46+00:00","article_modified_time":"2019-02-03T19:36:39+00:00","og_image":[{"width":1140,"height":760,"url":"https:\/\/www.notibras.com\/site\/wp-content\/uploads\/2019\/02\/eduardo-bolsonaro.1.jpg","type":"image\/jpeg"}],"author":"Reda\u00e7\u00e3o","twitter_card":"summary_large_image","twitter_creator":"@Notibras","twitter_site":"@Notibras","twitter_misc":{"Escrito por":"Reda\u00e7\u00e3o","Est. tempo de leitura":"8 minutos"},"schema":{"@context":"https:\/\/schema.org","@graph":[{"@type":"Article","@id":"https:\/\/www.notibras.com\/site\/eduardo-ministro-sem-pasta-do-pai-jair-bolsonaro\/#article","isPartOf":{"@id":"https:\/\/www.notibras.com\/site\/eduardo-ministro-sem-pasta-do-pai-jair-bolsonaro\/"},"author":{"name":"Reda\u00e7\u00e3o","@id":"https:\/\/www.notibras.com\/site\/#\/schema\/person\/36ab0979449956132d3e5b517ea76ac8"},"headline":"Eduardo, ministro sem pasta do pai Jair Bolsonaro","datePublished":"2019-02-03T19:30:46+00:00","dateModified":"2019-02-03T19:36:39+00:00","mainEntityOfPage":{"@id":"https:\/\/www.notibras.com\/site\/eduardo-ministro-sem-pasta-do-pai-jair-bolsonaro\/"},"wordCount":1580,"publisher":{"@id":"https:\/\/www.notibras.com\/site\/#organization"},"image":{"@id":"https:\/\/www.notibras.com\/site\/eduardo-ministro-sem-pasta-do-pai-jair-bolsonaro\/#primaryimage"},"thumbnailUrl":"https:\/\/www.notibras.com\/site\/wp-content\/uploads\/2019\/02\/eduardo-bolsonaro.1.jpg","keywords":["capa"],"articleSection":["Brasil"],"inLanguage":"pt-BR"},{"@type":"WebPage","@id":"https:\/\/www.notibras.com\/site\/eduardo-ministro-sem-pasta-do-pai-jair-bolsonaro\/","url":"https:\/\/www.notibras.com\/site\/eduardo-ministro-sem-pasta-do-pai-jair-bolsonaro\/","name":"Eduardo, ministro sem pasta do pai Jair Bolsonaro - Notibras","isPartOf":{"@id":"https:\/\/www.notibras.com\/site\/#website"},"primaryImageOfPage":{"@id":"https:\/\/www.notibras.com\/site\/eduardo-ministro-sem-pasta-do-pai-jair-bolsonaro\/#primaryimage"},"image":{"@id":"https:\/\/www.notibras.com\/site\/eduardo-ministro-sem-pasta-do-pai-jair-bolsonaro\/#primaryimage"},"thumbnailUrl":"https:\/\/www.notibras.com\/site\/wp-content\/uploads\/2019\/02\/eduardo-bolsonaro.1.jpg","datePublished":"2019-02-03T19:30:46+00:00","dateModified":"2019-02-03T19:36:39+00:00","breadcrumb":{"@id":"https:\/\/www.notibras.com\/site\/eduardo-ministro-sem-pasta-do-pai-jair-bolsonaro\/#breadcrumb"},"inLanguage":"pt-BR","potentialAction":[{"@type":"ReadAction","target":["https:\/\/www.notibras.com\/site\/eduardo-ministro-sem-pasta-do-pai-jair-bolsonaro\/"]}]},{"@type":"ImageObject","inLanguage":"pt-BR","@id":"https:\/\/www.notibras.com\/site\/eduardo-ministro-sem-pasta-do-pai-jair-bolsonaro\/#primaryimage","url":"https:\/\/www.notibras.com\/site\/wp-content\/uploads\/2019\/02\/eduardo-bolsonaro.1.jpg","contentUrl":"https:\/\/www.notibras.com\/site\/wp-content\/uploads\/2019\/02\/eduardo-bolsonaro.1.jpg","width":1140,"height":760,"caption":"Foto: Marcelo Camargo\/ABr"},{"@type":"BreadcrumbList","@id":"https:\/\/www.notibras.com\/site\/eduardo-ministro-sem-pasta-do-pai-jair-bolsonaro\/#breadcrumb","itemListElement":[{"@type":"ListItem","position":1,"name":"In\u00edcio","item":"https:\/\/www.notibras.com\/site\/"},{"@type":"ListItem","position":2,"name":"Eduardo, ministro sem pasta do pai Jair Bolsonaro"}]},{"@type":"WebSite","@id":"https:\/\/www.notibras.com\/site\/#website","url":"https:\/\/www.notibras.com\/site\/","name":"Notibras","description":"Not\u00edcias de Bras\u00edlia, do Brasil e do Mundo","publisher":{"@id":"https:\/\/www.notibras.com\/site\/#organization"},"potentialAction":[{"@type":"SearchAction","target":{"@type":"EntryPoint","urlTemplate":"https:\/\/www.notibras.com\/site\/?s={search_term_string}"},"query-input":{"@type":"PropertyValueSpecification","valueRequired":true,"valueName":"search_term_string"}}],"inLanguage":"pt-BR"},{"@type":"Organization","@id":"https:\/\/www.notibras.com\/site\/#organization","name":"Grupo Notibras de Comunica\u00e7\u00e3o","url":"https:\/\/www.notibras.com\/site\/","logo":{"@type":"ImageObject","inLanguage":"pt-BR","@id":"https:\/\/www.notibras.com\/site\/#\/schema\/logo\/image\/","url":"https:\/\/www.notibras.com\/site\/wp-content\/uploads\/2023\/01\/notibras23.png","contentUrl":"https:\/\/www.notibras.com\/site\/wp-content\/uploads\/2023\/01\/notibras23.png","width":350,"height":87,"caption":"Grupo Notibras de Comunica\u00e7\u00e3o"},"image":{"@id":"https:\/\/www.notibras.com\/site\/#\/schema\/logo\/image\/"},"sameAs":["https:\/\/www.facebook.com\/notibras\/","https:\/\/x.com\/Notibras","https:\/\/www.instagram.com\/notibras\/"]},{"@type":"Person","@id":"https:\/\/www.notibras.com\/site\/#\/schema\/person\/36ab0979449956132d3e5b517ea76ac8","name":"Reda\u00e7\u00e3o","image":{"@type":"ImageObject","inLanguage":"pt-BR","@id":"https:\/\/secure.gravatar.com\/avatar\/e0a867bdedb85fd243eadf09663511f96fc81e0720a4a42581f334ad4303aa6b?s=96&d=mm&r=g","url":"https:\/\/secure.gravatar.com\/avatar\/e0a867bdedb85fd243eadf09663511f96fc81e0720a4a42581f334ad4303aa6b?s=96&d=mm&r=g","contentUrl":"https:\/\/secure.gravatar.com\/avatar\/e0a867bdedb85fd243eadf09663511f96fc81e0720a4a42581f334ad4303aa6b?s=96&d=mm&r=g","caption":"Reda\u00e7\u00e3o"}}]}},"amp_enabled":true,"_links":{"self":[{"href":"https:\/\/www.notibras.com\/site\/wp-json\/wp\/v2\/posts\/201398","targetHints":{"allow":["GET"]}}],"collection":[{"href":"https:\/\/www.notibras.com\/site\/wp-json\/wp\/v2\/posts"}],"about":[{"href":"https:\/\/www.notibras.com\/site\/wp-json\/wp\/v2\/types\/post"}],"author":[{"embeddable":true,"href":"https:\/\/www.notibras.com\/site\/wp-json\/wp\/v2\/users\/2"}],"replies":[{"embeddable":true,"href":"https:\/\/www.notibras.com\/site\/wp-json\/wp\/v2\/comments?post=201398"}],"version-history":[{"count":2,"href":"https:\/\/www.notibras.com\/site\/wp-json\/wp\/v2\/posts\/201398\/revisions"}],"predecessor-version":[{"id":201404,"href":"https:\/\/www.notibras.com\/site\/wp-json\/wp\/v2\/posts\/201398\/revisions\/201404"}],"wp:featuredmedia":[{"embeddable":true,"href":"https:\/\/www.notibras.com\/site\/wp-json\/wp\/v2\/media\/201399"}],"wp:attachment":[{"href":"https:\/\/www.notibras.com\/site\/wp-json\/wp\/v2\/media?parent=201398"}],"wp:term":[{"taxonomy":"category","embeddable":true,"href":"https:\/\/www.notibras.com\/site\/wp-json\/wp\/v2\/categories?post=201398"},{"taxonomy":"post_tag","embeddable":true,"href":"https:\/\/www.notibras.com\/site\/wp-json\/wp\/v2\/tags?post=201398"}],"curies":[{"name":"wp","href":"https:\/\/api.w.org\/{rel}","templated":true}]}}