{"id":201417,"date":"2019-02-03T23:40:33","date_gmt":"2019-02-04T01:40:33","guid":{"rendered":"https:\/\/www.notibras.com\/site\/?p=201417"},"modified":"2019-02-03T23:40:09","modified_gmt":"2019-02-04T01:40:09","slug":"passaralho-volta-a-esplanada-e-acaba-com-mais-21-mil-cargos","status":"publish","type":"post","link":"https:\/\/www.notibras.com\/site\/passaralho-volta-a-esplanada-e-acaba-com-mais-21-mil-cargos\/","title":{"rendered":"Passaralho volta \u00e0 Esplanada e acaba com mais 21 mil cargos"},"content":{"rendered":"<p>O governo pretende economizar R$ 209 milh\u00f5es por ano com o corte de 21 mil cargos comissionados. Segundo a Secretaria Especial de Desburocratiza\u00e7\u00e3o, Gest\u00e3o e Governo Digital do Minist\u00e9rio da Economia, o decreto com a reestrutura\u00e7\u00e3o de fun\u00e7\u00f5es e gratifica\u00e7\u00f5es t\u00e9cnicas em toda a Esplanada dos Minist\u00e9rios ser\u00e1 editado ainda este m\u00eas.<\/p>\n<p>De acordo com a pasta, a iniciativa contribuir\u00e1 para simplificar a gest\u00e3o e enxugar a diversidade de cargos e comiss\u00f5es. O Minist\u00e9rio da Economia n\u00e3o detalhou a distribui\u00e7\u00e3o dos cortes por \u00f3rg\u00e3os nem por tipos de cargos, mas informou que pretende extinguir algumas gratifica\u00e7\u00f5es de legisla\u00e7\u00e3o muito antiga, algumas que n\u00e3o est\u00e3o sendo ocupadas e outras de baixo valor individual, que n\u00e3o representam fun\u00e7\u00e3o de chefia.<\/p>\n<p>A mudan\u00e7a n\u00e3o necessariamente significar\u00e1 que 21 mil pessoas ser\u00e3o demitidas. Isso porque a maior parte dos cargos em comiss\u00e3o \u00e9 ocupada por servidores concursados escolhidos para chefias ou fun\u00e7\u00f5es de confian\u00e7a. Segundo o Minist\u00e9rio da Economia, o decreto pretende adequar a estrutura \u00e0s necessidades da administra\u00e7\u00e3o p\u00fablica e evitar, no futuro, a amplia\u00e7\u00e3o dos gastos com a ocupa\u00e7\u00e3o dos cargos que ficaram vagos e as gratifica\u00e7\u00f5es que deixaram de ser pagas.<\/p>\n<p>Segundo o Painel Estat\u00edstico de Pessoal do Minist\u00e9rio da Economia, o governo anterior terminou com 99.833 cargos comissionados, fun\u00e7\u00f5es e gratifica\u00e7\u00f5es t\u00e9cnicas. Desse total, o Poder Executivo Federal detinha 33.852 (33,9%); e as funda\u00e7\u00f5es federais, 14.629 (14,7%). As autarquias federais concentravam a maior parte: 50.804 (50,9%). A Secretaria Especial de Desburocratiza\u00e7\u00e3o n\u00e3o informou se o corte dos cargos, fun\u00e7\u00f5es e gratifica\u00e7\u00f5es ocorrer\u00e1 apenas no Executivo Federal ou se tamb\u00e9m abranger\u00e1 as funda\u00e7\u00f5es e autarquias.<\/p>\n<p>As informa\u00e7\u00f5es de janeiro ainda n\u00e3o est\u00e3o compiladas. At\u00e9 agora, apenas o Minist\u00e9rio da Economia detalhou os cortes provocados pela fus\u00e3o de quatro pastas das gest\u00f5es anteriores \u2013 Fazenda; Planejamento; Ind\u00fastria, Com\u00e9rcio Exterior e Servi\u00e7os; e parte do Trabalho. A nova estrutura enxugou 2.987 cargos \u2013 243 de Dire\u00e7\u00e3o e Assessoramento Superior (DAS), 389 Fun\u00e7\u00f5es Comissionadas do Poder Executivo (FCPE), restrita a servidores concursados, e 2.355 fun\u00e7\u00f5es gratificadas.<\/p>\n<p>Fus\u00f5es &#8211; O maior potencial de redu\u00e7\u00e3o de cargos comissionados est\u00e1 nos minist\u00e9rios nascidos da uni\u00e3o de pastas antigas. Al\u00e9m da Economia, classificada como superminist\u00e9rio, a nova estrutura da Esplanada dos Minist\u00e9rios t\u00eam tr\u00eas pastas resultantes de fus\u00f5es.<\/p>\n<p>O Minist\u00e9rio da Justi\u00e7a incorporou a pasta de Seguran\u00e7a P\u00fablica e a secretaria do Minist\u00e9rio do Trabalho que cuidava dos registros sindicais. O Minist\u00e9rio da Cidadania reuniu as antigas pastas de Desenvolvimento Social, Cultura e Esporte. O Minist\u00e9rio do Desenvolvimento Regional nasceu da jun\u00e7\u00e3o dos antigos minist\u00e9rios das Cidades e da Integra\u00e7\u00e3o Nacional.<\/p>\n","protected":false},"excerpt":{"rendered":"<p>O governo pretende economizar R$ 209 milh\u00f5es por ano com o corte de 21 mil cargos comissionados. Segundo a Secretaria Especial de Desburocratiza\u00e7\u00e3o, Gest\u00e3o e Governo Digital do Minist\u00e9rio da Economia, o decreto com a reestrutura\u00e7\u00e3o de fun\u00e7\u00f5es e gratifica\u00e7\u00f5es t\u00e9cnicas em toda a Esplanada dos Minist\u00e9rios ser\u00e1 editado ainda este m\u00eas. De acordo com [&hellip;]<\/p>\n","protected":false},"author":2,"featured_media":186949,"comment_status":"closed","ping_status":"closed","sticky":false,"template":"","format":"standard","meta":{"_acf_changed":false,"footnotes":""},"categories":[1],"tags":[95],"class_list":["post-201417","post","type-post","status-publish","format-standard","has-post-thumbnail","hentry","category-brasilia","tag-capa"],"acf":[],"yoast_head":"<!-- This site is optimized with the Yoast SEO plugin v27.2 - https:\/\/yoast.com\/product\/yoast-seo-wordpress\/ -->\n<title>Passaralho volta \u00e0 Esplanada e acaba com mais 21 mil cargos - Notibras<\/title>\n<meta name=\"robots\" content=\"index, follow, max-snippet:-1, max-image-preview:large, max-video-preview:-1\" \/>\n<link rel=\"canonical\" href=\"https:\/\/www.notibras.com\/site\/passaralho-volta-a-esplanada-e-acaba-com-mais-21-mil-cargos\/\" \/>\n<meta property=\"og:locale\" content=\"pt_BR\" \/>\n<meta property=\"og:type\" content=\"article\" \/>\n<meta property=\"og:title\" content=\"Passaralho volta \u00e0 Esplanada e acaba com mais 21 mil cargos - Notibras\" \/>\n<meta property=\"og:description\" content=\"O governo pretende economizar R$ 209 milh\u00f5es por ano com o corte de 21 mil cargos comissionados. Segundo a Secretaria Especial de Desburocratiza\u00e7\u00e3o, Gest\u00e3o e Governo Digital do Minist\u00e9rio da Economia, o decreto com a reestrutura\u00e7\u00e3o de fun\u00e7\u00f5es e gratifica\u00e7\u00f5es t\u00e9cnicas em toda a Esplanada dos Minist\u00e9rios ser\u00e1 editado ainda este m\u00eas. De acordo com [&hellip;]\" \/>\n<meta property=\"og:url\" content=\"https:\/\/www.notibras.com\/site\/passaralho-volta-a-esplanada-e-acaba-com-mais-21-mil-cargos\/\" \/>\n<meta property=\"og:site_name\" content=\"Notibras\" \/>\n<meta property=\"article:publisher\" content=\"https:\/\/www.facebook.com\/notibras\/\" \/>\n<meta property=\"article:published_time\" content=\"2019-02-04T01:40:33+00:00\" \/>\n<meta property=\"og:image\" content=\"https:\/\/www.notibras.com\/site\/wp-content\/uploads\/2018\/08\/esplanada-1.jpg\" \/>\n\t<meta property=\"og:image:width\" content=\"1140\" \/>\n\t<meta property=\"og:image:height\" content=\"760\" \/>\n\t<meta property=\"og:image:type\" content=\"image\/jpeg\" \/>\n<meta name=\"author\" content=\"Reda\u00e7\u00e3o\" \/>\n<meta name=\"twitter:card\" content=\"summary_large_image\" \/>\n<meta name=\"twitter:creator\" content=\"@Notibras\" \/>\n<meta name=\"twitter:site\" content=\"@Notibras\" \/>\n<meta name=\"twitter:label1\" content=\"Escrito por\" \/>\n\t<meta name=\"twitter:data1\" content=\"Reda\u00e7\u00e3o\" \/>\n\t<meta name=\"twitter:label2\" content=\"Est. tempo de leitura\" \/>\n\t<meta name=\"twitter:data2\" content=\"2 minutos\" \/>\n<script type=\"application\/ld+json\" class=\"yoast-schema-graph\">{\"@context\":\"https:\/\/schema.org\",\"@graph\":[{\"@type\":\"Article\",\"@id\":\"https:\/\/www.notibras.com\/site\/passaralho-volta-a-esplanada-e-acaba-com-mais-21-mil-cargos\/#article\",\"isPartOf\":{\"@id\":\"https:\/\/www.notibras.com\/site\/passaralho-volta-a-esplanada-e-acaba-com-mais-21-mil-cargos\/\"},\"author\":{\"name\":\"Reda\u00e7\u00e3o\",\"@id\":\"https:\/\/www.notibras.com\/site\/#\/schema\/person\/36ab0979449956132d3e5b517ea76ac8\"},\"headline\":\"Passaralho volta \u00e0 Esplanada e acaba com mais 21 mil cargos\",\"datePublished\":\"2019-02-04T01:40:33+00:00\",\"mainEntityOfPage\":{\"@id\":\"https:\/\/www.notibras.com\/site\/passaralho-volta-a-esplanada-e-acaba-com-mais-21-mil-cargos\/\"},\"wordCount\":493,\"publisher\":{\"@id\":\"https:\/\/www.notibras.com\/site\/#organization\"},\"image\":{\"@id\":\"https:\/\/www.notibras.com\/site\/passaralho-volta-a-esplanada-e-acaba-com-mais-21-mil-cargos\/#primaryimage\"},\"thumbnailUrl\":\"https:\/\/www.notibras.com\/site\/wp-content\/uploads\/2018\/08\/esplanada-1.jpg\",\"keywords\":[\"capa\"],\"articleSection\":[\"Bras\u00edlia\"],\"inLanguage\":\"pt-BR\"},{\"@type\":\"WebPage\",\"@id\":\"https:\/\/www.notibras.com\/site\/passaralho-volta-a-esplanada-e-acaba-com-mais-21-mil-cargos\/\",\"url\":\"https:\/\/www.notibras.com\/site\/passaralho-volta-a-esplanada-e-acaba-com-mais-21-mil-cargos\/\",\"name\":\"Passaralho volta \u00e0 Esplanada e acaba com mais 21 mil cargos - Notibras\",\"isPartOf\":{\"@id\":\"https:\/\/www.notibras.com\/site\/#website\"},\"primaryImageOfPage\":{\"@id\":\"https:\/\/www.notibras.com\/site\/passaralho-volta-a-esplanada-e-acaba-com-mais-21-mil-cargos\/#primaryimage\"},\"image\":{\"@id\":\"https:\/\/www.notibras.com\/site\/passaralho-volta-a-esplanada-e-acaba-com-mais-21-mil-cargos\/#primaryimage\"},\"thumbnailUrl\":\"https:\/\/www.notibras.com\/site\/wp-content\/uploads\/2018\/08\/esplanada-1.jpg\",\"datePublished\":\"2019-02-04T01:40:33+00:00\",\"breadcrumb\":{\"@id\":\"https:\/\/www.notibras.com\/site\/passaralho-volta-a-esplanada-e-acaba-com-mais-21-mil-cargos\/#breadcrumb\"},\"inLanguage\":\"pt-BR\",\"potentialAction\":[{\"@type\":\"ReadAction\",\"target\":[\"https:\/\/www.notibras.com\/site\/passaralho-volta-a-esplanada-e-acaba-com-mais-21-mil-cargos\/\"]}]},{\"@type\":\"ImageObject\",\"inLanguage\":\"pt-BR\",\"@id\":\"https:\/\/www.notibras.com\/site\/passaralho-volta-a-esplanada-e-acaba-com-mais-21-mil-cargos\/#primaryimage\",\"url\":\"https:\/\/www.notibras.com\/site\/wp-content\/uploads\/2018\/08\/esplanada-1.jpg\",\"contentUrl\":\"https:\/\/www.notibras.com\/site\/wp-content\/uploads\/2018\/08\/esplanada-1.jpg\",\"width\":1140,\"height\":760,\"caption\":\"Foto\/Arquivo Notibras\"},{\"@type\":\"BreadcrumbList\",\"@id\":\"https:\/\/www.notibras.com\/site\/passaralho-volta-a-esplanada-e-acaba-com-mais-21-mil-cargos\/#breadcrumb\",\"itemListElement\":[{\"@type\":\"ListItem\",\"position\":1,\"name\":\"In\u00edcio\",\"item\":\"https:\/\/www.notibras.com\/site\/\"},{\"@type\":\"ListItem\",\"position\":2,\"name\":\"Passaralho volta \u00e0 Esplanada e acaba com mais 21 mil cargos\"}]},{\"@type\":\"WebSite\",\"@id\":\"https:\/\/www.notibras.com\/site\/#website\",\"url\":\"https:\/\/www.notibras.com\/site\/\",\"name\":\"Notibras\",\"description\":\"Not\u00edcias de Bras\u00edlia, do Brasil e do Mundo\",\"publisher\":{\"@id\":\"https:\/\/www.notibras.com\/site\/#organization\"},\"potentialAction\":[{\"@type\":\"SearchAction\",\"target\":{\"@type\":\"EntryPoint\",\"urlTemplate\":\"https:\/\/www.notibras.com\/site\/?s={search_term_string}\"},\"query-input\":{\"@type\":\"PropertyValueSpecification\",\"valueRequired\":true,\"valueName\":\"search_term_string\"}}],\"inLanguage\":\"pt-BR\"},{\"@type\":\"Organization\",\"@id\":\"https:\/\/www.notibras.com\/site\/#organization\",\"name\":\"Grupo Notibras de Comunica\u00e7\u00e3o\",\"url\":\"https:\/\/www.notibras.com\/site\/\",\"logo\":{\"@type\":\"ImageObject\",\"inLanguage\":\"pt-BR\",\"@id\":\"https:\/\/www.notibras.com\/site\/#\/schema\/logo\/image\/\",\"url\":\"https:\/\/www.notibras.com\/site\/wp-content\/uploads\/2023\/01\/notibras23.png\",\"contentUrl\":\"https:\/\/www.notibras.com\/site\/wp-content\/uploads\/2023\/01\/notibras23.png\",\"width\":350,\"height\":87,\"caption\":\"Grupo Notibras de Comunica\u00e7\u00e3o\"},\"image\":{\"@id\":\"https:\/\/www.notibras.com\/site\/#\/schema\/logo\/image\/\"},\"sameAs\":[\"https:\/\/www.facebook.com\/notibras\/\",\"https:\/\/x.com\/Notibras\",\"https:\/\/www.instagram.com\/notibras\/\"]},{\"@type\":\"Person\",\"@id\":\"https:\/\/www.notibras.com\/site\/#\/schema\/person\/36ab0979449956132d3e5b517ea76ac8\",\"name\":\"Reda\u00e7\u00e3o\",\"image\":{\"@type\":\"ImageObject\",\"inLanguage\":\"pt-BR\",\"@id\":\"https:\/\/secure.gravatar.com\/avatar\/e0a867bdedb85fd243eadf09663511f96fc81e0720a4a42581f334ad4303aa6b?s=96&d=mm&r=g\",\"url\":\"https:\/\/secure.gravatar.com\/avatar\/e0a867bdedb85fd243eadf09663511f96fc81e0720a4a42581f334ad4303aa6b?s=96&d=mm&r=g\",\"contentUrl\":\"https:\/\/secure.gravatar.com\/avatar\/e0a867bdedb85fd243eadf09663511f96fc81e0720a4a42581f334ad4303aa6b?s=96&d=mm&r=g\",\"caption\":\"Reda\u00e7\u00e3o\"}}]}<\/script>\n<!-- \/ Yoast SEO plugin. -->","yoast_head_json":{"title":"Passaralho volta \u00e0 Esplanada e acaba com mais 21 mil cargos - Notibras","robots":{"index":"index","follow":"follow","max-snippet":"max-snippet:-1","max-image-preview":"max-image-preview:large","max-video-preview":"max-video-preview:-1"},"canonical":"https:\/\/www.notibras.com\/site\/passaralho-volta-a-esplanada-e-acaba-com-mais-21-mil-cargos\/","og_locale":"pt_BR","og_type":"article","og_title":"Passaralho volta \u00e0 Esplanada e acaba com mais 21 mil cargos - Notibras","og_description":"O governo pretende economizar R$ 209 milh\u00f5es por ano com o corte de 21 mil cargos comissionados. Segundo a Secretaria Especial de Desburocratiza\u00e7\u00e3o, Gest\u00e3o e Governo Digital do Minist\u00e9rio da Economia, o decreto com a reestrutura\u00e7\u00e3o de fun\u00e7\u00f5es e gratifica\u00e7\u00f5es t\u00e9cnicas em toda a Esplanada dos Minist\u00e9rios ser\u00e1 editado ainda este m\u00eas. De acordo com [&hellip;]","og_url":"https:\/\/www.notibras.com\/site\/passaralho-volta-a-esplanada-e-acaba-com-mais-21-mil-cargos\/","og_site_name":"Notibras","article_publisher":"https:\/\/www.facebook.com\/notibras\/","article_published_time":"2019-02-04T01:40:33+00:00","og_image":[{"width":1140,"height":760,"url":"https:\/\/www.notibras.com\/site\/wp-content\/uploads\/2018\/08\/esplanada-1.jpg","type":"image\/jpeg"}],"author":"Reda\u00e7\u00e3o","twitter_card":"summary_large_image","twitter_creator":"@Notibras","twitter_site":"@Notibras","twitter_misc":{"Escrito por":"Reda\u00e7\u00e3o","Est. tempo de leitura":"2 minutos"},"schema":{"@context":"https:\/\/schema.org","@graph":[{"@type":"Article","@id":"https:\/\/www.notibras.com\/site\/passaralho-volta-a-esplanada-e-acaba-com-mais-21-mil-cargos\/#article","isPartOf":{"@id":"https:\/\/www.notibras.com\/site\/passaralho-volta-a-esplanada-e-acaba-com-mais-21-mil-cargos\/"},"author":{"name":"Reda\u00e7\u00e3o","@id":"https:\/\/www.notibras.com\/site\/#\/schema\/person\/36ab0979449956132d3e5b517ea76ac8"},"headline":"Passaralho volta \u00e0 Esplanada e acaba com mais 21 mil cargos","datePublished":"2019-02-04T01:40:33+00:00","mainEntityOfPage":{"@id":"https:\/\/www.notibras.com\/site\/passaralho-volta-a-esplanada-e-acaba-com-mais-21-mil-cargos\/"},"wordCount":493,"publisher":{"@id":"https:\/\/www.notibras.com\/site\/#organization"},"image":{"@id":"https:\/\/www.notibras.com\/site\/passaralho-volta-a-esplanada-e-acaba-com-mais-21-mil-cargos\/#primaryimage"},"thumbnailUrl":"https:\/\/www.notibras.com\/site\/wp-content\/uploads\/2018\/08\/esplanada-1.jpg","keywords":["capa"],"articleSection":["Bras\u00edlia"],"inLanguage":"pt-BR"},{"@type":"WebPage","@id":"https:\/\/www.notibras.com\/site\/passaralho-volta-a-esplanada-e-acaba-com-mais-21-mil-cargos\/","url":"https:\/\/www.notibras.com\/site\/passaralho-volta-a-esplanada-e-acaba-com-mais-21-mil-cargos\/","name":"Passaralho volta \u00e0 Esplanada e acaba com mais 21 mil cargos - Notibras","isPartOf":{"@id":"https:\/\/www.notibras.com\/site\/#website"},"primaryImageOfPage":{"@id":"https:\/\/www.notibras.com\/site\/passaralho-volta-a-esplanada-e-acaba-com-mais-21-mil-cargos\/#primaryimage"},"image":{"@id":"https:\/\/www.notibras.com\/site\/passaralho-volta-a-esplanada-e-acaba-com-mais-21-mil-cargos\/#primaryimage"},"thumbnailUrl":"https:\/\/www.notibras.com\/site\/wp-content\/uploads\/2018\/08\/esplanada-1.jpg","datePublished":"2019-02-04T01:40:33+00:00","breadcrumb":{"@id":"https:\/\/www.notibras.com\/site\/passaralho-volta-a-esplanada-e-acaba-com-mais-21-mil-cargos\/#breadcrumb"},"inLanguage":"pt-BR","potentialAction":[{"@type":"ReadAction","target":["https:\/\/www.notibras.com\/site\/passaralho-volta-a-esplanada-e-acaba-com-mais-21-mil-cargos\/"]}]},{"@type":"ImageObject","inLanguage":"pt-BR","@id":"https:\/\/www.notibras.com\/site\/passaralho-volta-a-esplanada-e-acaba-com-mais-21-mil-cargos\/#primaryimage","url":"https:\/\/www.notibras.com\/site\/wp-content\/uploads\/2018\/08\/esplanada-1.jpg","contentUrl":"https:\/\/www.notibras.com\/site\/wp-content\/uploads\/2018\/08\/esplanada-1.jpg","width":1140,"height":760,"caption":"Foto\/Arquivo Notibras"},{"@type":"BreadcrumbList","@id":"https:\/\/www.notibras.com\/site\/passaralho-volta-a-esplanada-e-acaba-com-mais-21-mil-cargos\/#breadcrumb","itemListElement":[{"@type":"ListItem","position":1,"name":"In\u00edcio","item":"https:\/\/www.notibras.com\/site\/"},{"@type":"ListItem","position":2,"name":"Passaralho volta \u00e0 Esplanada e acaba com mais 21 mil cargos"}]},{"@type":"WebSite","@id":"https:\/\/www.notibras.com\/site\/#website","url":"https:\/\/www.notibras.com\/site\/","name":"Notibras","description":"Not\u00edcias de Bras\u00edlia, do Brasil e do Mundo","publisher":{"@id":"https:\/\/www.notibras.com\/site\/#organization"},"potentialAction":[{"@type":"SearchAction","target":{"@type":"EntryPoint","urlTemplate":"https:\/\/www.notibras.com\/site\/?s={search_term_string}"},"query-input":{"@type":"PropertyValueSpecification","valueRequired":true,"valueName":"search_term_string"}}],"inLanguage":"pt-BR"},{"@type":"Organization","@id":"https:\/\/www.notibras.com\/site\/#organization","name":"Grupo Notibras de Comunica\u00e7\u00e3o","url":"https:\/\/www.notibras.com\/site\/","logo":{"@type":"ImageObject","inLanguage":"pt-BR","@id":"https:\/\/www.notibras.com\/site\/#\/schema\/logo\/image\/","url":"https:\/\/www.notibras.com\/site\/wp-content\/uploads\/2023\/01\/notibras23.png","contentUrl":"https:\/\/www.notibras.com\/site\/wp-content\/uploads\/2023\/01\/notibras23.png","width":350,"height":87,"caption":"Grupo Notibras de Comunica\u00e7\u00e3o"},"image":{"@id":"https:\/\/www.notibras.com\/site\/#\/schema\/logo\/image\/"},"sameAs":["https:\/\/www.facebook.com\/notibras\/","https:\/\/x.com\/Notibras","https:\/\/www.instagram.com\/notibras\/"]},{"@type":"Person","@id":"https:\/\/www.notibras.com\/site\/#\/schema\/person\/36ab0979449956132d3e5b517ea76ac8","name":"Reda\u00e7\u00e3o","image":{"@type":"ImageObject","inLanguage":"pt-BR","@id":"https:\/\/secure.gravatar.com\/avatar\/e0a867bdedb85fd243eadf09663511f96fc81e0720a4a42581f334ad4303aa6b?s=96&d=mm&r=g","url":"https:\/\/secure.gravatar.com\/avatar\/e0a867bdedb85fd243eadf09663511f96fc81e0720a4a42581f334ad4303aa6b?s=96&d=mm&r=g","contentUrl":"https:\/\/secure.gravatar.com\/avatar\/e0a867bdedb85fd243eadf09663511f96fc81e0720a4a42581f334ad4303aa6b?s=96&d=mm&r=g","caption":"Reda\u00e7\u00e3o"}}]}},"amp_enabled":true,"_links":{"self":[{"href":"https:\/\/www.notibras.com\/site\/wp-json\/wp\/v2\/posts\/201417","targetHints":{"allow":["GET"]}}],"collection":[{"href":"https:\/\/www.notibras.com\/site\/wp-json\/wp\/v2\/posts"}],"about":[{"href":"https:\/\/www.notibras.com\/site\/wp-json\/wp\/v2\/types\/post"}],"author":[{"embeddable":true,"href":"https:\/\/www.notibras.com\/site\/wp-json\/wp\/v2\/users\/2"}],"replies":[{"embeddable":true,"href":"https:\/\/www.notibras.com\/site\/wp-json\/wp\/v2\/comments?post=201417"}],"version-history":[{"count":3,"href":"https:\/\/www.notibras.com\/site\/wp-json\/wp\/v2\/posts\/201417\/revisions"}],"predecessor-version":[{"id":201420,"href":"https:\/\/www.notibras.com\/site\/wp-json\/wp\/v2\/posts\/201417\/revisions\/201420"}],"wp:featuredmedia":[{"embeddable":true,"href":"https:\/\/www.notibras.com\/site\/wp-json\/wp\/v2\/media\/186949"}],"wp:attachment":[{"href":"https:\/\/www.notibras.com\/site\/wp-json\/wp\/v2\/media?parent=201417"}],"wp:term":[{"taxonomy":"category","embeddable":true,"href":"https:\/\/www.notibras.com\/site\/wp-json\/wp\/v2\/categories?post=201417"},{"taxonomy":"post_tag","embeddable":true,"href":"https:\/\/www.notibras.com\/site\/wp-json\/wp\/v2\/tags?post=201417"}],"curies":[{"name":"wp","href":"https:\/\/api.w.org\/{rel}","templated":true}]}}