{"id":201463,"date":"2019-02-04T00:33:31","date_gmt":"2019-02-04T02:33:31","guid":{"rendered":"https:\/\/www.notibras.com\/site\/?p=201463"},"modified":"2019-02-04T00:39:03","modified_gmt":"2019-02-04T02:39:03","slug":"maduro-rejeita-ultimato-da-ue-e-desloca-tropas-para-fronteiras","status":"publish","type":"post","link":"https:\/\/www.notibras.com\/site\/maduro-rejeita-ultimato-da-ue-e-desloca-tropas-para-fronteiras\/","title":{"rendered":"Maduro rejeita ultimato da UE e desloca tropas para fronteiras"},"content":{"rendered":"<p>O presidente da Venezuela, Nicol\u00e1s Maduro, rejeitou o ultimato dado por pa\u00edses europeus na semana passada para ele convocar elei\u00e7\u00f5es presidenciais, e afirmou que est\u00e1 refor\u00e7ando o patrulhamento nas fronteiras com o envio das For\u00e7as Armadas.<\/p>\n<p>A decis\u00e3o foi tomada ap\u00f3s o l\u00edder oposicionista e autoproclamado presidente interino da Venezuela, Juan Guaid\u00f3, afirmar que pediu ajuda humanit\u00e1ria para Estados Unidos e pa\u00edses europeus. As for\u00e7as armadas venezuelanas contam com equipamentos fornecidos por russos, chineses e iranianos.<\/p>\n<p>Em entrevista \u00e0 rede espanhola La Sexta, Maduro disse que n\u00e3o vai \u201cceder por covardia diante da press\u00e3o\u201d dos europeus. \u201cPor que a Uni\u00e3o Europeia ter\u00e1 que dizer a um pa\u00eds que j\u00e1 fez escolhas que t\u00eam de repetir as elei\u00e7\u00f5es presidenciais? S\u00f3 porque seus aliados n\u00e3o ganharam?\u201d, disse Maduro.<\/p>\n<p>O ultimato dado Espanha, Fran\u00e7a, Alemanha, Reino Unido, Portugal e Holanda na semana passada termina \u00e0 meia-noite deste domingo. Os pa\u00edses afirmaram que se Maduro n\u00e3o convocasse elei\u00e7\u00f5es presidenciais, eles passariam a apoiar Juan Guaid\u00f3.<\/p>\n<p>&#8220;Eles tentam nos encurralar com ultimatos para nos for\u00e7ar a ir a uma situa\u00e7\u00e3o extrema de confronto&#8221;, denunciou Maduro, que insistiu em sua proposta para as elei\u00e7\u00f5es antecipadas do Parlamento, dominadas pela oposi\u00e7\u00e3o.<\/p>\n<p>Por outro lado, Maduro disse apoiar a \u201cboa iniciativa\u201d de um grupo de contato internacional, formado por Uni\u00e3o Europeia e pa\u00edses latino-americanos, como Uruguai e M\u00e9xico, que visa &#8220;promover um processo pol\u00edtico e pac\u00edfico&#8221; para sair da crise venezuelana. O primeiro encontro do grupo deve ocorrer em 7 de fevereiro, em Montevid\u00e9u.<\/p>\n<p>&#8220;Eu apoio essa confer\u00eancia. (&#8230;) Aposto que a partir desta iniciativa haver\u00e1 uma mesa de negocia\u00e7\u00f5es, um di\u00e1logo entre os venezuelanos, para resolver nossos problemas, para agendar um plano, uma solu\u00e7\u00e3o para os problemas da Venezuela&#8221;, disse Maduro.<\/p>\n<p>Durante a entrevista, o presidente enviou uma mensagem a Guaid\u00f3: &#8220;Eu digo a ele: abandone a estrat\u00e9gia do golpe, se quiser contribuir com algo, sente-se em uma mesa de conversa\u00e7\u00e3o face a face&#8221; com o governo.<\/p>\n","protected":false},"excerpt":{"rendered":"<p>O presidente da Venezuela, Nicol\u00e1s Maduro, rejeitou o ultimato dado por pa\u00edses europeus na semana passada para ele convocar elei\u00e7\u00f5es presidenciais, e afirmou que est\u00e1 refor\u00e7ando o patrulhamento nas fronteiras com o envio das For\u00e7as Armadas. A decis\u00e3o foi tomada ap\u00f3s o l\u00edder oposicionista e autoproclamado presidente interino da Venezuela, Juan Guaid\u00f3, afirmar que pediu [&hellip;]<\/p>\n","protected":false},"author":2,"featured_media":201464,"comment_status":"closed","ping_status":"closed","sticky":false,"template":"","format":"standard","meta":{"_acf_changed":false,"footnotes":""},"categories":[17],"tags":[95],"class_list":["post-201463","post","type-post","status-publish","format-standard","has-post-thumbnail","hentry","category-mundo","tag-capa"],"acf":[],"yoast_head":"<!-- This site is optimized with the Yoast SEO plugin v27.2 - https:\/\/yoast.com\/product\/yoast-seo-wordpress\/ -->\n<title>Maduro rejeita ultimato da UE e desloca tropas para fronteiras - Notibras<\/title>\n<meta name=\"robots\" content=\"index, follow, max-snippet:-1, max-image-preview:large, max-video-preview:-1\" \/>\n<link rel=\"canonical\" href=\"https:\/\/www.notibras.com\/site\/maduro-rejeita-ultimato-da-ue-e-desloca-tropas-para-fronteiras\/\" \/>\n<meta property=\"og:locale\" content=\"pt_BR\" \/>\n<meta property=\"og:type\" content=\"article\" \/>\n<meta property=\"og:title\" content=\"Maduro rejeita ultimato da UE e desloca tropas para fronteiras - Notibras\" \/>\n<meta property=\"og:description\" content=\"O presidente da Venezuela, Nicol\u00e1s Maduro, rejeitou o ultimato dado por pa\u00edses europeus na semana passada para ele convocar elei\u00e7\u00f5es presidenciais, e afirmou que est\u00e1 refor\u00e7ando o patrulhamento nas fronteiras com o envio das For\u00e7as Armadas. A decis\u00e3o foi tomada ap\u00f3s o l\u00edder oposicionista e autoproclamado presidente interino da Venezuela, Juan Guaid\u00f3, afirmar que pediu [&hellip;]\" \/>\n<meta property=\"og:url\" content=\"https:\/\/www.notibras.com\/site\/maduro-rejeita-ultimato-da-ue-e-desloca-tropas-para-fronteiras\/\" \/>\n<meta property=\"og:site_name\" content=\"Notibras\" \/>\n<meta property=\"article:publisher\" content=\"https:\/\/www.facebook.com\/notibras\/\" \/>\n<meta property=\"article:published_time\" content=\"2019-02-04T02:33:31+00:00\" \/>\n<meta property=\"article:modified_time\" content=\"2019-02-04T02:39:03+00:00\" \/>\n<meta property=\"og:image\" content=\"https:\/\/www.notibras.com\/site\/wp-content\/uploads\/2019\/02\/venezuela-misseis-1.jpg\" \/>\n\t<meta property=\"og:image:width\" content=\"1000\" \/>\n\t<meta property=\"og:image:height\" content=\"541\" \/>\n\t<meta property=\"og:image:type\" content=\"image\/jpeg\" \/>\n<meta name=\"author\" content=\"Reda\u00e7\u00e3o\" \/>\n<meta name=\"twitter:card\" content=\"summary_large_image\" \/>\n<meta name=\"twitter:creator\" content=\"@Notibras\" \/>\n<meta name=\"twitter:site\" content=\"@Notibras\" \/>\n<meta name=\"twitter:label1\" content=\"Escrito por\" \/>\n\t<meta name=\"twitter:data1\" content=\"Reda\u00e7\u00e3o\" \/>\n\t<meta name=\"twitter:label2\" content=\"Est. tempo de leitura\" \/>\n\t<meta name=\"twitter:data2\" content=\"2 minutos\" \/>\n<script type=\"application\/ld+json\" class=\"yoast-schema-graph\">{\"@context\":\"https:\/\/schema.org\",\"@graph\":[{\"@type\":\"Article\",\"@id\":\"https:\/\/www.notibras.com\/site\/maduro-rejeita-ultimato-da-ue-e-desloca-tropas-para-fronteiras\/#article\",\"isPartOf\":{\"@id\":\"https:\/\/www.notibras.com\/site\/maduro-rejeita-ultimato-da-ue-e-desloca-tropas-para-fronteiras\/\"},\"author\":{\"name\":\"Reda\u00e7\u00e3o\",\"@id\":\"https:\/\/www.notibras.com\/site\/#\/schema\/person\/36ab0979449956132d3e5b517ea76ac8\"},\"headline\":\"Maduro rejeita ultimato da UE e desloca tropas para fronteiras\",\"datePublished\":\"2019-02-04T02:33:31+00:00\",\"dateModified\":\"2019-02-04T02:39:03+00:00\",\"mainEntityOfPage\":{\"@id\":\"https:\/\/www.notibras.com\/site\/maduro-rejeita-ultimato-da-ue-e-desloca-tropas-para-fronteiras\/\"},\"wordCount\":364,\"publisher\":{\"@id\":\"https:\/\/www.notibras.com\/site\/#organization\"},\"image\":{\"@id\":\"https:\/\/www.notibras.com\/site\/maduro-rejeita-ultimato-da-ue-e-desloca-tropas-para-fronteiras\/#primaryimage\"},\"thumbnailUrl\":\"https:\/\/www.notibras.com\/site\/wp-content\/uploads\/2019\/02\/venezuela-misseis-1.jpg\",\"keywords\":[\"capa\"],\"articleSection\":[\"Mundo\"],\"inLanguage\":\"pt-BR\"},{\"@type\":\"WebPage\",\"@id\":\"https:\/\/www.notibras.com\/site\/maduro-rejeita-ultimato-da-ue-e-desloca-tropas-para-fronteiras\/\",\"url\":\"https:\/\/www.notibras.com\/site\/maduro-rejeita-ultimato-da-ue-e-desloca-tropas-para-fronteiras\/\",\"name\":\"Maduro rejeita ultimato da UE e desloca tropas para fronteiras - Notibras\",\"isPartOf\":{\"@id\":\"https:\/\/www.notibras.com\/site\/#website\"},\"primaryImageOfPage\":{\"@id\":\"https:\/\/www.notibras.com\/site\/maduro-rejeita-ultimato-da-ue-e-desloca-tropas-para-fronteiras\/#primaryimage\"},\"image\":{\"@id\":\"https:\/\/www.notibras.com\/site\/maduro-rejeita-ultimato-da-ue-e-desloca-tropas-para-fronteiras\/#primaryimage\"},\"thumbnailUrl\":\"https:\/\/www.notibras.com\/site\/wp-content\/uploads\/2019\/02\/venezuela-misseis-1.jpg\",\"datePublished\":\"2019-02-04T02:33:31+00:00\",\"dateModified\":\"2019-02-04T02:39:03+00:00\",\"breadcrumb\":{\"@id\":\"https:\/\/www.notibras.com\/site\/maduro-rejeita-ultimato-da-ue-e-desloca-tropas-para-fronteiras\/#breadcrumb\"},\"inLanguage\":\"pt-BR\",\"potentialAction\":[{\"@type\":\"ReadAction\",\"target\":[\"https:\/\/www.notibras.com\/site\/maduro-rejeita-ultimato-da-ue-e-desloca-tropas-para-fronteiras\/\"]}]},{\"@type\":\"ImageObject\",\"inLanguage\":\"pt-BR\",\"@id\":\"https:\/\/www.notibras.com\/site\/maduro-rejeita-ultimato-da-ue-e-desloca-tropas-para-fronteiras\/#primaryimage\",\"url\":\"https:\/\/www.notibras.com\/site\/wp-content\/uploads\/2019\/02\/venezuela-misseis-1.jpg\",\"contentUrl\":\"https:\/\/www.notibras.com\/site\/wp-content\/uploads\/2019\/02\/venezuela-misseis-1.jpg\",\"width\":1000,\"height\":541,\"caption\":\"Foto\/Reprodu\u00e7\u00e3o - Sputniknews\"},{\"@type\":\"BreadcrumbList\",\"@id\":\"https:\/\/www.notibras.com\/site\/maduro-rejeita-ultimato-da-ue-e-desloca-tropas-para-fronteiras\/#breadcrumb\",\"itemListElement\":[{\"@type\":\"ListItem\",\"position\":1,\"name\":\"In\u00edcio\",\"item\":\"https:\/\/www.notibras.com\/site\/\"},{\"@type\":\"ListItem\",\"position\":2,\"name\":\"Maduro rejeita ultimato da UE e desloca tropas para fronteiras\"}]},{\"@type\":\"WebSite\",\"@id\":\"https:\/\/www.notibras.com\/site\/#website\",\"url\":\"https:\/\/www.notibras.com\/site\/\",\"name\":\"Notibras\",\"description\":\"Not\u00edcias de Bras\u00edlia, do Brasil e do Mundo\",\"publisher\":{\"@id\":\"https:\/\/www.notibras.com\/site\/#organization\"},\"potentialAction\":[{\"@type\":\"SearchAction\",\"target\":{\"@type\":\"EntryPoint\",\"urlTemplate\":\"https:\/\/www.notibras.com\/site\/?s={search_term_string}\"},\"query-input\":{\"@type\":\"PropertyValueSpecification\",\"valueRequired\":true,\"valueName\":\"search_term_string\"}}],\"inLanguage\":\"pt-BR\"},{\"@type\":\"Organization\",\"@id\":\"https:\/\/www.notibras.com\/site\/#organization\",\"name\":\"Grupo Notibras de Comunica\u00e7\u00e3o\",\"url\":\"https:\/\/www.notibras.com\/site\/\",\"logo\":{\"@type\":\"ImageObject\",\"inLanguage\":\"pt-BR\",\"@id\":\"https:\/\/www.notibras.com\/site\/#\/schema\/logo\/image\/\",\"url\":\"https:\/\/www.notibras.com\/site\/wp-content\/uploads\/2023\/01\/notibras23.png\",\"contentUrl\":\"https:\/\/www.notibras.com\/site\/wp-content\/uploads\/2023\/01\/notibras23.png\",\"width\":350,\"height\":87,\"caption\":\"Grupo Notibras de Comunica\u00e7\u00e3o\"},\"image\":{\"@id\":\"https:\/\/www.notibras.com\/site\/#\/schema\/logo\/image\/\"},\"sameAs\":[\"https:\/\/www.facebook.com\/notibras\/\",\"https:\/\/x.com\/Notibras\",\"https:\/\/www.instagram.com\/notibras\/\"]},{\"@type\":\"Person\",\"@id\":\"https:\/\/www.notibras.com\/site\/#\/schema\/person\/36ab0979449956132d3e5b517ea76ac8\",\"name\":\"Reda\u00e7\u00e3o\",\"image\":{\"@type\":\"ImageObject\",\"inLanguage\":\"pt-BR\",\"@id\":\"https:\/\/secure.gravatar.com\/avatar\/e0a867bdedb85fd243eadf09663511f96fc81e0720a4a42581f334ad4303aa6b?s=96&d=mm&r=g\",\"url\":\"https:\/\/secure.gravatar.com\/avatar\/e0a867bdedb85fd243eadf09663511f96fc81e0720a4a42581f334ad4303aa6b?s=96&d=mm&r=g\",\"contentUrl\":\"https:\/\/secure.gravatar.com\/avatar\/e0a867bdedb85fd243eadf09663511f96fc81e0720a4a42581f334ad4303aa6b?s=96&d=mm&r=g\",\"caption\":\"Reda\u00e7\u00e3o\"}}]}<\/script>\n<!-- \/ Yoast SEO plugin. -->","yoast_head_json":{"title":"Maduro rejeita ultimato da UE e desloca tropas para fronteiras - Notibras","robots":{"index":"index","follow":"follow","max-snippet":"max-snippet:-1","max-image-preview":"max-image-preview:large","max-video-preview":"max-video-preview:-1"},"canonical":"https:\/\/www.notibras.com\/site\/maduro-rejeita-ultimato-da-ue-e-desloca-tropas-para-fronteiras\/","og_locale":"pt_BR","og_type":"article","og_title":"Maduro rejeita ultimato da UE e desloca tropas para fronteiras - Notibras","og_description":"O presidente da Venezuela, Nicol\u00e1s Maduro, rejeitou o ultimato dado por pa\u00edses europeus na semana passada para ele convocar elei\u00e7\u00f5es presidenciais, e afirmou que est\u00e1 refor\u00e7ando o patrulhamento nas fronteiras com o envio das For\u00e7as Armadas. A decis\u00e3o foi tomada ap\u00f3s o l\u00edder oposicionista e autoproclamado presidente interino da Venezuela, Juan Guaid\u00f3, afirmar que pediu [&hellip;]","og_url":"https:\/\/www.notibras.com\/site\/maduro-rejeita-ultimato-da-ue-e-desloca-tropas-para-fronteiras\/","og_site_name":"Notibras","article_publisher":"https:\/\/www.facebook.com\/notibras\/","article_published_time":"2019-02-04T02:33:31+00:00","article_modified_time":"2019-02-04T02:39:03+00:00","og_image":[{"width":1000,"height":541,"url":"https:\/\/www.notibras.com\/site\/wp-content\/uploads\/2019\/02\/venezuela-misseis-1.jpg","type":"image\/jpeg"}],"author":"Reda\u00e7\u00e3o","twitter_card":"summary_large_image","twitter_creator":"@Notibras","twitter_site":"@Notibras","twitter_misc":{"Escrito por":"Reda\u00e7\u00e3o","Est. tempo de leitura":"2 minutos"},"schema":{"@context":"https:\/\/schema.org","@graph":[{"@type":"Article","@id":"https:\/\/www.notibras.com\/site\/maduro-rejeita-ultimato-da-ue-e-desloca-tropas-para-fronteiras\/#article","isPartOf":{"@id":"https:\/\/www.notibras.com\/site\/maduro-rejeita-ultimato-da-ue-e-desloca-tropas-para-fronteiras\/"},"author":{"name":"Reda\u00e7\u00e3o","@id":"https:\/\/www.notibras.com\/site\/#\/schema\/person\/36ab0979449956132d3e5b517ea76ac8"},"headline":"Maduro rejeita ultimato da UE e desloca tropas para fronteiras","datePublished":"2019-02-04T02:33:31+00:00","dateModified":"2019-02-04T02:39:03+00:00","mainEntityOfPage":{"@id":"https:\/\/www.notibras.com\/site\/maduro-rejeita-ultimato-da-ue-e-desloca-tropas-para-fronteiras\/"},"wordCount":364,"publisher":{"@id":"https:\/\/www.notibras.com\/site\/#organization"},"image":{"@id":"https:\/\/www.notibras.com\/site\/maduro-rejeita-ultimato-da-ue-e-desloca-tropas-para-fronteiras\/#primaryimage"},"thumbnailUrl":"https:\/\/www.notibras.com\/site\/wp-content\/uploads\/2019\/02\/venezuela-misseis-1.jpg","keywords":["capa"],"articleSection":["Mundo"],"inLanguage":"pt-BR"},{"@type":"WebPage","@id":"https:\/\/www.notibras.com\/site\/maduro-rejeita-ultimato-da-ue-e-desloca-tropas-para-fronteiras\/","url":"https:\/\/www.notibras.com\/site\/maduro-rejeita-ultimato-da-ue-e-desloca-tropas-para-fronteiras\/","name":"Maduro rejeita ultimato da UE e desloca tropas para fronteiras - Notibras","isPartOf":{"@id":"https:\/\/www.notibras.com\/site\/#website"},"primaryImageOfPage":{"@id":"https:\/\/www.notibras.com\/site\/maduro-rejeita-ultimato-da-ue-e-desloca-tropas-para-fronteiras\/#primaryimage"},"image":{"@id":"https:\/\/www.notibras.com\/site\/maduro-rejeita-ultimato-da-ue-e-desloca-tropas-para-fronteiras\/#primaryimage"},"thumbnailUrl":"https:\/\/www.notibras.com\/site\/wp-content\/uploads\/2019\/02\/venezuela-misseis-1.jpg","datePublished":"2019-02-04T02:33:31+00:00","dateModified":"2019-02-04T02:39:03+00:00","breadcrumb":{"@id":"https:\/\/www.notibras.com\/site\/maduro-rejeita-ultimato-da-ue-e-desloca-tropas-para-fronteiras\/#breadcrumb"},"inLanguage":"pt-BR","potentialAction":[{"@type":"ReadAction","target":["https:\/\/www.notibras.com\/site\/maduro-rejeita-ultimato-da-ue-e-desloca-tropas-para-fronteiras\/"]}]},{"@type":"ImageObject","inLanguage":"pt-BR","@id":"https:\/\/www.notibras.com\/site\/maduro-rejeita-ultimato-da-ue-e-desloca-tropas-para-fronteiras\/#primaryimage","url":"https:\/\/www.notibras.com\/site\/wp-content\/uploads\/2019\/02\/venezuela-misseis-1.jpg","contentUrl":"https:\/\/www.notibras.com\/site\/wp-content\/uploads\/2019\/02\/venezuela-misseis-1.jpg","width":1000,"height":541,"caption":"Foto\/Reprodu\u00e7\u00e3o - Sputniknews"},{"@type":"BreadcrumbList","@id":"https:\/\/www.notibras.com\/site\/maduro-rejeita-ultimato-da-ue-e-desloca-tropas-para-fronteiras\/#breadcrumb","itemListElement":[{"@type":"ListItem","position":1,"name":"In\u00edcio","item":"https:\/\/www.notibras.com\/site\/"},{"@type":"ListItem","position":2,"name":"Maduro rejeita ultimato da UE e desloca tropas para fronteiras"}]},{"@type":"WebSite","@id":"https:\/\/www.notibras.com\/site\/#website","url":"https:\/\/www.notibras.com\/site\/","name":"Notibras","description":"Not\u00edcias de Bras\u00edlia, do Brasil e do Mundo","publisher":{"@id":"https:\/\/www.notibras.com\/site\/#organization"},"potentialAction":[{"@type":"SearchAction","target":{"@type":"EntryPoint","urlTemplate":"https:\/\/www.notibras.com\/site\/?s={search_term_string}"},"query-input":{"@type":"PropertyValueSpecification","valueRequired":true,"valueName":"search_term_string"}}],"inLanguage":"pt-BR"},{"@type":"Organization","@id":"https:\/\/www.notibras.com\/site\/#organization","name":"Grupo Notibras de Comunica\u00e7\u00e3o","url":"https:\/\/www.notibras.com\/site\/","logo":{"@type":"ImageObject","inLanguage":"pt-BR","@id":"https:\/\/www.notibras.com\/site\/#\/schema\/logo\/image\/","url":"https:\/\/www.notibras.com\/site\/wp-content\/uploads\/2023\/01\/notibras23.png","contentUrl":"https:\/\/www.notibras.com\/site\/wp-content\/uploads\/2023\/01\/notibras23.png","width":350,"height":87,"caption":"Grupo Notibras de Comunica\u00e7\u00e3o"},"image":{"@id":"https:\/\/www.notibras.com\/site\/#\/schema\/logo\/image\/"},"sameAs":["https:\/\/www.facebook.com\/notibras\/","https:\/\/x.com\/Notibras","https:\/\/www.instagram.com\/notibras\/"]},{"@type":"Person","@id":"https:\/\/www.notibras.com\/site\/#\/schema\/person\/36ab0979449956132d3e5b517ea76ac8","name":"Reda\u00e7\u00e3o","image":{"@type":"ImageObject","inLanguage":"pt-BR","@id":"https:\/\/secure.gravatar.com\/avatar\/e0a867bdedb85fd243eadf09663511f96fc81e0720a4a42581f334ad4303aa6b?s=96&d=mm&r=g","url":"https:\/\/secure.gravatar.com\/avatar\/e0a867bdedb85fd243eadf09663511f96fc81e0720a4a42581f334ad4303aa6b?s=96&d=mm&r=g","contentUrl":"https:\/\/secure.gravatar.com\/avatar\/e0a867bdedb85fd243eadf09663511f96fc81e0720a4a42581f334ad4303aa6b?s=96&d=mm&r=g","caption":"Reda\u00e7\u00e3o"}}]}},"amp_enabled":true,"_links":{"self":[{"href":"https:\/\/www.notibras.com\/site\/wp-json\/wp\/v2\/posts\/201463","targetHints":{"allow":["GET"]}}],"collection":[{"href":"https:\/\/www.notibras.com\/site\/wp-json\/wp\/v2\/posts"}],"about":[{"href":"https:\/\/www.notibras.com\/site\/wp-json\/wp\/v2\/types\/post"}],"author":[{"embeddable":true,"href":"https:\/\/www.notibras.com\/site\/wp-json\/wp\/v2\/users\/2"}],"replies":[{"embeddable":true,"href":"https:\/\/www.notibras.com\/site\/wp-json\/wp\/v2\/comments?post=201463"}],"version-history":[{"count":3,"href":"https:\/\/www.notibras.com\/site\/wp-json\/wp\/v2\/posts\/201463\/revisions"}],"predecessor-version":[{"id":201467,"href":"https:\/\/www.notibras.com\/site\/wp-json\/wp\/v2\/posts\/201463\/revisions\/201467"}],"wp:featuredmedia":[{"embeddable":true,"href":"https:\/\/www.notibras.com\/site\/wp-json\/wp\/v2\/media\/201464"}],"wp:attachment":[{"href":"https:\/\/www.notibras.com\/site\/wp-json\/wp\/v2\/media?parent=201463"}],"wp:term":[{"taxonomy":"category","embeddable":true,"href":"https:\/\/www.notibras.com\/site\/wp-json\/wp\/v2\/categories?post=201463"},{"taxonomy":"post_tag","embeddable":true,"href":"https:\/\/www.notibras.com\/site\/wp-json\/wp\/v2\/tags?post=201463"}],"curies":[{"name":"wp","href":"https:\/\/api.w.org\/{rel}","templated":true}]}}