{"id":201468,"date":"2019-02-04T08:00:21","date_gmt":"2019-02-04T10:00:21","guid":{"rendered":"https:\/\/www.notibras.com\/site\/?p=201468"},"modified":"2019-02-04T08:07:35","modified_gmt":"2019-02-04T10:07:35","slug":"planalto-monta-qg-na-camara-para-votar-as-reformas-logo","status":"publish","type":"post","link":"https:\/\/www.notibras.com\/site\/planalto-monta-qg-na-camara-para-votar-as-reformas-logo\/","title":{"rendered":"Planalto monta QG na C\u00e2mara para votar as reformas logo"},"content":{"rendered":"<p>O Pal\u00e1cio do Planalto vai montar uma esp\u00e9cie de \u201cposto avan\u00e7ado\u201d na C\u00e2mara para atendimento dos deputados no varejo. Depois da elei\u00e7\u00e3o que deu vit\u00f3ria a Rodrigo Maia (DEM-RJ) para novo mandato \u00e0 frente da Casa, o governo estabeleceu um cronograma para medir a temperatura do Congresso e evitar ser pego de surpresa com insatisfa\u00e7\u00f5es de \u00faltima hora em vota\u00e7\u00f5es consideradas priorit\u00e1rias pelo presidente Jair Bolsonaro, como a reforma da Previd\u00eancia.<\/p>\n<p>Com uma base aliada ainda em forma\u00e7\u00e3o e ap\u00f3s definir os 22 minist\u00e9rios apenas sob indica\u00e7\u00e3o de frentes parlamentares, Bolsonaro foi aconselhado a criar algo semelhante a uma \u201couvidoria\u201d para tratar das demandas individualmente, aproveitando a retomada dos trabalhos legislativos, agora com um Congresso renovado. Das 35 metas tra\u00e7adas para os primeiros cem dias de governo, que ser\u00e3o completados em 10 de abril, metade depende do sinal verde da C\u00e2mara e do Senado.<\/p>\n<p>Nomeado nesta sexta-feira, 1.\u00ba, como titular da Secretaria Especial para a C\u00e2mara \u2013 cargo atrelado \u00e0 Casa Civil \u2013, o ex-deputado Carlos Manato (PSL-ES) ser\u00e1 o encarregado de ouvir os antigos pares e os novatos, do alto ao baixo clero.<\/p>\n<p>Ele n\u00e3o estar\u00e1 sozinho nessa miss\u00e3o: outros ex-deputados, como Victorio Galli Filho (PSL-MT), F\u00e1bio Sousa (PSDB-GO), Marcelo Delaroli (PR-RJ) e Laudivio Carvalho (PODE-MG), v\u00e3o ocupar o gabinete da lideran\u00e7a do governo na C\u00e2mara.<\/p>\n<p>\u201cQuero botar um posto avan\u00e7ado l\u00e1, um ap\u00eandice para atender os deputados. Irei na C\u00e2mara \u00e0s ter\u00e7as e quartas-feiras, das 16 \u00e0s 17 horas\u201d, afirmou Manato, que desde 2 de janeiro j\u00e1 despacha no 4.\u00ba andar do Planalto.<\/p>\n<p>Candidato derrotado ao governo do Esp\u00edrito Santo, em 2018, Manato integra o n\u00facleo pol\u00edtico que ajudar\u00e1 o ministro da Casa Civil, Onyx Lorenzoni, nas negocia\u00e7\u00f5es com o Congresso. Al\u00e9m dele, fazem parte do grupo os ex-deputados Leonardo Quint\u00e3o (MDB-MG), na Subchefia de Assuntos Parlamentares, e Abelardo Lupion (DEM-PR), assessor especial de Onyx, juntamente com o ex-senador Paulo Bauer (PSDB-SC), que comandar\u00e1 a Secretaria Especial para o Senado.<\/p>\n<p><strong>Emendas<\/strong> &#8211; A Casa Civil tenta tra\u00e7ar com a equipe econ\u00f4mica um plano de pagamento das emendas parlamentares individuais, em dez parcelas de no m\u00ednimo R$ 750 milh\u00f5es, o que totalizaria R$ 7,5 bilh\u00f5es. Tradicionalmente destinadas aos redutos eleitorais dos congressistas, as emendas sempre funcionaram como moeda de troca em outros governos. O discurso do Planalto, por\u00e9m, ainda \u00e9 o de que nada ser\u00e1 tratado na base do toma l\u00e1, d\u00e1 c\u00e1.<\/p>\n<p>\u201cAs emendas est\u00e3o no Or\u00e7amento, s\u00e3o impositivas. N\u00f3s n\u00e3o vamos colocar nem aceitar faca no pesco\u00e7o\u201d, insistiu Manato. O ex-deputado disse que o governo quer \u201ctodo mundo bem tratado\u201d, mas n\u00e3o far\u00e1 barganha pol\u00edtica para obter votos no Congresso. \u201cVamos trabalhar na base do di\u00e1logo, do convencimento e esperamos a franqueza quando um deputado n\u00e3o puder votar conosco. N\u00e3o \u00e9 por isso que vamos ficar de cara feia\u201d, afirmou ele.<\/p>\n<p>O Planalto faz esfor\u00e7o concentrado para aprovar, no primeiro semestre, a proposta de reforma da Previd\u00eancia, considerada mais dif\u00edcil, pois, por ser emenda constitucional, necessita do apoio de 308 deputados e 49 senadores, em duas vota\u00e7\u00f5es. Na agenda do governo est\u00e1 ainda o pacote com medidas para combater a corrup\u00e7\u00e3o, que ser\u00e1 apresentado nesta segunda-feira, 4, aos governadores pelo ministro da Justi\u00e7a e da Seguran\u00e7a, S\u00e9rgio Moro.<\/p>\n<p>\u201cQuero tamb\u00e9m que o ministro trate da seguran\u00e7a p\u00fablica. As pessoas est\u00e3o morrendo pelo absurdo que \u00e9 o comando do tr\u00e1fico de drogas e de armas em todos os Estados\u201d, disse Maia ao Estado, ap\u00f3s ser reconduzido \u00e0 presid\u00eancia da C\u00e2mara.<\/p>\n<p>\u201cN\u00f3s vamos construir um grande pacto no Brasil para aprovar as reformas e garantir condi\u00e7\u00f5es m\u00ednimas para que os empres\u00e1rios voltem a investir aqui, mas espero que o governo trate tamb\u00e9m desse enfrentamento ao crime organizado.\u201d Ele observou que j\u00e1 h\u00e1 projetos nesse sentido tramitando na Casa h\u00e1 um tempo. \u201cMandar outro para l\u00e1 seria vaidade do pr\u00f3prio ministro\u201d, provocou.<\/p>\n<p><strong>Ficha<\/strong> &#8211; Maia e Onyx n\u00e3o t\u00eam um bom relacionamento, embora sejam do mesmo partido, o DEM. O presidente da C\u00e2mara chegou mesmo a dizer que o chefe da Casa Civil trabalhou contra sua candidatura. Para se precaver de qualquer intriga, o ministro orientou Manato a ir para as conversas na C\u00e2mara municiado de dados.<\/p>\n<p>O secret\u00e1rio de Onyx tem no computador a ficha completa dos 513 deputados \u2013 dos quais 243 s\u00e3o novos. \u201cSei quantos mandatos cada um teve ou n\u00e3o, se \u00e9 m\u00e9dico, militar, professor e at\u00e9 sua atua\u00e7\u00e3o nas redes sociais\u201d, comentou Manato.<\/p>\n<p>Escolhido na \u00faltima hora para apagar o inc\u00eandio em um Senado conflagrado, o tucano Paulo Bauer, por sua vez, disse que far\u00e1 de tudo para abrir um canal direto dos parlamentares com Bolsonaro e com Onyx, ap\u00f3s a vit\u00f3ria de Davi Alcolumbre (DEM-AP) naquela Casa.<\/p>\n<p>\u201cN\u00e3o tenho caneta nem tinta\u201d, avisou Bauer. \u201cTemos, por\u00e9m, condi\u00e7\u00e3o de ouvir, acompanhar projetos, montar estrat\u00e9gias de trabalho e dar apoio aos pleitos dos senadores, levando as reivindica\u00e7\u00f5es deles para os diversos minist\u00e9rios.\u201d<\/p>\n<p>Ao contr\u00e1rio de muitos integrantes do governo, Bauer avalia que o senador Renan Calheiros (MDB-AL), derrotado por Alcolumbre, n\u00e3o ser\u00e1 o l\u00edder da oposi\u00e7\u00e3o. \u201cRenan j\u00e1 se reinventou v\u00e1rias vezes. N\u00e3o custa se reinventar de novo\u201d, argumentou.<\/p>\n<p>A elei\u00e7\u00e3o no Senado, neste s\u00e1bado, 2, foi marcada por bate-boca, xingamentos e at\u00e9 den\u00fancias de fraude. Renan renunciou \u00e0 candidatura quando a segunda vota\u00e7\u00e3o j\u00e1 havia sido iniciada e percebeu que perderia. Suas \u00faltimas frases, por\u00e9m, n\u00e3o deixam d\u00favidas de que o foco de sua trincheira, agora, estar\u00e1 na contram\u00e3o do Planalto. \u201cVoc\u00ea pode at\u00e9 tirar o velho Renan de cena, mas nunca mat\u00e1-lo\u201d, disse ele ao Estado.<\/p>\n<p>No modelo original do n\u00facleo pol\u00edtico desenhado por Onyx, o ex-deputado Leonardo Quint\u00e3o trataria do relacionamento com o Senado, mas, logo na largada, trombou com Renan. \u201cEle \u00e9 um bom amigo, mas p\u00e9ssimo advers\u00e1rio\u201d, resumiu Quint\u00e3o. O alagoano \u00e9 conhecido no governo por guardar o \u00f3dio \u201cencapsulado\u201d e dar o troco. Por n\u00e3o conseguir se aproximar dos senadores, Quint\u00e3o foi deslocado para outra pasta e agora vai cuidar da tramita\u00e7\u00e3o de emendas, medidas provis\u00f3rias e projetos no Congresso.<\/p>\n<p>Na retaguarda da Casa Civil, o ex-secret\u00e1rio de Infraestrutura e Log\u00edstica do Paran\u00e1 Abelardo Lupion ter\u00e1 uma tarefa mais interna no n\u00facleo pol\u00edtico de Onyx, de quem \u00e9 compadre. Ser\u00e1 dele a miss\u00e3o de acompanhar os pedidos de governadores e prefeitos, que tamb\u00e9m t\u00eam influ\u00eancia sobre o Congresso.<\/p>\n<p>\u201cN\u00f3s vamos ser o para-choque do governo\u201d, resumiu Lupion. Ainda sem sala no Planalto, Lupion foi deputado por seis mandatos e \u00e9 considerado habilidoso, tanto que acompanhou Alcolumbre no Senado, nos \u00faltimos dias. \u201cO diabo \u00e9 s\u00e1bio porque \u00e9 velho\u201d, brinca ele, abrindo um sorriso. Antes de se despedir, por\u00e9m, Lupion avisa que agir\u00e1 sempre para \u201cblindar\u201d o Executivo. \u201cO momento \u00e9 cr\u00edtico e n\u00e3o temos o direito de errar\u201d, diz.<\/p>\n","protected":false},"excerpt":{"rendered":"<p>O Pal\u00e1cio do Planalto vai montar uma esp\u00e9cie de \u201cposto avan\u00e7ado\u201d na C\u00e2mara para atendimento dos deputados no varejo. Depois da elei\u00e7\u00e3o que deu vit\u00f3ria a Rodrigo Maia (DEM-RJ) para novo mandato \u00e0 frente da Casa, o governo estabeleceu um cronograma para medir a temperatura do Congresso e evitar ser pego de surpresa com insatisfa\u00e7\u00f5es [&hellip;]<\/p>\n","protected":false},"author":2,"featured_media":201476,"comment_status":"closed","ping_status":"closed","sticky":false,"template":"","format":"standard","meta":{"_acf_changed":false,"footnotes":""},"categories":[16],"tags":[95],"class_list":["post-201468","post","type-post","status-publish","format-standard","has-post-thumbnail","hentry","category-brasil","tag-capa"],"acf":[],"yoast_head":"<!-- This site is optimized with the Yoast SEO plugin v27.2 - https:\/\/yoast.com\/product\/yoast-seo-wordpress\/ -->\n<title>Planalto monta QG na C\u00e2mara para votar as reformas logo - Notibras<\/title>\n<meta name=\"robots\" content=\"index, follow, max-snippet:-1, max-image-preview:large, max-video-preview:-1\" \/>\n<link rel=\"canonical\" href=\"https:\/\/www.notibras.com\/site\/planalto-monta-qg-na-camara-para-votar-as-reformas-logo\/\" \/>\n<meta property=\"og:locale\" content=\"pt_BR\" \/>\n<meta property=\"og:type\" content=\"article\" \/>\n<meta property=\"og:title\" content=\"Planalto monta QG na C\u00e2mara para votar as reformas logo - Notibras\" \/>\n<meta property=\"og:description\" content=\"O Pal\u00e1cio do Planalto vai montar uma esp\u00e9cie de \u201cposto avan\u00e7ado\u201d na C\u00e2mara para atendimento dos deputados no varejo. Depois da elei\u00e7\u00e3o que deu vit\u00f3ria a Rodrigo Maia (DEM-RJ) para novo mandato \u00e0 frente da Casa, o governo estabeleceu um cronograma para medir a temperatura do Congresso e evitar ser pego de surpresa com insatisfa\u00e7\u00f5es [&hellip;]\" \/>\n<meta property=\"og:url\" content=\"https:\/\/www.notibras.com\/site\/planalto-monta-qg-na-camara-para-votar-as-reformas-logo\/\" \/>\n<meta property=\"og:site_name\" content=\"Notibras\" \/>\n<meta property=\"article:publisher\" content=\"https:\/\/www.facebook.com\/notibras\/\" \/>\n<meta property=\"article:published_time\" content=\"2019-02-04T10:00:21+00:00\" \/>\n<meta property=\"article:modified_time\" content=\"2019-02-04T10:07:35+00:00\" \/>\n<meta property=\"og:image\" content=\"https:\/\/www.notibras.com\/site\/wp-content\/uploads\/2019\/02\/maia-e-onix.4.jpg\" \/>\n\t<meta property=\"og:image:width\" content=\"1140\" \/>\n\t<meta property=\"og:image:height\" content=\"760\" \/>\n\t<meta property=\"og:image:type\" content=\"image\/jpeg\" \/>\n<meta name=\"author\" content=\"Reda\u00e7\u00e3o\" \/>\n<meta name=\"twitter:card\" content=\"summary_large_image\" \/>\n<meta name=\"twitter:creator\" content=\"@Notibras\" \/>\n<meta name=\"twitter:site\" content=\"@Notibras\" \/>\n<meta name=\"twitter:label1\" content=\"Escrito por\" \/>\n\t<meta name=\"twitter:data1\" content=\"Reda\u00e7\u00e3o\" \/>\n\t<meta name=\"twitter:label2\" content=\"Est. tempo de leitura\" \/>\n\t<meta name=\"twitter:data2\" content=\"6 minutos\" \/>\n<script type=\"application\/ld+json\" class=\"yoast-schema-graph\">{\"@context\":\"https:\/\/schema.org\",\"@graph\":[{\"@type\":\"Article\",\"@id\":\"https:\/\/www.notibras.com\/site\/planalto-monta-qg-na-camara-para-votar-as-reformas-logo\/#article\",\"isPartOf\":{\"@id\":\"https:\/\/www.notibras.com\/site\/planalto-monta-qg-na-camara-para-votar-as-reformas-logo\/\"},\"author\":{\"name\":\"Reda\u00e7\u00e3o\",\"@id\":\"https:\/\/www.notibras.com\/site\/#\/schema\/person\/36ab0979449956132d3e5b517ea76ac8\"},\"headline\":\"Planalto monta QG na C\u00e2mara para votar as reformas logo\",\"datePublished\":\"2019-02-04T10:00:21+00:00\",\"dateModified\":\"2019-02-04T10:07:35+00:00\",\"mainEntityOfPage\":{\"@id\":\"https:\/\/www.notibras.com\/site\/planalto-monta-qg-na-camara-para-votar-as-reformas-logo\/\"},\"wordCount\":1214,\"publisher\":{\"@id\":\"https:\/\/www.notibras.com\/site\/#organization\"},\"image\":{\"@id\":\"https:\/\/www.notibras.com\/site\/planalto-monta-qg-na-camara-para-votar-as-reformas-logo\/#primaryimage\"},\"thumbnailUrl\":\"https:\/\/www.notibras.com\/site\/wp-content\/uploads\/2019\/02\/maia-e-onix.4.jpg\",\"keywords\":[\"capa\"],\"articleSection\":[\"Brasil\"],\"inLanguage\":\"pt-BR\"},{\"@type\":\"WebPage\",\"@id\":\"https:\/\/www.notibras.com\/site\/planalto-monta-qg-na-camara-para-votar-as-reformas-logo\/\",\"url\":\"https:\/\/www.notibras.com\/site\/planalto-monta-qg-na-camara-para-votar-as-reformas-logo\/\",\"name\":\"Planalto monta QG na C\u00e2mara para votar as reformas logo - Notibras\",\"isPartOf\":{\"@id\":\"https:\/\/www.notibras.com\/site\/#website\"},\"primaryImageOfPage\":{\"@id\":\"https:\/\/www.notibras.com\/site\/planalto-monta-qg-na-camara-para-votar-as-reformas-logo\/#primaryimage\"},\"image\":{\"@id\":\"https:\/\/www.notibras.com\/site\/planalto-monta-qg-na-camara-para-votar-as-reformas-logo\/#primaryimage\"},\"thumbnailUrl\":\"https:\/\/www.notibras.com\/site\/wp-content\/uploads\/2019\/02\/maia-e-onix.4.jpg\",\"datePublished\":\"2019-02-04T10:00:21+00:00\",\"dateModified\":\"2019-02-04T10:07:35+00:00\",\"breadcrumb\":{\"@id\":\"https:\/\/www.notibras.com\/site\/planalto-monta-qg-na-camara-para-votar-as-reformas-logo\/#breadcrumb\"},\"inLanguage\":\"pt-BR\",\"potentialAction\":[{\"@type\":\"ReadAction\",\"target\":[\"https:\/\/www.notibras.com\/site\/planalto-monta-qg-na-camara-para-votar-as-reformas-logo\/\"]}]},{\"@type\":\"ImageObject\",\"inLanguage\":\"pt-BR\",\"@id\":\"https:\/\/www.notibras.com\/site\/planalto-monta-qg-na-camara-para-votar-as-reformas-logo\/#primaryimage\",\"url\":\"https:\/\/www.notibras.com\/site\/wp-content\/uploads\/2019\/02\/maia-e-onix.4.jpg\",\"contentUrl\":\"https:\/\/www.notibras.com\/site\/wp-content\/uploads\/2019\/02\/maia-e-onix.4.jpg\",\"width\":1140,\"height\":760,\"caption\":\"Foto: Marcelo Camargo\/ABr\"},{\"@type\":\"BreadcrumbList\",\"@id\":\"https:\/\/www.notibras.com\/site\/planalto-monta-qg-na-camara-para-votar-as-reformas-logo\/#breadcrumb\",\"itemListElement\":[{\"@type\":\"ListItem\",\"position\":1,\"name\":\"In\u00edcio\",\"item\":\"https:\/\/www.notibras.com\/site\/\"},{\"@type\":\"ListItem\",\"position\":2,\"name\":\"Planalto monta QG na C\u00e2mara para votar as reformas logo\"}]},{\"@type\":\"WebSite\",\"@id\":\"https:\/\/www.notibras.com\/site\/#website\",\"url\":\"https:\/\/www.notibras.com\/site\/\",\"name\":\"Notibras\",\"description\":\"Not\u00edcias de Bras\u00edlia, do Brasil e do Mundo\",\"publisher\":{\"@id\":\"https:\/\/www.notibras.com\/site\/#organization\"},\"potentialAction\":[{\"@type\":\"SearchAction\",\"target\":{\"@type\":\"EntryPoint\",\"urlTemplate\":\"https:\/\/www.notibras.com\/site\/?s={search_term_string}\"},\"query-input\":{\"@type\":\"PropertyValueSpecification\",\"valueRequired\":true,\"valueName\":\"search_term_string\"}}],\"inLanguage\":\"pt-BR\"},{\"@type\":\"Organization\",\"@id\":\"https:\/\/www.notibras.com\/site\/#organization\",\"name\":\"Grupo Notibras de Comunica\u00e7\u00e3o\",\"url\":\"https:\/\/www.notibras.com\/site\/\",\"logo\":{\"@type\":\"ImageObject\",\"inLanguage\":\"pt-BR\",\"@id\":\"https:\/\/www.notibras.com\/site\/#\/schema\/logo\/image\/\",\"url\":\"https:\/\/www.notibras.com\/site\/wp-content\/uploads\/2023\/01\/notibras23.png\",\"contentUrl\":\"https:\/\/www.notibras.com\/site\/wp-content\/uploads\/2023\/01\/notibras23.png\",\"width\":350,\"height\":87,\"caption\":\"Grupo Notibras de Comunica\u00e7\u00e3o\"},\"image\":{\"@id\":\"https:\/\/www.notibras.com\/site\/#\/schema\/logo\/image\/\"},\"sameAs\":[\"https:\/\/www.facebook.com\/notibras\/\",\"https:\/\/x.com\/Notibras\",\"https:\/\/www.instagram.com\/notibras\/\"]},{\"@type\":\"Person\",\"@id\":\"https:\/\/www.notibras.com\/site\/#\/schema\/person\/36ab0979449956132d3e5b517ea76ac8\",\"name\":\"Reda\u00e7\u00e3o\",\"image\":{\"@type\":\"ImageObject\",\"inLanguage\":\"pt-BR\",\"@id\":\"https:\/\/secure.gravatar.com\/avatar\/e0a867bdedb85fd243eadf09663511f96fc81e0720a4a42581f334ad4303aa6b?s=96&d=mm&r=g\",\"url\":\"https:\/\/secure.gravatar.com\/avatar\/e0a867bdedb85fd243eadf09663511f96fc81e0720a4a42581f334ad4303aa6b?s=96&d=mm&r=g\",\"contentUrl\":\"https:\/\/secure.gravatar.com\/avatar\/e0a867bdedb85fd243eadf09663511f96fc81e0720a4a42581f334ad4303aa6b?s=96&d=mm&r=g\",\"caption\":\"Reda\u00e7\u00e3o\"}}]}<\/script>\n<!-- \/ Yoast SEO plugin. -->","yoast_head_json":{"title":"Planalto monta QG na C\u00e2mara para votar as reformas logo - Notibras","robots":{"index":"index","follow":"follow","max-snippet":"max-snippet:-1","max-image-preview":"max-image-preview:large","max-video-preview":"max-video-preview:-1"},"canonical":"https:\/\/www.notibras.com\/site\/planalto-monta-qg-na-camara-para-votar-as-reformas-logo\/","og_locale":"pt_BR","og_type":"article","og_title":"Planalto monta QG na C\u00e2mara para votar as reformas logo - Notibras","og_description":"O Pal\u00e1cio do Planalto vai montar uma esp\u00e9cie de \u201cposto avan\u00e7ado\u201d na C\u00e2mara para atendimento dos deputados no varejo. Depois da elei\u00e7\u00e3o que deu vit\u00f3ria a Rodrigo Maia (DEM-RJ) para novo mandato \u00e0 frente da Casa, o governo estabeleceu um cronograma para medir a temperatura do Congresso e evitar ser pego de surpresa com insatisfa\u00e7\u00f5es [&hellip;]","og_url":"https:\/\/www.notibras.com\/site\/planalto-monta-qg-na-camara-para-votar-as-reformas-logo\/","og_site_name":"Notibras","article_publisher":"https:\/\/www.facebook.com\/notibras\/","article_published_time":"2019-02-04T10:00:21+00:00","article_modified_time":"2019-02-04T10:07:35+00:00","og_image":[{"width":1140,"height":760,"url":"https:\/\/www.notibras.com\/site\/wp-content\/uploads\/2019\/02\/maia-e-onix.4.jpg","type":"image\/jpeg"}],"author":"Reda\u00e7\u00e3o","twitter_card":"summary_large_image","twitter_creator":"@Notibras","twitter_site":"@Notibras","twitter_misc":{"Escrito por":"Reda\u00e7\u00e3o","Est. tempo de leitura":"6 minutos"},"schema":{"@context":"https:\/\/schema.org","@graph":[{"@type":"Article","@id":"https:\/\/www.notibras.com\/site\/planalto-monta-qg-na-camara-para-votar-as-reformas-logo\/#article","isPartOf":{"@id":"https:\/\/www.notibras.com\/site\/planalto-monta-qg-na-camara-para-votar-as-reformas-logo\/"},"author":{"name":"Reda\u00e7\u00e3o","@id":"https:\/\/www.notibras.com\/site\/#\/schema\/person\/36ab0979449956132d3e5b517ea76ac8"},"headline":"Planalto monta QG na C\u00e2mara para votar as reformas logo","datePublished":"2019-02-04T10:00:21+00:00","dateModified":"2019-02-04T10:07:35+00:00","mainEntityOfPage":{"@id":"https:\/\/www.notibras.com\/site\/planalto-monta-qg-na-camara-para-votar-as-reformas-logo\/"},"wordCount":1214,"publisher":{"@id":"https:\/\/www.notibras.com\/site\/#organization"},"image":{"@id":"https:\/\/www.notibras.com\/site\/planalto-monta-qg-na-camara-para-votar-as-reformas-logo\/#primaryimage"},"thumbnailUrl":"https:\/\/www.notibras.com\/site\/wp-content\/uploads\/2019\/02\/maia-e-onix.4.jpg","keywords":["capa"],"articleSection":["Brasil"],"inLanguage":"pt-BR"},{"@type":"WebPage","@id":"https:\/\/www.notibras.com\/site\/planalto-monta-qg-na-camara-para-votar-as-reformas-logo\/","url":"https:\/\/www.notibras.com\/site\/planalto-monta-qg-na-camara-para-votar-as-reformas-logo\/","name":"Planalto monta QG na C\u00e2mara para votar as reformas logo - Notibras","isPartOf":{"@id":"https:\/\/www.notibras.com\/site\/#website"},"primaryImageOfPage":{"@id":"https:\/\/www.notibras.com\/site\/planalto-monta-qg-na-camara-para-votar-as-reformas-logo\/#primaryimage"},"image":{"@id":"https:\/\/www.notibras.com\/site\/planalto-monta-qg-na-camara-para-votar-as-reformas-logo\/#primaryimage"},"thumbnailUrl":"https:\/\/www.notibras.com\/site\/wp-content\/uploads\/2019\/02\/maia-e-onix.4.jpg","datePublished":"2019-02-04T10:00:21+00:00","dateModified":"2019-02-04T10:07:35+00:00","breadcrumb":{"@id":"https:\/\/www.notibras.com\/site\/planalto-monta-qg-na-camara-para-votar-as-reformas-logo\/#breadcrumb"},"inLanguage":"pt-BR","potentialAction":[{"@type":"ReadAction","target":["https:\/\/www.notibras.com\/site\/planalto-monta-qg-na-camara-para-votar-as-reformas-logo\/"]}]},{"@type":"ImageObject","inLanguage":"pt-BR","@id":"https:\/\/www.notibras.com\/site\/planalto-monta-qg-na-camara-para-votar-as-reformas-logo\/#primaryimage","url":"https:\/\/www.notibras.com\/site\/wp-content\/uploads\/2019\/02\/maia-e-onix.4.jpg","contentUrl":"https:\/\/www.notibras.com\/site\/wp-content\/uploads\/2019\/02\/maia-e-onix.4.jpg","width":1140,"height":760,"caption":"Foto: Marcelo Camargo\/ABr"},{"@type":"BreadcrumbList","@id":"https:\/\/www.notibras.com\/site\/planalto-monta-qg-na-camara-para-votar-as-reformas-logo\/#breadcrumb","itemListElement":[{"@type":"ListItem","position":1,"name":"In\u00edcio","item":"https:\/\/www.notibras.com\/site\/"},{"@type":"ListItem","position":2,"name":"Planalto monta QG na C\u00e2mara para votar as reformas logo"}]},{"@type":"WebSite","@id":"https:\/\/www.notibras.com\/site\/#website","url":"https:\/\/www.notibras.com\/site\/","name":"Notibras","description":"Not\u00edcias de Bras\u00edlia, do Brasil e do Mundo","publisher":{"@id":"https:\/\/www.notibras.com\/site\/#organization"},"potentialAction":[{"@type":"SearchAction","target":{"@type":"EntryPoint","urlTemplate":"https:\/\/www.notibras.com\/site\/?s={search_term_string}"},"query-input":{"@type":"PropertyValueSpecification","valueRequired":true,"valueName":"search_term_string"}}],"inLanguage":"pt-BR"},{"@type":"Organization","@id":"https:\/\/www.notibras.com\/site\/#organization","name":"Grupo Notibras de Comunica\u00e7\u00e3o","url":"https:\/\/www.notibras.com\/site\/","logo":{"@type":"ImageObject","inLanguage":"pt-BR","@id":"https:\/\/www.notibras.com\/site\/#\/schema\/logo\/image\/","url":"https:\/\/www.notibras.com\/site\/wp-content\/uploads\/2023\/01\/notibras23.png","contentUrl":"https:\/\/www.notibras.com\/site\/wp-content\/uploads\/2023\/01\/notibras23.png","width":350,"height":87,"caption":"Grupo Notibras de Comunica\u00e7\u00e3o"},"image":{"@id":"https:\/\/www.notibras.com\/site\/#\/schema\/logo\/image\/"},"sameAs":["https:\/\/www.facebook.com\/notibras\/","https:\/\/x.com\/Notibras","https:\/\/www.instagram.com\/notibras\/"]},{"@type":"Person","@id":"https:\/\/www.notibras.com\/site\/#\/schema\/person\/36ab0979449956132d3e5b517ea76ac8","name":"Reda\u00e7\u00e3o","image":{"@type":"ImageObject","inLanguage":"pt-BR","@id":"https:\/\/secure.gravatar.com\/avatar\/e0a867bdedb85fd243eadf09663511f96fc81e0720a4a42581f334ad4303aa6b?s=96&d=mm&r=g","url":"https:\/\/secure.gravatar.com\/avatar\/e0a867bdedb85fd243eadf09663511f96fc81e0720a4a42581f334ad4303aa6b?s=96&d=mm&r=g","contentUrl":"https:\/\/secure.gravatar.com\/avatar\/e0a867bdedb85fd243eadf09663511f96fc81e0720a4a42581f334ad4303aa6b?s=96&d=mm&r=g","caption":"Reda\u00e7\u00e3o"}}]}},"amp_enabled":true,"_links":{"self":[{"href":"https:\/\/www.notibras.com\/site\/wp-json\/wp\/v2\/posts\/201468","targetHints":{"allow":["GET"]}}],"collection":[{"href":"https:\/\/www.notibras.com\/site\/wp-json\/wp\/v2\/posts"}],"about":[{"href":"https:\/\/www.notibras.com\/site\/wp-json\/wp\/v2\/types\/post"}],"author":[{"embeddable":true,"href":"https:\/\/www.notibras.com\/site\/wp-json\/wp\/v2\/users\/2"}],"replies":[{"embeddable":true,"href":"https:\/\/www.notibras.com\/site\/wp-json\/wp\/v2\/comments?post=201468"}],"version-history":[{"count":9,"href":"https:\/\/www.notibras.com\/site\/wp-json\/wp\/v2\/posts\/201468\/revisions"}],"predecessor-version":[{"id":201479,"href":"https:\/\/www.notibras.com\/site\/wp-json\/wp\/v2\/posts\/201468\/revisions\/201479"}],"wp:featuredmedia":[{"embeddable":true,"href":"https:\/\/www.notibras.com\/site\/wp-json\/wp\/v2\/media\/201476"}],"wp:attachment":[{"href":"https:\/\/www.notibras.com\/site\/wp-json\/wp\/v2\/media?parent=201468"}],"wp:term":[{"taxonomy":"category","embeddable":true,"href":"https:\/\/www.notibras.com\/site\/wp-json\/wp\/v2\/categories?post=201468"},{"taxonomy":"post_tag","embeddable":true,"href":"https:\/\/www.notibras.com\/site\/wp-json\/wp\/v2\/tags?post=201468"}],"curies":[{"name":"wp","href":"https:\/\/api.w.org\/{rel}","templated":true}]}}