{"id":201523,"date":"2019-02-05T07:00:07","date_gmt":"2019-02-05T09:00:07","guid":{"rendered":"https:\/\/www.notibras.com\/site\/?p=201523"},"modified":"2019-02-05T08:04:33","modified_gmt":"2019-02-05T10:04:33","slug":"maduro-adverte-trump-invasao-repetira-vietna","status":"publish","type":"post","link":"https:\/\/www.notibras.com\/site\/maduro-adverte-trump-invasao-repetira-vietna\/","title":{"rendered":"Maduro adverte Trump. Invas\u00e3o repetir\u00e1 Vietn\u00e3"},"content":{"rendered":"<p>O presidente venezuelano, Nicolas Maduro, prometeu que as for\u00e7as armadas do pa\u00eds far\u00e3o o poss\u00edvel para impedir uma poss\u00edvel invas\u00e3o estrangeira da Venezuela. Em postagem no Twitter na madrugada deste ter\u00e7a, 5, ele disse que &#8220;ningu\u00e9m, incluindo soldados agressores, entrar\u00e1 na Venezuela&#8221;.<\/p>\n<p>Maduro atacou as recentes declara\u00e7\u00f5es do presidente dos EUA, Donald Trump, de que uma interven\u00e7\u00e3o militar dos EUA na Venezuela continua sendo &#8220;uma op\u00e7\u00e3o&#8221;, dizendo que &#8220;falar sobre a guerra no s\u00e9culo 21 \u00e9 uma loucura&#8221;.<\/p>\n<p>&#8220;\u00c9 uma loucura pensar que voc\u00ea pode enviar tropas para esta terra que se defender\u00e1&#8221;, enfatizou Maduro, descrevendo os coment\u00e1rios de Trump como &#8220;ilegais&#8221; e &#8220;criminosos&#8221;.<\/p>\n<p>&#8220;Pare. Pare, Trump! Segure-se a\u00ed mesmo! Voc\u00ea est\u00e1 cometendo erros que deixar\u00e3o suas m\u00e3os cobertas de sangue e voc\u00ea deixar\u00e1 a presid\u00eancia manchada de sangue. Por que voc\u00ea desejaria uma repeti\u00e7\u00e3o do Vietn\u00e3?&#8221; Maduro disse.<\/p>\n<p>Ele acusou os &#8220;conspiradores de direita&#8221; da Venezuela de aplaudir Trump e pedir-lhe uma invas\u00e3o militar de sua pr\u00f3pria p\u00e1tria. Maduro disse que o &#8220;petr\u00f3leo e os recursos naturais da nossa querida p\u00e1tria&#8221; s\u00e3o a raz\u00e3o pela qual Trump procuraria &#8220;declarar guerra \u00e0 Venezuela&#8221;.<\/p>\n<p>Ele acrescentou que a partir de quarta-feira, a Venezuela come\u00e7ar\u00e1 a coletar assinaturas contra a interven\u00e7\u00e3o militar dos EUA no pa\u00eds.<\/p>\n<p>&#8220;H\u00e1 aqueles que amea\u00e7am a Venezuela com interven\u00e7\u00e3o [&#8230;] Na quarta-feira, estamos lan\u00e7ando uma grande a\u00e7\u00e3o nacional para coletar assinaturas em todo o pa\u00eds, que ser\u00e1 ent\u00e3o submetida \u00e0 Casa Branca para rejeitar essas amea\u00e7as [relacionadas \u00e0 interven\u00e7\u00e3o], &#8220;Maduro apontou.<\/p>\n<p>Na segunda-feira, ele pediu a Trump que &#8220;pare&#8221; e alertou o presidente dos EUA sobre graves conseq\u00fc\u00eancias se ele buscar o que Maduro descreveu como uma conspira\u00e7\u00e3o imperialista &#8220;suja&#8221; para derrub\u00e1-lo.<\/p>\n<p>Maduro foi repetido pelo ministro das Rela\u00e7\u00f5es Exteriores da Venezuela, Jorge Arreaza, que twittou na semana passada que as declara\u00e7\u00f5es de Trump sobre uma poss\u00edvel op\u00e7\u00e3o militar relacionada \u00e0 Venezuela confirmam que o presidente dos EUA &#8220;lidera o golpe de Estado&#8221; contra o pa\u00eds latino-americano.<\/p>\n<p>O vice-presidente venezuelano Delcy Rodriguez tamb\u00e9m condenou a declara\u00e7\u00e3o de Trump e ressaltou que o povo da Venezuela n\u00e3o permitiria qualquer interfer\u00eancia estrangeira.<\/p>\n<p>A crise pol\u00edtica na Venezuela foi exacerbada em 23 de janeiro, quando Juan Guaido , o presidente da Assembl\u00e9ia Nacional da Venezuela, se proclamou o presidente interino do pa\u00eds.<\/p>\n<p>Antes, os Estados Unidos, a maioria dos pa\u00edses latino-americanos e alguns estados da UE apoiaram a decis\u00e3o do l\u00edder da oposi\u00e7\u00e3o venezuelana Juan Guaido em 23 de janeiro de se proclamar o presidente interino do pa\u00eds, uma medida que exacerbou a crise pol\u00edtica no pa\u00eds latino-americano.<\/p>\n<p>R\u00fassia, China, M\u00e9xico, Turquia, Ir\u00e3 e v\u00e1rios outros pa\u00edses afirmaram que reconhecem Nicolas Maduro eleito constitucionalmente como o \u00fanico presidente da Venezuela.<\/p>\n","protected":false},"excerpt":{"rendered":"<p>O presidente venezuelano, Nicolas Maduro, prometeu que as for\u00e7as armadas do pa\u00eds far\u00e3o o poss\u00edvel para impedir uma poss\u00edvel invas\u00e3o estrangeira da Venezuela. Em postagem no Twitter na madrugada deste ter\u00e7a, 5, ele disse que &#8220;ningu\u00e9m, incluindo soldados agressores, entrar\u00e1 na Venezuela&#8221;. Maduro atacou as recentes declara\u00e7\u00f5es do presidente dos EUA, Donald Trump, de que [&hellip;]<\/p>\n","protected":false},"author":2,"featured_media":201524,"comment_status":"closed","ping_status":"closed","sticky":false,"template":"","format":"standard","meta":{"_acf_changed":false,"footnotes":""},"categories":[17],"tags":[95],"class_list":["post-201523","post","type-post","status-publish","format-standard","has-post-thumbnail","hentry","category-mundo","tag-capa"],"acf":[],"yoast_head":"<!-- This site is optimized with the Yoast SEO plugin v27.2 - https:\/\/yoast.com\/product\/yoast-seo-wordpress\/ -->\n<title>Maduro adverte Trump. Invas\u00e3o repetir\u00e1 Vietn\u00e3 - Notibras<\/title>\n<meta name=\"robots\" content=\"index, follow, max-snippet:-1, max-image-preview:large, max-video-preview:-1\" \/>\n<link rel=\"canonical\" href=\"https:\/\/www.notibras.com\/site\/maduro-adverte-trump-invasao-repetira-vietna\/\" \/>\n<meta property=\"og:locale\" content=\"pt_BR\" \/>\n<meta property=\"og:type\" content=\"article\" \/>\n<meta property=\"og:title\" content=\"Maduro adverte Trump. Invas\u00e3o repetir\u00e1 Vietn\u00e3 - Notibras\" \/>\n<meta property=\"og:description\" content=\"O presidente venezuelano, Nicolas Maduro, prometeu que as for\u00e7as armadas do pa\u00eds far\u00e3o o poss\u00edvel para impedir uma poss\u00edvel invas\u00e3o estrangeira da Venezuela. Em postagem no Twitter na madrugada deste ter\u00e7a, 5, ele disse que &#8220;ningu\u00e9m, incluindo soldados agressores, entrar\u00e1 na Venezuela&#8221;. Maduro atacou as recentes declara\u00e7\u00f5es do presidente dos EUA, Donald Trump, de que [&hellip;]\" \/>\n<meta property=\"og:url\" content=\"https:\/\/www.notibras.com\/site\/maduro-adverte-trump-invasao-repetira-vietna\/\" \/>\n<meta property=\"og:site_name\" content=\"Notibras\" \/>\n<meta property=\"article:publisher\" content=\"https:\/\/www.facebook.com\/notibras\/\" \/>\n<meta property=\"article:published_time\" content=\"2019-02-05T09:00:07+00:00\" \/>\n<meta property=\"article:modified_time\" content=\"2019-02-05T10:04:33+00:00\" \/>\n<meta property=\"og:image\" content=\"https:\/\/www.notibras.com\/site\/wp-content\/uploads\/2019\/02\/maduro-x-trump.jpg\" \/>\n\t<meta property=\"og:image:width\" content=\"1000\" \/>\n\t<meta property=\"og:image:height\" content=\"541\" \/>\n\t<meta property=\"og:image:type\" content=\"image\/jpeg\" \/>\n<meta name=\"author\" content=\"Reda\u00e7\u00e3o\" \/>\n<meta name=\"twitter:card\" content=\"summary_large_image\" \/>\n<meta name=\"twitter:creator\" content=\"@Notibras\" \/>\n<meta name=\"twitter:site\" content=\"@Notibras\" \/>\n<meta name=\"twitter:label1\" content=\"Escrito por\" \/>\n\t<meta name=\"twitter:data1\" content=\"Reda\u00e7\u00e3o\" \/>\n\t<meta name=\"twitter:label2\" content=\"Est. tempo de leitura\" \/>\n\t<meta name=\"twitter:data2\" content=\"2 minutos\" \/>\n<script type=\"application\/ld+json\" class=\"yoast-schema-graph\">{\"@context\":\"https:\/\/schema.org\",\"@graph\":[{\"@type\":\"Article\",\"@id\":\"https:\/\/www.notibras.com\/site\/maduro-adverte-trump-invasao-repetira-vietna\/#article\",\"isPartOf\":{\"@id\":\"https:\/\/www.notibras.com\/site\/maduro-adverte-trump-invasao-repetira-vietna\/\"},\"author\":{\"name\":\"Reda\u00e7\u00e3o\",\"@id\":\"https:\/\/www.notibras.com\/site\/#\/schema\/person\/36ab0979449956132d3e5b517ea76ac8\"},\"headline\":\"Maduro adverte Trump. Invas\u00e3o repetir\u00e1 Vietn\u00e3\",\"datePublished\":\"2019-02-05T09:00:07+00:00\",\"dateModified\":\"2019-02-05T10:04:33+00:00\",\"mainEntityOfPage\":{\"@id\":\"https:\/\/www.notibras.com\/site\/maduro-adverte-trump-invasao-repetira-vietna\/\"},\"wordCount\":496,\"publisher\":{\"@id\":\"https:\/\/www.notibras.com\/site\/#organization\"},\"image\":{\"@id\":\"https:\/\/www.notibras.com\/site\/maduro-adverte-trump-invasao-repetira-vietna\/#primaryimage\"},\"thumbnailUrl\":\"https:\/\/www.notibras.com\/site\/wp-content\/uploads\/2019\/02\/maduro-x-trump.jpg\",\"keywords\":[\"capa\"],\"articleSection\":[\"Mundo\"],\"inLanguage\":\"pt-BR\"},{\"@type\":\"WebPage\",\"@id\":\"https:\/\/www.notibras.com\/site\/maduro-adverte-trump-invasao-repetira-vietna\/\",\"url\":\"https:\/\/www.notibras.com\/site\/maduro-adverte-trump-invasao-repetira-vietna\/\",\"name\":\"Maduro adverte Trump. Invas\u00e3o repetir\u00e1 Vietn\u00e3 - Notibras\",\"isPartOf\":{\"@id\":\"https:\/\/www.notibras.com\/site\/#website\"},\"primaryImageOfPage\":{\"@id\":\"https:\/\/www.notibras.com\/site\/maduro-adverte-trump-invasao-repetira-vietna\/#primaryimage\"},\"image\":{\"@id\":\"https:\/\/www.notibras.com\/site\/maduro-adverte-trump-invasao-repetira-vietna\/#primaryimage\"},\"thumbnailUrl\":\"https:\/\/www.notibras.com\/site\/wp-content\/uploads\/2019\/02\/maduro-x-trump.jpg\",\"datePublished\":\"2019-02-05T09:00:07+00:00\",\"dateModified\":\"2019-02-05T10:04:33+00:00\",\"breadcrumb\":{\"@id\":\"https:\/\/www.notibras.com\/site\/maduro-adverte-trump-invasao-repetira-vietna\/#breadcrumb\"},\"inLanguage\":\"pt-BR\",\"potentialAction\":[{\"@type\":\"ReadAction\",\"target\":[\"https:\/\/www.notibras.com\/site\/maduro-adverte-trump-invasao-repetira-vietna\/\"]}]},{\"@type\":\"ImageObject\",\"inLanguage\":\"pt-BR\",\"@id\":\"https:\/\/www.notibras.com\/site\/maduro-adverte-trump-invasao-repetira-vietna\/#primaryimage\",\"url\":\"https:\/\/www.notibras.com\/site\/wp-content\/uploads\/2019\/02\/maduro-x-trump.jpg\",\"contentUrl\":\"https:\/\/www.notibras.com\/site\/wp-content\/uploads\/2019\/02\/maduro-x-trump.jpg\",\"width\":1000,\"height\":541,\"caption\":\"Foto\/Sputniknews\"},{\"@type\":\"BreadcrumbList\",\"@id\":\"https:\/\/www.notibras.com\/site\/maduro-adverte-trump-invasao-repetira-vietna\/#breadcrumb\",\"itemListElement\":[{\"@type\":\"ListItem\",\"position\":1,\"name\":\"In\u00edcio\",\"item\":\"https:\/\/www.notibras.com\/site\/\"},{\"@type\":\"ListItem\",\"position\":2,\"name\":\"Maduro adverte Trump. Invas\u00e3o repetir\u00e1 Vietn\u00e3\"}]},{\"@type\":\"WebSite\",\"@id\":\"https:\/\/www.notibras.com\/site\/#website\",\"url\":\"https:\/\/www.notibras.com\/site\/\",\"name\":\"Notibras\",\"description\":\"Not\u00edcias de Bras\u00edlia, do Brasil e do Mundo\",\"publisher\":{\"@id\":\"https:\/\/www.notibras.com\/site\/#organization\"},\"potentialAction\":[{\"@type\":\"SearchAction\",\"target\":{\"@type\":\"EntryPoint\",\"urlTemplate\":\"https:\/\/www.notibras.com\/site\/?s={search_term_string}\"},\"query-input\":{\"@type\":\"PropertyValueSpecification\",\"valueRequired\":true,\"valueName\":\"search_term_string\"}}],\"inLanguage\":\"pt-BR\"},{\"@type\":\"Organization\",\"@id\":\"https:\/\/www.notibras.com\/site\/#organization\",\"name\":\"Grupo Notibras de Comunica\u00e7\u00e3o\",\"url\":\"https:\/\/www.notibras.com\/site\/\",\"logo\":{\"@type\":\"ImageObject\",\"inLanguage\":\"pt-BR\",\"@id\":\"https:\/\/www.notibras.com\/site\/#\/schema\/logo\/image\/\",\"url\":\"https:\/\/www.notibras.com\/site\/wp-content\/uploads\/2023\/01\/notibras23.png\",\"contentUrl\":\"https:\/\/www.notibras.com\/site\/wp-content\/uploads\/2023\/01\/notibras23.png\",\"width\":350,\"height\":87,\"caption\":\"Grupo Notibras de Comunica\u00e7\u00e3o\"},\"image\":{\"@id\":\"https:\/\/www.notibras.com\/site\/#\/schema\/logo\/image\/\"},\"sameAs\":[\"https:\/\/www.facebook.com\/notibras\/\",\"https:\/\/x.com\/Notibras\",\"https:\/\/www.instagram.com\/notibras\/\"]},{\"@type\":\"Person\",\"@id\":\"https:\/\/www.notibras.com\/site\/#\/schema\/person\/36ab0979449956132d3e5b517ea76ac8\",\"name\":\"Reda\u00e7\u00e3o\",\"image\":{\"@type\":\"ImageObject\",\"inLanguage\":\"pt-BR\",\"@id\":\"https:\/\/secure.gravatar.com\/avatar\/e0a867bdedb85fd243eadf09663511f96fc81e0720a4a42581f334ad4303aa6b?s=96&d=mm&r=g\",\"url\":\"https:\/\/secure.gravatar.com\/avatar\/e0a867bdedb85fd243eadf09663511f96fc81e0720a4a42581f334ad4303aa6b?s=96&d=mm&r=g\",\"contentUrl\":\"https:\/\/secure.gravatar.com\/avatar\/e0a867bdedb85fd243eadf09663511f96fc81e0720a4a42581f334ad4303aa6b?s=96&d=mm&r=g\",\"caption\":\"Reda\u00e7\u00e3o\"}}]}<\/script>\n<!-- \/ Yoast SEO plugin. -->","yoast_head_json":{"title":"Maduro adverte Trump. Invas\u00e3o repetir\u00e1 Vietn\u00e3 - Notibras","robots":{"index":"index","follow":"follow","max-snippet":"max-snippet:-1","max-image-preview":"max-image-preview:large","max-video-preview":"max-video-preview:-1"},"canonical":"https:\/\/www.notibras.com\/site\/maduro-adverte-trump-invasao-repetira-vietna\/","og_locale":"pt_BR","og_type":"article","og_title":"Maduro adverte Trump. Invas\u00e3o repetir\u00e1 Vietn\u00e3 - Notibras","og_description":"O presidente venezuelano, Nicolas Maduro, prometeu que as for\u00e7as armadas do pa\u00eds far\u00e3o o poss\u00edvel para impedir uma poss\u00edvel invas\u00e3o estrangeira da Venezuela. Em postagem no Twitter na madrugada deste ter\u00e7a, 5, ele disse que &#8220;ningu\u00e9m, incluindo soldados agressores, entrar\u00e1 na Venezuela&#8221;. Maduro atacou as recentes declara\u00e7\u00f5es do presidente dos EUA, Donald Trump, de que [&hellip;]","og_url":"https:\/\/www.notibras.com\/site\/maduro-adverte-trump-invasao-repetira-vietna\/","og_site_name":"Notibras","article_publisher":"https:\/\/www.facebook.com\/notibras\/","article_published_time":"2019-02-05T09:00:07+00:00","article_modified_time":"2019-02-05T10:04:33+00:00","og_image":[{"width":1000,"height":541,"url":"https:\/\/www.notibras.com\/site\/wp-content\/uploads\/2019\/02\/maduro-x-trump.jpg","type":"image\/jpeg"}],"author":"Reda\u00e7\u00e3o","twitter_card":"summary_large_image","twitter_creator":"@Notibras","twitter_site":"@Notibras","twitter_misc":{"Escrito por":"Reda\u00e7\u00e3o","Est. tempo de leitura":"2 minutos"},"schema":{"@context":"https:\/\/schema.org","@graph":[{"@type":"Article","@id":"https:\/\/www.notibras.com\/site\/maduro-adverte-trump-invasao-repetira-vietna\/#article","isPartOf":{"@id":"https:\/\/www.notibras.com\/site\/maduro-adverte-trump-invasao-repetira-vietna\/"},"author":{"name":"Reda\u00e7\u00e3o","@id":"https:\/\/www.notibras.com\/site\/#\/schema\/person\/36ab0979449956132d3e5b517ea76ac8"},"headline":"Maduro adverte Trump. Invas\u00e3o repetir\u00e1 Vietn\u00e3","datePublished":"2019-02-05T09:00:07+00:00","dateModified":"2019-02-05T10:04:33+00:00","mainEntityOfPage":{"@id":"https:\/\/www.notibras.com\/site\/maduro-adverte-trump-invasao-repetira-vietna\/"},"wordCount":496,"publisher":{"@id":"https:\/\/www.notibras.com\/site\/#organization"},"image":{"@id":"https:\/\/www.notibras.com\/site\/maduro-adverte-trump-invasao-repetira-vietna\/#primaryimage"},"thumbnailUrl":"https:\/\/www.notibras.com\/site\/wp-content\/uploads\/2019\/02\/maduro-x-trump.jpg","keywords":["capa"],"articleSection":["Mundo"],"inLanguage":"pt-BR"},{"@type":"WebPage","@id":"https:\/\/www.notibras.com\/site\/maduro-adverte-trump-invasao-repetira-vietna\/","url":"https:\/\/www.notibras.com\/site\/maduro-adverte-trump-invasao-repetira-vietna\/","name":"Maduro adverte Trump. Invas\u00e3o repetir\u00e1 Vietn\u00e3 - Notibras","isPartOf":{"@id":"https:\/\/www.notibras.com\/site\/#website"},"primaryImageOfPage":{"@id":"https:\/\/www.notibras.com\/site\/maduro-adverte-trump-invasao-repetira-vietna\/#primaryimage"},"image":{"@id":"https:\/\/www.notibras.com\/site\/maduro-adverte-trump-invasao-repetira-vietna\/#primaryimage"},"thumbnailUrl":"https:\/\/www.notibras.com\/site\/wp-content\/uploads\/2019\/02\/maduro-x-trump.jpg","datePublished":"2019-02-05T09:00:07+00:00","dateModified":"2019-02-05T10:04:33+00:00","breadcrumb":{"@id":"https:\/\/www.notibras.com\/site\/maduro-adverte-trump-invasao-repetira-vietna\/#breadcrumb"},"inLanguage":"pt-BR","potentialAction":[{"@type":"ReadAction","target":["https:\/\/www.notibras.com\/site\/maduro-adverte-trump-invasao-repetira-vietna\/"]}]},{"@type":"ImageObject","inLanguage":"pt-BR","@id":"https:\/\/www.notibras.com\/site\/maduro-adverte-trump-invasao-repetira-vietna\/#primaryimage","url":"https:\/\/www.notibras.com\/site\/wp-content\/uploads\/2019\/02\/maduro-x-trump.jpg","contentUrl":"https:\/\/www.notibras.com\/site\/wp-content\/uploads\/2019\/02\/maduro-x-trump.jpg","width":1000,"height":541,"caption":"Foto\/Sputniknews"},{"@type":"BreadcrumbList","@id":"https:\/\/www.notibras.com\/site\/maduro-adverte-trump-invasao-repetira-vietna\/#breadcrumb","itemListElement":[{"@type":"ListItem","position":1,"name":"In\u00edcio","item":"https:\/\/www.notibras.com\/site\/"},{"@type":"ListItem","position":2,"name":"Maduro adverte Trump. Invas\u00e3o repetir\u00e1 Vietn\u00e3"}]},{"@type":"WebSite","@id":"https:\/\/www.notibras.com\/site\/#website","url":"https:\/\/www.notibras.com\/site\/","name":"Notibras","description":"Not\u00edcias de Bras\u00edlia, do Brasil e do Mundo","publisher":{"@id":"https:\/\/www.notibras.com\/site\/#organization"},"potentialAction":[{"@type":"SearchAction","target":{"@type":"EntryPoint","urlTemplate":"https:\/\/www.notibras.com\/site\/?s={search_term_string}"},"query-input":{"@type":"PropertyValueSpecification","valueRequired":true,"valueName":"search_term_string"}}],"inLanguage":"pt-BR"},{"@type":"Organization","@id":"https:\/\/www.notibras.com\/site\/#organization","name":"Grupo Notibras de Comunica\u00e7\u00e3o","url":"https:\/\/www.notibras.com\/site\/","logo":{"@type":"ImageObject","inLanguage":"pt-BR","@id":"https:\/\/www.notibras.com\/site\/#\/schema\/logo\/image\/","url":"https:\/\/www.notibras.com\/site\/wp-content\/uploads\/2023\/01\/notibras23.png","contentUrl":"https:\/\/www.notibras.com\/site\/wp-content\/uploads\/2023\/01\/notibras23.png","width":350,"height":87,"caption":"Grupo Notibras de Comunica\u00e7\u00e3o"},"image":{"@id":"https:\/\/www.notibras.com\/site\/#\/schema\/logo\/image\/"},"sameAs":["https:\/\/www.facebook.com\/notibras\/","https:\/\/x.com\/Notibras","https:\/\/www.instagram.com\/notibras\/"]},{"@type":"Person","@id":"https:\/\/www.notibras.com\/site\/#\/schema\/person\/36ab0979449956132d3e5b517ea76ac8","name":"Reda\u00e7\u00e3o","image":{"@type":"ImageObject","inLanguage":"pt-BR","@id":"https:\/\/secure.gravatar.com\/avatar\/e0a867bdedb85fd243eadf09663511f96fc81e0720a4a42581f334ad4303aa6b?s=96&d=mm&r=g","url":"https:\/\/secure.gravatar.com\/avatar\/e0a867bdedb85fd243eadf09663511f96fc81e0720a4a42581f334ad4303aa6b?s=96&d=mm&r=g","contentUrl":"https:\/\/secure.gravatar.com\/avatar\/e0a867bdedb85fd243eadf09663511f96fc81e0720a4a42581f334ad4303aa6b?s=96&d=mm&r=g","caption":"Reda\u00e7\u00e3o"}}]}},"amp_enabled":true,"_links":{"self":[{"href":"https:\/\/www.notibras.com\/site\/wp-json\/wp\/v2\/posts\/201523","targetHints":{"allow":["GET"]}}],"collection":[{"href":"https:\/\/www.notibras.com\/site\/wp-json\/wp\/v2\/posts"}],"about":[{"href":"https:\/\/www.notibras.com\/site\/wp-json\/wp\/v2\/types\/post"}],"author":[{"embeddable":true,"href":"https:\/\/www.notibras.com\/site\/wp-json\/wp\/v2\/users\/2"}],"replies":[{"embeddable":true,"href":"https:\/\/www.notibras.com\/site\/wp-json\/wp\/v2\/comments?post=201523"}],"version-history":[{"count":2,"href":"https:\/\/www.notibras.com\/site\/wp-json\/wp\/v2\/posts\/201523\/revisions"}],"predecessor-version":[{"id":201526,"href":"https:\/\/www.notibras.com\/site\/wp-json\/wp\/v2\/posts\/201523\/revisions\/201526"}],"wp:featuredmedia":[{"embeddable":true,"href":"https:\/\/www.notibras.com\/site\/wp-json\/wp\/v2\/media\/201524"}],"wp:attachment":[{"href":"https:\/\/www.notibras.com\/site\/wp-json\/wp\/v2\/media?parent=201523"}],"wp:term":[{"taxonomy":"category","embeddable":true,"href":"https:\/\/www.notibras.com\/site\/wp-json\/wp\/v2\/categories?post=201523"},{"taxonomy":"post_tag","embeddable":true,"href":"https:\/\/www.notibras.com\/site\/wp-json\/wp\/v2\/tags?post=201523"}],"curies":[{"name":"wp","href":"https:\/\/api.w.org\/{rel}","templated":true}]}}