{"id":201543,"date":"2019-02-05T17:30:30","date_gmt":"2019-02-05T19:30:30","guid":{"rendered":"https:\/\/www.notibras.com\/site\/?p=201543"},"modified":"2019-02-05T17:32:54","modified_gmt":"2019-02-05T19:32:54","slug":"brumadinho-pode-fazer-de-minas-grande-hospital","status":"publish","type":"post","link":"https:\/\/www.notibras.com\/site\/brumadinho-pode-fazer-de-minas-grande-hospital\/","title":{"rendered":"Brumadinho pode fazer de Minas grande hospital"},"content":{"rendered":"<p>Estudo divulgado nesta ter\u00e7a-feira, 5, pela Funda\u00e7\u00e3o Oswaldo Cruz (Fiocruz) alerta para a possibilidade de ocorr\u00eancia de surtos de doen\u00e7as como dengue, febre amarela e esquistossomose como consequ\u00eancia do rompimento da barragem da mineradora Vale em Brumadinho, na Grande Belo Horizonte. O risco de doen\u00e7as teria como causa altera\u00e7\u00f5es no meio ambiente pelo impacto da lama que desceu do reservat\u00f3rio.<\/p>\n<p>Segundo o pesquisador Christovam Barcellos, titular do Laborat\u00f3rio de Informa\u00e7\u00e3o em Sa\u00fade do Instituto de Comunica\u00e7\u00e3o e Informa\u00e7\u00e3o Cient\u00edfica e Tecnol\u00f3gica em Sa\u00fade da Fiocruz, a degrada\u00e7\u00e3o do leito do Rio Paraopeba, polu\u00eddo pelos rejeitos, e de seu entorno vai produzir altera\u00e7\u00f5es significativas na fauna, flora e qualidade da \u00e1gua, como perda de biodiversidade, mortandade de peixes e r\u00e9pteis.<\/p>\n<p>\u201cA bacia do rio Paraopeba \u00e9 uma \u00e1rea de transmiss\u00e3o de febre amarela e um novo surto da doen\u00e7a n\u00e3o pode ser descartado. \u00c9 urgente a vacina\u00e7\u00e3o da popula\u00e7\u00e3o\u201d, disse.<\/p>\n<p>O trabalho mostra que, em um primeiro momento, aproximadamente 34 mil pessoas s\u00e3o potencialmente afetadas pelos rejeitos escoados na trag\u00e9dia. &#8220;O desastre trouxe mudan\u00e7as no bioma e as consequ\u00eancias dessas altera\u00e7\u00f5es para sa\u00fade da popula\u00e7\u00e3o que vive na \u00e1rea afetada poder\u00e3o ser sentidos a curto, m\u00e9dio e longo prazo&#8221;, afirmou Diego Xavier, do Obsevat\u00f3rio de Clima e Sa\u00fade da Fiocruz e um dos coordenadores do trabalho.<\/p>\n<p>No caso da esquistossomose, o risco ocorre, conforme o estudo, principalmente se for levado em considera\u00e7\u00e3o que grande parte do munic\u00edpio de Brumadinho e munic\u00edpios ao longo do Rio Paraopeba n\u00e3o \u00e9 coberta por sistemas de coleta e tratamento de esgotos.<\/p>\n<p>Com o rompimento de sistema de esgotos e \u00e1gua causado pelo acidente, a situa\u00e7\u00e3o pode se agravar ainda mais. Da\u00ed a necessidade de se fazer obras emergenciais para construir ou reparar os sistemas j\u00e1 existente. &#8220;A transmiss\u00e3o de esquistossomose \u00e9 facilitada pelo contato com rios contaminados por esgotos dom\u00e9sticos e com presen\u00e7a de caramujos infectados&#8221;, afirmou Barcellos.<\/p>\n<p>&#8220;Assim como aconteceu ap\u00f3s do desastre de Mariana em 2015 ap\u00f3s o rompimento de uma barragem de Fund\u00e3o, tamb\u00e9m sob responsabilidade da companhia Vale, os impactos ecol\u00f3gicos da lama de rejeitos pode atingir centenas de quil\u00f4metros&#8221;, diz o estudo.<\/p>\n<p>O trabalho da Fiocruz lembra que a \u00e1rea afetada pelo desastre de 2015, em Mariana, foi uma das mais atingidas pelo surto de febre amarela, um fen\u00f4meno que pode ter sido agravado pela degrada\u00e7\u00e3o do ecossistema aqu\u00e1tico e das margens do Rio Doce.<\/p>\n<p>&#8220;Um novo surto de febre amarela na regi\u00e3o de influ\u00eancia do Rio Paraopeba n\u00e3o pode ser descartado, coincidindo com o per\u00edodo de ver\u00e3o e outono, quando a transmiss\u00e3o do v\u00edrus em \u00e1reas silvestres e rurais \u00e9 mais intensa&#8221;, completam os pesquisadores da Fiocruz no relat\u00f3rio.<\/p>\n<p>A lama que atingiu o Rio Paraopeba est\u00e1 contaminada por metais pesados. Laudos divulgados por \u00f3rg\u00e3os da vigil\u00e2ncia mineira j\u00e1 identificaram a presen\u00e7a de altos n\u00edveis de merc\u00fario, c\u00e1dmio e chumbo. Em entrevista ao Estado na semana passada, o ministro da Sa\u00fade, Luiz Henrique Mandetta, observou que popula\u00e7\u00e3o atingida ser\u00e1 acompanhada por longos per\u00edodos. O c\u00e1dmio \u00e9 cancer\u00edgeno, o merc\u00fario provoca altera\u00e7\u00f5es irrevers\u00edveis no sistema nervoso. H\u00e1 ainda a necessidade de se monitorar gestantes, pois metais pesados podem provocar altera\u00e7\u00f5es no feto.<\/p>\n<p>A equipe da Fiocruz ressalta ainda que o acidente pode agravar o estado de sa\u00fade de pessoas que j\u00e1 apresentam doen\u00e7as cr\u00f4nicas, que exigem acompanhamento constante de profissionais de sa\u00fade. O trabalho realizado pelo observat\u00f3rio mostra que o acidente n\u00e3o atingiu unidades b\u00e1sicas ou hospitais da regi\u00e3o.<\/p>\n<p>&#8220;Mas muitas pessoas que trabalham nesses locais tiveram parentes atingidos pela trag\u00e9dia, est\u00e3o envolvidos em buscar parentes e, \u00f3bvio, nessas condi\u00e7\u00f5es n\u00e3o h\u00e1 como prestar um atendimento adequado de aten\u00e7\u00e3o \u00e0 sa\u00fade.&#8221; Sem assist\u00eancia a problemas como hipertens\u00e3o e diabete, h\u00e1 um aumento do risco para casos de acidentes vasculares cerebrais (AVC) ou enfarte.<\/p>\n<p>&#8220;Isso j\u00e1 foi visto em outros epis\u00f3dios. Houve um aumento de casos de AVCs na regi\u00e3o atingida pela enchente em Santa Catarina, em 2008 e depois do acidente nuclear na cidade japonesa Fukushima, em 2011.&#8221;<\/p>\n<p>H\u00e1 ainda a necessidade de se refor\u00e7ar a assist\u00eancia \u00e0 sa\u00fade mental. Todas as fam\u00edlias atingidas pela trag\u00e9dia ser\u00e3o cadastradas pelas equipes de sa\u00fade e acompanhadas. H\u00e1 um alto risco para desenvolvimento de problemas como depress\u00e3o e ansiedade.<\/p>\n<p>O trabalho da Fiocruz foi feito a partir da an\u00e1lise de base de dados do Instituto Brasileiro de Geografia e Estat\u00edstica (IBGE), Ag\u00eancia Nacional de \u00c1guas (ANA) e Datasus.<\/p>\n<p>&#8220;\u00c9 preciso criar uma estrat\u00e9gia de resposta, para reduzir os riscos que popula\u00e7\u00e3o atingida enfrenta e para a reconstru\u00e7\u00e3o da qualidade de vida a m\u00e9dio e longo prazo desse grupo&#8221;, disse Xavier. O estudo da Fiocruz observa para o risco sist\u00eamico das barragens no Pa\u00eds &#8211; s\u00e3o 24 mil, das quais 600 relacionadas \u00e0s de minera\u00e7\u00e3o e cavas exauridas. &#8220;\u00c9 urgente a cria\u00e7\u00e3o de um sistema de resposta&#8221;, completou.<\/p>\n","protected":false},"excerpt":{"rendered":"<p>Estudo divulgado nesta ter\u00e7a-feira, 5, pela Funda\u00e7\u00e3o Oswaldo Cruz (Fiocruz) alerta para a possibilidade de ocorr\u00eancia de surtos de doen\u00e7as como dengue, febre amarela e esquistossomose como consequ\u00eancia do rompimento da barragem da mineradora Vale em Brumadinho, na Grande Belo Horizonte. O risco de doen\u00e7as teria como causa altera\u00e7\u00f5es no meio ambiente pelo impacto da [&hellip;]<\/p>\n","protected":false},"author":2,"featured_media":200615,"comment_status":"closed","ping_status":"closed","sticky":false,"template":"","format":"standard","meta":{"_acf_changed":false,"footnotes":""},"categories":[16],"tags":[95],"class_list":["post-201543","post","type-post","status-publish","format-standard","has-post-thumbnail","hentry","category-brasil","tag-capa"],"acf":[],"yoast_head":"<!-- This site is optimized with the Yoast SEO plugin v27.2 - https:\/\/yoast.com\/product\/yoast-seo-wordpress\/ -->\n<title>Brumadinho pode fazer de Minas grande hospital - Notibras<\/title>\n<meta name=\"robots\" content=\"index, follow, max-snippet:-1, max-image-preview:large, max-video-preview:-1\" \/>\n<link rel=\"canonical\" href=\"https:\/\/www.notibras.com\/site\/brumadinho-pode-fazer-de-minas-grande-hospital\/\" \/>\n<meta property=\"og:locale\" content=\"pt_BR\" \/>\n<meta property=\"og:type\" content=\"article\" \/>\n<meta property=\"og:title\" content=\"Brumadinho pode fazer de Minas grande hospital - Notibras\" \/>\n<meta property=\"og:description\" content=\"Estudo divulgado nesta ter\u00e7a-feira, 5, pela Funda\u00e7\u00e3o Oswaldo Cruz (Fiocruz) alerta para a possibilidade de ocorr\u00eancia de surtos de doen\u00e7as como dengue, febre amarela e esquistossomose como consequ\u00eancia do rompimento da barragem da mineradora Vale em Brumadinho, na Grande Belo Horizonte. O risco de doen\u00e7as teria como causa altera\u00e7\u00f5es no meio ambiente pelo impacto da [&hellip;]\" \/>\n<meta property=\"og:url\" content=\"https:\/\/www.notibras.com\/site\/brumadinho-pode-fazer-de-minas-grande-hospital\/\" \/>\n<meta property=\"og:site_name\" content=\"Notibras\" \/>\n<meta property=\"article:publisher\" content=\"https:\/\/www.facebook.com\/notibras\/\" \/>\n<meta property=\"article:published_time\" content=\"2019-02-05T19:30:30+00:00\" \/>\n<meta property=\"article:modified_time\" content=\"2019-02-05T19:32:54+00:00\" \/>\n<meta property=\"og:image\" content=\"https:\/\/www.notibras.com\/site\/wp-content\/uploads\/2019\/01\/brumadinho-resgate.jpg\" \/>\n\t<meta property=\"og:image:width\" content=\"1140\" \/>\n\t<meta property=\"og:image:height\" content=\"760\" \/>\n\t<meta property=\"og:image:type\" content=\"image\/jpeg\" \/>\n<meta name=\"author\" content=\"Reda\u00e7\u00e3o\" \/>\n<meta name=\"twitter:card\" content=\"summary_large_image\" \/>\n<meta name=\"twitter:creator\" content=\"@Notibras\" \/>\n<meta name=\"twitter:site\" content=\"@Notibras\" \/>\n<meta name=\"twitter:label1\" content=\"Escrito por\" \/>\n\t<meta name=\"twitter:data1\" content=\"Reda\u00e7\u00e3o\" \/>\n\t<meta name=\"twitter:label2\" content=\"Est. tempo de leitura\" \/>\n\t<meta name=\"twitter:data2\" content=\"4 minutos\" \/>\n<script type=\"application\/ld+json\" class=\"yoast-schema-graph\">{\"@context\":\"https:\/\/schema.org\",\"@graph\":[{\"@type\":\"Article\",\"@id\":\"https:\/\/www.notibras.com\/site\/brumadinho-pode-fazer-de-minas-grande-hospital\/#article\",\"isPartOf\":{\"@id\":\"https:\/\/www.notibras.com\/site\/brumadinho-pode-fazer-de-minas-grande-hospital\/\"},\"author\":{\"name\":\"Reda\u00e7\u00e3o\",\"@id\":\"https:\/\/www.notibras.com\/site\/#\/schema\/person\/36ab0979449956132d3e5b517ea76ac8\"},\"headline\":\"Brumadinho pode fazer de Minas grande hospital\",\"datePublished\":\"2019-02-05T19:30:30+00:00\",\"dateModified\":\"2019-02-05T19:32:54+00:00\",\"mainEntityOfPage\":{\"@id\":\"https:\/\/www.notibras.com\/site\/brumadinho-pode-fazer-de-minas-grande-hospital\/\"},\"wordCount\":897,\"publisher\":{\"@id\":\"https:\/\/www.notibras.com\/site\/#organization\"},\"image\":{\"@id\":\"https:\/\/www.notibras.com\/site\/brumadinho-pode-fazer-de-minas-grande-hospital\/#primaryimage\"},\"thumbnailUrl\":\"https:\/\/www.notibras.com\/site\/wp-content\/uploads\/2019\/01\/brumadinho-resgate.jpg\",\"keywords\":[\"capa\"],\"articleSection\":[\"Brasil\"],\"inLanguage\":\"pt-BR\"},{\"@type\":\"WebPage\",\"@id\":\"https:\/\/www.notibras.com\/site\/brumadinho-pode-fazer-de-minas-grande-hospital\/\",\"url\":\"https:\/\/www.notibras.com\/site\/brumadinho-pode-fazer-de-minas-grande-hospital\/\",\"name\":\"Brumadinho pode fazer de Minas grande hospital - Notibras\",\"isPartOf\":{\"@id\":\"https:\/\/www.notibras.com\/site\/#website\"},\"primaryImageOfPage\":{\"@id\":\"https:\/\/www.notibras.com\/site\/brumadinho-pode-fazer-de-minas-grande-hospital\/#primaryimage\"},\"image\":{\"@id\":\"https:\/\/www.notibras.com\/site\/brumadinho-pode-fazer-de-minas-grande-hospital\/#primaryimage\"},\"thumbnailUrl\":\"https:\/\/www.notibras.com\/site\/wp-content\/uploads\/2019\/01\/brumadinho-resgate.jpg\",\"datePublished\":\"2019-02-05T19:30:30+00:00\",\"dateModified\":\"2019-02-05T19:32:54+00:00\",\"breadcrumb\":{\"@id\":\"https:\/\/www.notibras.com\/site\/brumadinho-pode-fazer-de-minas-grande-hospital\/#breadcrumb\"},\"inLanguage\":\"pt-BR\",\"potentialAction\":[{\"@type\":\"ReadAction\",\"target\":[\"https:\/\/www.notibras.com\/site\/brumadinho-pode-fazer-de-minas-grande-hospital\/\"]}]},{\"@type\":\"ImageObject\",\"inLanguage\":\"pt-BR\",\"@id\":\"https:\/\/www.notibras.com\/site\/brumadinho-pode-fazer-de-minas-grande-hospital\/#primaryimage\",\"url\":\"https:\/\/www.notibras.com\/site\/wp-content\/uploads\/2019\/01\/brumadinho-resgate.jpg\",\"contentUrl\":\"https:\/\/www.notibras.com\/site\/wp-content\/uploads\/2019\/01\/brumadinho-resgate.jpg\",\"width\":1140,\"height\":760},{\"@type\":\"BreadcrumbList\",\"@id\":\"https:\/\/www.notibras.com\/site\/brumadinho-pode-fazer-de-minas-grande-hospital\/#breadcrumb\",\"itemListElement\":[{\"@type\":\"ListItem\",\"position\":1,\"name\":\"In\u00edcio\",\"item\":\"https:\/\/www.notibras.com\/site\/\"},{\"@type\":\"ListItem\",\"position\":2,\"name\":\"Brumadinho pode fazer de Minas grande hospital\"}]},{\"@type\":\"WebSite\",\"@id\":\"https:\/\/www.notibras.com\/site\/#website\",\"url\":\"https:\/\/www.notibras.com\/site\/\",\"name\":\"Notibras\",\"description\":\"Not\u00edcias de Bras\u00edlia, do Brasil e do Mundo\",\"publisher\":{\"@id\":\"https:\/\/www.notibras.com\/site\/#organization\"},\"potentialAction\":[{\"@type\":\"SearchAction\",\"target\":{\"@type\":\"EntryPoint\",\"urlTemplate\":\"https:\/\/www.notibras.com\/site\/?s={search_term_string}\"},\"query-input\":{\"@type\":\"PropertyValueSpecification\",\"valueRequired\":true,\"valueName\":\"search_term_string\"}}],\"inLanguage\":\"pt-BR\"},{\"@type\":\"Organization\",\"@id\":\"https:\/\/www.notibras.com\/site\/#organization\",\"name\":\"Grupo Notibras de Comunica\u00e7\u00e3o\",\"url\":\"https:\/\/www.notibras.com\/site\/\",\"logo\":{\"@type\":\"ImageObject\",\"inLanguage\":\"pt-BR\",\"@id\":\"https:\/\/www.notibras.com\/site\/#\/schema\/logo\/image\/\",\"url\":\"https:\/\/www.notibras.com\/site\/wp-content\/uploads\/2023\/01\/notibras23.png\",\"contentUrl\":\"https:\/\/www.notibras.com\/site\/wp-content\/uploads\/2023\/01\/notibras23.png\",\"width\":350,\"height\":87,\"caption\":\"Grupo Notibras de Comunica\u00e7\u00e3o\"},\"image\":{\"@id\":\"https:\/\/www.notibras.com\/site\/#\/schema\/logo\/image\/\"},\"sameAs\":[\"https:\/\/www.facebook.com\/notibras\/\",\"https:\/\/x.com\/Notibras\",\"https:\/\/www.instagram.com\/notibras\/\"]},{\"@type\":\"Person\",\"@id\":\"https:\/\/www.notibras.com\/site\/#\/schema\/person\/36ab0979449956132d3e5b517ea76ac8\",\"name\":\"Reda\u00e7\u00e3o\",\"image\":{\"@type\":\"ImageObject\",\"inLanguage\":\"pt-BR\",\"@id\":\"https:\/\/secure.gravatar.com\/avatar\/e0a867bdedb85fd243eadf09663511f96fc81e0720a4a42581f334ad4303aa6b?s=96&d=mm&r=g\",\"url\":\"https:\/\/secure.gravatar.com\/avatar\/e0a867bdedb85fd243eadf09663511f96fc81e0720a4a42581f334ad4303aa6b?s=96&d=mm&r=g\",\"contentUrl\":\"https:\/\/secure.gravatar.com\/avatar\/e0a867bdedb85fd243eadf09663511f96fc81e0720a4a42581f334ad4303aa6b?s=96&d=mm&r=g\",\"caption\":\"Reda\u00e7\u00e3o\"}}]}<\/script>\n<!-- \/ Yoast SEO plugin. -->","yoast_head_json":{"title":"Brumadinho pode fazer de Minas grande hospital - Notibras","robots":{"index":"index","follow":"follow","max-snippet":"max-snippet:-1","max-image-preview":"max-image-preview:large","max-video-preview":"max-video-preview:-1"},"canonical":"https:\/\/www.notibras.com\/site\/brumadinho-pode-fazer-de-minas-grande-hospital\/","og_locale":"pt_BR","og_type":"article","og_title":"Brumadinho pode fazer de Minas grande hospital - Notibras","og_description":"Estudo divulgado nesta ter\u00e7a-feira, 5, pela Funda\u00e7\u00e3o Oswaldo Cruz (Fiocruz) alerta para a possibilidade de ocorr\u00eancia de surtos de doen\u00e7as como dengue, febre amarela e esquistossomose como consequ\u00eancia do rompimento da barragem da mineradora Vale em Brumadinho, na Grande Belo Horizonte. O risco de doen\u00e7as teria como causa altera\u00e7\u00f5es no meio ambiente pelo impacto da [&hellip;]","og_url":"https:\/\/www.notibras.com\/site\/brumadinho-pode-fazer-de-minas-grande-hospital\/","og_site_name":"Notibras","article_publisher":"https:\/\/www.facebook.com\/notibras\/","article_published_time":"2019-02-05T19:30:30+00:00","article_modified_time":"2019-02-05T19:32:54+00:00","og_image":[{"width":1140,"height":760,"url":"https:\/\/www.notibras.com\/site\/wp-content\/uploads\/2019\/01\/brumadinho-resgate.jpg","type":"image\/jpeg"}],"author":"Reda\u00e7\u00e3o","twitter_card":"summary_large_image","twitter_creator":"@Notibras","twitter_site":"@Notibras","twitter_misc":{"Escrito por":"Reda\u00e7\u00e3o","Est. tempo de leitura":"4 minutos"},"schema":{"@context":"https:\/\/schema.org","@graph":[{"@type":"Article","@id":"https:\/\/www.notibras.com\/site\/brumadinho-pode-fazer-de-minas-grande-hospital\/#article","isPartOf":{"@id":"https:\/\/www.notibras.com\/site\/brumadinho-pode-fazer-de-minas-grande-hospital\/"},"author":{"name":"Reda\u00e7\u00e3o","@id":"https:\/\/www.notibras.com\/site\/#\/schema\/person\/36ab0979449956132d3e5b517ea76ac8"},"headline":"Brumadinho pode fazer de Minas grande hospital","datePublished":"2019-02-05T19:30:30+00:00","dateModified":"2019-02-05T19:32:54+00:00","mainEntityOfPage":{"@id":"https:\/\/www.notibras.com\/site\/brumadinho-pode-fazer-de-minas-grande-hospital\/"},"wordCount":897,"publisher":{"@id":"https:\/\/www.notibras.com\/site\/#organization"},"image":{"@id":"https:\/\/www.notibras.com\/site\/brumadinho-pode-fazer-de-minas-grande-hospital\/#primaryimage"},"thumbnailUrl":"https:\/\/www.notibras.com\/site\/wp-content\/uploads\/2019\/01\/brumadinho-resgate.jpg","keywords":["capa"],"articleSection":["Brasil"],"inLanguage":"pt-BR"},{"@type":"WebPage","@id":"https:\/\/www.notibras.com\/site\/brumadinho-pode-fazer-de-minas-grande-hospital\/","url":"https:\/\/www.notibras.com\/site\/brumadinho-pode-fazer-de-minas-grande-hospital\/","name":"Brumadinho pode fazer de Minas grande hospital - Notibras","isPartOf":{"@id":"https:\/\/www.notibras.com\/site\/#website"},"primaryImageOfPage":{"@id":"https:\/\/www.notibras.com\/site\/brumadinho-pode-fazer-de-minas-grande-hospital\/#primaryimage"},"image":{"@id":"https:\/\/www.notibras.com\/site\/brumadinho-pode-fazer-de-minas-grande-hospital\/#primaryimage"},"thumbnailUrl":"https:\/\/www.notibras.com\/site\/wp-content\/uploads\/2019\/01\/brumadinho-resgate.jpg","datePublished":"2019-02-05T19:30:30+00:00","dateModified":"2019-02-05T19:32:54+00:00","breadcrumb":{"@id":"https:\/\/www.notibras.com\/site\/brumadinho-pode-fazer-de-minas-grande-hospital\/#breadcrumb"},"inLanguage":"pt-BR","potentialAction":[{"@type":"ReadAction","target":["https:\/\/www.notibras.com\/site\/brumadinho-pode-fazer-de-minas-grande-hospital\/"]}]},{"@type":"ImageObject","inLanguage":"pt-BR","@id":"https:\/\/www.notibras.com\/site\/brumadinho-pode-fazer-de-minas-grande-hospital\/#primaryimage","url":"https:\/\/www.notibras.com\/site\/wp-content\/uploads\/2019\/01\/brumadinho-resgate.jpg","contentUrl":"https:\/\/www.notibras.com\/site\/wp-content\/uploads\/2019\/01\/brumadinho-resgate.jpg","width":1140,"height":760},{"@type":"BreadcrumbList","@id":"https:\/\/www.notibras.com\/site\/brumadinho-pode-fazer-de-minas-grande-hospital\/#breadcrumb","itemListElement":[{"@type":"ListItem","position":1,"name":"In\u00edcio","item":"https:\/\/www.notibras.com\/site\/"},{"@type":"ListItem","position":2,"name":"Brumadinho pode fazer de Minas grande hospital"}]},{"@type":"WebSite","@id":"https:\/\/www.notibras.com\/site\/#website","url":"https:\/\/www.notibras.com\/site\/","name":"Notibras","description":"Not\u00edcias de Bras\u00edlia, do Brasil e do Mundo","publisher":{"@id":"https:\/\/www.notibras.com\/site\/#organization"},"potentialAction":[{"@type":"SearchAction","target":{"@type":"EntryPoint","urlTemplate":"https:\/\/www.notibras.com\/site\/?s={search_term_string}"},"query-input":{"@type":"PropertyValueSpecification","valueRequired":true,"valueName":"search_term_string"}}],"inLanguage":"pt-BR"},{"@type":"Organization","@id":"https:\/\/www.notibras.com\/site\/#organization","name":"Grupo Notibras de Comunica\u00e7\u00e3o","url":"https:\/\/www.notibras.com\/site\/","logo":{"@type":"ImageObject","inLanguage":"pt-BR","@id":"https:\/\/www.notibras.com\/site\/#\/schema\/logo\/image\/","url":"https:\/\/www.notibras.com\/site\/wp-content\/uploads\/2023\/01\/notibras23.png","contentUrl":"https:\/\/www.notibras.com\/site\/wp-content\/uploads\/2023\/01\/notibras23.png","width":350,"height":87,"caption":"Grupo Notibras de Comunica\u00e7\u00e3o"},"image":{"@id":"https:\/\/www.notibras.com\/site\/#\/schema\/logo\/image\/"},"sameAs":["https:\/\/www.facebook.com\/notibras\/","https:\/\/x.com\/Notibras","https:\/\/www.instagram.com\/notibras\/"]},{"@type":"Person","@id":"https:\/\/www.notibras.com\/site\/#\/schema\/person\/36ab0979449956132d3e5b517ea76ac8","name":"Reda\u00e7\u00e3o","image":{"@type":"ImageObject","inLanguage":"pt-BR","@id":"https:\/\/secure.gravatar.com\/avatar\/e0a867bdedb85fd243eadf09663511f96fc81e0720a4a42581f334ad4303aa6b?s=96&d=mm&r=g","url":"https:\/\/secure.gravatar.com\/avatar\/e0a867bdedb85fd243eadf09663511f96fc81e0720a4a42581f334ad4303aa6b?s=96&d=mm&r=g","contentUrl":"https:\/\/secure.gravatar.com\/avatar\/e0a867bdedb85fd243eadf09663511f96fc81e0720a4a42581f334ad4303aa6b?s=96&d=mm&r=g","caption":"Reda\u00e7\u00e3o"}}]}},"amp_enabled":true,"_links":{"self":[{"href":"https:\/\/www.notibras.com\/site\/wp-json\/wp\/v2\/posts\/201543","targetHints":{"allow":["GET"]}}],"collection":[{"href":"https:\/\/www.notibras.com\/site\/wp-json\/wp\/v2\/posts"}],"about":[{"href":"https:\/\/www.notibras.com\/site\/wp-json\/wp\/v2\/types\/post"}],"author":[{"embeddable":true,"href":"https:\/\/www.notibras.com\/site\/wp-json\/wp\/v2\/users\/2"}],"replies":[{"embeddable":true,"href":"https:\/\/www.notibras.com\/site\/wp-json\/wp\/v2\/comments?post=201543"}],"version-history":[{"count":4,"href":"https:\/\/www.notibras.com\/site\/wp-json\/wp\/v2\/posts\/201543\/revisions"}],"predecessor-version":[{"id":201547,"href":"https:\/\/www.notibras.com\/site\/wp-json\/wp\/v2\/posts\/201543\/revisions\/201547"}],"wp:featuredmedia":[{"embeddable":true,"href":"https:\/\/www.notibras.com\/site\/wp-json\/wp\/v2\/media\/200615"}],"wp:attachment":[{"href":"https:\/\/www.notibras.com\/site\/wp-json\/wp\/v2\/media?parent=201543"}],"wp:term":[{"taxonomy":"category","embeddable":true,"href":"https:\/\/www.notibras.com\/site\/wp-json\/wp\/v2\/categories?post=201543"},{"taxonomy":"post_tag","embeddable":true,"href":"https:\/\/www.notibras.com\/site\/wp-json\/wp\/v2\/tags?post=201543"}],"curies":[{"name":"wp","href":"https:\/\/api.w.org\/{rel}","templated":true}]}}