{"id":201593,"date":"2019-02-05T19:52:45","date_gmt":"2019-02-05T21:52:45","guid":{"rendered":"https:\/\/www.notibras.com\/site\/?p=201593"},"modified":"2019-02-05T19:56:50","modified_gmt":"2019-02-05T21:56:50","slug":"bolsonaro-manda-e-desmanda-com-base-de-350-deputados","status":"publish","type":"post","link":"https:\/\/www.notibras.com\/site\/bolsonaro-manda-e-desmanda-com-base-de-350-deputados\/","title":{"rendered":"Bolsonaro manda e desmanda com 350 deputados"},"content":{"rendered":"<p>Reeleito h\u00e1 quatro dias para a presid\u00eancia da C\u00e2mara dos Deputados, o deputado Rodrigo Maia (DEM-RJ) disse que o governo tem condi\u00e7\u00e3o de conseguir at\u00e9 350 deputados na base aliada. Depois de reunir-se com o ministro da Economia, Paulo Guedes, ele disse que o tamanho da base est\u00e1 em constru\u00e7\u00e3o porque a articula\u00e7\u00e3o pol\u00edtica ainda n\u00e3o come\u00e7ou.<\/p>\n<p>Essa maioria \u00e9 importante para a aprova\u00e7\u00e3o de mat\u00e9rias de interesse do governo, como a reforma da Previd\u00eancia. Bolsonaro ter\u00e1 condi\u00e7\u00f5es de ditar normas na C\u00e2mara e fazer as mudan\u00e7as que ele prometeu durante a campanha eleitoral.\u00a0 Aprovar reformas constitucionais, por exemplo, ser\u00e1 &#8216;uma moleza&#8217;.<\/p>\n<p>De acordo com Maia, a estimativa de 350 deputados deve-se \u00e0 diferen\u00e7a entre o n\u00famero total de deputados (513) menos os 140 parlamentares da oposi\u00e7\u00e3o na Casa. Essa conta contemplaria 23 deputados independentes. O presidente da C\u00e2mara disse que o processo de forma\u00e7\u00e3o de maioria na base do governo come\u00e7ou com atraso por causa da decis\u00e3o do presidente Jair Bolsonaro de n\u00e3o se envolver diretamente nas elei\u00e7\u00f5es para o comando da C\u00e2mara e do Senado.<\/p>\n<p>\u201cEu sei que isso \u00e9 uma constru\u00e7\u00e3o que est\u00e1 come\u00e7ando agora. As elei\u00e7\u00f5es para presidente da C\u00e2mara e do Senado seguraram as articula\u00e7\u00f5es do governo. O presidente, como prometeu n\u00e3o participar do processo eleitoral da C\u00e2mara e do Senado, posi\u00e7\u00e3o 100% correta, e a qual agrade\u00e7o muito, publicamente, ela tamb\u00e9m gerou um atraso na forma\u00e7\u00e3o da maioria do governo\u201d, disse Maia.<\/p>\n<p>Maia classificou de \u201cdemocr\u00e1tica\u201d a atitude de Bolsonaro durante a campanha para as presid\u00eancias da C\u00e2mara e do Senado e disse que agora \u00e9 urgente iniciar os trabalhos de articula\u00e7\u00e3o. Ele acrescentou que a articula\u00e7\u00e3o da maioria depender\u00e1 do engajamento de todos os partidos da base aliada.<\/p>\n<p>\u201cTem condi\u00e7\u00e3o de construir [uma maioria de 350 deputados], compreendendo que todos os partidos, no nosso campo, s\u00e3o importantes. N\u00e3o tem um partido, nesse processo, que n\u00e3o seja importante\u201d, declarou.<\/p>\n","protected":false},"excerpt":{"rendered":"<p>Reeleito h\u00e1 quatro dias para a presid\u00eancia da C\u00e2mara dos Deputados, o deputado Rodrigo Maia (DEM-RJ) disse que o governo tem condi\u00e7\u00e3o de conseguir at\u00e9 350 deputados na base aliada. Depois de reunir-se com o ministro da Economia, Paulo Guedes, ele disse que o tamanho da base est\u00e1 em constru\u00e7\u00e3o porque a articula\u00e7\u00e3o pol\u00edtica ainda [&hellip;]<\/p>\n","protected":false},"author":2,"featured_media":201594,"comment_status":"closed","ping_status":"closed","sticky":false,"template":"","format":"standard","meta":{"_acf_changed":false,"footnotes":""},"categories":[16],"tags":[95],"class_list":["post-201593","post","type-post","status-publish","format-standard","has-post-thumbnail","hentry","category-brasil","tag-capa"],"acf":[],"yoast_head":"<!-- This site is optimized with the Yoast SEO plugin v27.2 - https:\/\/yoast.com\/product\/yoast-seo-wordpress\/ -->\n<title>Bolsonaro manda e desmanda com 350 deputados - Notibras<\/title>\n<meta name=\"robots\" content=\"index, follow, max-snippet:-1, max-image-preview:large, max-video-preview:-1\" \/>\n<link rel=\"canonical\" href=\"https:\/\/www.notibras.com\/site\/bolsonaro-manda-e-desmanda-com-base-de-350-deputados\/\" \/>\n<meta property=\"og:locale\" content=\"pt_BR\" \/>\n<meta property=\"og:type\" content=\"article\" \/>\n<meta property=\"og:title\" content=\"Bolsonaro manda e desmanda com 350 deputados - Notibras\" \/>\n<meta property=\"og:description\" content=\"Reeleito h\u00e1 quatro dias para a presid\u00eancia da C\u00e2mara dos Deputados, o deputado Rodrigo Maia (DEM-RJ) disse que o governo tem condi\u00e7\u00e3o de conseguir at\u00e9 350 deputados na base aliada. Depois de reunir-se com o ministro da Economia, Paulo Guedes, ele disse que o tamanho da base est\u00e1 em constru\u00e7\u00e3o porque a articula\u00e7\u00e3o pol\u00edtica ainda [&hellip;]\" \/>\n<meta property=\"og:url\" content=\"https:\/\/www.notibras.com\/site\/bolsonaro-manda-e-desmanda-com-base-de-350-deputados\/\" \/>\n<meta property=\"og:site_name\" content=\"Notibras\" \/>\n<meta property=\"article:publisher\" content=\"https:\/\/www.facebook.com\/notibras\/\" \/>\n<meta property=\"article:published_time\" content=\"2019-02-05T21:52:45+00:00\" \/>\n<meta property=\"article:modified_time\" content=\"2019-02-05T21:56:50+00:00\" \/>\n<meta property=\"og:image\" content=\"https:\/\/www.notibras.com\/site\/wp-content\/uploads\/2019\/02\/maia-base-foto-valter-campanato.jpg\" \/>\n\t<meta property=\"og:image:width\" content=\"1140\" \/>\n\t<meta property=\"og:image:height\" content=\"760\" \/>\n\t<meta property=\"og:image:type\" content=\"image\/jpeg\" \/>\n<meta name=\"author\" content=\"Reda\u00e7\u00e3o\" \/>\n<meta name=\"twitter:card\" content=\"summary_large_image\" \/>\n<meta name=\"twitter:creator\" content=\"@Notibras\" \/>\n<meta name=\"twitter:site\" content=\"@Notibras\" \/>\n<meta name=\"twitter:label1\" content=\"Escrito por\" \/>\n\t<meta name=\"twitter:data1\" content=\"Reda\u00e7\u00e3o\" \/>\n\t<meta name=\"twitter:label2\" content=\"Est. tempo de leitura\" \/>\n\t<meta name=\"twitter:data2\" content=\"2 minutos\" \/>\n<script type=\"application\/ld+json\" class=\"yoast-schema-graph\">{\"@context\":\"https:\/\/schema.org\",\"@graph\":[{\"@type\":\"Article\",\"@id\":\"https:\/\/www.notibras.com\/site\/bolsonaro-manda-e-desmanda-com-base-de-350-deputados\/#article\",\"isPartOf\":{\"@id\":\"https:\/\/www.notibras.com\/site\/bolsonaro-manda-e-desmanda-com-base-de-350-deputados\/\"},\"author\":{\"name\":\"Reda\u00e7\u00e3o\",\"@id\":\"https:\/\/www.notibras.com\/site\/#\/schema\/person\/36ab0979449956132d3e5b517ea76ac8\"},\"headline\":\"Bolsonaro manda e desmanda com 350 deputados\",\"datePublished\":\"2019-02-05T21:52:45+00:00\",\"dateModified\":\"2019-02-05T21:56:50+00:00\",\"mainEntityOfPage\":{\"@id\":\"https:\/\/www.notibras.com\/site\/bolsonaro-manda-e-desmanda-com-base-de-350-deputados\/\"},\"wordCount\":354,\"publisher\":{\"@id\":\"https:\/\/www.notibras.com\/site\/#organization\"},\"image\":{\"@id\":\"https:\/\/www.notibras.com\/site\/bolsonaro-manda-e-desmanda-com-base-de-350-deputados\/#primaryimage\"},\"thumbnailUrl\":\"https:\/\/www.notibras.com\/site\/wp-content\/uploads\/2019\/02\/maia-base-foto-valter-campanato.jpg\",\"keywords\":[\"capa\"],\"articleSection\":[\"Brasil\"],\"inLanguage\":\"pt-BR\"},{\"@type\":\"WebPage\",\"@id\":\"https:\/\/www.notibras.com\/site\/bolsonaro-manda-e-desmanda-com-base-de-350-deputados\/\",\"url\":\"https:\/\/www.notibras.com\/site\/bolsonaro-manda-e-desmanda-com-base-de-350-deputados\/\",\"name\":\"Bolsonaro manda e desmanda com 350 deputados - Notibras\",\"isPartOf\":{\"@id\":\"https:\/\/www.notibras.com\/site\/#website\"},\"primaryImageOfPage\":{\"@id\":\"https:\/\/www.notibras.com\/site\/bolsonaro-manda-e-desmanda-com-base-de-350-deputados\/#primaryimage\"},\"image\":{\"@id\":\"https:\/\/www.notibras.com\/site\/bolsonaro-manda-e-desmanda-com-base-de-350-deputados\/#primaryimage\"},\"thumbnailUrl\":\"https:\/\/www.notibras.com\/site\/wp-content\/uploads\/2019\/02\/maia-base-foto-valter-campanato.jpg\",\"datePublished\":\"2019-02-05T21:52:45+00:00\",\"dateModified\":\"2019-02-05T21:56:50+00:00\",\"breadcrumb\":{\"@id\":\"https:\/\/www.notibras.com\/site\/bolsonaro-manda-e-desmanda-com-base-de-350-deputados\/#breadcrumb\"},\"inLanguage\":\"pt-BR\",\"potentialAction\":[{\"@type\":\"ReadAction\",\"target\":[\"https:\/\/www.notibras.com\/site\/bolsonaro-manda-e-desmanda-com-base-de-350-deputados\/\"]}]},{\"@type\":\"ImageObject\",\"inLanguage\":\"pt-BR\",\"@id\":\"https:\/\/www.notibras.com\/site\/bolsonaro-manda-e-desmanda-com-base-de-350-deputados\/#primaryimage\",\"url\":\"https:\/\/www.notibras.com\/site\/wp-content\/uploads\/2019\/02\/maia-base-foto-valter-campanato.jpg\",\"contentUrl\":\"https:\/\/www.notibras.com\/site\/wp-content\/uploads\/2019\/02\/maia-base-foto-valter-campanato.jpg\",\"width\":1140,\"height\":760},{\"@type\":\"BreadcrumbList\",\"@id\":\"https:\/\/www.notibras.com\/site\/bolsonaro-manda-e-desmanda-com-base-de-350-deputados\/#breadcrumb\",\"itemListElement\":[{\"@type\":\"ListItem\",\"position\":1,\"name\":\"In\u00edcio\",\"item\":\"https:\/\/www.notibras.com\/site\/\"},{\"@type\":\"ListItem\",\"position\":2,\"name\":\"Bolsonaro manda e desmanda com 350 deputados\"}]},{\"@type\":\"WebSite\",\"@id\":\"https:\/\/www.notibras.com\/site\/#website\",\"url\":\"https:\/\/www.notibras.com\/site\/\",\"name\":\"Notibras\",\"description\":\"Not\u00edcias de Bras\u00edlia, do Brasil e do Mundo\",\"publisher\":{\"@id\":\"https:\/\/www.notibras.com\/site\/#organization\"},\"potentialAction\":[{\"@type\":\"SearchAction\",\"target\":{\"@type\":\"EntryPoint\",\"urlTemplate\":\"https:\/\/www.notibras.com\/site\/?s={search_term_string}\"},\"query-input\":{\"@type\":\"PropertyValueSpecification\",\"valueRequired\":true,\"valueName\":\"search_term_string\"}}],\"inLanguage\":\"pt-BR\"},{\"@type\":\"Organization\",\"@id\":\"https:\/\/www.notibras.com\/site\/#organization\",\"name\":\"Grupo Notibras de Comunica\u00e7\u00e3o\",\"url\":\"https:\/\/www.notibras.com\/site\/\",\"logo\":{\"@type\":\"ImageObject\",\"inLanguage\":\"pt-BR\",\"@id\":\"https:\/\/www.notibras.com\/site\/#\/schema\/logo\/image\/\",\"url\":\"https:\/\/www.notibras.com\/site\/wp-content\/uploads\/2023\/01\/notibras23.png\",\"contentUrl\":\"https:\/\/www.notibras.com\/site\/wp-content\/uploads\/2023\/01\/notibras23.png\",\"width\":350,\"height\":87,\"caption\":\"Grupo Notibras de Comunica\u00e7\u00e3o\"},\"image\":{\"@id\":\"https:\/\/www.notibras.com\/site\/#\/schema\/logo\/image\/\"},\"sameAs\":[\"https:\/\/www.facebook.com\/notibras\/\",\"https:\/\/x.com\/Notibras\",\"https:\/\/www.instagram.com\/notibras\/\"]},{\"@type\":\"Person\",\"@id\":\"https:\/\/www.notibras.com\/site\/#\/schema\/person\/36ab0979449956132d3e5b517ea76ac8\",\"name\":\"Reda\u00e7\u00e3o\",\"image\":{\"@type\":\"ImageObject\",\"inLanguage\":\"pt-BR\",\"@id\":\"https:\/\/secure.gravatar.com\/avatar\/e0a867bdedb85fd243eadf09663511f96fc81e0720a4a42581f334ad4303aa6b?s=96&d=mm&r=g\",\"url\":\"https:\/\/secure.gravatar.com\/avatar\/e0a867bdedb85fd243eadf09663511f96fc81e0720a4a42581f334ad4303aa6b?s=96&d=mm&r=g\",\"contentUrl\":\"https:\/\/secure.gravatar.com\/avatar\/e0a867bdedb85fd243eadf09663511f96fc81e0720a4a42581f334ad4303aa6b?s=96&d=mm&r=g\",\"caption\":\"Reda\u00e7\u00e3o\"}}]}<\/script>\n<!-- \/ Yoast SEO plugin. -->","yoast_head_json":{"title":"Bolsonaro manda e desmanda com 350 deputados - Notibras","robots":{"index":"index","follow":"follow","max-snippet":"max-snippet:-1","max-image-preview":"max-image-preview:large","max-video-preview":"max-video-preview:-1"},"canonical":"https:\/\/www.notibras.com\/site\/bolsonaro-manda-e-desmanda-com-base-de-350-deputados\/","og_locale":"pt_BR","og_type":"article","og_title":"Bolsonaro manda e desmanda com 350 deputados - Notibras","og_description":"Reeleito h\u00e1 quatro dias para a presid\u00eancia da C\u00e2mara dos Deputados, o deputado Rodrigo Maia (DEM-RJ) disse que o governo tem condi\u00e7\u00e3o de conseguir at\u00e9 350 deputados na base aliada. Depois de reunir-se com o ministro da Economia, Paulo Guedes, ele disse que o tamanho da base est\u00e1 em constru\u00e7\u00e3o porque a articula\u00e7\u00e3o pol\u00edtica ainda [&hellip;]","og_url":"https:\/\/www.notibras.com\/site\/bolsonaro-manda-e-desmanda-com-base-de-350-deputados\/","og_site_name":"Notibras","article_publisher":"https:\/\/www.facebook.com\/notibras\/","article_published_time":"2019-02-05T21:52:45+00:00","article_modified_time":"2019-02-05T21:56:50+00:00","og_image":[{"width":1140,"height":760,"url":"https:\/\/www.notibras.com\/site\/wp-content\/uploads\/2019\/02\/maia-base-foto-valter-campanato.jpg","type":"image\/jpeg"}],"author":"Reda\u00e7\u00e3o","twitter_card":"summary_large_image","twitter_creator":"@Notibras","twitter_site":"@Notibras","twitter_misc":{"Escrito por":"Reda\u00e7\u00e3o","Est. tempo de leitura":"2 minutos"},"schema":{"@context":"https:\/\/schema.org","@graph":[{"@type":"Article","@id":"https:\/\/www.notibras.com\/site\/bolsonaro-manda-e-desmanda-com-base-de-350-deputados\/#article","isPartOf":{"@id":"https:\/\/www.notibras.com\/site\/bolsonaro-manda-e-desmanda-com-base-de-350-deputados\/"},"author":{"name":"Reda\u00e7\u00e3o","@id":"https:\/\/www.notibras.com\/site\/#\/schema\/person\/36ab0979449956132d3e5b517ea76ac8"},"headline":"Bolsonaro manda e desmanda com 350 deputados","datePublished":"2019-02-05T21:52:45+00:00","dateModified":"2019-02-05T21:56:50+00:00","mainEntityOfPage":{"@id":"https:\/\/www.notibras.com\/site\/bolsonaro-manda-e-desmanda-com-base-de-350-deputados\/"},"wordCount":354,"publisher":{"@id":"https:\/\/www.notibras.com\/site\/#organization"},"image":{"@id":"https:\/\/www.notibras.com\/site\/bolsonaro-manda-e-desmanda-com-base-de-350-deputados\/#primaryimage"},"thumbnailUrl":"https:\/\/www.notibras.com\/site\/wp-content\/uploads\/2019\/02\/maia-base-foto-valter-campanato.jpg","keywords":["capa"],"articleSection":["Brasil"],"inLanguage":"pt-BR"},{"@type":"WebPage","@id":"https:\/\/www.notibras.com\/site\/bolsonaro-manda-e-desmanda-com-base-de-350-deputados\/","url":"https:\/\/www.notibras.com\/site\/bolsonaro-manda-e-desmanda-com-base-de-350-deputados\/","name":"Bolsonaro manda e desmanda com 350 deputados - Notibras","isPartOf":{"@id":"https:\/\/www.notibras.com\/site\/#website"},"primaryImageOfPage":{"@id":"https:\/\/www.notibras.com\/site\/bolsonaro-manda-e-desmanda-com-base-de-350-deputados\/#primaryimage"},"image":{"@id":"https:\/\/www.notibras.com\/site\/bolsonaro-manda-e-desmanda-com-base-de-350-deputados\/#primaryimage"},"thumbnailUrl":"https:\/\/www.notibras.com\/site\/wp-content\/uploads\/2019\/02\/maia-base-foto-valter-campanato.jpg","datePublished":"2019-02-05T21:52:45+00:00","dateModified":"2019-02-05T21:56:50+00:00","breadcrumb":{"@id":"https:\/\/www.notibras.com\/site\/bolsonaro-manda-e-desmanda-com-base-de-350-deputados\/#breadcrumb"},"inLanguage":"pt-BR","potentialAction":[{"@type":"ReadAction","target":["https:\/\/www.notibras.com\/site\/bolsonaro-manda-e-desmanda-com-base-de-350-deputados\/"]}]},{"@type":"ImageObject","inLanguage":"pt-BR","@id":"https:\/\/www.notibras.com\/site\/bolsonaro-manda-e-desmanda-com-base-de-350-deputados\/#primaryimage","url":"https:\/\/www.notibras.com\/site\/wp-content\/uploads\/2019\/02\/maia-base-foto-valter-campanato.jpg","contentUrl":"https:\/\/www.notibras.com\/site\/wp-content\/uploads\/2019\/02\/maia-base-foto-valter-campanato.jpg","width":1140,"height":760},{"@type":"BreadcrumbList","@id":"https:\/\/www.notibras.com\/site\/bolsonaro-manda-e-desmanda-com-base-de-350-deputados\/#breadcrumb","itemListElement":[{"@type":"ListItem","position":1,"name":"In\u00edcio","item":"https:\/\/www.notibras.com\/site\/"},{"@type":"ListItem","position":2,"name":"Bolsonaro manda e desmanda com 350 deputados"}]},{"@type":"WebSite","@id":"https:\/\/www.notibras.com\/site\/#website","url":"https:\/\/www.notibras.com\/site\/","name":"Notibras","description":"Not\u00edcias de Bras\u00edlia, do Brasil e do Mundo","publisher":{"@id":"https:\/\/www.notibras.com\/site\/#organization"},"potentialAction":[{"@type":"SearchAction","target":{"@type":"EntryPoint","urlTemplate":"https:\/\/www.notibras.com\/site\/?s={search_term_string}"},"query-input":{"@type":"PropertyValueSpecification","valueRequired":true,"valueName":"search_term_string"}}],"inLanguage":"pt-BR"},{"@type":"Organization","@id":"https:\/\/www.notibras.com\/site\/#organization","name":"Grupo Notibras de Comunica\u00e7\u00e3o","url":"https:\/\/www.notibras.com\/site\/","logo":{"@type":"ImageObject","inLanguage":"pt-BR","@id":"https:\/\/www.notibras.com\/site\/#\/schema\/logo\/image\/","url":"https:\/\/www.notibras.com\/site\/wp-content\/uploads\/2023\/01\/notibras23.png","contentUrl":"https:\/\/www.notibras.com\/site\/wp-content\/uploads\/2023\/01\/notibras23.png","width":350,"height":87,"caption":"Grupo Notibras de Comunica\u00e7\u00e3o"},"image":{"@id":"https:\/\/www.notibras.com\/site\/#\/schema\/logo\/image\/"},"sameAs":["https:\/\/www.facebook.com\/notibras\/","https:\/\/x.com\/Notibras","https:\/\/www.instagram.com\/notibras\/"]},{"@type":"Person","@id":"https:\/\/www.notibras.com\/site\/#\/schema\/person\/36ab0979449956132d3e5b517ea76ac8","name":"Reda\u00e7\u00e3o","image":{"@type":"ImageObject","inLanguage":"pt-BR","@id":"https:\/\/secure.gravatar.com\/avatar\/e0a867bdedb85fd243eadf09663511f96fc81e0720a4a42581f334ad4303aa6b?s=96&d=mm&r=g","url":"https:\/\/secure.gravatar.com\/avatar\/e0a867bdedb85fd243eadf09663511f96fc81e0720a4a42581f334ad4303aa6b?s=96&d=mm&r=g","contentUrl":"https:\/\/secure.gravatar.com\/avatar\/e0a867bdedb85fd243eadf09663511f96fc81e0720a4a42581f334ad4303aa6b?s=96&d=mm&r=g","caption":"Reda\u00e7\u00e3o"}}]}},"amp_enabled":true,"_links":{"self":[{"href":"https:\/\/www.notibras.com\/site\/wp-json\/wp\/v2\/posts\/201593","targetHints":{"allow":["GET"]}}],"collection":[{"href":"https:\/\/www.notibras.com\/site\/wp-json\/wp\/v2\/posts"}],"about":[{"href":"https:\/\/www.notibras.com\/site\/wp-json\/wp\/v2\/types\/post"}],"author":[{"embeddable":true,"href":"https:\/\/www.notibras.com\/site\/wp-json\/wp\/v2\/users\/2"}],"replies":[{"embeddable":true,"href":"https:\/\/www.notibras.com\/site\/wp-json\/wp\/v2\/comments?post=201593"}],"version-history":[{"count":6,"href":"https:\/\/www.notibras.com\/site\/wp-json\/wp\/v2\/posts\/201593\/revisions"}],"predecessor-version":[{"id":201600,"href":"https:\/\/www.notibras.com\/site\/wp-json\/wp\/v2\/posts\/201593\/revisions\/201600"}],"wp:featuredmedia":[{"embeddable":true,"href":"https:\/\/www.notibras.com\/site\/wp-json\/wp\/v2\/media\/201594"}],"wp:attachment":[{"href":"https:\/\/www.notibras.com\/site\/wp-json\/wp\/v2\/media?parent=201593"}],"wp:term":[{"taxonomy":"category","embeddable":true,"href":"https:\/\/www.notibras.com\/site\/wp-json\/wp\/v2\/categories?post=201593"},{"taxonomy":"post_tag","embeddable":true,"href":"https:\/\/www.notibras.com\/site\/wp-json\/wp\/v2\/tags?post=201593"}],"curies":[{"name":"wp","href":"https:\/\/api.w.org\/{rel}","templated":true}]}}