{"id":201601,"date":"2019-02-05T21:00:25","date_gmt":"2019-02-05T23:00:25","guid":{"rendered":"https:\/\/www.notibras.com\/site\/?p=201601"},"modified":"2019-02-06T07:19:41","modified_gmt":"2019-02-06T09:19:41","slug":"politica-precisa-se-reinventar-e-atender-ao-povo","status":"publish","type":"post","link":"https:\/\/www.notibras.com\/site\/politica-precisa-se-reinventar-e-atender-ao-povo\/","title":{"rendered":"&#8216;Pol\u00edtica precisa se reinventar e atender ansiedades do povo&#8217;"},"content":{"rendered":"<p>O presidente da C\u00e2mara Legislativa do Distrito Federal, Rafael Prudente (MDB), vai trabalhar no sentido de promover as mudan\u00e7as cobradas pela sociedade nas \u00faltimas elei\u00e7\u00f5es. &#8220;O sentimento \u00e9 para mudar. E para isso estaremos afinados com as demandas da popula\u00e7\u00e3o. A pol\u00edtica \u00e9 o \u00fanico instrumento de transforma\u00e7\u00e3o da sociedade e por isso tem que ser respeitada e valorizada&#8221;, disse.<\/p>\n<p>A declara\u00e7\u00e3o foi feita na sess\u00e3o quer abriu os trabalhos da 8\u00aa Legislatura (2019\/2022). Ibaneis Rocha, governador de Bras\u00edlia, esteve presente ao ato. Ele pregou parceria entre os dois Poderes para a supera\u00e7\u00e3o dos desafios, especialmente nas \u00e1reas de sa\u00fade, seguran\u00e7a, educa\u00e7\u00e3o e gera\u00e7\u00e3o de empregos.<\/p>\n<p>Na avalia\u00e7\u00e3o de Ibaneis, o governo tem limita\u00e7\u00f5es por conta do seu endividamento. Contudo, disse, h\u00e1 condi\u00e7\u00f5es de sanear a situa\u00e7\u00e3o com trabalho e responsabilidade&#8221;. Ele foi econ\u00f4mico sobre como pensar a Bras\u00edlia do amanh\u00e3. Agnelo Queiroz, por exemplo, desenhou (sem tirar do papel) os pr\u00f3ximos 50 anos. J\u00e1 Ibaneis se contentou em programar a cidade para as quatro d\u00e9cadas vindouras.<\/p>\n<p>Em seu pronunciamento, Rafael Prudente refor\u00e7ou o momento dif\u00edcil vivido pelo Distrito Federal e pelo Pa\u00eds. E enfatizou que os distritais e o novo governo &#8220;n\u00e3o podem fracassar&#8221;. O presidente da C\u00e2mara prometeu ouvir os colegas e atuar com &#8220;muita energia, humildade, garra e trabalho&#8221;.<\/p>\n<p>Ao destacar que \u00e9 o deputado mais jovem a assumir a presid\u00eancia da Casa &#8211; ele tem 35 anos -, Rafael Prudente lembrou que seu pai, Leonardo Prudente, tamb\u00e9m exerceu a fun\u00e7\u00e3o h\u00e1 10 anos. &#8220;A C\u00e2mara Legislativa precisa prestar um bom servi\u00e7o, a um custo menor. Quero apresentar aos deputados no decorrer deste semestre uma proposta para reduzir os custos e o or\u00e7amento do Poder Legislativo para os pr\u00f3ximos 4 anos, mesmo sabendo que representamos apenas 1% do or\u00e7amento do Distrito Federal&#8221;, disse.<\/p>\n<p>O deputado tamb\u00e9m defendeu um pacto pela cidade, como alternativa para melhorar a qualidade de vida. Entre os temas que classificou como urgentes, citou sa\u00fade, seguran\u00e7a, educa\u00e7\u00e3o, gera\u00e7\u00e3o de empregos e desburocratiza\u00e7\u00e3o do Estado. Prudente mencionou individualmente cada um dos deputados, refor\u00e7ando que trabalhar\u00e1 em conjunto pelas pautas e bandeiras de cada um deles.<\/p>\n","protected":false},"excerpt":{"rendered":"<p>O presidente da C\u00e2mara Legislativa do Distrito Federal, Rafael Prudente (MDB), vai trabalhar no sentido de promover as mudan\u00e7as cobradas pela sociedade nas \u00faltimas elei\u00e7\u00f5es. &#8220;O sentimento \u00e9 para mudar. E para isso estaremos afinados com as demandas da popula\u00e7\u00e3o. A pol\u00edtica \u00e9 o \u00fanico instrumento de transforma\u00e7\u00e3o da sociedade e por isso tem que [&hellip;]<\/p>\n","protected":false},"author":2,"featured_media":201602,"comment_status":"closed","ping_status":"closed","sticky":false,"template":"","format":"standard","meta":{"_acf_changed":false,"footnotes":""},"categories":[1],"tags":[95],"class_list":["post-201601","post","type-post","status-publish","format-standard","has-post-thumbnail","hentry","category-brasilia","tag-capa"],"acf":[],"yoast_head":"<!-- This site is optimized with the Yoast SEO plugin v27.2 - https:\/\/yoast.com\/product\/yoast-seo-wordpress\/ -->\n<title>&#039;Pol\u00edtica precisa se reinventar e atender ansiedades do povo&#039; - Notibras<\/title>\n<meta name=\"robots\" content=\"index, follow, max-snippet:-1, max-image-preview:large, max-video-preview:-1\" \/>\n<link rel=\"canonical\" href=\"https:\/\/www.notibras.com\/site\/politica-precisa-se-reinventar-e-atender-ao-povo\/\" \/>\n<meta property=\"og:locale\" content=\"pt_BR\" \/>\n<meta property=\"og:type\" content=\"article\" \/>\n<meta property=\"og:title\" content=\"&#039;Pol\u00edtica precisa se reinventar e atender ansiedades do povo&#039; - Notibras\" \/>\n<meta property=\"og:description\" content=\"O presidente da C\u00e2mara Legislativa do Distrito Federal, Rafael Prudente (MDB), vai trabalhar no sentido de promover as mudan\u00e7as cobradas pela sociedade nas \u00faltimas elei\u00e7\u00f5es. &#8220;O sentimento \u00e9 para mudar. E para isso estaremos afinados com as demandas da popula\u00e7\u00e3o. A pol\u00edtica \u00e9 o \u00fanico instrumento de transforma\u00e7\u00e3o da sociedade e por isso tem que [&hellip;]\" \/>\n<meta property=\"og:url\" content=\"https:\/\/www.notibras.com\/site\/politica-precisa-se-reinventar-e-atender-ao-povo\/\" \/>\n<meta property=\"og:site_name\" content=\"Notibras\" \/>\n<meta property=\"article:publisher\" content=\"https:\/\/www.facebook.com\/notibras\/\" \/>\n<meta property=\"article:published_time\" content=\"2019-02-05T23:00:25+00:00\" \/>\n<meta property=\"article:modified_time\" content=\"2019-02-06T09:19:41+00:00\" \/>\n<meta property=\"og:image\" content=\"https:\/\/www.notibras.com\/site\/wp-content\/uploads\/2019\/02\/rafael.jpg\" \/>\n\t<meta property=\"og:image:width\" content=\"1200\" \/>\n\t<meta property=\"og:image:height\" content=\"800\" \/>\n\t<meta property=\"og:image:type\" content=\"image\/jpeg\" \/>\n<meta name=\"author\" content=\"Reda\u00e7\u00e3o\" \/>\n<meta name=\"twitter:card\" content=\"summary_large_image\" \/>\n<meta name=\"twitter:creator\" content=\"@Notibras\" \/>\n<meta name=\"twitter:site\" content=\"@Notibras\" \/>\n<meta name=\"twitter:label1\" content=\"Escrito por\" \/>\n\t<meta name=\"twitter:data1\" content=\"Reda\u00e7\u00e3o\" \/>\n\t<meta name=\"twitter:label2\" content=\"Est. tempo de leitura\" \/>\n\t<meta name=\"twitter:data2\" content=\"2 minutos\" \/>\n<script type=\"application\/ld+json\" class=\"yoast-schema-graph\">{\"@context\":\"https:\/\/schema.org\",\"@graph\":[{\"@type\":\"Article\",\"@id\":\"https:\/\/www.notibras.com\/site\/politica-precisa-se-reinventar-e-atender-ao-povo\/#article\",\"isPartOf\":{\"@id\":\"https:\/\/www.notibras.com\/site\/politica-precisa-se-reinventar-e-atender-ao-povo\/\"},\"author\":{\"name\":\"Reda\u00e7\u00e3o\",\"@id\":\"https:\/\/www.notibras.com\/site\/#\/schema\/person\/36ab0979449956132d3e5b517ea76ac8\"},\"headline\":\"&#8216;Pol\u00edtica precisa se reinventar e atender ansiedades do povo&#8217;\",\"datePublished\":\"2019-02-05T23:00:25+00:00\",\"dateModified\":\"2019-02-06T09:19:41+00:00\",\"mainEntityOfPage\":{\"@id\":\"https:\/\/www.notibras.com\/site\/politica-precisa-se-reinventar-e-atender-ao-povo\/\"},\"wordCount\":392,\"publisher\":{\"@id\":\"https:\/\/www.notibras.com\/site\/#organization\"},\"image\":{\"@id\":\"https:\/\/www.notibras.com\/site\/politica-precisa-se-reinventar-e-atender-ao-povo\/#primaryimage\"},\"thumbnailUrl\":\"https:\/\/www.notibras.com\/site\/wp-content\/uploads\/2019\/02\/rafael.jpg\",\"keywords\":[\"capa\"],\"articleSection\":[\"Bras\u00edlia\"],\"inLanguage\":\"pt-BR\"},{\"@type\":\"WebPage\",\"@id\":\"https:\/\/www.notibras.com\/site\/politica-precisa-se-reinventar-e-atender-ao-povo\/\",\"url\":\"https:\/\/www.notibras.com\/site\/politica-precisa-se-reinventar-e-atender-ao-povo\/\",\"name\":\"'Pol\u00edtica precisa se reinventar e atender ansiedades do povo' - Notibras\",\"isPartOf\":{\"@id\":\"https:\/\/www.notibras.com\/site\/#website\"},\"primaryImageOfPage\":{\"@id\":\"https:\/\/www.notibras.com\/site\/politica-precisa-se-reinventar-e-atender-ao-povo\/#primaryimage\"},\"image\":{\"@id\":\"https:\/\/www.notibras.com\/site\/politica-precisa-se-reinventar-e-atender-ao-povo\/#primaryimage\"},\"thumbnailUrl\":\"https:\/\/www.notibras.com\/site\/wp-content\/uploads\/2019\/02\/rafael.jpg\",\"datePublished\":\"2019-02-05T23:00:25+00:00\",\"dateModified\":\"2019-02-06T09:19:41+00:00\",\"breadcrumb\":{\"@id\":\"https:\/\/www.notibras.com\/site\/politica-precisa-se-reinventar-e-atender-ao-povo\/#breadcrumb\"},\"inLanguage\":\"pt-BR\",\"potentialAction\":[{\"@type\":\"ReadAction\",\"target\":[\"https:\/\/www.notibras.com\/site\/politica-precisa-se-reinventar-e-atender-ao-povo\/\"]}]},{\"@type\":\"ImageObject\",\"inLanguage\":\"pt-BR\",\"@id\":\"https:\/\/www.notibras.com\/site\/politica-precisa-se-reinventar-e-atender-ao-povo\/#primaryimage\",\"url\":\"https:\/\/www.notibras.com\/site\/wp-content\/uploads\/2019\/02\/rafael.jpg\",\"contentUrl\":\"https:\/\/www.notibras.com\/site\/wp-content\/uploads\/2019\/02\/rafael.jpg\",\"width\":1200,\"height\":800,\"caption\":\"Foto: Carlos Gandra - C\u00e2mara Legislativa\"},{\"@type\":\"BreadcrumbList\",\"@id\":\"https:\/\/www.notibras.com\/site\/politica-precisa-se-reinventar-e-atender-ao-povo\/#breadcrumb\",\"itemListElement\":[{\"@type\":\"ListItem\",\"position\":1,\"name\":\"In\u00edcio\",\"item\":\"https:\/\/www.notibras.com\/site\/\"},{\"@type\":\"ListItem\",\"position\":2,\"name\":\"&#8216;Pol\u00edtica precisa se reinventar e atender ansiedades do povo&#8217;\"}]},{\"@type\":\"WebSite\",\"@id\":\"https:\/\/www.notibras.com\/site\/#website\",\"url\":\"https:\/\/www.notibras.com\/site\/\",\"name\":\"Notibras\",\"description\":\"Not\u00edcias de Bras\u00edlia, do Brasil e do Mundo\",\"publisher\":{\"@id\":\"https:\/\/www.notibras.com\/site\/#organization\"},\"potentialAction\":[{\"@type\":\"SearchAction\",\"target\":{\"@type\":\"EntryPoint\",\"urlTemplate\":\"https:\/\/www.notibras.com\/site\/?s={search_term_string}\"},\"query-input\":{\"@type\":\"PropertyValueSpecification\",\"valueRequired\":true,\"valueName\":\"search_term_string\"}}],\"inLanguage\":\"pt-BR\"},{\"@type\":\"Organization\",\"@id\":\"https:\/\/www.notibras.com\/site\/#organization\",\"name\":\"Grupo Notibras de Comunica\u00e7\u00e3o\",\"url\":\"https:\/\/www.notibras.com\/site\/\",\"logo\":{\"@type\":\"ImageObject\",\"inLanguage\":\"pt-BR\",\"@id\":\"https:\/\/www.notibras.com\/site\/#\/schema\/logo\/image\/\",\"url\":\"https:\/\/www.notibras.com\/site\/wp-content\/uploads\/2023\/01\/notibras23.png\",\"contentUrl\":\"https:\/\/www.notibras.com\/site\/wp-content\/uploads\/2023\/01\/notibras23.png\",\"width\":350,\"height\":87,\"caption\":\"Grupo Notibras de Comunica\u00e7\u00e3o\"},\"image\":{\"@id\":\"https:\/\/www.notibras.com\/site\/#\/schema\/logo\/image\/\"},\"sameAs\":[\"https:\/\/www.facebook.com\/notibras\/\",\"https:\/\/x.com\/Notibras\",\"https:\/\/www.instagram.com\/notibras\/\"]},{\"@type\":\"Person\",\"@id\":\"https:\/\/www.notibras.com\/site\/#\/schema\/person\/36ab0979449956132d3e5b517ea76ac8\",\"name\":\"Reda\u00e7\u00e3o\",\"image\":{\"@type\":\"ImageObject\",\"inLanguage\":\"pt-BR\",\"@id\":\"https:\/\/secure.gravatar.com\/avatar\/e0a867bdedb85fd243eadf09663511f96fc81e0720a4a42581f334ad4303aa6b?s=96&d=mm&r=g\",\"url\":\"https:\/\/secure.gravatar.com\/avatar\/e0a867bdedb85fd243eadf09663511f96fc81e0720a4a42581f334ad4303aa6b?s=96&d=mm&r=g\",\"contentUrl\":\"https:\/\/secure.gravatar.com\/avatar\/e0a867bdedb85fd243eadf09663511f96fc81e0720a4a42581f334ad4303aa6b?s=96&d=mm&r=g\",\"caption\":\"Reda\u00e7\u00e3o\"}}]}<\/script>\n<!-- \/ Yoast SEO plugin. -->","yoast_head_json":{"title":"'Pol\u00edtica precisa se reinventar e atender ansiedades do povo' - Notibras","robots":{"index":"index","follow":"follow","max-snippet":"max-snippet:-1","max-image-preview":"max-image-preview:large","max-video-preview":"max-video-preview:-1"},"canonical":"https:\/\/www.notibras.com\/site\/politica-precisa-se-reinventar-e-atender-ao-povo\/","og_locale":"pt_BR","og_type":"article","og_title":"'Pol\u00edtica precisa se reinventar e atender ansiedades do povo' - Notibras","og_description":"O presidente da C\u00e2mara Legislativa do Distrito Federal, Rafael Prudente (MDB), vai trabalhar no sentido de promover as mudan\u00e7as cobradas pela sociedade nas \u00faltimas elei\u00e7\u00f5es. &#8220;O sentimento \u00e9 para mudar. E para isso estaremos afinados com as demandas da popula\u00e7\u00e3o. A pol\u00edtica \u00e9 o \u00fanico instrumento de transforma\u00e7\u00e3o da sociedade e por isso tem que [&hellip;]","og_url":"https:\/\/www.notibras.com\/site\/politica-precisa-se-reinventar-e-atender-ao-povo\/","og_site_name":"Notibras","article_publisher":"https:\/\/www.facebook.com\/notibras\/","article_published_time":"2019-02-05T23:00:25+00:00","article_modified_time":"2019-02-06T09:19:41+00:00","og_image":[{"width":1200,"height":800,"url":"https:\/\/www.notibras.com\/site\/wp-content\/uploads\/2019\/02\/rafael.jpg","type":"image\/jpeg"}],"author":"Reda\u00e7\u00e3o","twitter_card":"summary_large_image","twitter_creator":"@Notibras","twitter_site":"@Notibras","twitter_misc":{"Escrito por":"Reda\u00e7\u00e3o","Est. tempo de leitura":"2 minutos"},"schema":{"@context":"https:\/\/schema.org","@graph":[{"@type":"Article","@id":"https:\/\/www.notibras.com\/site\/politica-precisa-se-reinventar-e-atender-ao-povo\/#article","isPartOf":{"@id":"https:\/\/www.notibras.com\/site\/politica-precisa-se-reinventar-e-atender-ao-povo\/"},"author":{"name":"Reda\u00e7\u00e3o","@id":"https:\/\/www.notibras.com\/site\/#\/schema\/person\/36ab0979449956132d3e5b517ea76ac8"},"headline":"&#8216;Pol\u00edtica precisa se reinventar e atender ansiedades do povo&#8217;","datePublished":"2019-02-05T23:00:25+00:00","dateModified":"2019-02-06T09:19:41+00:00","mainEntityOfPage":{"@id":"https:\/\/www.notibras.com\/site\/politica-precisa-se-reinventar-e-atender-ao-povo\/"},"wordCount":392,"publisher":{"@id":"https:\/\/www.notibras.com\/site\/#organization"},"image":{"@id":"https:\/\/www.notibras.com\/site\/politica-precisa-se-reinventar-e-atender-ao-povo\/#primaryimage"},"thumbnailUrl":"https:\/\/www.notibras.com\/site\/wp-content\/uploads\/2019\/02\/rafael.jpg","keywords":["capa"],"articleSection":["Bras\u00edlia"],"inLanguage":"pt-BR"},{"@type":"WebPage","@id":"https:\/\/www.notibras.com\/site\/politica-precisa-se-reinventar-e-atender-ao-povo\/","url":"https:\/\/www.notibras.com\/site\/politica-precisa-se-reinventar-e-atender-ao-povo\/","name":"'Pol\u00edtica precisa se reinventar e atender ansiedades do povo' - Notibras","isPartOf":{"@id":"https:\/\/www.notibras.com\/site\/#website"},"primaryImageOfPage":{"@id":"https:\/\/www.notibras.com\/site\/politica-precisa-se-reinventar-e-atender-ao-povo\/#primaryimage"},"image":{"@id":"https:\/\/www.notibras.com\/site\/politica-precisa-se-reinventar-e-atender-ao-povo\/#primaryimage"},"thumbnailUrl":"https:\/\/www.notibras.com\/site\/wp-content\/uploads\/2019\/02\/rafael.jpg","datePublished":"2019-02-05T23:00:25+00:00","dateModified":"2019-02-06T09:19:41+00:00","breadcrumb":{"@id":"https:\/\/www.notibras.com\/site\/politica-precisa-se-reinventar-e-atender-ao-povo\/#breadcrumb"},"inLanguage":"pt-BR","potentialAction":[{"@type":"ReadAction","target":["https:\/\/www.notibras.com\/site\/politica-precisa-se-reinventar-e-atender-ao-povo\/"]}]},{"@type":"ImageObject","inLanguage":"pt-BR","@id":"https:\/\/www.notibras.com\/site\/politica-precisa-se-reinventar-e-atender-ao-povo\/#primaryimage","url":"https:\/\/www.notibras.com\/site\/wp-content\/uploads\/2019\/02\/rafael.jpg","contentUrl":"https:\/\/www.notibras.com\/site\/wp-content\/uploads\/2019\/02\/rafael.jpg","width":1200,"height":800,"caption":"Foto: Carlos Gandra - C\u00e2mara Legislativa"},{"@type":"BreadcrumbList","@id":"https:\/\/www.notibras.com\/site\/politica-precisa-se-reinventar-e-atender-ao-povo\/#breadcrumb","itemListElement":[{"@type":"ListItem","position":1,"name":"In\u00edcio","item":"https:\/\/www.notibras.com\/site\/"},{"@type":"ListItem","position":2,"name":"&#8216;Pol\u00edtica precisa se reinventar e atender ansiedades do povo&#8217;"}]},{"@type":"WebSite","@id":"https:\/\/www.notibras.com\/site\/#website","url":"https:\/\/www.notibras.com\/site\/","name":"Notibras","description":"Not\u00edcias de Bras\u00edlia, do Brasil e do Mundo","publisher":{"@id":"https:\/\/www.notibras.com\/site\/#organization"},"potentialAction":[{"@type":"SearchAction","target":{"@type":"EntryPoint","urlTemplate":"https:\/\/www.notibras.com\/site\/?s={search_term_string}"},"query-input":{"@type":"PropertyValueSpecification","valueRequired":true,"valueName":"search_term_string"}}],"inLanguage":"pt-BR"},{"@type":"Organization","@id":"https:\/\/www.notibras.com\/site\/#organization","name":"Grupo Notibras de Comunica\u00e7\u00e3o","url":"https:\/\/www.notibras.com\/site\/","logo":{"@type":"ImageObject","inLanguage":"pt-BR","@id":"https:\/\/www.notibras.com\/site\/#\/schema\/logo\/image\/","url":"https:\/\/www.notibras.com\/site\/wp-content\/uploads\/2023\/01\/notibras23.png","contentUrl":"https:\/\/www.notibras.com\/site\/wp-content\/uploads\/2023\/01\/notibras23.png","width":350,"height":87,"caption":"Grupo Notibras de Comunica\u00e7\u00e3o"},"image":{"@id":"https:\/\/www.notibras.com\/site\/#\/schema\/logo\/image\/"},"sameAs":["https:\/\/www.facebook.com\/notibras\/","https:\/\/x.com\/Notibras","https:\/\/www.instagram.com\/notibras\/"]},{"@type":"Person","@id":"https:\/\/www.notibras.com\/site\/#\/schema\/person\/36ab0979449956132d3e5b517ea76ac8","name":"Reda\u00e7\u00e3o","image":{"@type":"ImageObject","inLanguage":"pt-BR","@id":"https:\/\/secure.gravatar.com\/avatar\/e0a867bdedb85fd243eadf09663511f96fc81e0720a4a42581f334ad4303aa6b?s=96&d=mm&r=g","url":"https:\/\/secure.gravatar.com\/avatar\/e0a867bdedb85fd243eadf09663511f96fc81e0720a4a42581f334ad4303aa6b?s=96&d=mm&r=g","contentUrl":"https:\/\/secure.gravatar.com\/avatar\/e0a867bdedb85fd243eadf09663511f96fc81e0720a4a42581f334ad4303aa6b?s=96&d=mm&r=g","caption":"Reda\u00e7\u00e3o"}}]}},"amp_enabled":true,"_links":{"self":[{"href":"https:\/\/www.notibras.com\/site\/wp-json\/wp\/v2\/posts\/201601","targetHints":{"allow":["GET"]}}],"collection":[{"href":"https:\/\/www.notibras.com\/site\/wp-json\/wp\/v2\/posts"}],"about":[{"href":"https:\/\/www.notibras.com\/site\/wp-json\/wp\/v2\/types\/post"}],"author":[{"embeddable":true,"href":"https:\/\/www.notibras.com\/site\/wp-json\/wp\/v2\/users\/2"}],"replies":[{"embeddable":true,"href":"https:\/\/www.notibras.com\/site\/wp-json\/wp\/v2\/comments?post=201601"}],"version-history":[{"count":3,"href":"https:\/\/www.notibras.com\/site\/wp-json\/wp\/v2\/posts\/201601\/revisions"}],"predecessor-version":[{"id":201613,"href":"https:\/\/www.notibras.com\/site\/wp-json\/wp\/v2\/posts\/201601\/revisions\/201613"}],"wp:featuredmedia":[{"embeddable":true,"href":"https:\/\/www.notibras.com\/site\/wp-json\/wp\/v2\/media\/201602"}],"wp:attachment":[{"href":"https:\/\/www.notibras.com\/site\/wp-json\/wp\/v2\/media?parent=201601"}],"wp:term":[{"taxonomy":"category","embeddable":true,"href":"https:\/\/www.notibras.com\/site\/wp-json\/wp\/v2\/categories?post=201601"},{"taxonomy":"post_tag","embeddable":true,"href":"https:\/\/www.notibras.com\/site\/wp-json\/wp\/v2\/tags?post=201601"}],"curies":[{"name":"wp","href":"https:\/\/api.w.org\/{rel}","templated":true}]}}