{"id":201608,"date":"2019-02-06T06:10:45","date_gmt":"2019-02-06T08:10:45","guid":{"rendered":"https:\/\/www.notibras.com\/site\/?p=201608"},"modified":"2019-02-06T07:18:39","modified_gmt":"2019-02-06T09:18:39","slug":"jair-bolsonaro-demite-ministro-do-turismo","status":"publish","type":"post","link":"https:\/\/www.notibras.com\/site\/jair-bolsonaro-demite-ministro-do-turismo\/","title":{"rendered":"Jair Bolsonaro demite ministro do Turismo"},"content":{"rendered":"<p>O presidente Jair Bolsonaro exonerou Marcelo Henrique Teixeira Dias, mais conhecido como Marcelo \u00c1lvaro Ant\u00f4nio (PSL-MG), do cargo de ministro do Turismo. O decreto foi publicado na edi\u00e7\u00e3o desta quarta-feira, 6, do Di\u00e1rio Oficial da Uni\u00e3o, e n\u00e3o traz justificativas para a medida. \u00c1lvaro Ant\u00f4nio foi reeleito deputado federal em 2018 com a maior vota\u00e7\u00e3o do Estado: 230.008 votos.<\/p>\n<p>A exonera\u00e7\u00e3o foi assinada por Bolsonaro na ter\u00e7a-feira, um dia depois de o jornal <em>Folha de S. Paulo<\/em> denunciar que \u00c1lvaro Ant\u00f4nio teria participado de um suposto esquema de candidaturas &#8220;laranjas&#8221; em Minas Gerais com o objetivo de desviar recursos eleitorais e beneficiar empresas relacionadas ao seu gabinete.<\/p>\n<p>Segundo a reportagem, quatro deputadas do PSL teriam recebido R$ 279 mil do comando nacional do partido de Bolsonaro para suas campanhas. Apesar de ficarem entre as 20 candidaturas que mais receberam recursos no Pa\u00eds, elas tiveram vota\u00e7\u00f5es baixas \u2013 menos de mil votos cada -, o que indica a possibilidade de que tenham sido de fachada.<\/p>\n<p>Ainda de acordo com a den\u00fancia, do total recebido, R$ 85 mil teriam sido usados para contratar servi\u00e7os de quatro empresas de assessores, parentes e s\u00f3cios de assessores de \u00c1lvaro Ant\u00f4nio.<\/p>\n<p>Na segunda-feira, ele usou o Twitter para rebater as acusa\u00e7\u00f5es e afirmou que a distribui\u00e7\u00e3o do fundo partid\u00e1rio do PSL em Minas Gerais cumpriu as exig\u00eancias legais. Na ocasi\u00e3o, o ent\u00e3o ministro disse que foi &#8220;alvo de uma mat\u00e9ria que deturpa os fatos e traz den\u00fancias vazias&#8221;, al\u00e9m de ser uma tentativa de desestabilizar o governo. &#8220;Refor\u00e7o que a distribui\u00e7\u00e3o do Fundo Partid\u00e1rio do PSL cumpriu rigorosamente o que determina a lei. Todas as contrata\u00e7\u00f5es da minha campanha foram aprovadas pela Justi\u00e7a Eleitoral&#8221;, acrescentou.<\/p>\n<p>Bolsonaro exonerou temporariamente no dia 1.\u00ba tr\u00eas ministros que possuem mandato na C\u00e2mara para que votassem na elei\u00e7\u00e3o \u00e0 presid\u00eancia da Casa: Onyx Lorenzoni (DEM-RS), da Casa Civil, Tereza Cristina (DEM-MS), da Agricultura, e Osmar Terra (MDB-RS), da Cidadania. Imediatamente ap\u00f3s a reelei\u00e7\u00e3o de Rodrigo Maia (DEM-RJ) para o comando da C\u00e2mara, os ministros foram reconduzidos a seus cargos. O ministro do Turismo, no entanto, n\u00e3o estava envolvido na opera\u00e7\u00e3o.<\/p>\n","protected":false},"excerpt":{"rendered":"<p>O presidente Jair Bolsonaro exonerou Marcelo Henrique Teixeira Dias, mais conhecido como Marcelo \u00c1lvaro Ant\u00f4nio (PSL-MG), do cargo de ministro do Turismo. O decreto foi publicado na edi\u00e7\u00e3o desta quarta-feira, 6, do Di\u00e1rio Oficial da Uni\u00e3o, e n\u00e3o traz justificativas para a medida. \u00c1lvaro Ant\u00f4nio foi reeleito deputado federal em 2018 com a maior vota\u00e7\u00e3o [&hellip;]<\/p>\n","protected":false},"author":2,"featured_media":201609,"comment_status":"closed","ping_status":"closed","sticky":false,"template":"","format":"standard","meta":{"_acf_changed":false,"footnotes":""},"categories":[16],"tags":[95],"class_list":["post-201608","post","type-post","status-publish","format-standard","has-post-thumbnail","hentry","category-brasil","tag-capa"],"acf":[],"yoast_head":"<!-- This site is optimized with the Yoast SEO plugin v27.2 - https:\/\/yoast.com\/product\/yoast-seo-wordpress\/ -->\n<title>Jair Bolsonaro demite ministro do Turismo - Notibras<\/title>\n<meta name=\"robots\" content=\"index, follow, max-snippet:-1, max-image-preview:large, max-video-preview:-1\" \/>\n<link rel=\"canonical\" href=\"https:\/\/www.notibras.com\/site\/jair-bolsonaro-demite-ministro-do-turismo\/\" \/>\n<meta property=\"og:locale\" content=\"pt_BR\" \/>\n<meta property=\"og:type\" content=\"article\" \/>\n<meta property=\"og:title\" content=\"Jair Bolsonaro demite ministro do Turismo - Notibras\" \/>\n<meta property=\"og:description\" content=\"O presidente Jair Bolsonaro exonerou Marcelo Henrique Teixeira Dias, mais conhecido como Marcelo \u00c1lvaro Ant\u00f4nio (PSL-MG), do cargo de ministro do Turismo. O decreto foi publicado na edi\u00e7\u00e3o desta quarta-feira, 6, do Di\u00e1rio Oficial da Uni\u00e3o, e n\u00e3o traz justificativas para a medida. \u00c1lvaro Ant\u00f4nio foi reeleito deputado federal em 2018 com a maior vota\u00e7\u00e3o [&hellip;]\" \/>\n<meta property=\"og:url\" content=\"https:\/\/www.notibras.com\/site\/jair-bolsonaro-demite-ministro-do-turismo\/\" \/>\n<meta property=\"og:site_name\" content=\"Notibras\" \/>\n<meta property=\"article:publisher\" content=\"https:\/\/www.facebook.com\/notibras\/\" \/>\n<meta property=\"article:published_time\" content=\"2019-02-06T08:10:45+00:00\" \/>\n<meta property=\"article:modified_time\" content=\"2019-02-06T09:18:39+00:00\" \/>\n<meta property=\"og:image\" content=\"https:\/\/www.notibras.com\/site\/wp-content\/uploads\/2019\/02\/marcelo-alvaro-antonio.jpg\" \/>\n\t<meta property=\"og:image:width\" content=\"1140\" \/>\n\t<meta property=\"og:image:height\" content=\"760\" \/>\n\t<meta property=\"og:image:type\" content=\"image\/jpeg\" \/>\n<meta name=\"author\" content=\"Reda\u00e7\u00e3o\" \/>\n<meta name=\"twitter:card\" content=\"summary_large_image\" \/>\n<meta name=\"twitter:creator\" content=\"@Notibras\" \/>\n<meta name=\"twitter:site\" content=\"@Notibras\" \/>\n<meta name=\"twitter:label1\" content=\"Escrito por\" \/>\n\t<meta name=\"twitter:data1\" content=\"Reda\u00e7\u00e3o\" \/>\n\t<meta name=\"twitter:label2\" content=\"Est. tempo de leitura\" \/>\n\t<meta name=\"twitter:data2\" content=\"2 minutos\" \/>\n<script type=\"application\/ld+json\" class=\"yoast-schema-graph\">{\"@context\":\"https:\/\/schema.org\",\"@graph\":[{\"@type\":\"Article\",\"@id\":\"https:\/\/www.notibras.com\/site\/jair-bolsonaro-demite-ministro-do-turismo\/#article\",\"isPartOf\":{\"@id\":\"https:\/\/www.notibras.com\/site\/jair-bolsonaro-demite-ministro-do-turismo\/\"},\"author\":{\"name\":\"Reda\u00e7\u00e3o\",\"@id\":\"https:\/\/www.notibras.com\/site\/#\/schema\/person\/36ab0979449956132d3e5b517ea76ac8\"},\"headline\":\"Jair Bolsonaro demite ministro do Turismo\",\"datePublished\":\"2019-02-06T08:10:45+00:00\",\"dateModified\":\"2019-02-06T09:18:39+00:00\",\"mainEntityOfPage\":{\"@id\":\"https:\/\/www.notibras.com\/site\/jair-bolsonaro-demite-ministro-do-turismo\/\"},\"wordCount\":385,\"publisher\":{\"@id\":\"https:\/\/www.notibras.com\/site\/#organization\"},\"image\":{\"@id\":\"https:\/\/www.notibras.com\/site\/jair-bolsonaro-demite-ministro-do-turismo\/#primaryimage\"},\"thumbnailUrl\":\"https:\/\/www.notibras.com\/site\/wp-content\/uploads\/2019\/02\/marcelo-alvaro-antonio.jpg\",\"keywords\":[\"capa\"],\"articleSection\":[\"Brasil\"],\"inLanguage\":\"pt-BR\"},{\"@type\":\"WebPage\",\"@id\":\"https:\/\/www.notibras.com\/site\/jair-bolsonaro-demite-ministro-do-turismo\/\",\"url\":\"https:\/\/www.notibras.com\/site\/jair-bolsonaro-demite-ministro-do-turismo\/\",\"name\":\"Jair Bolsonaro demite ministro do Turismo - Notibras\",\"isPartOf\":{\"@id\":\"https:\/\/www.notibras.com\/site\/#website\"},\"primaryImageOfPage\":{\"@id\":\"https:\/\/www.notibras.com\/site\/jair-bolsonaro-demite-ministro-do-turismo\/#primaryimage\"},\"image\":{\"@id\":\"https:\/\/www.notibras.com\/site\/jair-bolsonaro-demite-ministro-do-turismo\/#primaryimage\"},\"thumbnailUrl\":\"https:\/\/www.notibras.com\/site\/wp-content\/uploads\/2019\/02\/marcelo-alvaro-antonio.jpg\",\"datePublished\":\"2019-02-06T08:10:45+00:00\",\"dateModified\":\"2019-02-06T09:18:39+00:00\",\"breadcrumb\":{\"@id\":\"https:\/\/www.notibras.com\/site\/jair-bolsonaro-demite-ministro-do-turismo\/#breadcrumb\"},\"inLanguage\":\"pt-BR\",\"potentialAction\":[{\"@type\":\"ReadAction\",\"target\":[\"https:\/\/www.notibras.com\/site\/jair-bolsonaro-demite-ministro-do-turismo\/\"]}]},{\"@type\":\"ImageObject\",\"inLanguage\":\"pt-BR\",\"@id\":\"https:\/\/www.notibras.com\/site\/jair-bolsonaro-demite-ministro-do-turismo\/#primaryimage\",\"url\":\"https:\/\/www.notibras.com\/site\/wp-content\/uploads\/2019\/02\/marcelo-alvaro-antonio.jpg\",\"contentUrl\":\"https:\/\/www.notibras.com\/site\/wp-content\/uploads\/2019\/02\/marcelo-alvaro-antonio.jpg\",\"width\":1140,\"height\":760},{\"@type\":\"BreadcrumbList\",\"@id\":\"https:\/\/www.notibras.com\/site\/jair-bolsonaro-demite-ministro-do-turismo\/#breadcrumb\",\"itemListElement\":[{\"@type\":\"ListItem\",\"position\":1,\"name\":\"In\u00edcio\",\"item\":\"https:\/\/www.notibras.com\/site\/\"},{\"@type\":\"ListItem\",\"position\":2,\"name\":\"Jair Bolsonaro demite ministro do Turismo\"}]},{\"@type\":\"WebSite\",\"@id\":\"https:\/\/www.notibras.com\/site\/#website\",\"url\":\"https:\/\/www.notibras.com\/site\/\",\"name\":\"Notibras\",\"description\":\"Not\u00edcias de Bras\u00edlia, do Brasil e do Mundo\",\"publisher\":{\"@id\":\"https:\/\/www.notibras.com\/site\/#organization\"},\"potentialAction\":[{\"@type\":\"SearchAction\",\"target\":{\"@type\":\"EntryPoint\",\"urlTemplate\":\"https:\/\/www.notibras.com\/site\/?s={search_term_string}\"},\"query-input\":{\"@type\":\"PropertyValueSpecification\",\"valueRequired\":true,\"valueName\":\"search_term_string\"}}],\"inLanguage\":\"pt-BR\"},{\"@type\":\"Organization\",\"@id\":\"https:\/\/www.notibras.com\/site\/#organization\",\"name\":\"Grupo Notibras de Comunica\u00e7\u00e3o\",\"url\":\"https:\/\/www.notibras.com\/site\/\",\"logo\":{\"@type\":\"ImageObject\",\"inLanguage\":\"pt-BR\",\"@id\":\"https:\/\/www.notibras.com\/site\/#\/schema\/logo\/image\/\",\"url\":\"https:\/\/www.notibras.com\/site\/wp-content\/uploads\/2023\/01\/notibras23.png\",\"contentUrl\":\"https:\/\/www.notibras.com\/site\/wp-content\/uploads\/2023\/01\/notibras23.png\",\"width\":350,\"height\":87,\"caption\":\"Grupo Notibras de Comunica\u00e7\u00e3o\"},\"image\":{\"@id\":\"https:\/\/www.notibras.com\/site\/#\/schema\/logo\/image\/\"},\"sameAs\":[\"https:\/\/www.facebook.com\/notibras\/\",\"https:\/\/x.com\/Notibras\",\"https:\/\/www.instagram.com\/notibras\/\"]},{\"@type\":\"Person\",\"@id\":\"https:\/\/www.notibras.com\/site\/#\/schema\/person\/36ab0979449956132d3e5b517ea76ac8\",\"name\":\"Reda\u00e7\u00e3o\",\"image\":{\"@type\":\"ImageObject\",\"inLanguage\":\"pt-BR\",\"@id\":\"https:\/\/secure.gravatar.com\/avatar\/e0a867bdedb85fd243eadf09663511f96fc81e0720a4a42581f334ad4303aa6b?s=96&d=mm&r=g\",\"url\":\"https:\/\/secure.gravatar.com\/avatar\/e0a867bdedb85fd243eadf09663511f96fc81e0720a4a42581f334ad4303aa6b?s=96&d=mm&r=g\",\"contentUrl\":\"https:\/\/secure.gravatar.com\/avatar\/e0a867bdedb85fd243eadf09663511f96fc81e0720a4a42581f334ad4303aa6b?s=96&d=mm&r=g\",\"caption\":\"Reda\u00e7\u00e3o\"}}]}<\/script>\n<!-- \/ Yoast SEO plugin. -->","yoast_head_json":{"title":"Jair Bolsonaro demite ministro do Turismo - Notibras","robots":{"index":"index","follow":"follow","max-snippet":"max-snippet:-1","max-image-preview":"max-image-preview:large","max-video-preview":"max-video-preview:-1"},"canonical":"https:\/\/www.notibras.com\/site\/jair-bolsonaro-demite-ministro-do-turismo\/","og_locale":"pt_BR","og_type":"article","og_title":"Jair Bolsonaro demite ministro do Turismo - Notibras","og_description":"O presidente Jair Bolsonaro exonerou Marcelo Henrique Teixeira Dias, mais conhecido como Marcelo \u00c1lvaro Ant\u00f4nio (PSL-MG), do cargo de ministro do Turismo. O decreto foi publicado na edi\u00e7\u00e3o desta quarta-feira, 6, do Di\u00e1rio Oficial da Uni\u00e3o, e n\u00e3o traz justificativas para a medida. \u00c1lvaro Ant\u00f4nio foi reeleito deputado federal em 2018 com a maior vota\u00e7\u00e3o [&hellip;]","og_url":"https:\/\/www.notibras.com\/site\/jair-bolsonaro-demite-ministro-do-turismo\/","og_site_name":"Notibras","article_publisher":"https:\/\/www.facebook.com\/notibras\/","article_published_time":"2019-02-06T08:10:45+00:00","article_modified_time":"2019-02-06T09:18:39+00:00","og_image":[{"width":1140,"height":760,"url":"https:\/\/www.notibras.com\/site\/wp-content\/uploads\/2019\/02\/marcelo-alvaro-antonio.jpg","type":"image\/jpeg"}],"author":"Reda\u00e7\u00e3o","twitter_card":"summary_large_image","twitter_creator":"@Notibras","twitter_site":"@Notibras","twitter_misc":{"Escrito por":"Reda\u00e7\u00e3o","Est. tempo de leitura":"2 minutos"},"schema":{"@context":"https:\/\/schema.org","@graph":[{"@type":"Article","@id":"https:\/\/www.notibras.com\/site\/jair-bolsonaro-demite-ministro-do-turismo\/#article","isPartOf":{"@id":"https:\/\/www.notibras.com\/site\/jair-bolsonaro-demite-ministro-do-turismo\/"},"author":{"name":"Reda\u00e7\u00e3o","@id":"https:\/\/www.notibras.com\/site\/#\/schema\/person\/36ab0979449956132d3e5b517ea76ac8"},"headline":"Jair Bolsonaro demite ministro do Turismo","datePublished":"2019-02-06T08:10:45+00:00","dateModified":"2019-02-06T09:18:39+00:00","mainEntityOfPage":{"@id":"https:\/\/www.notibras.com\/site\/jair-bolsonaro-demite-ministro-do-turismo\/"},"wordCount":385,"publisher":{"@id":"https:\/\/www.notibras.com\/site\/#organization"},"image":{"@id":"https:\/\/www.notibras.com\/site\/jair-bolsonaro-demite-ministro-do-turismo\/#primaryimage"},"thumbnailUrl":"https:\/\/www.notibras.com\/site\/wp-content\/uploads\/2019\/02\/marcelo-alvaro-antonio.jpg","keywords":["capa"],"articleSection":["Brasil"],"inLanguage":"pt-BR"},{"@type":"WebPage","@id":"https:\/\/www.notibras.com\/site\/jair-bolsonaro-demite-ministro-do-turismo\/","url":"https:\/\/www.notibras.com\/site\/jair-bolsonaro-demite-ministro-do-turismo\/","name":"Jair Bolsonaro demite ministro do Turismo - Notibras","isPartOf":{"@id":"https:\/\/www.notibras.com\/site\/#website"},"primaryImageOfPage":{"@id":"https:\/\/www.notibras.com\/site\/jair-bolsonaro-demite-ministro-do-turismo\/#primaryimage"},"image":{"@id":"https:\/\/www.notibras.com\/site\/jair-bolsonaro-demite-ministro-do-turismo\/#primaryimage"},"thumbnailUrl":"https:\/\/www.notibras.com\/site\/wp-content\/uploads\/2019\/02\/marcelo-alvaro-antonio.jpg","datePublished":"2019-02-06T08:10:45+00:00","dateModified":"2019-02-06T09:18:39+00:00","breadcrumb":{"@id":"https:\/\/www.notibras.com\/site\/jair-bolsonaro-demite-ministro-do-turismo\/#breadcrumb"},"inLanguage":"pt-BR","potentialAction":[{"@type":"ReadAction","target":["https:\/\/www.notibras.com\/site\/jair-bolsonaro-demite-ministro-do-turismo\/"]}]},{"@type":"ImageObject","inLanguage":"pt-BR","@id":"https:\/\/www.notibras.com\/site\/jair-bolsonaro-demite-ministro-do-turismo\/#primaryimage","url":"https:\/\/www.notibras.com\/site\/wp-content\/uploads\/2019\/02\/marcelo-alvaro-antonio.jpg","contentUrl":"https:\/\/www.notibras.com\/site\/wp-content\/uploads\/2019\/02\/marcelo-alvaro-antonio.jpg","width":1140,"height":760},{"@type":"BreadcrumbList","@id":"https:\/\/www.notibras.com\/site\/jair-bolsonaro-demite-ministro-do-turismo\/#breadcrumb","itemListElement":[{"@type":"ListItem","position":1,"name":"In\u00edcio","item":"https:\/\/www.notibras.com\/site\/"},{"@type":"ListItem","position":2,"name":"Jair Bolsonaro demite ministro do Turismo"}]},{"@type":"WebSite","@id":"https:\/\/www.notibras.com\/site\/#website","url":"https:\/\/www.notibras.com\/site\/","name":"Notibras","description":"Not\u00edcias de Bras\u00edlia, do Brasil e do Mundo","publisher":{"@id":"https:\/\/www.notibras.com\/site\/#organization"},"potentialAction":[{"@type":"SearchAction","target":{"@type":"EntryPoint","urlTemplate":"https:\/\/www.notibras.com\/site\/?s={search_term_string}"},"query-input":{"@type":"PropertyValueSpecification","valueRequired":true,"valueName":"search_term_string"}}],"inLanguage":"pt-BR"},{"@type":"Organization","@id":"https:\/\/www.notibras.com\/site\/#organization","name":"Grupo Notibras de Comunica\u00e7\u00e3o","url":"https:\/\/www.notibras.com\/site\/","logo":{"@type":"ImageObject","inLanguage":"pt-BR","@id":"https:\/\/www.notibras.com\/site\/#\/schema\/logo\/image\/","url":"https:\/\/www.notibras.com\/site\/wp-content\/uploads\/2023\/01\/notibras23.png","contentUrl":"https:\/\/www.notibras.com\/site\/wp-content\/uploads\/2023\/01\/notibras23.png","width":350,"height":87,"caption":"Grupo Notibras de Comunica\u00e7\u00e3o"},"image":{"@id":"https:\/\/www.notibras.com\/site\/#\/schema\/logo\/image\/"},"sameAs":["https:\/\/www.facebook.com\/notibras\/","https:\/\/x.com\/Notibras","https:\/\/www.instagram.com\/notibras\/"]},{"@type":"Person","@id":"https:\/\/www.notibras.com\/site\/#\/schema\/person\/36ab0979449956132d3e5b517ea76ac8","name":"Reda\u00e7\u00e3o","image":{"@type":"ImageObject","inLanguage":"pt-BR","@id":"https:\/\/secure.gravatar.com\/avatar\/e0a867bdedb85fd243eadf09663511f96fc81e0720a4a42581f334ad4303aa6b?s=96&d=mm&r=g","url":"https:\/\/secure.gravatar.com\/avatar\/e0a867bdedb85fd243eadf09663511f96fc81e0720a4a42581f334ad4303aa6b?s=96&d=mm&r=g","contentUrl":"https:\/\/secure.gravatar.com\/avatar\/e0a867bdedb85fd243eadf09663511f96fc81e0720a4a42581f334ad4303aa6b?s=96&d=mm&r=g","caption":"Reda\u00e7\u00e3o"}}]}},"amp_enabled":true,"_links":{"self":[{"href":"https:\/\/www.notibras.com\/site\/wp-json\/wp\/v2\/posts\/201608","targetHints":{"allow":["GET"]}}],"collection":[{"href":"https:\/\/www.notibras.com\/site\/wp-json\/wp\/v2\/posts"}],"about":[{"href":"https:\/\/www.notibras.com\/site\/wp-json\/wp\/v2\/types\/post"}],"author":[{"embeddable":true,"href":"https:\/\/www.notibras.com\/site\/wp-json\/wp\/v2\/users\/2"}],"replies":[{"embeddable":true,"href":"https:\/\/www.notibras.com\/site\/wp-json\/wp\/v2\/comments?post=201608"}],"version-history":[{"count":3,"href":"https:\/\/www.notibras.com\/site\/wp-json\/wp\/v2\/posts\/201608\/revisions"}],"predecessor-version":[{"id":201612,"href":"https:\/\/www.notibras.com\/site\/wp-json\/wp\/v2\/posts\/201608\/revisions\/201612"}],"wp:featuredmedia":[{"embeddable":true,"href":"https:\/\/www.notibras.com\/site\/wp-json\/wp\/v2\/media\/201609"}],"wp:attachment":[{"href":"https:\/\/www.notibras.com\/site\/wp-json\/wp\/v2\/media?parent=201608"}],"wp:term":[{"taxonomy":"category","embeddable":true,"href":"https:\/\/www.notibras.com\/site\/wp-json\/wp\/v2\/categories?post=201608"},{"taxonomy":"post_tag","embeddable":true,"href":"https:\/\/www.notibras.com\/site\/wp-json\/wp\/v2\/tags?post=201608"}],"curies":[{"name":"wp","href":"https:\/\/api.w.org\/{rel}","templated":true}]}}