{"id":20161,"date":"2014-08-19T08:09:05","date_gmt":"2014-08-19T11:09:05","guid":{"rendered":"http:\/\/www.notibras.com\/site\/?p=20161"},"modified":"2014-08-20T00:14:04","modified_gmt":"2014-08-20T03:14:04","slug":"beto-albuquerque-sera-o-vice-de-marina-diz-presidente-do-psb","status":"publish","type":"post","link":"https:\/\/www.notibras.com\/site\/beto-albuquerque-sera-o-vice-de-marina-diz-presidente-do-psb\/","title":{"rendered":"Beto Albuquerque ser\u00e1 o vice de Marina, diz presidente do PSB"},"content":{"rendered":"<p>O PSB deve oficializar neste final de semana o nome do deputado ga\u00facho Beto Albuquerque como vice na chapa encabe\u00e7ada por Marina Silva (Rede). A informa\u00e7\u00e3o \u00e9 do jornalista Jamildo Melo, em seu blog.<\/p>\n<p>A escolha foi anunciada pelo presidente Nacional do PSB, Roberto Amaral, no Recife, ap\u00f3s encontro com lideran\u00e7as locais. Marina fica como a substituta de Eduardo Campos.<\/p>\n<p>\u201cN\u00f3s escolhemos fazer este anuncio aqui em Pernambuco em homenagem a Arraes, em homenagem a Eduardo, em homenagem a Renata e homenagem a Paulo C\u00e2mara, o nosso candidato a governador, em cuja elei\u00e7\u00e3o n\u00f3s nos empenhamos fortemente. A elei\u00e7\u00e3o estadual aqui adquire um car\u00e1ter nacional. Est\u00e1 sendo encarada nacionalmente pelo partido com essa caracter\u00edstica\u201d, explicou Amaral.<\/p>\n<p>Beto Albuquerque disse que estava muito honrado de receber a \u2018miss\u00e3o\u2019.<\/p>\n<blockquote><p>\u201cSa\u00edmos daqui animados, mas com uma tarefa. A tarefa de completar a caminhada que o Eduardo come\u00e7ou e acima de tudo mudar esse pa\u00eds, que parou de melhorar, parou de crescer, voltou a conviver com a corrup\u00e7\u00e3o em alta escala, com poucos resultados, muitas promessas, contas p\u00fablicas desequilibradas e amea\u00e7a de empregos. N\u00e3o vamos deixar a peteca do Brasil que melhorou, que se desenvolveu cair\u201d.<\/p><\/blockquote>\n<p>\u201cVamos pelo Brasil todo mostrar que quem fez em Pernambuco tem que continuar fazendo e quem fez em Pernambuco tem que fazer tamb\u00e9m pelo Brasil. O PSB est\u00e1 100% unificado em honrar este legado de Eduardo Campos\u201d.<\/p>\n<p>Al\u00e9m do prefeito do Recife, Geraldo J\u00falio (PSB), tamb\u00e9m participou da reuni\u00e3o o candidato ao governo do Estado pela Frente Popular, Paulo C\u00e2mara, indicado por Eduardo Campos.<\/p>\n","protected":false},"excerpt":{"rendered":"<p>O PSB deve oficializar neste final de semana o nome do deputado ga\u00facho Beto Albuquerque como vice na chapa encabe\u00e7ada por Marina Silva (Rede). A informa\u00e7\u00e3o \u00e9 do jornalista Jamildo Melo, em seu blog. A escolha foi anunciada pelo presidente Nacional do PSB, Roberto Amaral, no Recife, ap\u00f3s encontro com lideran\u00e7as locais. Marina fica como [&hellip;]<\/p>\n","protected":false},"author":2,"featured_media":20162,"comment_status":"open","ping_status":"closed","sticky":false,"template":"","format":"standard","meta":{"_acf_changed":false,"footnotes":""},"categories":[33],"tags":[],"class_list":["post-20161","post","type-post","status-publish","format-standard","has-post-thumbnail","hentry","category-eleicoes-2014"],"acf":[],"_links":{"self":[{"href":"https:\/\/www.notibras.com\/site\/wp-json\/wp\/v2\/posts\/20161","targetHints":{"allow":["GET"]}}],"collection":[{"href":"https:\/\/www.notibras.com\/site\/wp-json\/wp\/v2\/posts"}],"about":[{"href":"https:\/\/www.notibras.com\/site\/wp-json\/wp\/v2\/types\/post"}],"author":[{"embeddable":true,"href":"https:\/\/www.notibras.com\/site\/wp-json\/wp\/v2\/users\/2"}],"replies":[{"embeddable":true,"href":"https:\/\/www.notibras.com\/site\/wp-json\/wp\/v2\/comments?post=20161"}],"version-history":[{"count":0,"href":"https:\/\/www.notibras.com\/site\/wp-json\/wp\/v2\/posts\/20161\/revisions"}],"wp:featuredmedia":[{"embeddable":true,"href":"https:\/\/www.notibras.com\/site\/wp-json\/wp\/v2\/media\/20162"}],"wp:attachment":[{"href":"https:\/\/www.notibras.com\/site\/wp-json\/wp\/v2\/media?parent=20161"}],"wp:term":[{"taxonomy":"category","embeddable":true,"href":"https:\/\/www.notibras.com\/site\/wp-json\/wp\/v2\/categories?post=20161"},{"taxonomy":"post_tag","embeddable":true,"href":"https:\/\/www.notibras.com\/site\/wp-json\/wp\/v2\/tags?post=20161"}],"curies":[{"name":"wp","href":"https:\/\/api.w.org\/{rel}","templated":true}]}}