{"id":201619,"date":"2019-02-06T08:07:41","date_gmt":"2019-02-06T10:07:41","guid":{"rendered":"https:\/\/www.notibras.com\/site\/?p=201619"},"modified":"2019-02-06T08:11:07","modified_gmt":"2019-02-06T10:11:07","slug":"fim-da-farra-da-anistia-pode-tirar-10-mil-de-dilma","status":"publish","type":"post","link":"https:\/\/www.notibras.com\/site\/fim-da-farra-da-anistia-pode-tirar-10-mil-de-dilma\/","title":{"rendered":"Fim da &#8216;farra&#8217; da anistia pode tirar 10 mil de Dilma"},"content":{"rendered":"<p>O governo Jair Bolsonaro vai acionar a Advocacia-Geral da Uni\u00e3o (AGU) para evitar o pagamento de indeniza\u00e7\u00f5es concedidas pela Comiss\u00e3o de Anistia a ex-militares da For\u00e7a A\u00e9rea Brasileira (FAB), que somam R$ 7,4 bilh\u00f5es. A cifra corresponde a valores retroativos de decis\u00f5es ocorridas nos governos dos ex-presidentes Luiz In\u00e1cio Lula da Silva e Dilma Rousseff. A decis\u00e3o de acionar a AGU foi tomada em conjunto pelo Pal\u00e1cio do Planalto e pelo comando da Aeron\u00e1utica.<\/p>\n<p>At\u00e9 o ano passado, a conta total envolvendo anistiados pol\u00edticos chegava a R$ 17,4 bilh\u00f5es. Desse valor, R$ 9,9 bilh\u00f5es j\u00e1 foram pagos \u2013 R$ 3,5 bilh\u00f5es para ex-militares da Aeron\u00e1utica, do Ex\u00e9rcito e da Marinha e R$ 6,4 bilh\u00f5es para civis. Os contemplados alegam persegui\u00e7\u00e3o pol\u00edtica entre 1946 e 1988.<\/p>\n<p>N\u00e3o existe na legisla\u00e7\u00e3o prazo final para que cidad\u00e3os requeiram a repara\u00e7\u00e3o \u2013 o que significa que a conta nunca fecha. Atualmente, 12.669 pessoas, entre civis e militares, aguardam uma decis\u00e3o. Na fila, est\u00e3o Dilma e Lula. A presidente cassada pede R$ 10,7 mil por m\u00eas, mas j\u00e1 h\u00e1 parecer contr\u00e1rio. O valor, quando concedido, \u00e9 vital\u00edcio.<\/p>\n<p>A Comiss\u00e3o de Anistia \u00e9 formada por, no m\u00ednimo, 20 pessoas indicadas pelo governo. At\u00e9 Michel Temer, a prerrogativa era do Minist\u00e9rio da Justi\u00e7a. Na gest\u00e3o Bolsonaro, passou para a pasta da Mulher, da Fam\u00edlia e dos Direitos Humanos, comandada por Damares Alves. A orienta\u00e7\u00e3o dela \u00e9 \u201cfechar a torneira\u201d das indeniza\u00e7\u00f5es.<\/p>\n<p>A c\u00fapula das For\u00e7as Armadas e o n\u00facleo dos ministros militares do governo Bolsonaro consideram \u201cabsurdo\u201d o pagamento de indeniza\u00e7\u00f5es aos ex-integrantes da FAB. Um brigadeiro disse que a maioria dos pedidos de indeniza\u00e7\u00e3o \u00e9 \u201cindevida\u201d e que muitos pra\u00e7as aproveitaram a pol\u00edtica de repara\u00e7\u00e3o em benef\u00edcio pr\u00f3prio.<\/p>\n<p>Um ministro de origem militar afirmou que, para evitar o pagamento bilion\u00e1rio, o governo decidiu recorrer ao caminho \u201cpol\u00edtico\u201d, al\u00e9m de tentar sensibilizar a opini\u00e3o p\u00fablica para o que ele considera uma \u201croubalheira\u201d dos cofres p\u00fablicos.<\/p>\n<p>Em conversas reservadas, o mesmo ministro avaliou que, no come\u00e7o dos trabalhos da Comiss\u00e3o de Anistia, as indeniza\u00e7\u00f5es foram justas, mas logo teria come\u00e7ado uma s\u00e9rie de benef\u00edcios sem fundamento hist\u00f3rico. Virou uma \u201cind\u00fastria\u201d, de acordo com ele.<\/p>\n<p>Procurada, a assessoria de imprensa da FAB informou que aguarda a chegada oficial da notifica\u00e7\u00e3o dos pedidos de indeniza\u00e7\u00e3o para definir uma \u201clinha de a\u00e7\u00e3o\u201d.<\/p>\n<p>Em 2018, a Comiss\u00e3o de Anistia recebeu 650 novos processos, de um total de quase 77.931 apresentados desde 2002. Apenas 48 requerimentos foram deferidos no ano passado \u2013 a menor quantidade da s\u00e9rie hist\u00f3rica. O auge ocorreu na \u201cera PT\u201d, logo ap\u00f3s a posse de Lula, que, como ex-l\u00edder sindical, recebe aposentadoria de anistiado pelo INSS de cerca de R$ 6 mil.<\/p>\n<p>De 2003 a 2010, o governo Lula concedeu 33.915 anistias. A gest\u00e3o Dilma deferiu 4.264 anistias para civis e militares. J\u00e1 a administra\u00e7\u00e3o Temer liberou 442 pedidos de indeniza\u00e7\u00e3o.<\/p>\n<p>Ex-ministro da Justi\u00e7a do governo Lula, Tarso Genro recha\u00e7ou haver uma \u201cfarra\u201d nas indeniza\u00e7\u00f5es. \u201cO valor deve ter sido destinado a milhares de pessoas atingidas pelas decis\u00f5es de \u2018exce\u00e7\u00e3o\u2019 dos governos de fato oriundos do regime militar. At\u00e9 o momento que acompanhei, estavam sendo pagas a quem de direito\u201d, disse.<\/p>\n<p>Na lista de espera das indeniza\u00e7\u00f5es da Comiss\u00e3o de Anistia est\u00e3o cabos, soldados e sargentos da For\u00e7a A\u00e9rea Brasileira (FAB) que protagonizaram revoltas \u00e0s v\u00e9speras do golpe de abril de 1964 contra o presidente Jo\u00e3o Goulart. Em 12 de maio de 1963, cerca de mil militares da Aeron\u00e1utica realizaram um encontro no Rio que surpreendeu o governo. Eles amea\u00e7avam um movimento armado caso o Supremo Tribunal Federal impedisse a elegibilidade dos militares, o que acabou ocorrendo.<\/p>\n<p>Em 12 de setembro daquele ano, 630 pra\u00e7as da FAB bloquearam as estradas de acesso a Bras\u00edlia, fecharam o aeroporto e ocuparam pr\u00e9dios p\u00fablicos. O \u201cLevante de Bras\u00edlia\u201d foi liderado pelo sargento da FAB Antonio Prestes de Paula, ligado ao l\u00edder trabalhista Leonel Brizola. Os revoltosos prenderam o ministro do STF Vitor Nunes Leal e o presidente interino da C\u00e2mara, Cl\u00f3vis Mota. O soldado do Ex\u00e9rcito Divino Dias dos Anjos e o motorista civil Francisco Moraes foram mortos.<\/p>\n<p>Em outubro de 1964, sete meses depois do golpe, o comando da Aeron\u00e1utica baixou a portaria 1.104 para limitar a progress\u00e3o na carreira, estipulando um desligamento ap\u00f3s oito anos de servi\u00e7o.<\/p>\n<p>A partir da cria\u00e7\u00e3o da Comiss\u00e3o de Anistia, os desligados da FAB ao longo do per\u00edodo militar come\u00e7aram a pedir repara\u00e7\u00e3o. Num primeiro momento, a comiss\u00e3o indeferiu pedidos de quem foi desligado depois da portaria. O grupo passou a aceitar pedidos de quem tinha deixado a for\u00e7a antes da medida por entender que o ato da Aeron\u00e1utica teve car\u00e1ter pol\u00edtico e de exce\u00e7\u00e3o.<\/p>\n","protected":false},"excerpt":{"rendered":"<p>O governo Jair Bolsonaro vai acionar a Advocacia-Geral da Uni\u00e3o (AGU) para evitar o pagamento de indeniza\u00e7\u00f5es concedidas pela Comiss\u00e3o de Anistia a ex-militares da For\u00e7a A\u00e9rea Brasileira (FAB), que somam R$ 7,4 bilh\u00f5es. A cifra corresponde a valores retroativos de decis\u00f5es ocorridas nos governos dos ex-presidentes Luiz In\u00e1cio Lula da Silva e Dilma Rousseff. [&hellip;]<\/p>\n","protected":false},"author":2,"featured_media":156242,"comment_status":"closed","ping_status":"closed","sticky":false,"template":"","format":"standard","meta":{"_acf_changed":false,"footnotes":""},"categories":[16],"tags":[95],"class_list":["post-201619","post","type-post","status-publish","format-standard","has-post-thumbnail","hentry","category-brasil","tag-capa"],"acf":[],"yoast_head":"<!-- This site is optimized with the Yoast SEO plugin v27.2 - https:\/\/yoast.com\/product\/yoast-seo-wordpress\/ -->\n<title>Fim da &#039;farra&#039; da anistia pode tirar 10 mil de Dilma - Notibras<\/title>\n<meta name=\"robots\" content=\"index, follow, max-snippet:-1, max-image-preview:large, max-video-preview:-1\" \/>\n<link rel=\"canonical\" href=\"https:\/\/www.notibras.com\/site\/fim-da-farra-da-anistia-pode-tirar-10-mil-de-dilma\/\" \/>\n<meta property=\"og:locale\" content=\"pt_BR\" \/>\n<meta property=\"og:type\" content=\"article\" \/>\n<meta property=\"og:title\" content=\"Fim da &#039;farra&#039; da anistia pode tirar 10 mil de Dilma - Notibras\" \/>\n<meta property=\"og:description\" content=\"O governo Jair Bolsonaro vai acionar a Advocacia-Geral da Uni\u00e3o (AGU) para evitar o pagamento de indeniza\u00e7\u00f5es concedidas pela Comiss\u00e3o de Anistia a ex-militares da For\u00e7a A\u00e9rea Brasileira (FAB), que somam R$ 7,4 bilh\u00f5es. A cifra corresponde a valores retroativos de decis\u00f5es ocorridas nos governos dos ex-presidentes Luiz In\u00e1cio Lula da Silva e Dilma Rousseff. [&hellip;]\" \/>\n<meta property=\"og:url\" content=\"https:\/\/www.notibras.com\/site\/fim-da-farra-da-anistia-pode-tirar-10-mil-de-dilma\/\" \/>\n<meta property=\"og:site_name\" content=\"Notibras\" \/>\n<meta property=\"article:publisher\" content=\"https:\/\/www.facebook.com\/notibras\/\" \/>\n<meta property=\"article:published_time\" content=\"2019-02-06T10:07:41+00:00\" \/>\n<meta property=\"article:modified_time\" content=\"2019-02-06T10:11:07+00:00\" \/>\n<meta property=\"og:image\" content=\"https:\/\/www.notibras.com\/site\/wp-content\/uploads\/2017\/10\/dilma.jpg\" \/>\n\t<meta property=\"og:image:width\" content=\"980\" \/>\n\t<meta property=\"og:image:height\" content=\"654\" \/>\n\t<meta property=\"og:image:type\" content=\"image\/jpeg\" \/>\n<meta name=\"author\" content=\"Reda\u00e7\u00e3o\" \/>\n<meta name=\"twitter:card\" content=\"summary_large_image\" \/>\n<meta name=\"twitter:creator\" content=\"@Notibras\" \/>\n<meta name=\"twitter:site\" content=\"@Notibras\" \/>\n<meta name=\"twitter:label1\" content=\"Escrito por\" \/>\n\t<meta name=\"twitter:data1\" content=\"Reda\u00e7\u00e3o\" \/>\n\t<meta name=\"twitter:label2\" content=\"Est. tempo de leitura\" \/>\n\t<meta name=\"twitter:data2\" content=\"4 minutos\" \/>\n<script type=\"application\/ld+json\" class=\"yoast-schema-graph\">{\"@context\":\"https:\/\/schema.org\",\"@graph\":[{\"@type\":\"Article\",\"@id\":\"https:\/\/www.notibras.com\/site\/fim-da-farra-da-anistia-pode-tirar-10-mil-de-dilma\/#article\",\"isPartOf\":{\"@id\":\"https:\/\/www.notibras.com\/site\/fim-da-farra-da-anistia-pode-tirar-10-mil-de-dilma\/\"},\"author\":{\"name\":\"Reda\u00e7\u00e3o\",\"@id\":\"https:\/\/www.notibras.com\/site\/#\/schema\/person\/36ab0979449956132d3e5b517ea76ac8\"},\"headline\":\"Fim da &#8216;farra&#8217; da anistia pode tirar 10 mil de Dilma\",\"datePublished\":\"2019-02-06T10:07:41+00:00\",\"dateModified\":\"2019-02-06T10:11:07+00:00\",\"mainEntityOfPage\":{\"@id\":\"https:\/\/www.notibras.com\/site\/fim-da-farra-da-anistia-pode-tirar-10-mil-de-dilma\/\"},\"wordCount\":855,\"publisher\":{\"@id\":\"https:\/\/www.notibras.com\/site\/#organization\"},\"image\":{\"@id\":\"https:\/\/www.notibras.com\/site\/fim-da-farra-da-anistia-pode-tirar-10-mil-de-dilma\/#primaryimage\"},\"thumbnailUrl\":\"https:\/\/www.notibras.com\/site\/wp-content\/uploads\/2017\/10\/dilma.jpg\",\"keywords\":[\"capa\"],\"articleSection\":[\"Brasil\"],\"inLanguage\":\"pt-BR\"},{\"@type\":\"WebPage\",\"@id\":\"https:\/\/www.notibras.com\/site\/fim-da-farra-da-anistia-pode-tirar-10-mil-de-dilma\/\",\"url\":\"https:\/\/www.notibras.com\/site\/fim-da-farra-da-anistia-pode-tirar-10-mil-de-dilma\/\",\"name\":\"Fim da 'farra' da anistia pode tirar 10 mil de Dilma - Notibras\",\"isPartOf\":{\"@id\":\"https:\/\/www.notibras.com\/site\/#website\"},\"primaryImageOfPage\":{\"@id\":\"https:\/\/www.notibras.com\/site\/fim-da-farra-da-anistia-pode-tirar-10-mil-de-dilma\/#primaryimage\"},\"image\":{\"@id\":\"https:\/\/www.notibras.com\/site\/fim-da-farra-da-anistia-pode-tirar-10-mil-de-dilma\/#primaryimage\"},\"thumbnailUrl\":\"https:\/\/www.notibras.com\/site\/wp-content\/uploads\/2017\/10\/dilma.jpg\",\"datePublished\":\"2019-02-06T10:07:41+00:00\",\"dateModified\":\"2019-02-06T10:11:07+00:00\",\"breadcrumb\":{\"@id\":\"https:\/\/www.notibras.com\/site\/fim-da-farra-da-anistia-pode-tirar-10-mil-de-dilma\/#breadcrumb\"},\"inLanguage\":\"pt-BR\",\"potentialAction\":[{\"@type\":\"ReadAction\",\"target\":[\"https:\/\/www.notibras.com\/site\/fim-da-farra-da-anistia-pode-tirar-10-mil-de-dilma\/\"]}]},{\"@type\":\"ImageObject\",\"inLanguage\":\"pt-BR\",\"@id\":\"https:\/\/www.notibras.com\/site\/fim-da-farra-da-anistia-pode-tirar-10-mil-de-dilma\/#primaryimage\",\"url\":\"https:\/\/www.notibras.com\/site\/wp-content\/uploads\/2017\/10\/dilma.jpg\",\"contentUrl\":\"https:\/\/www.notibras.com\/site\/wp-content\/uploads\/2017\/10\/dilma.jpg\",\"width\":980,\"height\":654,\"caption\":\"Foto: Ueslei Marcelino\/Reuters - Estad\u00e3oConte\u00fado\/Arquivo Notibras\"},{\"@type\":\"BreadcrumbList\",\"@id\":\"https:\/\/www.notibras.com\/site\/fim-da-farra-da-anistia-pode-tirar-10-mil-de-dilma\/#breadcrumb\",\"itemListElement\":[{\"@type\":\"ListItem\",\"position\":1,\"name\":\"In\u00edcio\",\"item\":\"https:\/\/www.notibras.com\/site\/\"},{\"@type\":\"ListItem\",\"position\":2,\"name\":\"Fim da &#8216;farra&#8217; da anistia pode tirar 10 mil de Dilma\"}]},{\"@type\":\"WebSite\",\"@id\":\"https:\/\/www.notibras.com\/site\/#website\",\"url\":\"https:\/\/www.notibras.com\/site\/\",\"name\":\"Notibras\",\"description\":\"Not\u00edcias de Bras\u00edlia, do Brasil e do Mundo\",\"publisher\":{\"@id\":\"https:\/\/www.notibras.com\/site\/#organization\"},\"potentialAction\":[{\"@type\":\"SearchAction\",\"target\":{\"@type\":\"EntryPoint\",\"urlTemplate\":\"https:\/\/www.notibras.com\/site\/?s={search_term_string}\"},\"query-input\":{\"@type\":\"PropertyValueSpecification\",\"valueRequired\":true,\"valueName\":\"search_term_string\"}}],\"inLanguage\":\"pt-BR\"},{\"@type\":\"Organization\",\"@id\":\"https:\/\/www.notibras.com\/site\/#organization\",\"name\":\"Grupo Notibras de Comunica\u00e7\u00e3o\",\"url\":\"https:\/\/www.notibras.com\/site\/\",\"logo\":{\"@type\":\"ImageObject\",\"inLanguage\":\"pt-BR\",\"@id\":\"https:\/\/www.notibras.com\/site\/#\/schema\/logo\/image\/\",\"url\":\"https:\/\/www.notibras.com\/site\/wp-content\/uploads\/2023\/01\/notibras23.png\",\"contentUrl\":\"https:\/\/www.notibras.com\/site\/wp-content\/uploads\/2023\/01\/notibras23.png\",\"width\":350,\"height\":87,\"caption\":\"Grupo Notibras de Comunica\u00e7\u00e3o\"},\"image\":{\"@id\":\"https:\/\/www.notibras.com\/site\/#\/schema\/logo\/image\/\"},\"sameAs\":[\"https:\/\/www.facebook.com\/notibras\/\",\"https:\/\/x.com\/Notibras\",\"https:\/\/www.instagram.com\/notibras\/\"]},{\"@type\":\"Person\",\"@id\":\"https:\/\/www.notibras.com\/site\/#\/schema\/person\/36ab0979449956132d3e5b517ea76ac8\",\"name\":\"Reda\u00e7\u00e3o\",\"image\":{\"@type\":\"ImageObject\",\"inLanguage\":\"pt-BR\",\"@id\":\"https:\/\/secure.gravatar.com\/avatar\/e0a867bdedb85fd243eadf09663511f96fc81e0720a4a42581f334ad4303aa6b?s=96&d=mm&r=g\",\"url\":\"https:\/\/secure.gravatar.com\/avatar\/e0a867bdedb85fd243eadf09663511f96fc81e0720a4a42581f334ad4303aa6b?s=96&d=mm&r=g\",\"contentUrl\":\"https:\/\/secure.gravatar.com\/avatar\/e0a867bdedb85fd243eadf09663511f96fc81e0720a4a42581f334ad4303aa6b?s=96&d=mm&r=g\",\"caption\":\"Reda\u00e7\u00e3o\"}}]}<\/script>\n<!-- \/ Yoast SEO plugin. -->","yoast_head_json":{"title":"Fim da 'farra' da anistia pode tirar 10 mil de Dilma - Notibras","robots":{"index":"index","follow":"follow","max-snippet":"max-snippet:-1","max-image-preview":"max-image-preview:large","max-video-preview":"max-video-preview:-1"},"canonical":"https:\/\/www.notibras.com\/site\/fim-da-farra-da-anistia-pode-tirar-10-mil-de-dilma\/","og_locale":"pt_BR","og_type":"article","og_title":"Fim da 'farra' da anistia pode tirar 10 mil de Dilma - Notibras","og_description":"O governo Jair Bolsonaro vai acionar a Advocacia-Geral da Uni\u00e3o (AGU) para evitar o pagamento de indeniza\u00e7\u00f5es concedidas pela Comiss\u00e3o de Anistia a ex-militares da For\u00e7a A\u00e9rea Brasileira (FAB), que somam R$ 7,4 bilh\u00f5es. A cifra corresponde a valores retroativos de decis\u00f5es ocorridas nos governos dos ex-presidentes Luiz In\u00e1cio Lula da Silva e Dilma Rousseff. [&hellip;]","og_url":"https:\/\/www.notibras.com\/site\/fim-da-farra-da-anistia-pode-tirar-10-mil-de-dilma\/","og_site_name":"Notibras","article_publisher":"https:\/\/www.facebook.com\/notibras\/","article_published_time":"2019-02-06T10:07:41+00:00","article_modified_time":"2019-02-06T10:11:07+00:00","og_image":[{"width":980,"height":654,"url":"https:\/\/www.notibras.com\/site\/wp-content\/uploads\/2017\/10\/dilma.jpg","type":"image\/jpeg"}],"author":"Reda\u00e7\u00e3o","twitter_card":"summary_large_image","twitter_creator":"@Notibras","twitter_site":"@Notibras","twitter_misc":{"Escrito por":"Reda\u00e7\u00e3o","Est. tempo de leitura":"4 minutos"},"schema":{"@context":"https:\/\/schema.org","@graph":[{"@type":"Article","@id":"https:\/\/www.notibras.com\/site\/fim-da-farra-da-anistia-pode-tirar-10-mil-de-dilma\/#article","isPartOf":{"@id":"https:\/\/www.notibras.com\/site\/fim-da-farra-da-anistia-pode-tirar-10-mil-de-dilma\/"},"author":{"name":"Reda\u00e7\u00e3o","@id":"https:\/\/www.notibras.com\/site\/#\/schema\/person\/36ab0979449956132d3e5b517ea76ac8"},"headline":"Fim da &#8216;farra&#8217; da anistia pode tirar 10 mil de Dilma","datePublished":"2019-02-06T10:07:41+00:00","dateModified":"2019-02-06T10:11:07+00:00","mainEntityOfPage":{"@id":"https:\/\/www.notibras.com\/site\/fim-da-farra-da-anistia-pode-tirar-10-mil-de-dilma\/"},"wordCount":855,"publisher":{"@id":"https:\/\/www.notibras.com\/site\/#organization"},"image":{"@id":"https:\/\/www.notibras.com\/site\/fim-da-farra-da-anistia-pode-tirar-10-mil-de-dilma\/#primaryimage"},"thumbnailUrl":"https:\/\/www.notibras.com\/site\/wp-content\/uploads\/2017\/10\/dilma.jpg","keywords":["capa"],"articleSection":["Brasil"],"inLanguage":"pt-BR"},{"@type":"WebPage","@id":"https:\/\/www.notibras.com\/site\/fim-da-farra-da-anistia-pode-tirar-10-mil-de-dilma\/","url":"https:\/\/www.notibras.com\/site\/fim-da-farra-da-anistia-pode-tirar-10-mil-de-dilma\/","name":"Fim da 'farra' da anistia pode tirar 10 mil de Dilma - Notibras","isPartOf":{"@id":"https:\/\/www.notibras.com\/site\/#website"},"primaryImageOfPage":{"@id":"https:\/\/www.notibras.com\/site\/fim-da-farra-da-anistia-pode-tirar-10-mil-de-dilma\/#primaryimage"},"image":{"@id":"https:\/\/www.notibras.com\/site\/fim-da-farra-da-anistia-pode-tirar-10-mil-de-dilma\/#primaryimage"},"thumbnailUrl":"https:\/\/www.notibras.com\/site\/wp-content\/uploads\/2017\/10\/dilma.jpg","datePublished":"2019-02-06T10:07:41+00:00","dateModified":"2019-02-06T10:11:07+00:00","breadcrumb":{"@id":"https:\/\/www.notibras.com\/site\/fim-da-farra-da-anistia-pode-tirar-10-mil-de-dilma\/#breadcrumb"},"inLanguage":"pt-BR","potentialAction":[{"@type":"ReadAction","target":["https:\/\/www.notibras.com\/site\/fim-da-farra-da-anistia-pode-tirar-10-mil-de-dilma\/"]}]},{"@type":"ImageObject","inLanguage":"pt-BR","@id":"https:\/\/www.notibras.com\/site\/fim-da-farra-da-anistia-pode-tirar-10-mil-de-dilma\/#primaryimage","url":"https:\/\/www.notibras.com\/site\/wp-content\/uploads\/2017\/10\/dilma.jpg","contentUrl":"https:\/\/www.notibras.com\/site\/wp-content\/uploads\/2017\/10\/dilma.jpg","width":980,"height":654,"caption":"Foto: Ueslei Marcelino\/Reuters - Estad\u00e3oConte\u00fado\/Arquivo Notibras"},{"@type":"BreadcrumbList","@id":"https:\/\/www.notibras.com\/site\/fim-da-farra-da-anistia-pode-tirar-10-mil-de-dilma\/#breadcrumb","itemListElement":[{"@type":"ListItem","position":1,"name":"In\u00edcio","item":"https:\/\/www.notibras.com\/site\/"},{"@type":"ListItem","position":2,"name":"Fim da &#8216;farra&#8217; da anistia pode tirar 10 mil de Dilma"}]},{"@type":"WebSite","@id":"https:\/\/www.notibras.com\/site\/#website","url":"https:\/\/www.notibras.com\/site\/","name":"Notibras","description":"Not\u00edcias de Bras\u00edlia, do Brasil e do Mundo","publisher":{"@id":"https:\/\/www.notibras.com\/site\/#organization"},"potentialAction":[{"@type":"SearchAction","target":{"@type":"EntryPoint","urlTemplate":"https:\/\/www.notibras.com\/site\/?s={search_term_string}"},"query-input":{"@type":"PropertyValueSpecification","valueRequired":true,"valueName":"search_term_string"}}],"inLanguage":"pt-BR"},{"@type":"Organization","@id":"https:\/\/www.notibras.com\/site\/#organization","name":"Grupo Notibras de Comunica\u00e7\u00e3o","url":"https:\/\/www.notibras.com\/site\/","logo":{"@type":"ImageObject","inLanguage":"pt-BR","@id":"https:\/\/www.notibras.com\/site\/#\/schema\/logo\/image\/","url":"https:\/\/www.notibras.com\/site\/wp-content\/uploads\/2023\/01\/notibras23.png","contentUrl":"https:\/\/www.notibras.com\/site\/wp-content\/uploads\/2023\/01\/notibras23.png","width":350,"height":87,"caption":"Grupo Notibras de Comunica\u00e7\u00e3o"},"image":{"@id":"https:\/\/www.notibras.com\/site\/#\/schema\/logo\/image\/"},"sameAs":["https:\/\/www.facebook.com\/notibras\/","https:\/\/x.com\/Notibras","https:\/\/www.instagram.com\/notibras\/"]},{"@type":"Person","@id":"https:\/\/www.notibras.com\/site\/#\/schema\/person\/36ab0979449956132d3e5b517ea76ac8","name":"Reda\u00e7\u00e3o","image":{"@type":"ImageObject","inLanguage":"pt-BR","@id":"https:\/\/secure.gravatar.com\/avatar\/e0a867bdedb85fd243eadf09663511f96fc81e0720a4a42581f334ad4303aa6b?s=96&d=mm&r=g","url":"https:\/\/secure.gravatar.com\/avatar\/e0a867bdedb85fd243eadf09663511f96fc81e0720a4a42581f334ad4303aa6b?s=96&d=mm&r=g","contentUrl":"https:\/\/secure.gravatar.com\/avatar\/e0a867bdedb85fd243eadf09663511f96fc81e0720a4a42581f334ad4303aa6b?s=96&d=mm&r=g","caption":"Reda\u00e7\u00e3o"}}]}},"amp_enabled":true,"_links":{"self":[{"href":"https:\/\/www.notibras.com\/site\/wp-json\/wp\/v2\/posts\/201619","targetHints":{"allow":["GET"]}}],"collection":[{"href":"https:\/\/www.notibras.com\/site\/wp-json\/wp\/v2\/posts"}],"about":[{"href":"https:\/\/www.notibras.com\/site\/wp-json\/wp\/v2\/types\/post"}],"author":[{"embeddable":true,"href":"https:\/\/www.notibras.com\/site\/wp-json\/wp\/v2\/users\/2"}],"replies":[{"embeddable":true,"href":"https:\/\/www.notibras.com\/site\/wp-json\/wp\/v2\/comments?post=201619"}],"version-history":[{"count":5,"href":"https:\/\/www.notibras.com\/site\/wp-json\/wp\/v2\/posts\/201619\/revisions"}],"predecessor-version":[{"id":201624,"href":"https:\/\/www.notibras.com\/site\/wp-json\/wp\/v2\/posts\/201619\/revisions\/201624"}],"wp:featuredmedia":[{"embeddable":true,"href":"https:\/\/www.notibras.com\/site\/wp-json\/wp\/v2\/media\/156242"}],"wp:attachment":[{"href":"https:\/\/www.notibras.com\/site\/wp-json\/wp\/v2\/media?parent=201619"}],"wp:term":[{"taxonomy":"category","embeddable":true,"href":"https:\/\/www.notibras.com\/site\/wp-json\/wp\/v2\/categories?post=201619"},{"taxonomy":"post_tag","embeddable":true,"href":"https:\/\/www.notibras.com\/site\/wp-json\/wp\/v2\/tags?post=201619"}],"curies":[{"name":"wp","href":"https:\/\/api.w.org\/{rel}","templated":true}]}}