{"id":201636,"date":"2019-02-06T12:00:44","date_gmt":"2019-02-06T14:00:44","guid":{"rendered":"https:\/\/www.notibras.com\/site\/?p=201636"},"modified":"2019-02-06T14:26:15","modified_gmt":"2019-02-06T16:26:15","slug":"podem-ate-ter-matado-renan-mas-sera-que-enterraram","status":"publish","type":"post","link":"https:\/\/www.notibras.com\/site\/podem-ate-ter-matado-renan-mas-sera-que-enterraram\/","title":{"rendered":"Podem at\u00e9 ter matado Renan. Mas ser\u00e1 que enterraram?"},"content":{"rendered":"<p>A elei\u00e7\u00e3o \u00e0 Presid\u00eancia do Senado foi o assunto que dominou os primeiros dias da nova legislatura. O epis\u00f3dio recheado de eventos um pouco de tr\u00e1gicos e muito c\u00f4micos rendeu coment\u00e1rios em muitas esferas, at\u00e9 mesmo em espa\u00e7os n\u00e3o muito acostumados a discutir pol\u00edtica. Foi sucesso de Ibope. Tamb\u00e9m convenha-se que as duas sess\u00f5es de sexta-feira e s\u00e1bado era imbat\u00edveis no g\u00eanero novela mexicana. Os atos praticados no plen\u00e1rio foram t\u00e3o insanos que s\u00f3 a solidez do bronze impediu que o busto de Rui Barbosa, ali instalado, derretesse de vergonha.<\/p>\n<p>A segunda-feira foi de acalmia, e Renan Calheiros at\u00e9 recebeu apoios marcadas e exaltados. N\u00e3o no meio pol\u00edtico. Mas em parte significativa dos analistas e comentaristas. Quem passou o fim de semana sem ligar a TV podia at\u00e9 imaginar que o inelut\u00e1vel tinha acontecido. TVs, r\u00e1dios e internet rivalizam de coment\u00e1rios pessimistas, prevendo j\u00e1 o fim do Governo Bolsonaro. Alguns at\u00e9 falaram em impeachment \u00e0 vista. Raros s\u00e3o os consentiram em creditar a Cesar o que \u00e9 de Cesar: o candidato preferido da Esplanada tinha vencido, contrariando a corrente comum dos sabe-tudo. Se com a vit\u00f3ria de Alcolumbre elas j\u00e1 s\u00e3o terr\u00edveis para o Governo, o que teriam sido as manchetes se Renan tivesse sido eleito?<\/p>\n<p>O pior dos erros \u00e9 insistir nele quando os fatos provam o contr\u00e1rio. Deixar a paix\u00e3o subir \u00e0 cabe\u00e7a. O gostoso da paix\u00e3o \u00e9 justamente isso, mas cega quando se trata de an\u00e1lise. N\u00e3o se faz pol\u00edtica com f\u00edgado. E nem se comenta. Por esquecer isso, Carlos Andreazza mergulhou na vitimiza\u00e7\u00e3o na Jovem Pan, e Reinaldo Azevedo chamou seus ouvintes na BandNews de burros e imbecis. N\u00e3o todos, mas os que n\u00e3o pensam exatamente como ele. D\u00e1 na mesma.<\/p>\n<p>O que nenhum dos dois e dos outros que inverteram o resultado da elei\u00e7\u00e3o de David Alcolumbre quiseram explicar \u00e9 que, sem necessariamente torcer por Renan, eles comungam com o ex-Presidente da mesma avers\u00e3o ao S\u00e9rgio Moro em particular, e \u00e0 Lava-Jato em geral. Que Renan tenha prometido aderir \u00e0 pauta reformista, \u00e9 cr\u00edvel (mas n\u00e3o certo), mas \u00e9 l\u00edquido (e muito certo) que, \u00e0 frente do Senado, teria sido empecilho ao plano de reformas no \u00e2mbito de Seguran\u00e7a P\u00fablica e da Justi\u00e7a que o agora Ministro da Justi\u00e7a acaba de apresentar.<\/p>\n<p>O carro-chefe da equipe governamental ser\u00e1 a reforma de Previd\u00eancia. E ter\u00e1 que obter dois ter\u00e7os dos votos nas duas casas. O supervalorizado \u201cgrupo do Renan\u201d teria garantido os 54 votos? Claro que n\u00e3o, j\u00e1 que sua candidatura contava com a ben\u00e7\u00e3o dos petistas, que votar\u00e3o contra a reforma. Nem mesmo no MDB ele era imperador, quem diria no plen\u00e1rio. O argumento dos analistas \u00e9 que David Alcolumbre s\u00f3 obteve 42 votos. O suficiente para ser presidente em primeiro turno, mas longe do necess\u00e1rio para passar uma emenda constitucional. \u00c9 esquecer os 13 votos de Esperidi\u00e3o Amin (PP) e os 8 do \u00c2ngelo Coronel (PSD), que devem, em grande parte, ser reformistas. A quest\u00e3o agora \u00e9 estrat\u00e9gica. Renan continua sendo um influenciador, e tem alguns votos, al\u00e9m do seu. O que fazer com ele?<\/p>\n<p>Nunca a vit\u00f3ria \u00e9 plena em pol\u00edtica, porque numa democracia saud\u00e1vel, a roda gira. No Brasil p\u00f3s-2014, a roda endoidou e parece moinho. Assim, o PT hoje em baixa pode nutrir leg\u00edtima esperan\u00e7a de meia-volta. Olhando como exemplo o DEM, declarado moribundo h\u00e1 alguns meses, e presidindo as duas Casas legislativas hoje. Assim tamb\u00e9m, Renan Calheiros, que agora tem dois anos para recompor seu grupo e tentar voltar \u00e0 presid\u00eancia do Senado em 2021, para comandar o Congresso na elei\u00e7\u00e3o de 2022, mesmo se seus planos envolvem uma candidatura \u00e0 sucess\u00e3o de seu filho no governo de Alagoas.<\/p>\n<p>As condi\u00e7\u00f5es s\u00e3o reunidas para isso: Renan Filho n\u00e3o poderia concorrer por j\u00e1 ter sido (bem) reeleito em 2018, Renan estar\u00e1 no meio de seu mandato de senador, garantindo um cargo em 2023 mesmo em caso de derrota em Macei\u00f3, e o cargo de governador de seu estado \u00e9 o \u00fanico que ainda n\u00e3o exerceu.<\/p>\n<p>Assim sendo, e levando em conta que h\u00e1 vida p\u00f3s-elei\u00e7\u00e3o para a presid\u00eancia e Renan Calheiros continua l\u00e1, no m\u00ednimo como um dos 81, qual seria a boa estrat\u00e9gia para n\u00e3o jogar ele numa eventual oposi\u00e7\u00e3o? Por sinal, nada certa. As palavras MDB e oposi\u00e7\u00e3o nunca estiveram juntas desde a redemocratiza\u00e7\u00e3o. Seria curioso isso acontecer agora.<\/p>\n<p>Nesta quarta-feira, os atores voltam ao palco. Os holofotes n\u00e3o ser\u00e3o t\u00e3o intensos, mas o jogo pode ser disputado: s\u00e3o as comiss\u00f5es permanentes, e a famosa CCJ em pole position. \u00c9 por l\u00e1 que todo projeto tem que passar primeiro. Seu presidente pode atrapalhar pelo menos o calend\u00e1rio do Governo. Renan tem candidato, \u00e9 Z\u00e9 Maranh\u00e3o. Alcolumbre gostaria de retribuir o apoio de Simone Tebet, e trabalha para colocar a senadora do Mato Grosso do Sul no cargo. Um trabalho por enquanto bem sucedido. At\u00e9 mesmo a bancada do MDB n\u00e3o pretende comprar uma briga que virou pessoal. Se a indica\u00e7\u00e3o for confirmada, e por consequ\u00eancia a elei\u00e7\u00e3o, ser\u00e1 um novo desgosto para Renan.<\/p>\n","protected":false},"excerpt":{"rendered":"<p>A elei\u00e7\u00e3o \u00e0 Presid\u00eancia do Senado foi o assunto que dominou os primeiros dias da nova legislatura. O epis\u00f3dio recheado de eventos um pouco de tr\u00e1gicos e muito c\u00f4micos rendeu coment\u00e1rios em muitas esferas, at\u00e9 mesmo em espa\u00e7os n\u00e3o muito acostumados a discutir pol\u00edtica. Foi sucesso de Ibope. Tamb\u00e9m convenha-se que as duas sess\u00f5es de [&hellip;]<\/p>\n","protected":false},"author":2,"featured_media":201638,"comment_status":"closed","ping_status":"closed","sticky":false,"template":"","format":"standard","meta":{"_acf_changed":false,"footnotes":""},"categories":[16],"tags":[95],"class_list":["post-201636","post","type-post","status-publish","format-standard","has-post-thumbnail","hentry","category-brasil","tag-capa"],"acf":[],"yoast_head":"<!-- This site is optimized with the Yoast SEO plugin v27.2 - https:\/\/yoast.com\/product\/yoast-seo-wordpress\/ -->\n<title>Podem at\u00e9 ter matado Renan. Mas ser\u00e1 que enterraram? - Notibras<\/title>\n<meta name=\"robots\" content=\"index, follow, max-snippet:-1, max-image-preview:large, max-video-preview:-1\" \/>\n<link rel=\"canonical\" href=\"https:\/\/www.notibras.com\/site\/podem-ate-ter-matado-renan-mas-sera-que-enterraram\/\" \/>\n<meta property=\"og:locale\" content=\"pt_BR\" \/>\n<meta property=\"og:type\" content=\"article\" \/>\n<meta property=\"og:title\" content=\"Podem at\u00e9 ter matado Renan. Mas ser\u00e1 que enterraram? - Notibras\" \/>\n<meta property=\"og:description\" content=\"A elei\u00e7\u00e3o \u00e0 Presid\u00eancia do Senado foi o assunto que dominou os primeiros dias da nova legislatura. O epis\u00f3dio recheado de eventos um pouco de tr\u00e1gicos e muito c\u00f4micos rendeu coment\u00e1rios em muitas esferas, at\u00e9 mesmo em espa\u00e7os n\u00e3o muito acostumados a discutir pol\u00edtica. Foi sucesso de Ibope. Tamb\u00e9m convenha-se que as duas sess\u00f5es de [&hellip;]\" \/>\n<meta property=\"og:url\" content=\"https:\/\/www.notibras.com\/site\/podem-ate-ter-matado-renan-mas-sera-que-enterraram\/\" \/>\n<meta property=\"og:site_name\" content=\"Notibras\" \/>\n<meta property=\"article:publisher\" content=\"https:\/\/www.facebook.com\/notibras\/\" \/>\n<meta property=\"article:published_time\" content=\"2019-02-06T14:00:44+00:00\" \/>\n<meta property=\"article:modified_time\" content=\"2019-02-06T16:26:15+00:00\" \/>\n<meta property=\"og:image\" content=\"https:\/\/www.notibras.com\/site\/wp-content\/uploads\/2019\/02\/renan-fora5.jpg\" \/>\n\t<meta property=\"og:image:width\" content=\"1140\" \/>\n\t<meta property=\"og:image:height\" content=\"760\" \/>\n\t<meta property=\"og:image:type\" content=\"image\/jpeg\" \/>\n<meta name=\"author\" content=\"Reda\u00e7\u00e3o\" \/>\n<meta name=\"twitter:card\" content=\"summary_large_image\" \/>\n<meta name=\"twitter:creator\" content=\"@Notibras\" \/>\n<meta name=\"twitter:site\" content=\"@Notibras\" \/>\n<meta name=\"twitter:label1\" content=\"Escrito por\" \/>\n\t<meta name=\"twitter:data1\" content=\"Reda\u00e7\u00e3o\" \/>\n\t<meta name=\"twitter:label2\" content=\"Est. tempo de leitura\" \/>\n\t<meta name=\"twitter:data2\" content=\"4 minutos\" \/>\n<script type=\"application\/ld+json\" class=\"yoast-schema-graph\">{\"@context\":\"https:\/\/schema.org\",\"@graph\":[{\"@type\":\"Article\",\"@id\":\"https:\/\/www.notibras.com\/site\/podem-ate-ter-matado-renan-mas-sera-que-enterraram\/#article\",\"isPartOf\":{\"@id\":\"https:\/\/www.notibras.com\/site\/podem-ate-ter-matado-renan-mas-sera-que-enterraram\/\"},\"author\":{\"name\":\"Reda\u00e7\u00e3o\",\"@id\":\"https:\/\/www.notibras.com\/site\/#\/schema\/person\/36ab0979449956132d3e5b517ea76ac8\"},\"headline\":\"Podem at\u00e9 ter matado Renan. Mas ser\u00e1 que enterraram?\",\"datePublished\":\"2019-02-06T14:00:44+00:00\",\"dateModified\":\"2019-02-06T16:26:15+00:00\",\"mainEntityOfPage\":{\"@id\":\"https:\/\/www.notibras.com\/site\/podem-ate-ter-matado-renan-mas-sera-que-enterraram\/\"},\"wordCount\":904,\"publisher\":{\"@id\":\"https:\/\/www.notibras.com\/site\/#organization\"},\"image\":{\"@id\":\"https:\/\/www.notibras.com\/site\/podem-ate-ter-matado-renan-mas-sera-que-enterraram\/#primaryimage\"},\"thumbnailUrl\":\"https:\/\/www.notibras.com\/site\/wp-content\/uploads\/2019\/02\/renan-fora5.jpg\",\"keywords\":[\"capa\"],\"articleSection\":[\"Brasil\"],\"inLanguage\":\"pt-BR\"},{\"@type\":\"WebPage\",\"@id\":\"https:\/\/www.notibras.com\/site\/podem-ate-ter-matado-renan-mas-sera-que-enterraram\/\",\"url\":\"https:\/\/www.notibras.com\/site\/podem-ate-ter-matado-renan-mas-sera-que-enterraram\/\",\"name\":\"Podem at\u00e9 ter matado Renan. Mas ser\u00e1 que enterraram? - Notibras\",\"isPartOf\":{\"@id\":\"https:\/\/www.notibras.com\/site\/#website\"},\"primaryImageOfPage\":{\"@id\":\"https:\/\/www.notibras.com\/site\/podem-ate-ter-matado-renan-mas-sera-que-enterraram\/#primaryimage\"},\"image\":{\"@id\":\"https:\/\/www.notibras.com\/site\/podem-ate-ter-matado-renan-mas-sera-que-enterraram\/#primaryimage\"},\"thumbnailUrl\":\"https:\/\/www.notibras.com\/site\/wp-content\/uploads\/2019\/02\/renan-fora5.jpg\",\"datePublished\":\"2019-02-06T14:00:44+00:00\",\"dateModified\":\"2019-02-06T16:26:15+00:00\",\"breadcrumb\":{\"@id\":\"https:\/\/www.notibras.com\/site\/podem-ate-ter-matado-renan-mas-sera-que-enterraram\/#breadcrumb\"},\"inLanguage\":\"pt-BR\",\"potentialAction\":[{\"@type\":\"ReadAction\",\"target\":[\"https:\/\/www.notibras.com\/site\/podem-ate-ter-matado-renan-mas-sera-que-enterraram\/\"]}]},{\"@type\":\"ImageObject\",\"inLanguage\":\"pt-BR\",\"@id\":\"https:\/\/www.notibras.com\/site\/podem-ate-ter-matado-renan-mas-sera-que-enterraram\/#primaryimage\",\"url\":\"https:\/\/www.notibras.com\/site\/wp-content\/uploads\/2019\/02\/renan-fora5.jpg\",\"contentUrl\":\"https:\/\/www.notibras.com\/site\/wp-content\/uploads\/2019\/02\/renan-fora5.jpg\",\"width\":1140,\"height\":760,\"caption\":\"Foto: F\u00e1bio Rodrigues Pozzebom\/ABr - Arquivo Notibras\"},{\"@type\":\"BreadcrumbList\",\"@id\":\"https:\/\/www.notibras.com\/site\/podem-ate-ter-matado-renan-mas-sera-que-enterraram\/#breadcrumb\",\"itemListElement\":[{\"@type\":\"ListItem\",\"position\":1,\"name\":\"In\u00edcio\",\"item\":\"https:\/\/www.notibras.com\/site\/\"},{\"@type\":\"ListItem\",\"position\":2,\"name\":\"Podem at\u00e9 ter matado Renan. Mas ser\u00e1 que enterraram?\"}]},{\"@type\":\"WebSite\",\"@id\":\"https:\/\/www.notibras.com\/site\/#website\",\"url\":\"https:\/\/www.notibras.com\/site\/\",\"name\":\"Notibras\",\"description\":\"Not\u00edcias de Bras\u00edlia, do Brasil e do Mundo\",\"publisher\":{\"@id\":\"https:\/\/www.notibras.com\/site\/#organization\"},\"potentialAction\":[{\"@type\":\"SearchAction\",\"target\":{\"@type\":\"EntryPoint\",\"urlTemplate\":\"https:\/\/www.notibras.com\/site\/?s={search_term_string}\"},\"query-input\":{\"@type\":\"PropertyValueSpecification\",\"valueRequired\":true,\"valueName\":\"search_term_string\"}}],\"inLanguage\":\"pt-BR\"},{\"@type\":\"Organization\",\"@id\":\"https:\/\/www.notibras.com\/site\/#organization\",\"name\":\"Grupo Notibras de Comunica\u00e7\u00e3o\",\"url\":\"https:\/\/www.notibras.com\/site\/\",\"logo\":{\"@type\":\"ImageObject\",\"inLanguage\":\"pt-BR\",\"@id\":\"https:\/\/www.notibras.com\/site\/#\/schema\/logo\/image\/\",\"url\":\"https:\/\/www.notibras.com\/site\/wp-content\/uploads\/2023\/01\/notibras23.png\",\"contentUrl\":\"https:\/\/www.notibras.com\/site\/wp-content\/uploads\/2023\/01\/notibras23.png\",\"width\":350,\"height\":87,\"caption\":\"Grupo Notibras de Comunica\u00e7\u00e3o\"},\"image\":{\"@id\":\"https:\/\/www.notibras.com\/site\/#\/schema\/logo\/image\/\"},\"sameAs\":[\"https:\/\/www.facebook.com\/notibras\/\",\"https:\/\/x.com\/Notibras\",\"https:\/\/www.instagram.com\/notibras\/\"]},{\"@type\":\"Person\",\"@id\":\"https:\/\/www.notibras.com\/site\/#\/schema\/person\/36ab0979449956132d3e5b517ea76ac8\",\"name\":\"Reda\u00e7\u00e3o\",\"image\":{\"@type\":\"ImageObject\",\"inLanguage\":\"pt-BR\",\"@id\":\"https:\/\/secure.gravatar.com\/avatar\/e0a867bdedb85fd243eadf09663511f96fc81e0720a4a42581f334ad4303aa6b?s=96&d=mm&r=g\",\"url\":\"https:\/\/secure.gravatar.com\/avatar\/e0a867bdedb85fd243eadf09663511f96fc81e0720a4a42581f334ad4303aa6b?s=96&d=mm&r=g\",\"contentUrl\":\"https:\/\/secure.gravatar.com\/avatar\/e0a867bdedb85fd243eadf09663511f96fc81e0720a4a42581f334ad4303aa6b?s=96&d=mm&r=g\",\"caption\":\"Reda\u00e7\u00e3o\"}}]}<\/script>\n<!-- \/ Yoast SEO plugin. -->","yoast_head_json":{"title":"Podem at\u00e9 ter matado Renan. Mas ser\u00e1 que enterraram? - Notibras","robots":{"index":"index","follow":"follow","max-snippet":"max-snippet:-1","max-image-preview":"max-image-preview:large","max-video-preview":"max-video-preview:-1"},"canonical":"https:\/\/www.notibras.com\/site\/podem-ate-ter-matado-renan-mas-sera-que-enterraram\/","og_locale":"pt_BR","og_type":"article","og_title":"Podem at\u00e9 ter matado Renan. Mas ser\u00e1 que enterraram? - Notibras","og_description":"A elei\u00e7\u00e3o \u00e0 Presid\u00eancia do Senado foi o assunto que dominou os primeiros dias da nova legislatura. O epis\u00f3dio recheado de eventos um pouco de tr\u00e1gicos e muito c\u00f4micos rendeu coment\u00e1rios em muitas esferas, at\u00e9 mesmo em espa\u00e7os n\u00e3o muito acostumados a discutir pol\u00edtica. Foi sucesso de Ibope. Tamb\u00e9m convenha-se que as duas sess\u00f5es de [&hellip;]","og_url":"https:\/\/www.notibras.com\/site\/podem-ate-ter-matado-renan-mas-sera-que-enterraram\/","og_site_name":"Notibras","article_publisher":"https:\/\/www.facebook.com\/notibras\/","article_published_time":"2019-02-06T14:00:44+00:00","article_modified_time":"2019-02-06T16:26:15+00:00","og_image":[{"width":1140,"height":760,"url":"https:\/\/www.notibras.com\/site\/wp-content\/uploads\/2019\/02\/renan-fora5.jpg","type":"image\/jpeg"}],"author":"Reda\u00e7\u00e3o","twitter_card":"summary_large_image","twitter_creator":"@Notibras","twitter_site":"@Notibras","twitter_misc":{"Escrito por":"Reda\u00e7\u00e3o","Est. tempo de leitura":"4 minutos"},"schema":{"@context":"https:\/\/schema.org","@graph":[{"@type":"Article","@id":"https:\/\/www.notibras.com\/site\/podem-ate-ter-matado-renan-mas-sera-que-enterraram\/#article","isPartOf":{"@id":"https:\/\/www.notibras.com\/site\/podem-ate-ter-matado-renan-mas-sera-que-enterraram\/"},"author":{"name":"Reda\u00e7\u00e3o","@id":"https:\/\/www.notibras.com\/site\/#\/schema\/person\/36ab0979449956132d3e5b517ea76ac8"},"headline":"Podem at\u00e9 ter matado Renan. Mas ser\u00e1 que enterraram?","datePublished":"2019-02-06T14:00:44+00:00","dateModified":"2019-02-06T16:26:15+00:00","mainEntityOfPage":{"@id":"https:\/\/www.notibras.com\/site\/podem-ate-ter-matado-renan-mas-sera-que-enterraram\/"},"wordCount":904,"publisher":{"@id":"https:\/\/www.notibras.com\/site\/#organization"},"image":{"@id":"https:\/\/www.notibras.com\/site\/podem-ate-ter-matado-renan-mas-sera-que-enterraram\/#primaryimage"},"thumbnailUrl":"https:\/\/www.notibras.com\/site\/wp-content\/uploads\/2019\/02\/renan-fora5.jpg","keywords":["capa"],"articleSection":["Brasil"],"inLanguage":"pt-BR"},{"@type":"WebPage","@id":"https:\/\/www.notibras.com\/site\/podem-ate-ter-matado-renan-mas-sera-que-enterraram\/","url":"https:\/\/www.notibras.com\/site\/podem-ate-ter-matado-renan-mas-sera-que-enterraram\/","name":"Podem at\u00e9 ter matado Renan. Mas ser\u00e1 que enterraram? - Notibras","isPartOf":{"@id":"https:\/\/www.notibras.com\/site\/#website"},"primaryImageOfPage":{"@id":"https:\/\/www.notibras.com\/site\/podem-ate-ter-matado-renan-mas-sera-que-enterraram\/#primaryimage"},"image":{"@id":"https:\/\/www.notibras.com\/site\/podem-ate-ter-matado-renan-mas-sera-que-enterraram\/#primaryimage"},"thumbnailUrl":"https:\/\/www.notibras.com\/site\/wp-content\/uploads\/2019\/02\/renan-fora5.jpg","datePublished":"2019-02-06T14:00:44+00:00","dateModified":"2019-02-06T16:26:15+00:00","breadcrumb":{"@id":"https:\/\/www.notibras.com\/site\/podem-ate-ter-matado-renan-mas-sera-que-enterraram\/#breadcrumb"},"inLanguage":"pt-BR","potentialAction":[{"@type":"ReadAction","target":["https:\/\/www.notibras.com\/site\/podem-ate-ter-matado-renan-mas-sera-que-enterraram\/"]}]},{"@type":"ImageObject","inLanguage":"pt-BR","@id":"https:\/\/www.notibras.com\/site\/podem-ate-ter-matado-renan-mas-sera-que-enterraram\/#primaryimage","url":"https:\/\/www.notibras.com\/site\/wp-content\/uploads\/2019\/02\/renan-fora5.jpg","contentUrl":"https:\/\/www.notibras.com\/site\/wp-content\/uploads\/2019\/02\/renan-fora5.jpg","width":1140,"height":760,"caption":"Foto: F\u00e1bio Rodrigues Pozzebom\/ABr - Arquivo Notibras"},{"@type":"BreadcrumbList","@id":"https:\/\/www.notibras.com\/site\/podem-ate-ter-matado-renan-mas-sera-que-enterraram\/#breadcrumb","itemListElement":[{"@type":"ListItem","position":1,"name":"In\u00edcio","item":"https:\/\/www.notibras.com\/site\/"},{"@type":"ListItem","position":2,"name":"Podem at\u00e9 ter matado Renan. Mas ser\u00e1 que enterraram?"}]},{"@type":"WebSite","@id":"https:\/\/www.notibras.com\/site\/#website","url":"https:\/\/www.notibras.com\/site\/","name":"Notibras","description":"Not\u00edcias de Bras\u00edlia, do Brasil e do Mundo","publisher":{"@id":"https:\/\/www.notibras.com\/site\/#organization"},"potentialAction":[{"@type":"SearchAction","target":{"@type":"EntryPoint","urlTemplate":"https:\/\/www.notibras.com\/site\/?s={search_term_string}"},"query-input":{"@type":"PropertyValueSpecification","valueRequired":true,"valueName":"search_term_string"}}],"inLanguage":"pt-BR"},{"@type":"Organization","@id":"https:\/\/www.notibras.com\/site\/#organization","name":"Grupo Notibras de Comunica\u00e7\u00e3o","url":"https:\/\/www.notibras.com\/site\/","logo":{"@type":"ImageObject","inLanguage":"pt-BR","@id":"https:\/\/www.notibras.com\/site\/#\/schema\/logo\/image\/","url":"https:\/\/www.notibras.com\/site\/wp-content\/uploads\/2023\/01\/notibras23.png","contentUrl":"https:\/\/www.notibras.com\/site\/wp-content\/uploads\/2023\/01\/notibras23.png","width":350,"height":87,"caption":"Grupo Notibras de Comunica\u00e7\u00e3o"},"image":{"@id":"https:\/\/www.notibras.com\/site\/#\/schema\/logo\/image\/"},"sameAs":["https:\/\/www.facebook.com\/notibras\/","https:\/\/x.com\/Notibras","https:\/\/www.instagram.com\/notibras\/"]},{"@type":"Person","@id":"https:\/\/www.notibras.com\/site\/#\/schema\/person\/36ab0979449956132d3e5b517ea76ac8","name":"Reda\u00e7\u00e3o","image":{"@type":"ImageObject","inLanguage":"pt-BR","@id":"https:\/\/secure.gravatar.com\/avatar\/e0a867bdedb85fd243eadf09663511f96fc81e0720a4a42581f334ad4303aa6b?s=96&d=mm&r=g","url":"https:\/\/secure.gravatar.com\/avatar\/e0a867bdedb85fd243eadf09663511f96fc81e0720a4a42581f334ad4303aa6b?s=96&d=mm&r=g","contentUrl":"https:\/\/secure.gravatar.com\/avatar\/e0a867bdedb85fd243eadf09663511f96fc81e0720a4a42581f334ad4303aa6b?s=96&d=mm&r=g","caption":"Reda\u00e7\u00e3o"}}]}},"amp_enabled":true,"_links":{"self":[{"href":"https:\/\/www.notibras.com\/site\/wp-json\/wp\/v2\/posts\/201636","targetHints":{"allow":["GET"]}}],"collection":[{"href":"https:\/\/www.notibras.com\/site\/wp-json\/wp\/v2\/posts"}],"about":[{"href":"https:\/\/www.notibras.com\/site\/wp-json\/wp\/v2\/types\/post"}],"author":[{"embeddable":true,"href":"https:\/\/www.notibras.com\/site\/wp-json\/wp\/v2\/users\/2"}],"replies":[{"embeddable":true,"href":"https:\/\/www.notibras.com\/site\/wp-json\/wp\/v2\/comments?post=201636"}],"version-history":[{"count":1,"href":"https:\/\/www.notibras.com\/site\/wp-json\/wp\/v2\/posts\/201636\/revisions"}],"predecessor-version":[{"id":201639,"href":"https:\/\/www.notibras.com\/site\/wp-json\/wp\/v2\/posts\/201636\/revisions\/201639"}],"wp:featuredmedia":[{"embeddable":true,"href":"https:\/\/www.notibras.com\/site\/wp-json\/wp\/v2\/media\/201638"}],"wp:attachment":[{"href":"https:\/\/www.notibras.com\/site\/wp-json\/wp\/v2\/media?parent=201636"}],"wp:term":[{"taxonomy":"category","embeddable":true,"href":"https:\/\/www.notibras.com\/site\/wp-json\/wp\/v2\/categories?post=201636"},{"taxonomy":"post_tag","embeddable":true,"href":"https:\/\/www.notibras.com\/site\/wp-json\/wp\/v2\/tags?post=201636"}],"curies":[{"name":"wp","href":"https:\/\/api.w.org\/{rel}","templated":true}]}}