{"id":201650,"date":"2019-02-06T14:23:29","date_gmt":"2019-02-06T16:23:29","guid":{"rendered":"https:\/\/www.notibras.com\/site\/?p=201650"},"modified":"2019-02-06T14:25:15","modified_gmt":"2019-02-06T16:25:15","slug":"pensa-que-inseto-e-so-picada-sao-43-bi-na-agricultura","status":"publish","type":"post","link":"https:\/\/www.notibras.com\/site\/pensa-que-inseto-e-so-picada-sao-43-bi-na-agricultura\/","title":{"rendered":"Pensa que inseto \u00e9 s\u00f3 picada? S\u00e3o 43 bi na agricultura"},"content":{"rendered":"<p>O servi\u00e7o ecossist\u00eamico prestado pelos animais polinizadores \u00e0 agricultura brasileira contribuiu com um valor econ\u00f4mico estimado de R$ 43 bilh\u00f5es em 2018. A estimativa se refere ao valores que seriam gastos pelos agricultores caso os polinizadores n\u00e3o contribu\u00edssem para a produ\u00e7\u00e3o de alimentos. O c\u00e1lculo foi feito pela Plataforma Brasileira de Biodiversidade e Servi\u00e7os Ecossist\u00eamicos (BPBES) e pela Rede Brasileira de Intera\u00e7\u00f5es Planta-Polinizador (Rebipp), que lan\u00e7ou nesta quarta (6) o Relat\u00f3rio Tem\u00e1tico sobre Poliniza\u00e7\u00e3o, Polinizadores e Produ\u00e7\u00e3o de Alimentos no Brasil, junto com o Sum\u00e1rio para Tomadores de Decis\u00e3o.<\/p>\n<p>A coordenadora do estudo, Kayna Agostini, professora da Universidade Federal de S\u00e3o Carlos, explica que o trabalho foi feito por 12 pesquisadores de todo o pa\u00eds, com o levantamento de mais de 400 publica\u00e7\u00f5es, e o resultado foi submetido a 11 revisores externos. Segundo ela, o valor \u00e9 estimado pelos servi\u00e7os que os polinizadores prestam \u00e0s culturas para a produ\u00e7\u00e3o de alimentos.<\/p>\n<p>\u201cPor exemplo, a cultura do maracuj\u00e1, para a produ\u00e7\u00e3o de fruto, precisa que uma abelha, a mamangava, de grande porte, visite uma flor e leve o p\u00f3len para o estigma de outra flor, que \u00e9 a parte feminina. S\u00f3 assim come\u00e7a a produ\u00e7\u00e3o do fruto. Se n\u00e3o houver o transporte do p\u00f3len pela abelha, o fruto n\u00e3o \u00e9 formado e \u00e9 necess\u00e1rio que o produtor contrate pessoas para fazer a poliniza\u00e7\u00e3o manual, esfregando a m\u00e3o em uma flor e levando o p\u00f3len para a outra\u201d.<\/p>\n<p>\u00c9 o primeiro levantamento deste tipo no Brasil tornando o pa\u00eds o primeiro a cumprir a recomenda\u00e7\u00e3o da Plataforma Intergovernamental de Biodiversidade e Servi\u00e7os Ecossist\u00eamicos (IPBES), da Organiza\u00e7\u00e3o das Na\u00e7\u00f5es Unidas (ONU). O relat\u00f3rio mundial sobre polinizadores e produ\u00e7\u00e3o de alimentos foi lan\u00e7ado em 2016, sugerindo que os pa\u00edses elaborassem seus estudos locais sobre o tema.<\/p>\n<p>O levantamento econ\u00f4mico considerou 67 cultivos. A soja responde por 60% do valor estimado, seguida pelo caf\u00e9 (12%), laranja (5%) e ma\u00e7\u00e3 (4%). A parte biol\u00f3gica do estudo mostra que do total de 191 culturas agr\u00edcolas do pa\u00eds, 114 (60%) s\u00e3o visitadas por polinizadores e de 91 cultivos que s\u00e3o dependentes desse servi\u00e7o ecossist\u00eamico, em 69 (76%) a a\u00e7\u00e3o dos polinizadores aumenta a quantidade e\/ou a qualidade da produ\u00e7\u00e3o. Segundo as pesquisas, a presen\u00e7a do polinizador pode aumentar a produ\u00e7\u00e3o de soja em 30%. \u201cIsso \u00e9 muita coisa e reverte num valor para o produtor muito grande\u201d, diz Kayna.<\/p>\n<p>Ela destaca tamb\u00e9m que os polinizadores nativos s\u00e3o \u201cmuito mais eficientes que os introduzidos, como a abelha europeia\u201d e que eles proporcionam uma diferen\u00e7a de at\u00e9 200 gramas em um fruto, \u201co que faz muita diferen\u00e7a no pre\u00e7o de prateleira para o produtor\u201d. \u201cEnt\u00e3o esse c\u00e1lculo \u00e9 estimado pelo servi\u00e7o que os polinizadores fazem para a produ\u00e7\u00e3o de alimentos. Se eu n\u00e3o tiver esse polinizador, quanto o produtor vai ter que gastar para que ocorra a forma\u00e7\u00e3o desses frutos, desses gr\u00e3os\u201d, diz a pesquisadora.<\/p>\n<p>O relat\u00f3rio destaca, ainda, que a poliniza\u00e7\u00e3o \u00e9 essencial para 35% das culturas analisadas, 24% delas t\u00eam uma depend\u00eancia alta, em 10% a depend\u00eancia \u00e9 modesta e pouca para 7% das plantas.<\/p>\n<p>No Brasil, mais de 600 esp\u00e9cies de animais visitam as produ\u00e7\u00f5es agr\u00edcolas, sendo que pelo menos 250 t\u00eam potencial de poliniza\u00e7\u00e3o. Os principais polinizadores s\u00e3o as abelhas, com 66% das esp\u00e9cies, e tamb\u00e9m constam na lista besouros, borboletas, mariposas, aves, vespas, moscas, morcegos e percevejos. As abelhas participam da poliniza\u00e7\u00e3o de 80% das plantas cultivadas ou silvestres, sendo polinizadores exclusivos de 65% delas.<\/p>\n<p>Kayna destaca que o relat\u00f3rio aponta os riscos que os polinizadores est\u00e3o sofrendo, como perda de habitat, mudan\u00e7as clim\u00e1ticas, polui\u00e7\u00e3o ambiental, agrot\u00f3xicos, esp\u00e9cies invasoras, doen\u00e7as e pat\u00f3genos.<\/p>\n<p>\u201cOs riscos s\u00e3o diversos, entre eles os agrot\u00f3xicos. \u00c9 cada vez mais preocupante, agora em janeiro acabou de ter a legaliza\u00e7\u00e3o de 28 mol\u00e9culas que s\u00e3o extremamente t\u00f3xicas e fazem mal para os polinizadores. Outra coisa que faz mal \u00e9 a fragmenta\u00e7\u00e3o de habitat, voc\u00ea perder habitat nativo para que esses polinizadores fiquem pr\u00f3ximos \u00e0 produ\u00e7\u00e3o de alimentos. Isso \u00e9 muito chocante no Brasil\u201d.<\/p>\n<p>Em contrapartida, a pesquisa lista as oportunidades que devem ser aproveitadas. \u201cSe voc\u00ea tem uma agricultura extensiva e coloca diversos tipos de plantas no corredor, voc\u00ea est\u00e1 oferecendo mais alimentos para os polinizadores, atraindo mais polinizadores para o local. Com rela\u00e7\u00e3o ao agrot\u00f3xico, o que a gente sente falta \u00e9 de medidas mitigadoras. Eu coloquei o agrot\u00f3xico, mas o que eu posso fazer para resolver essa situa\u00e7\u00e3o? Quais s\u00e3o as doses reais que eu tenho que aplicar? A gente v\u00ea que n\u00e3o existe muito um controle sobre isso\u201d, diz Kayna.<\/p>\n<p>A plataforma BPBES foi lan\u00e7ada em 2017, com o objetivo de elaborar o Diagn\u00f3stico Brasileiro sobre Biodiversidade e Servi\u00e7os Ecossist\u00eamicos, o primeiro do g\u00eanero voltado para subsidiar o processo de decis\u00f5es ambientais no Brasil.<\/p>\n<p>O documento foi lan\u00e7ado em novembro, mas a BPBES continuou preparando relat\u00f3rios tem\u00e1ticos.<\/p>\n<p>Al\u00e9m do diagn\u00f3stico dos polinizadores, j\u00e1 foi lan\u00e7ado o Pot\u00eancia Ambiental da Biodiversidade: um caminho inovador para o Brasil, em parceria com o Painel Brasileiro de Mudan\u00e7as Clim\u00e1ticas, que aborda o tema das Mudan\u00e7as Clim\u00e1ticas. Os pr\u00f3ximos a serem lan\u00e7ados ser\u00e3o Restaura\u00e7\u00e3o de paisagens e ecossistemas; \u00c1gua: biodiversidade, servi\u00e7os ecossist\u00eamicos e bem-estar humano; e Contribui\u00e7\u00e3o dos povos ind\u00edgenas e comunidades locais tradicionais par a biodiversidade brasileira. Todos os relat\u00f3rios podem ser acessados no site da BPBES.<\/p>\n","protected":false},"excerpt":{"rendered":"<p>O servi\u00e7o ecossist\u00eamico prestado pelos animais polinizadores \u00e0 agricultura brasileira contribuiu com um valor econ\u00f4mico estimado de R$ 43 bilh\u00f5es em 2018. A estimativa se refere ao valores que seriam gastos pelos agricultores caso os polinizadores n\u00e3o contribu\u00edssem para a produ\u00e7\u00e3o de alimentos. O c\u00e1lculo foi feito pela Plataforma Brasileira de Biodiversidade e Servi\u00e7os Ecossist\u00eamicos [&hellip;]<\/p>\n","protected":false},"author":2,"featured_media":201651,"comment_status":"closed","ping_status":"closed","sticky":false,"template":"","format":"standard","meta":{"_acf_changed":false,"footnotes":""},"categories":[16],"tags":[95],"class_list":["post-201650","post","type-post","status-publish","format-standard","has-post-thumbnail","hentry","category-brasil","tag-capa"],"acf":[],"yoast_head":"<!-- This site is optimized with the Yoast SEO plugin v27.2 - https:\/\/yoast.com\/product\/yoast-seo-wordpress\/ -->\n<title>Pensa que inseto \u00e9 s\u00f3 picada? S\u00e3o 43 bi na agricultura - Notibras<\/title>\n<meta name=\"robots\" content=\"index, follow, max-snippet:-1, max-image-preview:large, max-video-preview:-1\" \/>\n<link rel=\"canonical\" href=\"https:\/\/www.notibras.com\/site\/pensa-que-inseto-e-so-picada-sao-43-bi-na-agricultura\/\" \/>\n<meta property=\"og:locale\" content=\"pt_BR\" \/>\n<meta property=\"og:type\" content=\"article\" \/>\n<meta property=\"og:title\" content=\"Pensa que inseto \u00e9 s\u00f3 picada? S\u00e3o 43 bi na agricultura - Notibras\" \/>\n<meta property=\"og:description\" content=\"O servi\u00e7o ecossist\u00eamico prestado pelos animais polinizadores \u00e0 agricultura brasileira contribuiu com um valor econ\u00f4mico estimado de R$ 43 bilh\u00f5es em 2018. A estimativa se refere ao valores que seriam gastos pelos agricultores caso os polinizadores n\u00e3o contribu\u00edssem para a produ\u00e7\u00e3o de alimentos. O c\u00e1lculo foi feito pela Plataforma Brasileira de Biodiversidade e Servi\u00e7os Ecossist\u00eamicos [&hellip;]\" \/>\n<meta property=\"og:url\" content=\"https:\/\/www.notibras.com\/site\/pensa-que-inseto-e-so-picada-sao-43-bi-na-agricultura\/\" \/>\n<meta property=\"og:site_name\" content=\"Notibras\" \/>\n<meta property=\"article:publisher\" content=\"https:\/\/www.facebook.com\/notibras\/\" \/>\n<meta property=\"article:published_time\" content=\"2019-02-06T16:23:29+00:00\" \/>\n<meta property=\"article:modified_time\" content=\"2019-02-06T16:25:15+00:00\" \/>\n<meta property=\"og:image\" content=\"https:\/\/www.notibras.com\/site\/wp-content\/uploads\/2019\/02\/inseto.jpg\" \/>\n\t<meta property=\"og:image:width\" content=\"1140\" \/>\n\t<meta property=\"og:image:height\" content=\"760\" \/>\n\t<meta property=\"og:image:type\" content=\"image\/jpeg\" \/>\n<meta name=\"author\" content=\"Reda\u00e7\u00e3o\" \/>\n<meta name=\"twitter:card\" content=\"summary_large_image\" \/>\n<meta name=\"twitter:creator\" content=\"@Notibras\" \/>\n<meta name=\"twitter:site\" content=\"@Notibras\" \/>\n<meta name=\"twitter:label1\" content=\"Escrito por\" \/>\n\t<meta name=\"twitter:data1\" content=\"Reda\u00e7\u00e3o\" \/>\n\t<meta name=\"twitter:label2\" content=\"Est. tempo de leitura\" \/>\n\t<meta name=\"twitter:data2\" content=\"5 minutos\" \/>\n<script type=\"application\/ld+json\" class=\"yoast-schema-graph\">{\"@context\":\"https:\/\/schema.org\",\"@graph\":[{\"@type\":\"Article\",\"@id\":\"https:\/\/www.notibras.com\/site\/pensa-que-inseto-e-so-picada-sao-43-bi-na-agricultura\/#article\",\"isPartOf\":{\"@id\":\"https:\/\/www.notibras.com\/site\/pensa-que-inseto-e-so-picada-sao-43-bi-na-agricultura\/\"},\"author\":{\"name\":\"Reda\u00e7\u00e3o\",\"@id\":\"https:\/\/www.notibras.com\/site\/#\/schema\/person\/36ab0979449956132d3e5b517ea76ac8\"},\"headline\":\"Pensa que inseto \u00e9 s\u00f3 picada? S\u00e3o 43 bi na agricultura\",\"datePublished\":\"2019-02-06T16:23:29+00:00\",\"dateModified\":\"2019-02-06T16:25:15+00:00\",\"mainEntityOfPage\":{\"@id\":\"https:\/\/www.notibras.com\/site\/pensa-que-inseto-e-so-picada-sao-43-bi-na-agricultura\/\"},\"wordCount\":971,\"publisher\":{\"@id\":\"https:\/\/www.notibras.com\/site\/#organization\"},\"image\":{\"@id\":\"https:\/\/www.notibras.com\/site\/pensa-que-inseto-e-so-picada-sao-43-bi-na-agricultura\/#primaryimage\"},\"thumbnailUrl\":\"https:\/\/www.notibras.com\/site\/wp-content\/uploads\/2019\/02\/inseto.jpg\",\"keywords\":[\"capa\"],\"articleSection\":[\"Brasil\"],\"inLanguage\":\"pt-BR\"},{\"@type\":\"WebPage\",\"@id\":\"https:\/\/www.notibras.com\/site\/pensa-que-inseto-e-so-picada-sao-43-bi-na-agricultura\/\",\"url\":\"https:\/\/www.notibras.com\/site\/pensa-que-inseto-e-so-picada-sao-43-bi-na-agricultura\/\",\"name\":\"Pensa que inseto \u00e9 s\u00f3 picada? S\u00e3o 43 bi na agricultura - Notibras\",\"isPartOf\":{\"@id\":\"https:\/\/www.notibras.com\/site\/#website\"},\"primaryImageOfPage\":{\"@id\":\"https:\/\/www.notibras.com\/site\/pensa-que-inseto-e-so-picada-sao-43-bi-na-agricultura\/#primaryimage\"},\"image\":{\"@id\":\"https:\/\/www.notibras.com\/site\/pensa-que-inseto-e-so-picada-sao-43-bi-na-agricultura\/#primaryimage\"},\"thumbnailUrl\":\"https:\/\/www.notibras.com\/site\/wp-content\/uploads\/2019\/02\/inseto.jpg\",\"datePublished\":\"2019-02-06T16:23:29+00:00\",\"dateModified\":\"2019-02-06T16:25:15+00:00\",\"breadcrumb\":{\"@id\":\"https:\/\/www.notibras.com\/site\/pensa-que-inseto-e-so-picada-sao-43-bi-na-agricultura\/#breadcrumb\"},\"inLanguage\":\"pt-BR\",\"potentialAction\":[{\"@type\":\"ReadAction\",\"target\":[\"https:\/\/www.notibras.com\/site\/pensa-que-inseto-e-so-picada-sao-43-bi-na-agricultura\/\"]}]},{\"@type\":\"ImageObject\",\"inLanguage\":\"pt-BR\",\"@id\":\"https:\/\/www.notibras.com\/site\/pensa-que-inseto-e-so-picada-sao-43-bi-na-agricultura\/#primaryimage\",\"url\":\"https:\/\/www.notibras.com\/site\/wp-content\/uploads\/2019\/02\/inseto.jpg\",\"contentUrl\":\"https:\/\/www.notibras.com\/site\/wp-content\/uploads\/2019\/02\/inseto.jpg\",\"width\":1140,\"height\":760,\"caption\":\"Foto\/Divulga\u00e7\u00e3o - Marcelo Casimiro Cavalcante\/Rebipp\"},{\"@type\":\"BreadcrumbList\",\"@id\":\"https:\/\/www.notibras.com\/site\/pensa-que-inseto-e-so-picada-sao-43-bi-na-agricultura\/#breadcrumb\",\"itemListElement\":[{\"@type\":\"ListItem\",\"position\":1,\"name\":\"In\u00edcio\",\"item\":\"https:\/\/www.notibras.com\/site\/\"},{\"@type\":\"ListItem\",\"position\":2,\"name\":\"Pensa que inseto \u00e9 s\u00f3 picada? S\u00e3o 43 bi na agricultura\"}]},{\"@type\":\"WebSite\",\"@id\":\"https:\/\/www.notibras.com\/site\/#website\",\"url\":\"https:\/\/www.notibras.com\/site\/\",\"name\":\"Notibras\",\"description\":\"Not\u00edcias de Bras\u00edlia, do Brasil e do Mundo\",\"publisher\":{\"@id\":\"https:\/\/www.notibras.com\/site\/#organization\"},\"potentialAction\":[{\"@type\":\"SearchAction\",\"target\":{\"@type\":\"EntryPoint\",\"urlTemplate\":\"https:\/\/www.notibras.com\/site\/?s={search_term_string}\"},\"query-input\":{\"@type\":\"PropertyValueSpecification\",\"valueRequired\":true,\"valueName\":\"search_term_string\"}}],\"inLanguage\":\"pt-BR\"},{\"@type\":\"Organization\",\"@id\":\"https:\/\/www.notibras.com\/site\/#organization\",\"name\":\"Grupo Notibras de Comunica\u00e7\u00e3o\",\"url\":\"https:\/\/www.notibras.com\/site\/\",\"logo\":{\"@type\":\"ImageObject\",\"inLanguage\":\"pt-BR\",\"@id\":\"https:\/\/www.notibras.com\/site\/#\/schema\/logo\/image\/\",\"url\":\"https:\/\/www.notibras.com\/site\/wp-content\/uploads\/2023\/01\/notibras23.png\",\"contentUrl\":\"https:\/\/www.notibras.com\/site\/wp-content\/uploads\/2023\/01\/notibras23.png\",\"width\":350,\"height\":87,\"caption\":\"Grupo Notibras de Comunica\u00e7\u00e3o\"},\"image\":{\"@id\":\"https:\/\/www.notibras.com\/site\/#\/schema\/logo\/image\/\"},\"sameAs\":[\"https:\/\/www.facebook.com\/notibras\/\",\"https:\/\/x.com\/Notibras\",\"https:\/\/www.instagram.com\/notibras\/\"]},{\"@type\":\"Person\",\"@id\":\"https:\/\/www.notibras.com\/site\/#\/schema\/person\/36ab0979449956132d3e5b517ea76ac8\",\"name\":\"Reda\u00e7\u00e3o\",\"image\":{\"@type\":\"ImageObject\",\"inLanguage\":\"pt-BR\",\"@id\":\"https:\/\/secure.gravatar.com\/avatar\/e0a867bdedb85fd243eadf09663511f96fc81e0720a4a42581f334ad4303aa6b?s=96&d=mm&r=g\",\"url\":\"https:\/\/secure.gravatar.com\/avatar\/e0a867bdedb85fd243eadf09663511f96fc81e0720a4a42581f334ad4303aa6b?s=96&d=mm&r=g\",\"contentUrl\":\"https:\/\/secure.gravatar.com\/avatar\/e0a867bdedb85fd243eadf09663511f96fc81e0720a4a42581f334ad4303aa6b?s=96&d=mm&r=g\",\"caption\":\"Reda\u00e7\u00e3o\"}}]}<\/script>\n<!-- \/ Yoast SEO plugin. -->","yoast_head_json":{"title":"Pensa que inseto \u00e9 s\u00f3 picada? S\u00e3o 43 bi na agricultura - Notibras","robots":{"index":"index","follow":"follow","max-snippet":"max-snippet:-1","max-image-preview":"max-image-preview:large","max-video-preview":"max-video-preview:-1"},"canonical":"https:\/\/www.notibras.com\/site\/pensa-que-inseto-e-so-picada-sao-43-bi-na-agricultura\/","og_locale":"pt_BR","og_type":"article","og_title":"Pensa que inseto \u00e9 s\u00f3 picada? S\u00e3o 43 bi na agricultura - Notibras","og_description":"O servi\u00e7o ecossist\u00eamico prestado pelos animais polinizadores \u00e0 agricultura brasileira contribuiu com um valor econ\u00f4mico estimado de R$ 43 bilh\u00f5es em 2018. A estimativa se refere ao valores que seriam gastos pelos agricultores caso os polinizadores n\u00e3o contribu\u00edssem para a produ\u00e7\u00e3o de alimentos. O c\u00e1lculo foi feito pela Plataforma Brasileira de Biodiversidade e Servi\u00e7os Ecossist\u00eamicos [&hellip;]","og_url":"https:\/\/www.notibras.com\/site\/pensa-que-inseto-e-so-picada-sao-43-bi-na-agricultura\/","og_site_name":"Notibras","article_publisher":"https:\/\/www.facebook.com\/notibras\/","article_published_time":"2019-02-06T16:23:29+00:00","article_modified_time":"2019-02-06T16:25:15+00:00","og_image":[{"width":1140,"height":760,"url":"https:\/\/www.notibras.com\/site\/wp-content\/uploads\/2019\/02\/inseto.jpg","type":"image\/jpeg"}],"author":"Reda\u00e7\u00e3o","twitter_card":"summary_large_image","twitter_creator":"@Notibras","twitter_site":"@Notibras","twitter_misc":{"Escrito por":"Reda\u00e7\u00e3o","Est. tempo de leitura":"5 minutos"},"schema":{"@context":"https:\/\/schema.org","@graph":[{"@type":"Article","@id":"https:\/\/www.notibras.com\/site\/pensa-que-inseto-e-so-picada-sao-43-bi-na-agricultura\/#article","isPartOf":{"@id":"https:\/\/www.notibras.com\/site\/pensa-que-inseto-e-so-picada-sao-43-bi-na-agricultura\/"},"author":{"name":"Reda\u00e7\u00e3o","@id":"https:\/\/www.notibras.com\/site\/#\/schema\/person\/36ab0979449956132d3e5b517ea76ac8"},"headline":"Pensa que inseto \u00e9 s\u00f3 picada? S\u00e3o 43 bi na agricultura","datePublished":"2019-02-06T16:23:29+00:00","dateModified":"2019-02-06T16:25:15+00:00","mainEntityOfPage":{"@id":"https:\/\/www.notibras.com\/site\/pensa-que-inseto-e-so-picada-sao-43-bi-na-agricultura\/"},"wordCount":971,"publisher":{"@id":"https:\/\/www.notibras.com\/site\/#organization"},"image":{"@id":"https:\/\/www.notibras.com\/site\/pensa-que-inseto-e-so-picada-sao-43-bi-na-agricultura\/#primaryimage"},"thumbnailUrl":"https:\/\/www.notibras.com\/site\/wp-content\/uploads\/2019\/02\/inseto.jpg","keywords":["capa"],"articleSection":["Brasil"],"inLanguage":"pt-BR"},{"@type":"WebPage","@id":"https:\/\/www.notibras.com\/site\/pensa-que-inseto-e-so-picada-sao-43-bi-na-agricultura\/","url":"https:\/\/www.notibras.com\/site\/pensa-que-inseto-e-so-picada-sao-43-bi-na-agricultura\/","name":"Pensa que inseto \u00e9 s\u00f3 picada? S\u00e3o 43 bi na agricultura - Notibras","isPartOf":{"@id":"https:\/\/www.notibras.com\/site\/#website"},"primaryImageOfPage":{"@id":"https:\/\/www.notibras.com\/site\/pensa-que-inseto-e-so-picada-sao-43-bi-na-agricultura\/#primaryimage"},"image":{"@id":"https:\/\/www.notibras.com\/site\/pensa-que-inseto-e-so-picada-sao-43-bi-na-agricultura\/#primaryimage"},"thumbnailUrl":"https:\/\/www.notibras.com\/site\/wp-content\/uploads\/2019\/02\/inseto.jpg","datePublished":"2019-02-06T16:23:29+00:00","dateModified":"2019-02-06T16:25:15+00:00","breadcrumb":{"@id":"https:\/\/www.notibras.com\/site\/pensa-que-inseto-e-so-picada-sao-43-bi-na-agricultura\/#breadcrumb"},"inLanguage":"pt-BR","potentialAction":[{"@type":"ReadAction","target":["https:\/\/www.notibras.com\/site\/pensa-que-inseto-e-so-picada-sao-43-bi-na-agricultura\/"]}]},{"@type":"ImageObject","inLanguage":"pt-BR","@id":"https:\/\/www.notibras.com\/site\/pensa-que-inseto-e-so-picada-sao-43-bi-na-agricultura\/#primaryimage","url":"https:\/\/www.notibras.com\/site\/wp-content\/uploads\/2019\/02\/inseto.jpg","contentUrl":"https:\/\/www.notibras.com\/site\/wp-content\/uploads\/2019\/02\/inseto.jpg","width":1140,"height":760,"caption":"Foto\/Divulga\u00e7\u00e3o - Marcelo Casimiro Cavalcante\/Rebipp"},{"@type":"BreadcrumbList","@id":"https:\/\/www.notibras.com\/site\/pensa-que-inseto-e-so-picada-sao-43-bi-na-agricultura\/#breadcrumb","itemListElement":[{"@type":"ListItem","position":1,"name":"In\u00edcio","item":"https:\/\/www.notibras.com\/site\/"},{"@type":"ListItem","position":2,"name":"Pensa que inseto \u00e9 s\u00f3 picada? S\u00e3o 43 bi na agricultura"}]},{"@type":"WebSite","@id":"https:\/\/www.notibras.com\/site\/#website","url":"https:\/\/www.notibras.com\/site\/","name":"Notibras","description":"Not\u00edcias de Bras\u00edlia, do Brasil e do Mundo","publisher":{"@id":"https:\/\/www.notibras.com\/site\/#organization"},"potentialAction":[{"@type":"SearchAction","target":{"@type":"EntryPoint","urlTemplate":"https:\/\/www.notibras.com\/site\/?s={search_term_string}"},"query-input":{"@type":"PropertyValueSpecification","valueRequired":true,"valueName":"search_term_string"}}],"inLanguage":"pt-BR"},{"@type":"Organization","@id":"https:\/\/www.notibras.com\/site\/#organization","name":"Grupo Notibras de Comunica\u00e7\u00e3o","url":"https:\/\/www.notibras.com\/site\/","logo":{"@type":"ImageObject","inLanguage":"pt-BR","@id":"https:\/\/www.notibras.com\/site\/#\/schema\/logo\/image\/","url":"https:\/\/www.notibras.com\/site\/wp-content\/uploads\/2023\/01\/notibras23.png","contentUrl":"https:\/\/www.notibras.com\/site\/wp-content\/uploads\/2023\/01\/notibras23.png","width":350,"height":87,"caption":"Grupo Notibras de Comunica\u00e7\u00e3o"},"image":{"@id":"https:\/\/www.notibras.com\/site\/#\/schema\/logo\/image\/"},"sameAs":["https:\/\/www.facebook.com\/notibras\/","https:\/\/x.com\/Notibras","https:\/\/www.instagram.com\/notibras\/"]},{"@type":"Person","@id":"https:\/\/www.notibras.com\/site\/#\/schema\/person\/36ab0979449956132d3e5b517ea76ac8","name":"Reda\u00e7\u00e3o","image":{"@type":"ImageObject","inLanguage":"pt-BR","@id":"https:\/\/secure.gravatar.com\/avatar\/e0a867bdedb85fd243eadf09663511f96fc81e0720a4a42581f334ad4303aa6b?s=96&d=mm&r=g","url":"https:\/\/secure.gravatar.com\/avatar\/e0a867bdedb85fd243eadf09663511f96fc81e0720a4a42581f334ad4303aa6b?s=96&d=mm&r=g","contentUrl":"https:\/\/secure.gravatar.com\/avatar\/e0a867bdedb85fd243eadf09663511f96fc81e0720a4a42581f334ad4303aa6b?s=96&d=mm&r=g","caption":"Reda\u00e7\u00e3o"}}]}},"amp_enabled":true,"_links":{"self":[{"href":"https:\/\/www.notibras.com\/site\/wp-json\/wp\/v2\/posts\/201650","targetHints":{"allow":["GET"]}}],"collection":[{"href":"https:\/\/www.notibras.com\/site\/wp-json\/wp\/v2\/posts"}],"about":[{"href":"https:\/\/www.notibras.com\/site\/wp-json\/wp\/v2\/types\/post"}],"author":[{"embeddable":true,"href":"https:\/\/www.notibras.com\/site\/wp-json\/wp\/v2\/users\/2"}],"replies":[{"embeddable":true,"href":"https:\/\/www.notibras.com\/site\/wp-json\/wp\/v2\/comments?post=201650"}],"version-history":[{"count":3,"href":"https:\/\/www.notibras.com\/site\/wp-json\/wp\/v2\/posts\/201650\/revisions"}],"predecessor-version":[{"id":201654,"href":"https:\/\/www.notibras.com\/site\/wp-json\/wp\/v2\/posts\/201650\/revisions\/201654"}],"wp:featuredmedia":[{"embeddable":true,"href":"https:\/\/www.notibras.com\/site\/wp-json\/wp\/v2\/media\/201651"}],"wp:attachment":[{"href":"https:\/\/www.notibras.com\/site\/wp-json\/wp\/v2\/media?parent=201650"}],"wp:term":[{"taxonomy":"category","embeddable":true,"href":"https:\/\/www.notibras.com\/site\/wp-json\/wp\/v2\/categories?post=201650"},{"taxonomy":"post_tag","embeddable":true,"href":"https:\/\/www.notibras.com\/site\/wp-json\/wp\/v2\/tags?post=201650"}],"curies":[{"name":"wp","href":"https:\/\/api.w.org\/{rel}","templated":true}]}}