{"id":201655,"date":"2019-02-06T15:58:03","date_gmt":"2019-02-06T17:58:03","guid":{"rendered":"https:\/\/www.notibras.com\/site\/?p=201655"},"modified":"2019-02-06T16:01:50","modified_gmt":"2019-02-06T18:01:50","slug":"flavio-liga-denuncia-de-imovel-a-um-grupo-do-pt","status":"publish","type":"post","link":"https:\/\/www.notibras.com\/site\/flavio-liga-denuncia-de-imovel-a-um-grupo-do-pt\/","title":{"rendered":"Fl\u00e1vio liga den\u00fancia de im\u00f3vel a um grupo do PT"},"content":{"rendered":"<p>O senador Fl\u00e1vio Bolsonaro (PSL-RJ) acusou, em nota, petistas de tentarem prejudicar sua imagem, com den\u00fancias (como a suposta venda ilegal de im\u00f3veis para cobrir gastos de campanha). &#8220;A den\u00fancia \u00e9 desprovida de fundamenta\u00e7\u00e3o; foi feita por um advogado ligado ao PT com o \u00fanico intuito de provocar desgaste pol\u00edtico a seus advers\u00e1rios&#8221;.<\/p>\n<p>&#8220;No \u00e2mbito estadual ela (a den\u00fancia) foi arquivada e, com absoluta certeza, tamb\u00e9m ter\u00e1 o mesmo destino no \u00e2mbito federal&#8221;, disse o senador. A investiga\u00e7\u00e3o tem rela\u00e7\u00e3o com as transa\u00e7\u00f5es imobili\u00e1rias de Fl\u00e1vio Bolsonaro antes de ele assumir o cargo de senador.<\/p>\n<p>A Procuradoria-Geral da Rep\u00fablica, por\u00e9m, pensa diferente. E devolveu o processo para o Minist\u00e9rio P\u00fablico Eleitoral do Rio de Janeiro, por entender que a suposta irregularidade foi registrada antes da elei\u00e7\u00e3o e consequente posse de Fl\u00e1vio Bolsonaro como senador. Assim, ele n\u00e3o faria jus a foro privilegiado.<\/p>\n<p>O inqu\u00e9rito trata de falsifica\u00e7\u00e3o de documento p\u00fablico para fins eleitorais. A avalia\u00e7\u00e3o da PGR \u00e9 a de que o caso n\u00e3o deveria subir para outra inst\u00e2ncia em virtude do novo entendimento do STF sobre o alcance do foro privilegiado, que s\u00f3 deve ser aplicado para os crimes cometidos no exerc\u00edcio do mandato e em fun\u00e7\u00e3o do cargo.<\/p>\n<p>O caso tramitava desde mar\u00e7o de 2018 na PRE-RJ e apurava poss\u00edvel crime eleitoral praticado por Fl\u00e1vio Bolsonaro ao declarar im\u00f3veis comprados por meio de &#8220;negocia\u00e7\u00f5es rel\u00e2mpago&#8221; ao TSE com valores supostamente abaixo do real. No inqu\u00e9rito, h\u00e1 ainda a cita\u00e7\u00e3o de que as negocia\u00e7\u00f5es teriam resultado em aumento do patrim\u00f4nio do atual senador. H\u00e1 no inqu\u00e9rito cita\u00e7\u00e3o \u00e0 poss\u00edvel lavagem de dinheiro.<\/p>\n<p>A procuradora-geral da Rep\u00fablica, Raquel Dodge, disse nesta quarta-feira (6) que est\u00e1 analisando o processo, ao ser abordada pela imprensa quando chegou para a sess\u00e3o plen\u00e1ria do STF.<\/p>\n<p>Sem entrar no caso concreto de Fl\u00e1vio Bolsonaro, o ministro Marco Aur\u00e9lio Mello destacou que a restri\u00e7\u00e3o do alcance do foro privilegiado &#8211; para crimes cometidos no exerc\u00edcio do mandato e em fun\u00e7\u00e3o do cargo &#8211; vale inclusive para quest\u00f5es eleitorais.<\/p>\n<p>&#8220;Penso que o sistema \u00e9 \u00fanico e como o \u00f3rg\u00e3o m\u00e1ximo (o Supremo) concluiu dessa forma, em uma nova leitura da Constitui\u00e7\u00e3o, diminuindo a extens\u00e3o da prerrogativa (do foro privilegiado), os demais tribunais devem observar essa diretriz&#8221;, disse Marco Aur\u00e9lio, que na semana passada rejeitou uma reclama\u00e7\u00e3o do senador envolvendo as investiga\u00e7\u00f5es das movimenta\u00e7\u00f5es at\u00edpicas do ex-assessor Fabr\u00edcio Queiroz.<\/p>\n<p>Em novembro de 2018, a PRE-RJ havia encaminhado a investiga\u00e7\u00e3o para a PF para que fossem cumpridas dilig\u00eancia para apura\u00e7\u00e3o dos fatos, entre elas, o depoimento de Fl\u00e1vio Bolsonaro. O prazo estipulado pela Procuradoria \u00e0 \u00e9poca era de 60 dias para cumprimentos dessas medidas investigat\u00f3rias.<\/p>\n<p>No documento em que enviou, ainda em novembro de 2018, o material para a PF, a PRE-RJ afirma que como Fl\u00e1vio Bolsonaro havia sido eleito senador, ap\u00f3s os 60 dias era necess\u00e1rio o envio do inqu\u00e9rito \u00e0 PGR para analisar a poss\u00edvel exist\u00eancia de foro por prerrogativa de fun\u00e7\u00e3o.<\/p>\n","protected":false},"excerpt":{"rendered":"<p>O senador Fl\u00e1vio Bolsonaro (PSL-RJ) acusou, em nota, petistas de tentarem prejudicar sua imagem, com den\u00fancias (como a suposta venda ilegal de im\u00f3veis para cobrir gastos de campanha). &#8220;A den\u00fancia \u00e9 desprovida de fundamenta\u00e7\u00e3o; foi feita por um advogado ligado ao PT com o \u00fanico intuito de provocar desgaste pol\u00edtico a seus advers\u00e1rios&#8221;. &#8220;No \u00e2mbito [&hellip;]<\/p>\n","protected":false},"author":2,"featured_media":201656,"comment_status":"closed","ping_status":"closed","sticky":false,"template":"","format":"standard","meta":{"_acf_changed":false,"footnotes":""},"categories":[16],"tags":[95],"class_list":["post-201655","post","type-post","status-publish","format-standard","has-post-thumbnail","hentry","category-brasil","tag-capa"],"acf":[],"yoast_head":"<!-- This site is optimized with the Yoast SEO plugin v27.2 - https:\/\/yoast.com\/product\/yoast-seo-wordpress\/ -->\n<title>Fl\u00e1vio liga den\u00fancia de im\u00f3vel a um grupo do PT - Notibras<\/title>\n<meta name=\"robots\" content=\"index, follow, max-snippet:-1, max-image-preview:large, max-video-preview:-1\" \/>\n<link rel=\"canonical\" href=\"https:\/\/www.notibras.com\/site\/flavio-liga-denuncia-de-imovel-a-um-grupo-do-pt\/\" \/>\n<meta property=\"og:locale\" content=\"pt_BR\" \/>\n<meta property=\"og:type\" content=\"article\" \/>\n<meta property=\"og:title\" content=\"Fl\u00e1vio liga den\u00fancia de im\u00f3vel a um grupo do PT - Notibras\" \/>\n<meta property=\"og:description\" content=\"O senador Fl\u00e1vio Bolsonaro (PSL-RJ) acusou, em nota, petistas de tentarem prejudicar sua imagem, com den\u00fancias (como a suposta venda ilegal de im\u00f3veis para cobrir gastos de campanha). &#8220;A den\u00fancia \u00e9 desprovida de fundamenta\u00e7\u00e3o; foi feita por um advogado ligado ao PT com o \u00fanico intuito de provocar desgaste pol\u00edtico a seus advers\u00e1rios&#8221;. &#8220;No \u00e2mbito [&hellip;]\" \/>\n<meta property=\"og:url\" content=\"https:\/\/www.notibras.com\/site\/flavio-liga-denuncia-de-imovel-a-um-grupo-do-pt\/\" \/>\n<meta property=\"og:site_name\" content=\"Notibras\" \/>\n<meta property=\"article:publisher\" content=\"https:\/\/www.facebook.com\/notibras\/\" \/>\n<meta property=\"article:published_time\" content=\"2019-02-06T17:58:03+00:00\" \/>\n<meta property=\"article:modified_time\" content=\"2019-02-06T18:01:50+00:00\" \/>\n<meta property=\"og:image\" content=\"https:\/\/www.notibras.com\/site\/wp-content\/uploads\/2019\/02\/fl\u00e1vio-senador-6.jpg\" \/>\n\t<meta property=\"og:image:width\" content=\"1140\" \/>\n\t<meta property=\"og:image:height\" content=\"760\" \/>\n\t<meta property=\"og:image:type\" content=\"image\/jpeg\" \/>\n<meta name=\"author\" content=\"Reda\u00e7\u00e3o\" \/>\n<meta name=\"twitter:card\" content=\"summary_large_image\" \/>\n<meta name=\"twitter:creator\" content=\"@Notibras\" \/>\n<meta name=\"twitter:site\" content=\"@Notibras\" \/>\n<meta name=\"twitter:label1\" content=\"Escrito por\" \/>\n\t<meta name=\"twitter:data1\" content=\"Reda\u00e7\u00e3o\" \/>\n\t<meta name=\"twitter:label2\" content=\"Est. tempo de leitura\" \/>\n\t<meta name=\"twitter:data2\" content=\"3 minutos\" \/>\n<script type=\"application\/ld+json\" class=\"yoast-schema-graph\">{\"@context\":\"https:\/\/schema.org\",\"@graph\":[{\"@type\":\"Article\",\"@id\":\"https:\/\/www.notibras.com\/site\/flavio-liga-denuncia-de-imovel-a-um-grupo-do-pt\/#article\",\"isPartOf\":{\"@id\":\"https:\/\/www.notibras.com\/site\/flavio-liga-denuncia-de-imovel-a-um-grupo-do-pt\/\"},\"author\":{\"name\":\"Reda\u00e7\u00e3o\",\"@id\":\"https:\/\/www.notibras.com\/site\/#\/schema\/person\/36ab0979449956132d3e5b517ea76ac8\"},\"headline\":\"Fl\u00e1vio liga den\u00fancia de im\u00f3vel a um grupo do PT\",\"datePublished\":\"2019-02-06T17:58:03+00:00\",\"dateModified\":\"2019-02-06T18:01:50+00:00\",\"mainEntityOfPage\":{\"@id\":\"https:\/\/www.notibras.com\/site\/flavio-liga-denuncia-de-imovel-a-um-grupo-do-pt\/\"},\"wordCount\":559,\"publisher\":{\"@id\":\"https:\/\/www.notibras.com\/site\/#organization\"},\"image\":{\"@id\":\"https:\/\/www.notibras.com\/site\/flavio-liga-denuncia-de-imovel-a-um-grupo-do-pt\/#primaryimage\"},\"thumbnailUrl\":\"https:\/\/www.notibras.com\/site\/wp-content\/uploads\/2019\/02\/fl\u00e1vio-senador-6.jpg\",\"keywords\":[\"capa\"],\"articleSection\":[\"Brasil\"],\"inLanguage\":\"pt-BR\"},{\"@type\":\"WebPage\",\"@id\":\"https:\/\/www.notibras.com\/site\/flavio-liga-denuncia-de-imovel-a-um-grupo-do-pt\/\",\"url\":\"https:\/\/www.notibras.com\/site\/flavio-liga-denuncia-de-imovel-a-um-grupo-do-pt\/\",\"name\":\"Fl\u00e1vio liga den\u00fancia de im\u00f3vel a um grupo do PT - Notibras\",\"isPartOf\":{\"@id\":\"https:\/\/www.notibras.com\/site\/#website\"},\"primaryImageOfPage\":{\"@id\":\"https:\/\/www.notibras.com\/site\/flavio-liga-denuncia-de-imovel-a-um-grupo-do-pt\/#primaryimage\"},\"image\":{\"@id\":\"https:\/\/www.notibras.com\/site\/flavio-liga-denuncia-de-imovel-a-um-grupo-do-pt\/#primaryimage\"},\"thumbnailUrl\":\"https:\/\/www.notibras.com\/site\/wp-content\/uploads\/2019\/02\/fl\u00e1vio-senador-6.jpg\",\"datePublished\":\"2019-02-06T17:58:03+00:00\",\"dateModified\":\"2019-02-06T18:01:50+00:00\",\"breadcrumb\":{\"@id\":\"https:\/\/www.notibras.com\/site\/flavio-liga-denuncia-de-imovel-a-um-grupo-do-pt\/#breadcrumb\"},\"inLanguage\":\"pt-BR\",\"potentialAction\":[{\"@type\":\"ReadAction\",\"target\":[\"https:\/\/www.notibras.com\/site\/flavio-liga-denuncia-de-imovel-a-um-grupo-do-pt\/\"]}]},{\"@type\":\"ImageObject\",\"inLanguage\":\"pt-BR\",\"@id\":\"https:\/\/www.notibras.com\/site\/flavio-liga-denuncia-de-imovel-a-um-grupo-do-pt\/#primaryimage\",\"url\":\"https:\/\/www.notibras.com\/site\/wp-content\/uploads\/2019\/02\/fl\u00e1vio-senador-6.jpg\",\"contentUrl\":\"https:\/\/www.notibras.com\/site\/wp-content\/uploads\/2019\/02\/fl\u00e1vio-senador-6.jpg\",\"width\":1140,\"height\":760,\"caption\":\"Filho do presidente, j\u00e1 senador, alega persegui\u00e7\u00e3o pol\u00edtica. Foto\/Arquivo Notibras\"},{\"@type\":\"BreadcrumbList\",\"@id\":\"https:\/\/www.notibras.com\/site\/flavio-liga-denuncia-de-imovel-a-um-grupo-do-pt\/#breadcrumb\",\"itemListElement\":[{\"@type\":\"ListItem\",\"position\":1,\"name\":\"In\u00edcio\",\"item\":\"https:\/\/www.notibras.com\/site\/\"},{\"@type\":\"ListItem\",\"position\":2,\"name\":\"Fl\u00e1vio liga den\u00fancia de im\u00f3vel a um grupo do PT\"}]},{\"@type\":\"WebSite\",\"@id\":\"https:\/\/www.notibras.com\/site\/#website\",\"url\":\"https:\/\/www.notibras.com\/site\/\",\"name\":\"Notibras\",\"description\":\"Not\u00edcias de Bras\u00edlia, do Brasil e do Mundo\",\"publisher\":{\"@id\":\"https:\/\/www.notibras.com\/site\/#organization\"},\"potentialAction\":[{\"@type\":\"SearchAction\",\"target\":{\"@type\":\"EntryPoint\",\"urlTemplate\":\"https:\/\/www.notibras.com\/site\/?s={search_term_string}\"},\"query-input\":{\"@type\":\"PropertyValueSpecification\",\"valueRequired\":true,\"valueName\":\"search_term_string\"}}],\"inLanguage\":\"pt-BR\"},{\"@type\":\"Organization\",\"@id\":\"https:\/\/www.notibras.com\/site\/#organization\",\"name\":\"Grupo Notibras de Comunica\u00e7\u00e3o\",\"url\":\"https:\/\/www.notibras.com\/site\/\",\"logo\":{\"@type\":\"ImageObject\",\"inLanguage\":\"pt-BR\",\"@id\":\"https:\/\/www.notibras.com\/site\/#\/schema\/logo\/image\/\",\"url\":\"https:\/\/www.notibras.com\/site\/wp-content\/uploads\/2023\/01\/notibras23.png\",\"contentUrl\":\"https:\/\/www.notibras.com\/site\/wp-content\/uploads\/2023\/01\/notibras23.png\",\"width\":350,\"height\":87,\"caption\":\"Grupo Notibras de Comunica\u00e7\u00e3o\"},\"image\":{\"@id\":\"https:\/\/www.notibras.com\/site\/#\/schema\/logo\/image\/\"},\"sameAs\":[\"https:\/\/www.facebook.com\/notibras\/\",\"https:\/\/x.com\/Notibras\",\"https:\/\/www.instagram.com\/notibras\/\"]},{\"@type\":\"Person\",\"@id\":\"https:\/\/www.notibras.com\/site\/#\/schema\/person\/36ab0979449956132d3e5b517ea76ac8\",\"name\":\"Reda\u00e7\u00e3o\",\"image\":{\"@type\":\"ImageObject\",\"inLanguage\":\"pt-BR\",\"@id\":\"https:\/\/secure.gravatar.com\/avatar\/e0a867bdedb85fd243eadf09663511f96fc81e0720a4a42581f334ad4303aa6b?s=96&d=mm&r=g\",\"url\":\"https:\/\/secure.gravatar.com\/avatar\/e0a867bdedb85fd243eadf09663511f96fc81e0720a4a42581f334ad4303aa6b?s=96&d=mm&r=g\",\"contentUrl\":\"https:\/\/secure.gravatar.com\/avatar\/e0a867bdedb85fd243eadf09663511f96fc81e0720a4a42581f334ad4303aa6b?s=96&d=mm&r=g\",\"caption\":\"Reda\u00e7\u00e3o\"}}]}<\/script>\n<!-- \/ Yoast SEO plugin. -->","yoast_head_json":{"title":"Fl\u00e1vio liga den\u00fancia de im\u00f3vel a um grupo do PT - Notibras","robots":{"index":"index","follow":"follow","max-snippet":"max-snippet:-1","max-image-preview":"max-image-preview:large","max-video-preview":"max-video-preview:-1"},"canonical":"https:\/\/www.notibras.com\/site\/flavio-liga-denuncia-de-imovel-a-um-grupo-do-pt\/","og_locale":"pt_BR","og_type":"article","og_title":"Fl\u00e1vio liga den\u00fancia de im\u00f3vel a um grupo do PT - Notibras","og_description":"O senador Fl\u00e1vio Bolsonaro (PSL-RJ) acusou, em nota, petistas de tentarem prejudicar sua imagem, com den\u00fancias (como a suposta venda ilegal de im\u00f3veis para cobrir gastos de campanha). &#8220;A den\u00fancia \u00e9 desprovida de fundamenta\u00e7\u00e3o; foi feita por um advogado ligado ao PT com o \u00fanico intuito de provocar desgaste pol\u00edtico a seus advers\u00e1rios&#8221;. &#8220;No \u00e2mbito [&hellip;]","og_url":"https:\/\/www.notibras.com\/site\/flavio-liga-denuncia-de-imovel-a-um-grupo-do-pt\/","og_site_name":"Notibras","article_publisher":"https:\/\/www.facebook.com\/notibras\/","article_published_time":"2019-02-06T17:58:03+00:00","article_modified_time":"2019-02-06T18:01:50+00:00","og_image":[{"width":1140,"height":760,"url":"https:\/\/www.notibras.com\/site\/wp-content\/uploads\/2019\/02\/fl\u00e1vio-senador-6.jpg","type":"image\/jpeg"}],"author":"Reda\u00e7\u00e3o","twitter_card":"summary_large_image","twitter_creator":"@Notibras","twitter_site":"@Notibras","twitter_misc":{"Escrito por":"Reda\u00e7\u00e3o","Est. tempo de leitura":"3 minutos"},"schema":{"@context":"https:\/\/schema.org","@graph":[{"@type":"Article","@id":"https:\/\/www.notibras.com\/site\/flavio-liga-denuncia-de-imovel-a-um-grupo-do-pt\/#article","isPartOf":{"@id":"https:\/\/www.notibras.com\/site\/flavio-liga-denuncia-de-imovel-a-um-grupo-do-pt\/"},"author":{"name":"Reda\u00e7\u00e3o","@id":"https:\/\/www.notibras.com\/site\/#\/schema\/person\/36ab0979449956132d3e5b517ea76ac8"},"headline":"Fl\u00e1vio liga den\u00fancia de im\u00f3vel a um grupo do PT","datePublished":"2019-02-06T17:58:03+00:00","dateModified":"2019-02-06T18:01:50+00:00","mainEntityOfPage":{"@id":"https:\/\/www.notibras.com\/site\/flavio-liga-denuncia-de-imovel-a-um-grupo-do-pt\/"},"wordCount":559,"publisher":{"@id":"https:\/\/www.notibras.com\/site\/#organization"},"image":{"@id":"https:\/\/www.notibras.com\/site\/flavio-liga-denuncia-de-imovel-a-um-grupo-do-pt\/#primaryimage"},"thumbnailUrl":"https:\/\/www.notibras.com\/site\/wp-content\/uploads\/2019\/02\/fl\u00e1vio-senador-6.jpg","keywords":["capa"],"articleSection":["Brasil"],"inLanguage":"pt-BR"},{"@type":"WebPage","@id":"https:\/\/www.notibras.com\/site\/flavio-liga-denuncia-de-imovel-a-um-grupo-do-pt\/","url":"https:\/\/www.notibras.com\/site\/flavio-liga-denuncia-de-imovel-a-um-grupo-do-pt\/","name":"Fl\u00e1vio liga den\u00fancia de im\u00f3vel a um grupo do PT - Notibras","isPartOf":{"@id":"https:\/\/www.notibras.com\/site\/#website"},"primaryImageOfPage":{"@id":"https:\/\/www.notibras.com\/site\/flavio-liga-denuncia-de-imovel-a-um-grupo-do-pt\/#primaryimage"},"image":{"@id":"https:\/\/www.notibras.com\/site\/flavio-liga-denuncia-de-imovel-a-um-grupo-do-pt\/#primaryimage"},"thumbnailUrl":"https:\/\/www.notibras.com\/site\/wp-content\/uploads\/2019\/02\/fl\u00e1vio-senador-6.jpg","datePublished":"2019-02-06T17:58:03+00:00","dateModified":"2019-02-06T18:01:50+00:00","breadcrumb":{"@id":"https:\/\/www.notibras.com\/site\/flavio-liga-denuncia-de-imovel-a-um-grupo-do-pt\/#breadcrumb"},"inLanguage":"pt-BR","potentialAction":[{"@type":"ReadAction","target":["https:\/\/www.notibras.com\/site\/flavio-liga-denuncia-de-imovel-a-um-grupo-do-pt\/"]}]},{"@type":"ImageObject","inLanguage":"pt-BR","@id":"https:\/\/www.notibras.com\/site\/flavio-liga-denuncia-de-imovel-a-um-grupo-do-pt\/#primaryimage","url":"https:\/\/www.notibras.com\/site\/wp-content\/uploads\/2019\/02\/fl\u00e1vio-senador-6.jpg","contentUrl":"https:\/\/www.notibras.com\/site\/wp-content\/uploads\/2019\/02\/fl\u00e1vio-senador-6.jpg","width":1140,"height":760,"caption":"Filho do presidente, j\u00e1 senador, alega persegui\u00e7\u00e3o pol\u00edtica. Foto\/Arquivo Notibras"},{"@type":"BreadcrumbList","@id":"https:\/\/www.notibras.com\/site\/flavio-liga-denuncia-de-imovel-a-um-grupo-do-pt\/#breadcrumb","itemListElement":[{"@type":"ListItem","position":1,"name":"In\u00edcio","item":"https:\/\/www.notibras.com\/site\/"},{"@type":"ListItem","position":2,"name":"Fl\u00e1vio liga den\u00fancia de im\u00f3vel a um grupo do PT"}]},{"@type":"WebSite","@id":"https:\/\/www.notibras.com\/site\/#website","url":"https:\/\/www.notibras.com\/site\/","name":"Notibras","description":"Not\u00edcias de Bras\u00edlia, do Brasil e do Mundo","publisher":{"@id":"https:\/\/www.notibras.com\/site\/#organization"},"potentialAction":[{"@type":"SearchAction","target":{"@type":"EntryPoint","urlTemplate":"https:\/\/www.notibras.com\/site\/?s={search_term_string}"},"query-input":{"@type":"PropertyValueSpecification","valueRequired":true,"valueName":"search_term_string"}}],"inLanguage":"pt-BR"},{"@type":"Organization","@id":"https:\/\/www.notibras.com\/site\/#organization","name":"Grupo Notibras de Comunica\u00e7\u00e3o","url":"https:\/\/www.notibras.com\/site\/","logo":{"@type":"ImageObject","inLanguage":"pt-BR","@id":"https:\/\/www.notibras.com\/site\/#\/schema\/logo\/image\/","url":"https:\/\/www.notibras.com\/site\/wp-content\/uploads\/2023\/01\/notibras23.png","contentUrl":"https:\/\/www.notibras.com\/site\/wp-content\/uploads\/2023\/01\/notibras23.png","width":350,"height":87,"caption":"Grupo Notibras de Comunica\u00e7\u00e3o"},"image":{"@id":"https:\/\/www.notibras.com\/site\/#\/schema\/logo\/image\/"},"sameAs":["https:\/\/www.facebook.com\/notibras\/","https:\/\/x.com\/Notibras","https:\/\/www.instagram.com\/notibras\/"]},{"@type":"Person","@id":"https:\/\/www.notibras.com\/site\/#\/schema\/person\/36ab0979449956132d3e5b517ea76ac8","name":"Reda\u00e7\u00e3o","image":{"@type":"ImageObject","inLanguage":"pt-BR","@id":"https:\/\/secure.gravatar.com\/avatar\/e0a867bdedb85fd243eadf09663511f96fc81e0720a4a42581f334ad4303aa6b?s=96&d=mm&r=g","url":"https:\/\/secure.gravatar.com\/avatar\/e0a867bdedb85fd243eadf09663511f96fc81e0720a4a42581f334ad4303aa6b?s=96&d=mm&r=g","contentUrl":"https:\/\/secure.gravatar.com\/avatar\/e0a867bdedb85fd243eadf09663511f96fc81e0720a4a42581f334ad4303aa6b?s=96&d=mm&r=g","caption":"Reda\u00e7\u00e3o"}}]}},"amp_enabled":true,"_links":{"self":[{"href":"https:\/\/www.notibras.com\/site\/wp-json\/wp\/v2\/posts\/201655","targetHints":{"allow":["GET"]}}],"collection":[{"href":"https:\/\/www.notibras.com\/site\/wp-json\/wp\/v2\/posts"}],"about":[{"href":"https:\/\/www.notibras.com\/site\/wp-json\/wp\/v2\/types\/post"}],"author":[{"embeddable":true,"href":"https:\/\/www.notibras.com\/site\/wp-json\/wp\/v2\/users\/2"}],"replies":[{"embeddable":true,"href":"https:\/\/www.notibras.com\/site\/wp-json\/wp\/v2\/comments?post=201655"}],"version-history":[{"count":6,"href":"https:\/\/www.notibras.com\/site\/wp-json\/wp\/v2\/posts\/201655\/revisions"}],"predecessor-version":[{"id":201662,"href":"https:\/\/www.notibras.com\/site\/wp-json\/wp\/v2\/posts\/201655\/revisions\/201662"}],"wp:featuredmedia":[{"embeddable":true,"href":"https:\/\/www.notibras.com\/site\/wp-json\/wp\/v2\/media\/201656"}],"wp:attachment":[{"href":"https:\/\/www.notibras.com\/site\/wp-json\/wp\/v2\/media?parent=201655"}],"wp:term":[{"taxonomy":"category","embeddable":true,"href":"https:\/\/www.notibras.com\/site\/wp-json\/wp\/v2\/categories?post=201655"},{"taxonomy":"post_tag","embeddable":true,"href":"https:\/\/www.notibras.com\/site\/wp-json\/wp\/v2\/tags?post=201655"}],"curies":[{"name":"wp","href":"https:\/\/api.w.org\/{rel}","templated":true}]}}