{"id":201671,"date":"2019-02-06T16:43:35","date_gmt":"2019-02-06T18:43:35","guid":{"rendered":"https:\/\/www.notibras.com\/site\/?p=201671"},"modified":"2019-02-06T20:41:03","modified_gmt":"2019-02-06T22:41:03","slug":"lula-pega-mais-13-anos-de-cadeia-por-corrupcao-no-sitio-de-atibaia","status":"publish","type":"post","link":"https:\/\/www.notibras.com\/site\/lula-pega-mais-13-anos-de-cadeia-por-corrupcao-no-sitio-de-atibaia\/","title":{"rendered":"Lula pega mais 13 anos de cadeia; agora, por corrup\u00e7\u00e3o no s\u00edtio de Atibaia"},"content":{"rendered":"<p>A ju\u00edza federal Gabriela Hardt, da Opera\u00e7\u00e3o Lava Jato, condenou o ex-presidente Luiz In\u00e1cio Lula da Silva a 12 anos e 11 meses de pris\u00e3o por corrup\u00e7\u00e3o ativa, passiva e lavagem de dinheiro na a\u00e7\u00e3o penal que envolve o s\u00edtio Santa B\u00e1rbara, em Atibaia.<\/p>\n<p>O petista foi sentenciado por supostamente receber R$ 1 milh\u00e3o em propinas referentes \u00e0s reformas do im\u00f3vel, que est\u00e1 em nome de Fernando Bittar, filho do amigo de Lula e ex-prefeito de Campinas, Jac\u00f3 Bittar. Segundo a senten\u00e7a, as obras foram custeadas pelas empreiteiras OAS, Odebrecht e Schahin.<\/p>\n<p>A Lava Jato afirma que o s\u00edtio passou por tr\u00eas reformas: uma sob comando do pecuarista Jos\u00e9 Carlos Bumlai, no valor de R$ 150 mil, outra da Odebrecht, de R$ 700 mil e uma terceira reforma na cozinha, pela OAS, de R$ 170 mil, em um total de R$ 1,02 milh\u00e3o.<\/p>\n<p>Em interrogat\u00f3rio, Bumlai declarou n\u00e3o ter pago \u2018nem um real\u2019 nas obras. O s\u00edtio de Atibaia est\u00e1 em nome do empres\u00e1rio Fernando Bittar, filho de Jac\u00f3 Bittar, amigo de longa data do ex-presidente.<\/p>\n<p>Em depoimento, Fernando Bittar negou que tenha pago a obra. \u201cEu n\u00e3o sei dizer se eles (Lula e Marisa) pagaram. Mas na minha cabe\u00e7a\u2026\u201d<\/p>\n<p>Apontado por delatores como o homem de confian\u00e7a do ex-presidente que tocou a obra do s\u00edtio, o ex-seguran\u00e7a de Lula Rog\u00e9rio Aur\u00e9lio Pimentel afirmou ter sido o \u2018capataz\u2019 das reformas no im\u00f3vel e confirmou os pagamentos da Odebrecht.<\/p>\n<p>Em alega\u00e7\u00f5es finais, a defesa do ex-assessor da Presid\u00eancia da Rep\u00fablica afirmou que se ele \u2018n\u00e3o sabia sequer as quantias que continham nos envelopes, tampouco possa se esperar que soubesse de eventual origem il\u00edcita dos valores\u2019.<\/p>\n<p>O s\u00edtio Santa B\u00e1rbara \u00e9 piv\u00f4 da terceira a\u00e7\u00e3o penal da Lava Jato, no Paran\u00e1, contra o ex-presidente \u2013 al\u00e9m de sua segunda condena\u00e7\u00e3o. O petista ainda \u00e9 acusado por corrup\u00e7\u00e3o e lavagem de dinheiro por supostas propinas da Odebrecht \u2013 um terreno que abrigaria o Instituto Lula e um apartamento vizinho ao que morava o ex-presidente em S\u00e3o Bernardo do Campo. O processo tamb\u00e9m j\u00e1 teve a entrega de alega\u00e7\u00f5es finais e aguarda senten\u00e7a.<\/p>\n<p>O ex-presidente j\u00e1 cumpre pena de 12 anos e um m\u00eas de pris\u00e3o no caso triplex, em \u2018sala especial\u2019, na sede da Pol\u00edcia Federal do Paran\u00e1, em Curitiba, desde 7 abril de 2018, por ordem do ent\u00e3o juiz federal S\u00e9rgio Moro.<\/p>\n<p>Lula foi sentenciado pelo Tribunal Regional Federal da 4.\u00aa Regi\u00e3o pelos crimes de corrup\u00e7\u00e3o passiva e lavagem de dinheiro envolvendo suposta propina de R$ 2,2 milh\u00f5es da OAS referente \u00e0s reformas do im\u00f3vel.<\/p>\n","protected":false},"excerpt":{"rendered":"<p>A ju\u00edza federal Gabriela Hardt, da Opera\u00e7\u00e3o Lava Jato, condenou o ex-presidente Luiz In\u00e1cio Lula da Silva a 12 anos e 11 meses de pris\u00e3o por corrup\u00e7\u00e3o ativa, passiva e lavagem de dinheiro na a\u00e7\u00e3o penal que envolve o s\u00edtio Santa B\u00e1rbara, em Atibaia. O petista foi sentenciado por supostamente receber R$ 1 milh\u00e3o em [&hellip;]<\/p>\n","protected":false},"author":2,"featured_media":200011,"comment_status":"closed","ping_status":"closed","sticky":false,"template":"","format":"standard","meta":{"_acf_changed":false,"footnotes":""},"categories":[16],"tags":[95],"class_list":["post-201671","post","type-post","status-publish","format-standard","has-post-thumbnail","hentry","category-brasil","tag-capa"],"acf":[],"yoast_head":"<!-- This site is optimized with the Yoast SEO plugin v27.2 - https:\/\/yoast.com\/product\/yoast-seo-wordpress\/ -->\n<title>Lula pega mais 13 anos de cadeia; agora, por corrup\u00e7\u00e3o no s\u00edtio de Atibaia - Notibras<\/title>\n<meta name=\"robots\" content=\"index, follow, max-snippet:-1, max-image-preview:large, max-video-preview:-1\" \/>\n<link rel=\"canonical\" href=\"https:\/\/www.notibras.com\/site\/lula-pega-mais-13-anos-de-cadeia-por-corrupcao-no-sitio-de-atibaia\/\" \/>\n<meta property=\"og:locale\" content=\"pt_BR\" \/>\n<meta property=\"og:type\" content=\"article\" \/>\n<meta property=\"og:title\" content=\"Lula pega mais 13 anos de cadeia; agora, por corrup\u00e7\u00e3o no s\u00edtio de Atibaia - Notibras\" \/>\n<meta property=\"og:description\" content=\"A ju\u00edza federal Gabriela Hardt, da Opera\u00e7\u00e3o Lava Jato, condenou o ex-presidente Luiz In\u00e1cio Lula da Silva a 12 anos e 11 meses de pris\u00e3o por corrup\u00e7\u00e3o ativa, passiva e lavagem de dinheiro na a\u00e7\u00e3o penal que envolve o s\u00edtio Santa B\u00e1rbara, em Atibaia. O petista foi sentenciado por supostamente receber R$ 1 milh\u00e3o em [&hellip;]\" \/>\n<meta property=\"og:url\" content=\"https:\/\/www.notibras.com\/site\/lula-pega-mais-13-anos-de-cadeia-por-corrupcao-no-sitio-de-atibaia\/\" \/>\n<meta property=\"og:site_name\" content=\"Notibras\" \/>\n<meta property=\"article:publisher\" content=\"https:\/\/www.facebook.com\/notibras\/\" \/>\n<meta property=\"article:published_time\" content=\"2019-02-06T18:43:35+00:00\" \/>\n<meta property=\"article:modified_time\" content=\"2019-02-06T22:41:03+00:00\" \/>\n<meta property=\"og:image\" content=\"https:\/\/www.notibras.com\/site\/wp-content\/uploads\/2019\/01\/lula.30mi-marcelo-camargo.jpg\" \/>\n\t<meta property=\"og:image:width\" content=\"1140\" \/>\n\t<meta property=\"og:image:height\" content=\"760\" \/>\n\t<meta property=\"og:image:type\" content=\"image\/jpeg\" \/>\n<meta name=\"author\" content=\"Reda\u00e7\u00e3o\" \/>\n<meta name=\"twitter:card\" content=\"summary_large_image\" \/>\n<meta name=\"twitter:creator\" content=\"@Notibras\" \/>\n<meta name=\"twitter:site\" content=\"@Notibras\" \/>\n<meta name=\"twitter:label1\" content=\"Escrito por\" \/>\n\t<meta name=\"twitter:data1\" content=\"Reda\u00e7\u00e3o\" \/>\n\t<meta name=\"twitter:label2\" content=\"Est. tempo de leitura\" \/>\n\t<meta name=\"twitter:data2\" content=\"2 minutos\" \/>\n<script type=\"application\/ld+json\" class=\"yoast-schema-graph\">{\"@context\":\"https:\/\/schema.org\",\"@graph\":[{\"@type\":\"Article\",\"@id\":\"https:\/\/www.notibras.com\/site\/lula-pega-mais-13-anos-de-cadeia-por-corrupcao-no-sitio-de-atibaia\/#article\",\"isPartOf\":{\"@id\":\"https:\/\/www.notibras.com\/site\/lula-pega-mais-13-anos-de-cadeia-por-corrupcao-no-sitio-de-atibaia\/\"},\"author\":{\"name\":\"Reda\u00e7\u00e3o\",\"@id\":\"https:\/\/www.notibras.com\/site\/#\/schema\/person\/36ab0979449956132d3e5b517ea76ac8\"},\"headline\":\"Lula pega mais 13 anos de cadeia; agora, por corrup\u00e7\u00e3o no s\u00edtio de Atibaia\",\"datePublished\":\"2019-02-06T18:43:35+00:00\",\"dateModified\":\"2019-02-06T22:41:03+00:00\",\"mainEntityOfPage\":{\"@id\":\"https:\/\/www.notibras.com\/site\/lula-pega-mais-13-anos-de-cadeia-por-corrupcao-no-sitio-de-atibaia\/\"},\"wordCount\":472,\"publisher\":{\"@id\":\"https:\/\/www.notibras.com\/site\/#organization\"},\"image\":{\"@id\":\"https:\/\/www.notibras.com\/site\/lula-pega-mais-13-anos-de-cadeia-por-corrupcao-no-sitio-de-atibaia\/#primaryimage\"},\"thumbnailUrl\":\"https:\/\/www.notibras.com\/site\/wp-content\/uploads\/2019\/01\/lula.30mi-marcelo-camargo.jpg\",\"keywords\":[\"capa\"],\"articleSection\":[\"Brasil\"],\"inLanguage\":\"pt-BR\"},{\"@type\":\"WebPage\",\"@id\":\"https:\/\/www.notibras.com\/site\/lula-pega-mais-13-anos-de-cadeia-por-corrupcao-no-sitio-de-atibaia\/\",\"url\":\"https:\/\/www.notibras.com\/site\/lula-pega-mais-13-anos-de-cadeia-por-corrupcao-no-sitio-de-atibaia\/\",\"name\":\"Lula pega mais 13 anos de cadeia; agora, por corrup\u00e7\u00e3o no s\u00edtio de Atibaia - Notibras\",\"isPartOf\":{\"@id\":\"https:\/\/www.notibras.com\/site\/#website\"},\"primaryImageOfPage\":{\"@id\":\"https:\/\/www.notibras.com\/site\/lula-pega-mais-13-anos-de-cadeia-por-corrupcao-no-sitio-de-atibaia\/#primaryimage\"},\"image\":{\"@id\":\"https:\/\/www.notibras.com\/site\/lula-pega-mais-13-anos-de-cadeia-por-corrupcao-no-sitio-de-atibaia\/#primaryimage\"},\"thumbnailUrl\":\"https:\/\/www.notibras.com\/site\/wp-content\/uploads\/2019\/01\/lula.30mi-marcelo-camargo.jpg\",\"datePublished\":\"2019-02-06T18:43:35+00:00\",\"dateModified\":\"2019-02-06T22:41:03+00:00\",\"breadcrumb\":{\"@id\":\"https:\/\/www.notibras.com\/site\/lula-pega-mais-13-anos-de-cadeia-por-corrupcao-no-sitio-de-atibaia\/#breadcrumb\"},\"inLanguage\":\"pt-BR\",\"potentialAction\":[{\"@type\":\"ReadAction\",\"target\":[\"https:\/\/www.notibras.com\/site\/lula-pega-mais-13-anos-de-cadeia-por-corrupcao-no-sitio-de-atibaia\/\"]}]},{\"@type\":\"ImageObject\",\"inLanguage\":\"pt-BR\",\"@id\":\"https:\/\/www.notibras.com\/site\/lula-pega-mais-13-anos-de-cadeia-por-corrupcao-no-sitio-de-atibaia\/#primaryimage\",\"url\":\"https:\/\/www.notibras.com\/site\/wp-content\/uploads\/2019\/01\/lula.30mi-marcelo-camargo.jpg\",\"contentUrl\":\"https:\/\/www.notibras.com\/site\/wp-content\/uploads\/2019\/01\/lula.30mi-marcelo-camargo.jpg\",\"width\":1140,\"height\":760},{\"@type\":\"BreadcrumbList\",\"@id\":\"https:\/\/www.notibras.com\/site\/lula-pega-mais-13-anos-de-cadeia-por-corrupcao-no-sitio-de-atibaia\/#breadcrumb\",\"itemListElement\":[{\"@type\":\"ListItem\",\"position\":1,\"name\":\"In\u00edcio\",\"item\":\"https:\/\/www.notibras.com\/site\/\"},{\"@type\":\"ListItem\",\"position\":2,\"name\":\"Lula pega mais 13 anos de cadeia; agora, por corrup\u00e7\u00e3o no s\u00edtio de Atibaia\"}]},{\"@type\":\"WebSite\",\"@id\":\"https:\/\/www.notibras.com\/site\/#website\",\"url\":\"https:\/\/www.notibras.com\/site\/\",\"name\":\"Notibras\",\"description\":\"Not\u00edcias de Bras\u00edlia, do Brasil e do Mundo\",\"publisher\":{\"@id\":\"https:\/\/www.notibras.com\/site\/#organization\"},\"potentialAction\":[{\"@type\":\"SearchAction\",\"target\":{\"@type\":\"EntryPoint\",\"urlTemplate\":\"https:\/\/www.notibras.com\/site\/?s={search_term_string}\"},\"query-input\":{\"@type\":\"PropertyValueSpecification\",\"valueRequired\":true,\"valueName\":\"search_term_string\"}}],\"inLanguage\":\"pt-BR\"},{\"@type\":\"Organization\",\"@id\":\"https:\/\/www.notibras.com\/site\/#organization\",\"name\":\"Grupo Notibras de Comunica\u00e7\u00e3o\",\"url\":\"https:\/\/www.notibras.com\/site\/\",\"logo\":{\"@type\":\"ImageObject\",\"inLanguage\":\"pt-BR\",\"@id\":\"https:\/\/www.notibras.com\/site\/#\/schema\/logo\/image\/\",\"url\":\"https:\/\/www.notibras.com\/site\/wp-content\/uploads\/2023\/01\/notibras23.png\",\"contentUrl\":\"https:\/\/www.notibras.com\/site\/wp-content\/uploads\/2023\/01\/notibras23.png\",\"width\":350,\"height\":87,\"caption\":\"Grupo Notibras de Comunica\u00e7\u00e3o\"},\"image\":{\"@id\":\"https:\/\/www.notibras.com\/site\/#\/schema\/logo\/image\/\"},\"sameAs\":[\"https:\/\/www.facebook.com\/notibras\/\",\"https:\/\/x.com\/Notibras\",\"https:\/\/www.instagram.com\/notibras\/\"]},{\"@type\":\"Person\",\"@id\":\"https:\/\/www.notibras.com\/site\/#\/schema\/person\/36ab0979449956132d3e5b517ea76ac8\",\"name\":\"Reda\u00e7\u00e3o\",\"image\":{\"@type\":\"ImageObject\",\"inLanguage\":\"pt-BR\",\"@id\":\"https:\/\/secure.gravatar.com\/avatar\/e0a867bdedb85fd243eadf09663511f96fc81e0720a4a42581f334ad4303aa6b?s=96&d=mm&r=g\",\"url\":\"https:\/\/secure.gravatar.com\/avatar\/e0a867bdedb85fd243eadf09663511f96fc81e0720a4a42581f334ad4303aa6b?s=96&d=mm&r=g\",\"contentUrl\":\"https:\/\/secure.gravatar.com\/avatar\/e0a867bdedb85fd243eadf09663511f96fc81e0720a4a42581f334ad4303aa6b?s=96&d=mm&r=g\",\"caption\":\"Reda\u00e7\u00e3o\"}}]}<\/script>\n<!-- \/ Yoast SEO plugin. -->","yoast_head_json":{"title":"Lula pega mais 13 anos de cadeia; agora, por corrup\u00e7\u00e3o no s\u00edtio de Atibaia - Notibras","robots":{"index":"index","follow":"follow","max-snippet":"max-snippet:-1","max-image-preview":"max-image-preview:large","max-video-preview":"max-video-preview:-1"},"canonical":"https:\/\/www.notibras.com\/site\/lula-pega-mais-13-anos-de-cadeia-por-corrupcao-no-sitio-de-atibaia\/","og_locale":"pt_BR","og_type":"article","og_title":"Lula pega mais 13 anos de cadeia; agora, por corrup\u00e7\u00e3o no s\u00edtio de Atibaia - Notibras","og_description":"A ju\u00edza federal Gabriela Hardt, da Opera\u00e7\u00e3o Lava Jato, condenou o ex-presidente Luiz In\u00e1cio Lula da Silva a 12 anos e 11 meses de pris\u00e3o por corrup\u00e7\u00e3o ativa, passiva e lavagem de dinheiro na a\u00e7\u00e3o penal que envolve o s\u00edtio Santa B\u00e1rbara, em Atibaia. O petista foi sentenciado por supostamente receber R$ 1 milh\u00e3o em [&hellip;]","og_url":"https:\/\/www.notibras.com\/site\/lula-pega-mais-13-anos-de-cadeia-por-corrupcao-no-sitio-de-atibaia\/","og_site_name":"Notibras","article_publisher":"https:\/\/www.facebook.com\/notibras\/","article_published_time":"2019-02-06T18:43:35+00:00","article_modified_time":"2019-02-06T22:41:03+00:00","og_image":[{"width":1140,"height":760,"url":"https:\/\/www.notibras.com\/site\/wp-content\/uploads\/2019\/01\/lula.30mi-marcelo-camargo.jpg","type":"image\/jpeg"}],"author":"Reda\u00e7\u00e3o","twitter_card":"summary_large_image","twitter_creator":"@Notibras","twitter_site":"@Notibras","twitter_misc":{"Escrito por":"Reda\u00e7\u00e3o","Est. tempo de leitura":"2 minutos"},"schema":{"@context":"https:\/\/schema.org","@graph":[{"@type":"Article","@id":"https:\/\/www.notibras.com\/site\/lula-pega-mais-13-anos-de-cadeia-por-corrupcao-no-sitio-de-atibaia\/#article","isPartOf":{"@id":"https:\/\/www.notibras.com\/site\/lula-pega-mais-13-anos-de-cadeia-por-corrupcao-no-sitio-de-atibaia\/"},"author":{"name":"Reda\u00e7\u00e3o","@id":"https:\/\/www.notibras.com\/site\/#\/schema\/person\/36ab0979449956132d3e5b517ea76ac8"},"headline":"Lula pega mais 13 anos de cadeia; agora, por corrup\u00e7\u00e3o no s\u00edtio de Atibaia","datePublished":"2019-02-06T18:43:35+00:00","dateModified":"2019-02-06T22:41:03+00:00","mainEntityOfPage":{"@id":"https:\/\/www.notibras.com\/site\/lula-pega-mais-13-anos-de-cadeia-por-corrupcao-no-sitio-de-atibaia\/"},"wordCount":472,"publisher":{"@id":"https:\/\/www.notibras.com\/site\/#organization"},"image":{"@id":"https:\/\/www.notibras.com\/site\/lula-pega-mais-13-anos-de-cadeia-por-corrupcao-no-sitio-de-atibaia\/#primaryimage"},"thumbnailUrl":"https:\/\/www.notibras.com\/site\/wp-content\/uploads\/2019\/01\/lula.30mi-marcelo-camargo.jpg","keywords":["capa"],"articleSection":["Brasil"],"inLanguage":"pt-BR"},{"@type":"WebPage","@id":"https:\/\/www.notibras.com\/site\/lula-pega-mais-13-anos-de-cadeia-por-corrupcao-no-sitio-de-atibaia\/","url":"https:\/\/www.notibras.com\/site\/lula-pega-mais-13-anos-de-cadeia-por-corrupcao-no-sitio-de-atibaia\/","name":"Lula pega mais 13 anos de cadeia; agora, por corrup\u00e7\u00e3o no s\u00edtio de Atibaia - Notibras","isPartOf":{"@id":"https:\/\/www.notibras.com\/site\/#website"},"primaryImageOfPage":{"@id":"https:\/\/www.notibras.com\/site\/lula-pega-mais-13-anos-de-cadeia-por-corrupcao-no-sitio-de-atibaia\/#primaryimage"},"image":{"@id":"https:\/\/www.notibras.com\/site\/lula-pega-mais-13-anos-de-cadeia-por-corrupcao-no-sitio-de-atibaia\/#primaryimage"},"thumbnailUrl":"https:\/\/www.notibras.com\/site\/wp-content\/uploads\/2019\/01\/lula.30mi-marcelo-camargo.jpg","datePublished":"2019-02-06T18:43:35+00:00","dateModified":"2019-02-06T22:41:03+00:00","breadcrumb":{"@id":"https:\/\/www.notibras.com\/site\/lula-pega-mais-13-anos-de-cadeia-por-corrupcao-no-sitio-de-atibaia\/#breadcrumb"},"inLanguage":"pt-BR","potentialAction":[{"@type":"ReadAction","target":["https:\/\/www.notibras.com\/site\/lula-pega-mais-13-anos-de-cadeia-por-corrupcao-no-sitio-de-atibaia\/"]}]},{"@type":"ImageObject","inLanguage":"pt-BR","@id":"https:\/\/www.notibras.com\/site\/lula-pega-mais-13-anos-de-cadeia-por-corrupcao-no-sitio-de-atibaia\/#primaryimage","url":"https:\/\/www.notibras.com\/site\/wp-content\/uploads\/2019\/01\/lula.30mi-marcelo-camargo.jpg","contentUrl":"https:\/\/www.notibras.com\/site\/wp-content\/uploads\/2019\/01\/lula.30mi-marcelo-camargo.jpg","width":1140,"height":760},{"@type":"BreadcrumbList","@id":"https:\/\/www.notibras.com\/site\/lula-pega-mais-13-anos-de-cadeia-por-corrupcao-no-sitio-de-atibaia\/#breadcrumb","itemListElement":[{"@type":"ListItem","position":1,"name":"In\u00edcio","item":"https:\/\/www.notibras.com\/site\/"},{"@type":"ListItem","position":2,"name":"Lula pega mais 13 anos de cadeia; agora, por corrup\u00e7\u00e3o no s\u00edtio de Atibaia"}]},{"@type":"WebSite","@id":"https:\/\/www.notibras.com\/site\/#website","url":"https:\/\/www.notibras.com\/site\/","name":"Notibras","description":"Not\u00edcias de Bras\u00edlia, do Brasil e do Mundo","publisher":{"@id":"https:\/\/www.notibras.com\/site\/#organization"},"potentialAction":[{"@type":"SearchAction","target":{"@type":"EntryPoint","urlTemplate":"https:\/\/www.notibras.com\/site\/?s={search_term_string}"},"query-input":{"@type":"PropertyValueSpecification","valueRequired":true,"valueName":"search_term_string"}}],"inLanguage":"pt-BR"},{"@type":"Organization","@id":"https:\/\/www.notibras.com\/site\/#organization","name":"Grupo Notibras de Comunica\u00e7\u00e3o","url":"https:\/\/www.notibras.com\/site\/","logo":{"@type":"ImageObject","inLanguage":"pt-BR","@id":"https:\/\/www.notibras.com\/site\/#\/schema\/logo\/image\/","url":"https:\/\/www.notibras.com\/site\/wp-content\/uploads\/2023\/01\/notibras23.png","contentUrl":"https:\/\/www.notibras.com\/site\/wp-content\/uploads\/2023\/01\/notibras23.png","width":350,"height":87,"caption":"Grupo Notibras de Comunica\u00e7\u00e3o"},"image":{"@id":"https:\/\/www.notibras.com\/site\/#\/schema\/logo\/image\/"},"sameAs":["https:\/\/www.facebook.com\/notibras\/","https:\/\/x.com\/Notibras","https:\/\/www.instagram.com\/notibras\/"]},{"@type":"Person","@id":"https:\/\/www.notibras.com\/site\/#\/schema\/person\/36ab0979449956132d3e5b517ea76ac8","name":"Reda\u00e7\u00e3o","image":{"@type":"ImageObject","inLanguage":"pt-BR","@id":"https:\/\/secure.gravatar.com\/avatar\/e0a867bdedb85fd243eadf09663511f96fc81e0720a4a42581f334ad4303aa6b?s=96&d=mm&r=g","url":"https:\/\/secure.gravatar.com\/avatar\/e0a867bdedb85fd243eadf09663511f96fc81e0720a4a42581f334ad4303aa6b?s=96&d=mm&r=g","contentUrl":"https:\/\/secure.gravatar.com\/avatar\/e0a867bdedb85fd243eadf09663511f96fc81e0720a4a42581f334ad4303aa6b?s=96&d=mm&r=g","caption":"Reda\u00e7\u00e3o"}}]}},"amp_enabled":true,"_links":{"self":[{"href":"https:\/\/www.notibras.com\/site\/wp-json\/wp\/v2\/posts\/201671","targetHints":{"allow":["GET"]}}],"collection":[{"href":"https:\/\/www.notibras.com\/site\/wp-json\/wp\/v2\/posts"}],"about":[{"href":"https:\/\/www.notibras.com\/site\/wp-json\/wp\/v2\/types\/post"}],"author":[{"embeddable":true,"href":"https:\/\/www.notibras.com\/site\/wp-json\/wp\/v2\/users\/2"}],"replies":[{"embeddable":true,"href":"https:\/\/www.notibras.com\/site\/wp-json\/wp\/v2\/comments?post=201671"}],"version-history":[{"count":7,"href":"https:\/\/www.notibras.com\/site\/wp-json\/wp\/v2\/posts\/201671\/revisions"}],"predecessor-version":[{"id":201709,"href":"https:\/\/www.notibras.com\/site\/wp-json\/wp\/v2\/posts\/201671\/revisions\/201709"}],"wp:featuredmedia":[{"embeddable":true,"href":"https:\/\/www.notibras.com\/site\/wp-json\/wp\/v2\/media\/200011"}],"wp:attachment":[{"href":"https:\/\/www.notibras.com\/site\/wp-json\/wp\/v2\/media?parent=201671"}],"wp:term":[{"taxonomy":"category","embeddable":true,"href":"https:\/\/www.notibras.com\/site\/wp-json\/wp\/v2\/categories?post=201671"},{"taxonomy":"post_tag","embeddable":true,"href":"https:\/\/www.notibras.com\/site\/wp-json\/wp\/v2\/tags?post=201671"}],"curies":[{"name":"wp","href":"https:\/\/api.w.org\/{rel}","templated":true}]}}