{"id":20168,"date":"2014-08-20T00:28:20","date_gmt":"2014-08-20T03:28:20","guid":{"rendered":"http:\/\/www.notibras.com\/site\/?p=20168"},"modified":"2014-10-27T11:19:03","modified_gmt":"2014-10-27T14:19:03","slug":"estiagem-faz-surgir-cemiterio-de-carros-no-leito-do-tiete-e-afluentes","status":"publish","type":"post","link":"https:\/\/www.notibras.com\/site\/estiagem-faz-surgir-cemiterio-de-carros-no-leito-do-tiete-e-afluentes\/","title":{"rendered":"Estiagem faz surgir um cemit\u00e9rio de carros no leito do Tiet\u00ea"},"content":{"rendered":"<p>A forte estiagem que atinge o Sudeste est\u00e1 revelando que o rio Tiet\u00ea e seus afluentes servem de cemit\u00e9rio para pe\u00e7as de ve\u00edculos roubados &#8211; e at\u00e9 de carros inteiros &#8211; em Ara\u00e7atuba, no interior de S\u00e3o Paulo. Nos dois \u00faltimos meses, dois carros inteiros e carca\u00e7as e pe\u00e7as de outros cinco ve\u00edculos foram retirados do fundo do rio Tiet\u00ea e dos c\u00f3rregos Azul e Lafond, na zona rural de Ara\u00e7atuba.<\/p>\n<p class=\"text\">A pol\u00edcia investiga a proced\u00eancia dos carros e pe\u00e7as, que podem ser produtos de roubos e furtos e de golpes a seguradoras de ve\u00edculos. A situa\u00e7\u00e3o pegou os policiais de surpresa. \u201cAt\u00e9 agora, a gente n\u00e3o sabia que o Tiet\u00ea e seus afluentes serviam de cemit\u00e9rio de pe\u00e7as de ve\u00edculos\u201d, diz o delegado Marcelo Cury, titular da Delegacia de Investiga\u00e7\u00f5es Gerais (DIG) de Ara\u00e7atuba.<\/p>\n<blockquote>\n<p class=\"text\">\u201cAs quadrilhas de ladr\u00f5es de carros usavam o rio para desovar os chassis e as pe\u00e7as de carros furtados ou roubados. As pe\u00e7as e chassis que n\u00e3o serviam eles jogavam no rio\u201d, explicou Cury.<\/p>\n<\/blockquote>\n<p class=\"text\">Nesta ter\u00e7a-feira, a Pol\u00edcia Civil iniciou investiga\u00e7\u00e3o para tentar identificar a proced\u00eancia de mais um carro, um Palio vermelho, encontrado no fundo do rio Tiet\u00ea. Ao secar quase completamente em alguns trechos, o fundo do rio deixa \u00e0 mostra os ve\u00edculos. O carro foi localizado nesta segunda por um casal de namorados que foi visitar o rio. \u201cA gente veio ver como estava o rio com a seca e acabamos nos deparando com o carro\u201d, contou\u00a0a cabeleireira Ros\u00e2ngela Aparecida Flamirini, 41 anos.<\/p>\n<p class=\"text\">O carro, que foi i\u00e7ado pelo Corpo de Bombeiro com ajuda de equipamentos de um estaleiro localizado na regi\u00e3o, estava coberto por algas e mexilh\u00f5es. Como n\u00e3o tinha placas, peritos do Instituto de Criminal\u00edstica da Pol\u00edcia Civil iniciaram a checagem da numera\u00e7\u00e3o do chassi para saber se havia alguma queixa de roubo ou furto do ve\u00edculo. \u201cPrimeiro, \u00e9 preciso checar a proced\u00eancia e encontrar os donos, para depois saber o que aconteceu\u201d, disse Cury. Al\u00e9m da suspeita de furto ou roubo do ve\u00edculo, os investigadores tamb\u00e9m dever\u00e3o apurar se o carro n\u00e3o foi usado para golpe contra o seguro.<\/p>\n","protected":false},"excerpt":{"rendered":"<p>A forte estiagem que atinge o Sudeste est\u00e1 revelando que o rio Tiet\u00ea e seus afluentes servem de cemit\u00e9rio para pe\u00e7as de ve\u00edculos roubados &#8211; e at\u00e9 de carros inteiros &#8211; em Ara\u00e7atuba, no interior de S\u00e3o Paulo. Nos dois \u00faltimos meses, dois carros inteiros e carca\u00e7as e pe\u00e7as de outros cinco ve\u00edculos foram retirados [&hellip;]<\/p>\n","protected":false},"author":2,"featured_media":20169,"comment_status":"open","ping_status":"closed","sticky":false,"template":"","format":"standard","meta":{"_acf_changed":false,"footnotes":""},"categories":[16],"tags":[],"class_list":["post-20168","post","type-post","status-publish","format-standard","has-post-thumbnail","hentry","category-brasil"],"acf":[],"_links":{"self":[{"href":"https:\/\/www.notibras.com\/site\/wp-json\/wp\/v2\/posts\/20168","targetHints":{"allow":["GET"]}}],"collection":[{"href":"https:\/\/www.notibras.com\/site\/wp-json\/wp\/v2\/posts"}],"about":[{"href":"https:\/\/www.notibras.com\/site\/wp-json\/wp\/v2\/types\/post"}],"author":[{"embeddable":true,"href":"https:\/\/www.notibras.com\/site\/wp-json\/wp\/v2\/users\/2"}],"replies":[{"embeddable":true,"href":"https:\/\/www.notibras.com\/site\/wp-json\/wp\/v2\/comments?post=20168"}],"version-history":[{"count":0,"href":"https:\/\/www.notibras.com\/site\/wp-json\/wp\/v2\/posts\/20168\/revisions"}],"wp:featuredmedia":[{"embeddable":true,"href":"https:\/\/www.notibras.com\/site\/wp-json\/wp\/v2\/media\/20169"}],"wp:attachment":[{"href":"https:\/\/www.notibras.com\/site\/wp-json\/wp\/v2\/media?parent=20168"}],"wp:term":[{"taxonomy":"category","embeddable":true,"href":"https:\/\/www.notibras.com\/site\/wp-json\/wp\/v2\/categories?post=20168"},{"taxonomy":"post_tag","embeddable":true,"href":"https:\/\/www.notibras.com\/site\/wp-json\/wp\/v2\/tags?post=20168"}],"curies":[{"name":"wp","href":"https:\/\/api.w.org\/{rel}","templated":true}]}}