{"id":201697,"date":"2019-02-06T19:45:38","date_gmt":"2019-02-06T21:45:38","guid":{"rendered":"https:\/\/www.notibras.com\/site\/?p=201697"},"modified":"2019-02-06T19:47:52","modified_gmt":"2019-02-06T21:47:52","slug":"justica-cobra-de-lula-e-comparsas-multa-de-86-mi","status":"publish","type":"post","link":"https:\/\/www.notibras.com\/site\/justica-cobra-de-lula-e-comparsas-multa-de-86-mi\/","title":{"rendered":"Justi\u00e7a cobra de Lula e comparsas multa de 86 mi"},"content":{"rendered":"<p>A ju\u00edza federal Gabriela Hardt, da Opera\u00e7\u00e3o Lava Jato, estipulou em R$ 86,4 milh\u00f5es o valor m\u00ednimo a ser cobrado do ex-presidente Luiz In\u00e1cio Lula da Silva e demais condenados por, corrup\u00e7\u00e3o ativa, passiva e lavagem de dinheiro na a\u00e7\u00e3o penal que envolve o s\u00edtio Santa B\u00e1rbara, em Atibaia. O petista foi condenado nesta quarta-feira, 6, a 12 anos e 11 meses de pris\u00e3o no caso &#8211; em janeiro do passado ele havia sido condenado em segunda inst\u00e2ncia a 12 anos e um m\u00eas no caso do tr\u00edplex do Guaruj\u00e1.<\/p>\n<p>&#8220;Necess\u00e1rio estimar o valor m\u00ednimo para repara\u00e7\u00e3o dos danos decorrentes do crime, nos termos do art. 387, IV , do CPP (C\u00f3digo de Processo Penal)&#8221;. O maior valor se refere aos crimes de corrup\u00e7\u00e3o ativa e passiva, R$ 85 milh\u00f5es. &#8220;Valor equivalente ao destinado para n\u00facleo de sustenta\u00e7\u00e3o da Diretoria de Servi\u00e7os da Petrobr\u00e1s nos contratos relacionados.&#8221;<\/p>\n<p>&#8220;Todas as imputa\u00e7\u00f5es realizadas no presente feito em rela\u00e7\u00e3o ao delito de corrup\u00e7\u00e3o t\u00eam em comum a pessoa a quem seria imputada a condi\u00e7\u00e3o de autora do delito de corrup\u00e7\u00e3o ativa &#8211; o ex-presidente da Rep\u00fablica Luiz In\u00e1cio Lula da Silva&#8221;, sentenciou Hardt.<\/p>\n<p>A senten\u00e7a de Gabriela Hardt tem 360 p\u00e1ginas. Tamb\u00e9m foram condenados os empres\u00e1rios Jos\u00e9 Adelm\u00e1rio Pinheiro Neto, o L\u00e9o Pinheiro, ligado a OAS, a 1 ano, 7 meses e 15 dias, o pecuarista Jos\u00e9 Carlos Bumlai a 3 anos e 9 meses, o advogado Roberto Teixeira a 2 anos de reclus\u00e3o, o empres\u00e1rio Fernando Bittar (propriet\u00e1rio formal do s\u00edtio) a 3 anos de reclus\u00e3o e o empres\u00e1rio ligado \u00e0 OAS Paulo Gordilho a 3 anos de reclus\u00e3o.<\/p>\n<p>A ju\u00edza condenou os empres\u00e1rios Marcelo Odebrecht a 5 anos e 4 meses , Emilio Odebrecht a 3 anos e 3 meses, Alexandrino Alencar a 4 anos e Carlos Armando Guedes Paschoal a 2 anos. O engenheiro Emyr Diniz Costa Junior recebeu 3 anos de pris\u00e3o. Todos s\u00e3o delatores e, por isso, v\u00e3o cumprir as penas acertadas em seus acordos.<\/p>\n<p>Gabriela Hardt absolveu Rog\u00e9rio Aur\u00e9lio Pimentel, o &#8220;capataz&#8221; das obras do s\u00edtio..<\/p>\n<p>A Lava Jato afirma que o s\u00edtio passou por tr\u00eas reformas: uma sob comando do pecuarista Jos\u00e9 Carlos Bumlai, no valor de R$ 150 mil, outra da Odebrecht, de R$ 700 mil e uma terceira reforma na cozinha, pela OAS, de R$ 170 mil, em um total de R$ 1,02 milh\u00e3o<\/p>\n<p><strong>Defesa de Bittar<\/strong> &#8211; O criminalista Alberto Zacharias Toron, que defende o empres\u00e1rio Fernando Bittar, condenado a 3 anos de reclus\u00e3o no processo do s\u00edtio de Atibaia, disse que a senten\u00e7a da ju\u00edza Gabriela Hardt &#8220;\u00e9 equilibrada&#8221;. &#8220;Vamos recorrer, mas a senten\u00e7a mostra a disparidade entre a acusa\u00e7\u00e3o e a realidade reconhecida por uma ju\u00edza que n\u00e3o \u00e9 exatamente uma liberal, ao contr\u00e1rio, \u00e9 reconhecida como uma ju\u00edza linha dura.&#8221;<\/p>\n<p>Para Toron, \u00e9 importante destacar que a for\u00e7a-tarefa do Minist\u00e9rio P\u00fablico Federal da Opera\u00e7\u00e3o Lava Jato imputava a Bittar &#8211; propriet\u00e1rio do s\u00edtio de Atibaia &#8211; a pr\u00e1tica de 44 atos de lavagem de dinheiro. &#8220;A doutora Gabriela Hardt condenou Bittar por apenas uma lavagem. Isso mostra a pr\u00e1tica de acusa\u00e7\u00e3o excessiva do Minist\u00e9rio P\u00fablico.&#8221;<\/p>\n<p>O criminalista avalia que a for\u00e7a-tarefa da Lava Jato &#8220;com sua estrat\u00e9gia usual de fazer acusa\u00e7\u00e3o excessiva quer compelir a pessoa a fazer uma dela\u00e7\u00e3o, no caso queriam que falassem do Lula e da dona Marisa, quando na verdade n\u00e3o h\u00e1 base nenhuma para uma acusa\u00e7\u00e3o dessa magnitude&#8221;.<\/p>\n<p>O advogado demonstra preocupa\u00e7\u00e3o com o plea bargain, acordo penal adotado em larga escala nos Estados Unidos e que o ex-juiz da Lava Jato S\u00e9rgio Moro incluiu no pacote anticrime entregue ao Congresso nesta quarta, 6.<\/p>\n<p>&#8220;Agora vem o plea bargain do Moro. V\u00e3o te acusar de crimes que levam a uma pena de 100 anos. O que voc\u00ea faz? Se fizer acordo a pena cai para 5 anos. A pessoa vai aceitar. Vamos ter que discutir muito isso.&#8221;<\/p>\n<p>&#8220;O que \u00e9 importante destacar \u00e9 que o pr\u00f3prio Minist\u00e9rio P\u00fablico, nas alega\u00e7\u00f5es finais, reconheceu que o Fernando Bittar \u00e9 o verdadeiro propriet\u00e1rio do s\u00edtio de Atibaia&#8221;, segue Toron. &#8220;Enfim, ficou definida a propriedade do s\u00edtio.&#8221;<\/p>\n<p><strong>Defesa de Bumlai<\/strong> &#8211; &#8220;Jos\u00e9 Carlos Bumlai recebeu com imensa surpresa a not\u00edcia de sua condena\u00e7\u00e3o e dela ir\u00e1 recorrer, pois jamais contribuiu financeiramente com as reformas do s\u00edtio de Atibaia. A senten\u00e7a \u00e9 at\u00e9cnica e n\u00e3o aponta a origem nem a ilicitude dos valores que seriam objeto da suposta lavagem. Al\u00e9m disso, a pena e o regime de cumprimento impostos a ele s\u00e3o totalmente desproporcionais.&#8221;<\/p>\n","protected":false},"excerpt":{"rendered":"<p>A ju\u00edza federal Gabriela Hardt, da Opera\u00e7\u00e3o Lava Jato, estipulou em R$ 86,4 milh\u00f5es o valor m\u00ednimo a ser cobrado do ex-presidente Luiz In\u00e1cio Lula da Silva e demais condenados por, corrup\u00e7\u00e3o ativa, passiva e lavagem de dinheiro na a\u00e7\u00e3o penal que envolve o s\u00edtio Santa B\u00e1rbara, em Atibaia. O petista foi condenado nesta quarta-feira, [&hellip;]<\/p>\n","protected":false},"author":2,"featured_media":201698,"comment_status":"closed","ping_status":"closed","sticky":false,"template":"","format":"standard","meta":{"_acf_changed":false,"footnotes":""},"categories":[16],"tags":[95],"class_list":["post-201697","post","type-post","status-publish","format-standard","has-post-thumbnail","hentry","category-brasil","tag-capa"],"acf":[],"yoast_head":"<!-- This site is optimized with the Yoast SEO plugin v27.2 - https:\/\/yoast.com\/product\/yoast-seo-wordpress\/ -->\n<title>Justi\u00e7a cobra de Lula e comparsas multa de 86 mi - Notibras<\/title>\n<meta name=\"robots\" content=\"index, follow, max-snippet:-1, max-image-preview:large, max-video-preview:-1\" \/>\n<link rel=\"canonical\" href=\"https:\/\/www.notibras.com\/site\/justica-cobra-de-lula-e-comparsas-multa-de-86-mi\/\" \/>\n<meta property=\"og:locale\" content=\"pt_BR\" \/>\n<meta property=\"og:type\" content=\"article\" \/>\n<meta property=\"og:title\" content=\"Justi\u00e7a cobra de Lula e comparsas multa de 86 mi - Notibras\" \/>\n<meta property=\"og:description\" content=\"A ju\u00edza federal Gabriela Hardt, da Opera\u00e7\u00e3o Lava Jato, estipulou em R$ 86,4 milh\u00f5es o valor m\u00ednimo a ser cobrado do ex-presidente Luiz In\u00e1cio Lula da Silva e demais condenados por, corrup\u00e7\u00e3o ativa, passiva e lavagem de dinheiro na a\u00e7\u00e3o penal que envolve o s\u00edtio Santa B\u00e1rbara, em Atibaia. O petista foi condenado nesta quarta-feira, [&hellip;]\" \/>\n<meta property=\"og:url\" content=\"https:\/\/www.notibras.com\/site\/justica-cobra-de-lula-e-comparsas-multa-de-86-mi\/\" \/>\n<meta property=\"og:site_name\" content=\"Notibras\" \/>\n<meta property=\"article:publisher\" content=\"https:\/\/www.facebook.com\/notibras\/\" \/>\n<meta property=\"article:published_time\" content=\"2019-02-06T21:45:38+00:00\" \/>\n<meta property=\"article:modified_time\" content=\"2019-02-06T21:47:52+00:00\" \/>\n<meta property=\"og:image\" content=\"https:\/\/www.notibras.com\/site\/wp-content\/uploads\/2019\/02\/lula-s\u00edtio.jpg\" \/>\n\t<meta property=\"og:image:width\" content=\"1140\" \/>\n\t<meta property=\"og:image:height\" content=\"597\" \/>\n\t<meta property=\"og:image:type\" content=\"image\/jpeg\" \/>\n<meta name=\"author\" content=\"Reda\u00e7\u00e3o\" \/>\n<meta name=\"twitter:card\" content=\"summary_large_image\" \/>\n<meta name=\"twitter:creator\" content=\"@Notibras\" \/>\n<meta name=\"twitter:site\" content=\"@Notibras\" \/>\n<meta name=\"twitter:label1\" content=\"Escrito por\" \/>\n\t<meta name=\"twitter:data1\" content=\"Reda\u00e7\u00e3o\" \/>\n\t<meta name=\"twitter:label2\" content=\"Est. tempo de leitura\" \/>\n\t<meta name=\"twitter:data2\" content=\"4 minutos\" \/>\n<script type=\"application\/ld+json\" class=\"yoast-schema-graph\">{\"@context\":\"https:\/\/schema.org\",\"@graph\":[{\"@type\":\"Article\",\"@id\":\"https:\/\/www.notibras.com\/site\/justica-cobra-de-lula-e-comparsas-multa-de-86-mi\/#article\",\"isPartOf\":{\"@id\":\"https:\/\/www.notibras.com\/site\/justica-cobra-de-lula-e-comparsas-multa-de-86-mi\/\"},\"author\":{\"name\":\"Reda\u00e7\u00e3o\",\"@id\":\"https:\/\/www.notibras.com\/site\/#\/schema\/person\/36ab0979449956132d3e5b517ea76ac8\"},\"headline\":\"Justi\u00e7a cobra de Lula e comparsas multa de 86 mi\",\"datePublished\":\"2019-02-06T21:45:38+00:00\",\"dateModified\":\"2019-02-06T21:47:52+00:00\",\"mainEntityOfPage\":{\"@id\":\"https:\/\/www.notibras.com\/site\/justica-cobra-de-lula-e-comparsas-multa-de-86-mi\/\"},\"wordCount\":812,\"publisher\":{\"@id\":\"https:\/\/www.notibras.com\/site\/#organization\"},\"image\":{\"@id\":\"https:\/\/www.notibras.com\/site\/justica-cobra-de-lula-e-comparsas-multa-de-86-mi\/#primaryimage\"},\"thumbnailUrl\":\"https:\/\/www.notibras.com\/site\/wp-content\/uploads\/2019\/02\/lula-s\u00edtio.jpg\",\"keywords\":[\"capa\"],\"articleSection\":[\"Brasil\"],\"inLanguage\":\"pt-BR\"},{\"@type\":\"WebPage\",\"@id\":\"https:\/\/www.notibras.com\/site\/justica-cobra-de-lula-e-comparsas-multa-de-86-mi\/\",\"url\":\"https:\/\/www.notibras.com\/site\/justica-cobra-de-lula-e-comparsas-multa-de-86-mi\/\",\"name\":\"Justi\u00e7a cobra de Lula e comparsas multa de 86 mi - Notibras\",\"isPartOf\":{\"@id\":\"https:\/\/www.notibras.com\/site\/#website\"},\"primaryImageOfPage\":{\"@id\":\"https:\/\/www.notibras.com\/site\/justica-cobra-de-lula-e-comparsas-multa-de-86-mi\/#primaryimage\"},\"image\":{\"@id\":\"https:\/\/www.notibras.com\/site\/justica-cobra-de-lula-e-comparsas-multa-de-86-mi\/#primaryimage\"},\"thumbnailUrl\":\"https:\/\/www.notibras.com\/site\/wp-content\/uploads\/2019\/02\/lula-s\u00edtio.jpg\",\"datePublished\":\"2019-02-06T21:45:38+00:00\",\"dateModified\":\"2019-02-06T21:47:52+00:00\",\"breadcrumb\":{\"@id\":\"https:\/\/www.notibras.com\/site\/justica-cobra-de-lula-e-comparsas-multa-de-86-mi\/#breadcrumb\"},\"inLanguage\":\"pt-BR\",\"potentialAction\":[{\"@type\":\"ReadAction\",\"target\":[\"https:\/\/www.notibras.com\/site\/justica-cobra-de-lula-e-comparsas-multa-de-86-mi\/\"]}]},{\"@type\":\"ImageObject\",\"inLanguage\":\"pt-BR\",\"@id\":\"https:\/\/www.notibras.com\/site\/justica-cobra-de-lula-e-comparsas-multa-de-86-mi\/#primaryimage\",\"url\":\"https:\/\/www.notibras.com\/site\/wp-content\/uploads\/2019\/02\/lula-s\u00edtio.jpg\",\"contentUrl\":\"https:\/\/www.notibras.com\/site\/wp-content\/uploads\/2019\/02\/lula-s\u00edtio.jpg\",\"width\":1140,\"height\":597,\"caption\":\"Foto\/Arquivo Notibras\"},{\"@type\":\"BreadcrumbList\",\"@id\":\"https:\/\/www.notibras.com\/site\/justica-cobra-de-lula-e-comparsas-multa-de-86-mi\/#breadcrumb\",\"itemListElement\":[{\"@type\":\"ListItem\",\"position\":1,\"name\":\"In\u00edcio\",\"item\":\"https:\/\/www.notibras.com\/site\/\"},{\"@type\":\"ListItem\",\"position\":2,\"name\":\"Justi\u00e7a cobra de Lula e comparsas multa de 86 mi\"}]},{\"@type\":\"WebSite\",\"@id\":\"https:\/\/www.notibras.com\/site\/#website\",\"url\":\"https:\/\/www.notibras.com\/site\/\",\"name\":\"Notibras\",\"description\":\"Not\u00edcias de Bras\u00edlia, do Brasil e do Mundo\",\"publisher\":{\"@id\":\"https:\/\/www.notibras.com\/site\/#organization\"},\"potentialAction\":[{\"@type\":\"SearchAction\",\"target\":{\"@type\":\"EntryPoint\",\"urlTemplate\":\"https:\/\/www.notibras.com\/site\/?s={search_term_string}\"},\"query-input\":{\"@type\":\"PropertyValueSpecification\",\"valueRequired\":true,\"valueName\":\"search_term_string\"}}],\"inLanguage\":\"pt-BR\"},{\"@type\":\"Organization\",\"@id\":\"https:\/\/www.notibras.com\/site\/#organization\",\"name\":\"Grupo Notibras de Comunica\u00e7\u00e3o\",\"url\":\"https:\/\/www.notibras.com\/site\/\",\"logo\":{\"@type\":\"ImageObject\",\"inLanguage\":\"pt-BR\",\"@id\":\"https:\/\/www.notibras.com\/site\/#\/schema\/logo\/image\/\",\"url\":\"https:\/\/www.notibras.com\/site\/wp-content\/uploads\/2023\/01\/notibras23.png\",\"contentUrl\":\"https:\/\/www.notibras.com\/site\/wp-content\/uploads\/2023\/01\/notibras23.png\",\"width\":350,\"height\":87,\"caption\":\"Grupo Notibras de Comunica\u00e7\u00e3o\"},\"image\":{\"@id\":\"https:\/\/www.notibras.com\/site\/#\/schema\/logo\/image\/\"},\"sameAs\":[\"https:\/\/www.facebook.com\/notibras\/\",\"https:\/\/x.com\/Notibras\",\"https:\/\/www.instagram.com\/notibras\/\"]},{\"@type\":\"Person\",\"@id\":\"https:\/\/www.notibras.com\/site\/#\/schema\/person\/36ab0979449956132d3e5b517ea76ac8\",\"name\":\"Reda\u00e7\u00e3o\",\"image\":{\"@type\":\"ImageObject\",\"inLanguage\":\"pt-BR\",\"@id\":\"https:\/\/secure.gravatar.com\/avatar\/e0a867bdedb85fd243eadf09663511f96fc81e0720a4a42581f334ad4303aa6b?s=96&d=mm&r=g\",\"url\":\"https:\/\/secure.gravatar.com\/avatar\/e0a867bdedb85fd243eadf09663511f96fc81e0720a4a42581f334ad4303aa6b?s=96&d=mm&r=g\",\"contentUrl\":\"https:\/\/secure.gravatar.com\/avatar\/e0a867bdedb85fd243eadf09663511f96fc81e0720a4a42581f334ad4303aa6b?s=96&d=mm&r=g\",\"caption\":\"Reda\u00e7\u00e3o\"}}]}<\/script>\n<!-- \/ Yoast SEO plugin. -->","yoast_head_json":{"title":"Justi\u00e7a cobra de Lula e comparsas multa de 86 mi - Notibras","robots":{"index":"index","follow":"follow","max-snippet":"max-snippet:-1","max-image-preview":"max-image-preview:large","max-video-preview":"max-video-preview:-1"},"canonical":"https:\/\/www.notibras.com\/site\/justica-cobra-de-lula-e-comparsas-multa-de-86-mi\/","og_locale":"pt_BR","og_type":"article","og_title":"Justi\u00e7a cobra de Lula e comparsas multa de 86 mi - Notibras","og_description":"A ju\u00edza federal Gabriela Hardt, da Opera\u00e7\u00e3o Lava Jato, estipulou em R$ 86,4 milh\u00f5es o valor m\u00ednimo a ser cobrado do ex-presidente Luiz In\u00e1cio Lula da Silva e demais condenados por, corrup\u00e7\u00e3o ativa, passiva e lavagem de dinheiro na a\u00e7\u00e3o penal que envolve o s\u00edtio Santa B\u00e1rbara, em Atibaia. O petista foi condenado nesta quarta-feira, [&hellip;]","og_url":"https:\/\/www.notibras.com\/site\/justica-cobra-de-lula-e-comparsas-multa-de-86-mi\/","og_site_name":"Notibras","article_publisher":"https:\/\/www.facebook.com\/notibras\/","article_published_time":"2019-02-06T21:45:38+00:00","article_modified_time":"2019-02-06T21:47:52+00:00","og_image":[{"width":1140,"height":597,"url":"https:\/\/www.notibras.com\/site\/wp-content\/uploads\/2019\/02\/lula-s\u00edtio.jpg","type":"image\/jpeg"}],"author":"Reda\u00e7\u00e3o","twitter_card":"summary_large_image","twitter_creator":"@Notibras","twitter_site":"@Notibras","twitter_misc":{"Escrito por":"Reda\u00e7\u00e3o","Est. tempo de leitura":"4 minutos"},"schema":{"@context":"https:\/\/schema.org","@graph":[{"@type":"Article","@id":"https:\/\/www.notibras.com\/site\/justica-cobra-de-lula-e-comparsas-multa-de-86-mi\/#article","isPartOf":{"@id":"https:\/\/www.notibras.com\/site\/justica-cobra-de-lula-e-comparsas-multa-de-86-mi\/"},"author":{"name":"Reda\u00e7\u00e3o","@id":"https:\/\/www.notibras.com\/site\/#\/schema\/person\/36ab0979449956132d3e5b517ea76ac8"},"headline":"Justi\u00e7a cobra de Lula e comparsas multa de 86 mi","datePublished":"2019-02-06T21:45:38+00:00","dateModified":"2019-02-06T21:47:52+00:00","mainEntityOfPage":{"@id":"https:\/\/www.notibras.com\/site\/justica-cobra-de-lula-e-comparsas-multa-de-86-mi\/"},"wordCount":812,"publisher":{"@id":"https:\/\/www.notibras.com\/site\/#organization"},"image":{"@id":"https:\/\/www.notibras.com\/site\/justica-cobra-de-lula-e-comparsas-multa-de-86-mi\/#primaryimage"},"thumbnailUrl":"https:\/\/www.notibras.com\/site\/wp-content\/uploads\/2019\/02\/lula-s\u00edtio.jpg","keywords":["capa"],"articleSection":["Brasil"],"inLanguage":"pt-BR"},{"@type":"WebPage","@id":"https:\/\/www.notibras.com\/site\/justica-cobra-de-lula-e-comparsas-multa-de-86-mi\/","url":"https:\/\/www.notibras.com\/site\/justica-cobra-de-lula-e-comparsas-multa-de-86-mi\/","name":"Justi\u00e7a cobra de Lula e comparsas multa de 86 mi - Notibras","isPartOf":{"@id":"https:\/\/www.notibras.com\/site\/#website"},"primaryImageOfPage":{"@id":"https:\/\/www.notibras.com\/site\/justica-cobra-de-lula-e-comparsas-multa-de-86-mi\/#primaryimage"},"image":{"@id":"https:\/\/www.notibras.com\/site\/justica-cobra-de-lula-e-comparsas-multa-de-86-mi\/#primaryimage"},"thumbnailUrl":"https:\/\/www.notibras.com\/site\/wp-content\/uploads\/2019\/02\/lula-s\u00edtio.jpg","datePublished":"2019-02-06T21:45:38+00:00","dateModified":"2019-02-06T21:47:52+00:00","breadcrumb":{"@id":"https:\/\/www.notibras.com\/site\/justica-cobra-de-lula-e-comparsas-multa-de-86-mi\/#breadcrumb"},"inLanguage":"pt-BR","potentialAction":[{"@type":"ReadAction","target":["https:\/\/www.notibras.com\/site\/justica-cobra-de-lula-e-comparsas-multa-de-86-mi\/"]}]},{"@type":"ImageObject","inLanguage":"pt-BR","@id":"https:\/\/www.notibras.com\/site\/justica-cobra-de-lula-e-comparsas-multa-de-86-mi\/#primaryimage","url":"https:\/\/www.notibras.com\/site\/wp-content\/uploads\/2019\/02\/lula-s\u00edtio.jpg","contentUrl":"https:\/\/www.notibras.com\/site\/wp-content\/uploads\/2019\/02\/lula-s\u00edtio.jpg","width":1140,"height":597,"caption":"Foto\/Arquivo Notibras"},{"@type":"BreadcrumbList","@id":"https:\/\/www.notibras.com\/site\/justica-cobra-de-lula-e-comparsas-multa-de-86-mi\/#breadcrumb","itemListElement":[{"@type":"ListItem","position":1,"name":"In\u00edcio","item":"https:\/\/www.notibras.com\/site\/"},{"@type":"ListItem","position":2,"name":"Justi\u00e7a cobra de Lula e comparsas multa de 86 mi"}]},{"@type":"WebSite","@id":"https:\/\/www.notibras.com\/site\/#website","url":"https:\/\/www.notibras.com\/site\/","name":"Notibras","description":"Not\u00edcias de Bras\u00edlia, do Brasil e do Mundo","publisher":{"@id":"https:\/\/www.notibras.com\/site\/#organization"},"potentialAction":[{"@type":"SearchAction","target":{"@type":"EntryPoint","urlTemplate":"https:\/\/www.notibras.com\/site\/?s={search_term_string}"},"query-input":{"@type":"PropertyValueSpecification","valueRequired":true,"valueName":"search_term_string"}}],"inLanguage":"pt-BR"},{"@type":"Organization","@id":"https:\/\/www.notibras.com\/site\/#organization","name":"Grupo Notibras de Comunica\u00e7\u00e3o","url":"https:\/\/www.notibras.com\/site\/","logo":{"@type":"ImageObject","inLanguage":"pt-BR","@id":"https:\/\/www.notibras.com\/site\/#\/schema\/logo\/image\/","url":"https:\/\/www.notibras.com\/site\/wp-content\/uploads\/2023\/01\/notibras23.png","contentUrl":"https:\/\/www.notibras.com\/site\/wp-content\/uploads\/2023\/01\/notibras23.png","width":350,"height":87,"caption":"Grupo Notibras de Comunica\u00e7\u00e3o"},"image":{"@id":"https:\/\/www.notibras.com\/site\/#\/schema\/logo\/image\/"},"sameAs":["https:\/\/www.facebook.com\/notibras\/","https:\/\/x.com\/Notibras","https:\/\/www.instagram.com\/notibras\/"]},{"@type":"Person","@id":"https:\/\/www.notibras.com\/site\/#\/schema\/person\/36ab0979449956132d3e5b517ea76ac8","name":"Reda\u00e7\u00e3o","image":{"@type":"ImageObject","inLanguage":"pt-BR","@id":"https:\/\/secure.gravatar.com\/avatar\/e0a867bdedb85fd243eadf09663511f96fc81e0720a4a42581f334ad4303aa6b?s=96&d=mm&r=g","url":"https:\/\/secure.gravatar.com\/avatar\/e0a867bdedb85fd243eadf09663511f96fc81e0720a4a42581f334ad4303aa6b?s=96&d=mm&r=g","contentUrl":"https:\/\/secure.gravatar.com\/avatar\/e0a867bdedb85fd243eadf09663511f96fc81e0720a4a42581f334ad4303aa6b?s=96&d=mm&r=g","caption":"Reda\u00e7\u00e3o"}}]}},"amp_enabled":true,"_links":{"self":[{"href":"https:\/\/www.notibras.com\/site\/wp-json\/wp\/v2\/posts\/201697","targetHints":{"allow":["GET"]}}],"collection":[{"href":"https:\/\/www.notibras.com\/site\/wp-json\/wp\/v2\/posts"}],"about":[{"href":"https:\/\/www.notibras.com\/site\/wp-json\/wp\/v2\/types\/post"}],"author":[{"embeddable":true,"href":"https:\/\/www.notibras.com\/site\/wp-json\/wp\/v2\/users\/2"}],"replies":[{"embeddable":true,"href":"https:\/\/www.notibras.com\/site\/wp-json\/wp\/v2\/comments?post=201697"}],"version-history":[{"count":3,"href":"https:\/\/www.notibras.com\/site\/wp-json\/wp\/v2\/posts\/201697\/revisions"}],"predecessor-version":[{"id":201701,"href":"https:\/\/www.notibras.com\/site\/wp-json\/wp\/v2\/posts\/201697\/revisions\/201701"}],"wp:featuredmedia":[{"embeddable":true,"href":"https:\/\/www.notibras.com\/site\/wp-json\/wp\/v2\/media\/201698"}],"wp:attachment":[{"href":"https:\/\/www.notibras.com\/site\/wp-json\/wp\/v2\/media?parent=201697"}],"wp:term":[{"taxonomy":"category","embeddable":true,"href":"https:\/\/www.notibras.com\/site\/wp-json\/wp\/v2\/categories?post=201697"},{"taxonomy":"post_tag","embeddable":true,"href":"https:\/\/www.notibras.com\/site\/wp-json\/wp\/v2\/tags?post=201697"}],"curies":[{"name":"wp","href":"https:\/\/api.w.org\/{rel}","templated":true}]}}