{"id":201727,"date":"2019-02-07T00:00:28","date_gmt":"2019-02-07T02:00:28","guid":{"rendered":"https:\/\/www.notibras.com\/site\/?p=201727"},"modified":"2019-02-07T10:58:15","modified_gmt":"2019-02-07T12:58:15","slug":"chuvas-matam-dois-e-levam-caos-ao-rio-de-janeiro","status":"publish","type":"post","link":"https:\/\/www.notibras.com\/site\/chuvas-matam-dois-e-levam-caos-ao-rio-de-janeiro\/","title":{"rendered":"Chuvas matam tr\u00eas e levam caos ao Rio"},"content":{"rendered":"<p>As fortes chuvas que atingiram a cidade do Rio de Janeiro na noite de quarta (6) deixaram pelo menos tr\u00eas mortos. Em Guaratiba, na zona oeste, uma casa desabou, matando duas pessoas e deixando dois feridos.<\/p>\n<p>J\u00e1 na comunidade da Rocinha, na zona sul, um deslizamento de terra matou uma pessoa.<\/p>\n<p>Pr\u00f3ximo dali, no morro do Vidigal, as chuvas provocaram deslizamentos de terra que atingiram dois \u00f4nibus na zona sul. Os ve\u00edculos foram atingidos em dois pontos diferentes por terras e \u00e1rvores, na Avenida Niemeyer, que liga o Leblon a S\u00e3o Conrado.<\/p>\n<p>Dentro de um dos \u00f4nibus, que foi esmagado por uma \u00e1rvore e onde os bombeiros, foram resgatados com vida dois passageiros, de acordo com o prefeito Marcelo Crivella. Em outro ponto, a pista da ciclovia Tim Maia foi derrubada e caiu no mar.<\/p>\n<p>Com os acidentes, a Avenida Niemeyer est\u00e1 completamente interditada. Desde a noite de ontem, o munic\u00edpio est\u00e1 em est\u00e1gio de crise, o mais grave de uma escala de tr\u00eas n\u00edveis.<\/p>\n","protected":false},"excerpt":{"rendered":"<p>As fortes chuvas que atingiram a cidade do Rio de Janeiro na noite de quarta (6) deixaram pelo menos tr\u00eas mortos. Em Guaratiba, na zona oeste, uma casa desabou, matando duas pessoas e deixando dois feridos. J\u00e1 na comunidade da Rocinha, na zona sul, um deslizamento de terra matou uma pessoa. Pr\u00f3ximo dali, no morro [&hellip;]<\/p>\n","protected":false},"author":2,"featured_media":201728,"comment_status":"closed","ping_status":"closed","sticky":false,"template":"","format":"standard","meta":{"_acf_changed":false,"footnotes":""},"categories":[16],"tags":[95],"class_list":["post-201727","post","type-post","status-publish","format-standard","has-post-thumbnail","hentry","category-brasil","tag-capa"],"acf":[],"yoast_head":"<!-- This site is optimized with the Yoast SEO plugin v27.2 - https:\/\/yoast.com\/product\/yoast-seo-wordpress\/ -->\n<title>Chuvas matam tr\u00eas e levam caos ao Rio - Notibras<\/title>\n<meta name=\"robots\" content=\"index, follow, max-snippet:-1, max-image-preview:large, max-video-preview:-1\" \/>\n<link rel=\"canonical\" href=\"https:\/\/www.notibras.com\/site\/chuvas-matam-dois-e-levam-caos-ao-rio-de-janeiro\/\" \/>\n<meta property=\"og:locale\" content=\"pt_BR\" \/>\n<meta property=\"og:type\" content=\"article\" \/>\n<meta property=\"og:title\" content=\"Chuvas matam tr\u00eas e levam caos ao Rio - Notibras\" \/>\n<meta property=\"og:description\" content=\"As fortes chuvas que atingiram a cidade do Rio de Janeiro na noite de quarta (6) deixaram pelo menos tr\u00eas mortos. Em Guaratiba, na zona oeste, uma casa desabou, matando duas pessoas e deixando dois feridos. J\u00e1 na comunidade da Rocinha, na zona sul, um deslizamento de terra matou uma pessoa. Pr\u00f3ximo dali, no morro [&hellip;]\" \/>\n<meta property=\"og:url\" content=\"https:\/\/www.notibras.com\/site\/chuvas-matam-dois-e-levam-caos-ao-rio-de-janeiro\/\" \/>\n<meta property=\"og:site_name\" content=\"Notibras\" \/>\n<meta property=\"article:publisher\" content=\"https:\/\/www.facebook.com\/notibras\/\" \/>\n<meta property=\"article:published_time\" content=\"2019-02-07T02:00:28+00:00\" \/>\n<meta property=\"article:modified_time\" content=\"2019-02-07T12:58:15+00:00\" \/>\n<meta property=\"og:image\" content=\"https:\/\/www.notibras.com\/site\/wp-content\/uploads\/2019\/02\/chuvario.jpg\" \/>\n\t<meta property=\"og:image:width\" content=\"1140\" \/>\n\t<meta property=\"og:image:height\" content=\"760\" \/>\n\t<meta property=\"og:image:type\" content=\"image\/jpeg\" \/>\n<meta name=\"author\" content=\"Reda\u00e7\u00e3o\" \/>\n<meta name=\"twitter:card\" content=\"summary_large_image\" \/>\n<meta name=\"twitter:creator\" content=\"@Notibras\" \/>\n<meta name=\"twitter:site\" content=\"@Notibras\" \/>\n<meta name=\"twitter:label1\" content=\"Escrito por\" \/>\n\t<meta name=\"twitter:data1\" content=\"Reda\u00e7\u00e3o\" \/>\n\t<meta name=\"twitter:label2\" content=\"Est. tempo de leitura\" \/>\n\t<meta name=\"twitter:data2\" content=\"1 minuto\" \/>\n<script type=\"application\/ld+json\" class=\"yoast-schema-graph\">{\"@context\":\"https:\/\/schema.org\",\"@graph\":[{\"@type\":\"Article\",\"@id\":\"https:\/\/www.notibras.com\/site\/chuvas-matam-dois-e-levam-caos-ao-rio-de-janeiro\/#article\",\"isPartOf\":{\"@id\":\"https:\/\/www.notibras.com\/site\/chuvas-matam-dois-e-levam-caos-ao-rio-de-janeiro\/\"},\"author\":{\"name\":\"Reda\u00e7\u00e3o\",\"@id\":\"https:\/\/www.notibras.com\/site\/#\/schema\/person\/36ab0979449956132d3e5b517ea76ac8\"},\"headline\":\"Chuvas matam tr\u00eas e levam caos ao Rio\",\"datePublished\":\"2019-02-07T02:00:28+00:00\",\"dateModified\":\"2019-02-07T12:58:15+00:00\",\"mainEntityOfPage\":{\"@id\":\"https:\/\/www.notibras.com\/site\/chuvas-matam-dois-e-levam-caos-ao-rio-de-janeiro\/\"},\"wordCount\":181,\"publisher\":{\"@id\":\"https:\/\/www.notibras.com\/site\/#organization\"},\"image\":{\"@id\":\"https:\/\/www.notibras.com\/site\/chuvas-matam-dois-e-levam-caos-ao-rio-de-janeiro\/#primaryimage\"},\"thumbnailUrl\":\"https:\/\/www.notibras.com\/site\/wp-content\/uploads\/2019\/02\/chuvario.jpg\",\"keywords\":[\"capa\"],\"articleSection\":[\"Brasil\"],\"inLanguage\":\"pt-BR\"},{\"@type\":\"WebPage\",\"@id\":\"https:\/\/www.notibras.com\/site\/chuvas-matam-dois-e-levam-caos-ao-rio-de-janeiro\/\",\"url\":\"https:\/\/www.notibras.com\/site\/chuvas-matam-dois-e-levam-caos-ao-rio-de-janeiro\/\",\"name\":\"Chuvas matam tr\u00eas e levam caos ao Rio - Notibras\",\"isPartOf\":{\"@id\":\"https:\/\/www.notibras.com\/site\/#website\"},\"primaryImageOfPage\":{\"@id\":\"https:\/\/www.notibras.com\/site\/chuvas-matam-dois-e-levam-caos-ao-rio-de-janeiro\/#primaryimage\"},\"image\":{\"@id\":\"https:\/\/www.notibras.com\/site\/chuvas-matam-dois-e-levam-caos-ao-rio-de-janeiro\/#primaryimage\"},\"thumbnailUrl\":\"https:\/\/www.notibras.com\/site\/wp-content\/uploads\/2019\/02\/chuvario.jpg\",\"datePublished\":\"2019-02-07T02:00:28+00:00\",\"dateModified\":\"2019-02-07T12:58:15+00:00\",\"breadcrumb\":{\"@id\":\"https:\/\/www.notibras.com\/site\/chuvas-matam-dois-e-levam-caos-ao-rio-de-janeiro\/#breadcrumb\"},\"inLanguage\":\"pt-BR\",\"potentialAction\":[{\"@type\":\"ReadAction\",\"target\":[\"https:\/\/www.notibras.com\/site\/chuvas-matam-dois-e-levam-caos-ao-rio-de-janeiro\/\"]}]},{\"@type\":\"ImageObject\",\"inLanguage\":\"pt-BR\",\"@id\":\"https:\/\/www.notibras.com\/site\/chuvas-matam-dois-e-levam-caos-ao-rio-de-janeiro\/#primaryimage\",\"url\":\"https:\/\/www.notibras.com\/site\/wp-content\/uploads\/2019\/02\/chuvario.jpg\",\"contentUrl\":\"https:\/\/www.notibras.com\/site\/wp-content\/uploads\/2019\/02\/chuvario.jpg\",\"width\":1140,\"height\":760,\"caption\":\"Foto: T\u00e2nia R\u00eago\/ABr\"},{\"@type\":\"BreadcrumbList\",\"@id\":\"https:\/\/www.notibras.com\/site\/chuvas-matam-dois-e-levam-caos-ao-rio-de-janeiro\/#breadcrumb\",\"itemListElement\":[{\"@type\":\"ListItem\",\"position\":1,\"name\":\"In\u00edcio\",\"item\":\"https:\/\/www.notibras.com\/site\/\"},{\"@type\":\"ListItem\",\"position\":2,\"name\":\"Chuvas matam tr\u00eas e levam caos ao Rio\"}]},{\"@type\":\"WebSite\",\"@id\":\"https:\/\/www.notibras.com\/site\/#website\",\"url\":\"https:\/\/www.notibras.com\/site\/\",\"name\":\"Notibras\",\"description\":\"Not\u00edcias de Bras\u00edlia, do Brasil e do Mundo\",\"publisher\":{\"@id\":\"https:\/\/www.notibras.com\/site\/#organization\"},\"potentialAction\":[{\"@type\":\"SearchAction\",\"target\":{\"@type\":\"EntryPoint\",\"urlTemplate\":\"https:\/\/www.notibras.com\/site\/?s={search_term_string}\"},\"query-input\":{\"@type\":\"PropertyValueSpecification\",\"valueRequired\":true,\"valueName\":\"search_term_string\"}}],\"inLanguage\":\"pt-BR\"},{\"@type\":\"Organization\",\"@id\":\"https:\/\/www.notibras.com\/site\/#organization\",\"name\":\"Grupo Notibras de Comunica\u00e7\u00e3o\",\"url\":\"https:\/\/www.notibras.com\/site\/\",\"logo\":{\"@type\":\"ImageObject\",\"inLanguage\":\"pt-BR\",\"@id\":\"https:\/\/www.notibras.com\/site\/#\/schema\/logo\/image\/\",\"url\":\"https:\/\/www.notibras.com\/site\/wp-content\/uploads\/2023\/01\/notibras23.png\",\"contentUrl\":\"https:\/\/www.notibras.com\/site\/wp-content\/uploads\/2023\/01\/notibras23.png\",\"width\":350,\"height\":87,\"caption\":\"Grupo Notibras de Comunica\u00e7\u00e3o\"},\"image\":{\"@id\":\"https:\/\/www.notibras.com\/site\/#\/schema\/logo\/image\/\"},\"sameAs\":[\"https:\/\/www.facebook.com\/notibras\/\",\"https:\/\/x.com\/Notibras\",\"https:\/\/www.instagram.com\/notibras\/\"]},{\"@type\":\"Person\",\"@id\":\"https:\/\/www.notibras.com\/site\/#\/schema\/person\/36ab0979449956132d3e5b517ea76ac8\",\"name\":\"Reda\u00e7\u00e3o\",\"image\":{\"@type\":\"ImageObject\",\"inLanguage\":\"pt-BR\",\"@id\":\"https:\/\/secure.gravatar.com\/avatar\/e0a867bdedb85fd243eadf09663511f96fc81e0720a4a42581f334ad4303aa6b?s=96&d=mm&r=g\",\"url\":\"https:\/\/secure.gravatar.com\/avatar\/e0a867bdedb85fd243eadf09663511f96fc81e0720a4a42581f334ad4303aa6b?s=96&d=mm&r=g\",\"contentUrl\":\"https:\/\/secure.gravatar.com\/avatar\/e0a867bdedb85fd243eadf09663511f96fc81e0720a4a42581f334ad4303aa6b?s=96&d=mm&r=g\",\"caption\":\"Reda\u00e7\u00e3o\"}}]}<\/script>\n<!-- \/ Yoast SEO plugin. -->","yoast_head_json":{"title":"Chuvas matam tr\u00eas e levam caos ao Rio - Notibras","robots":{"index":"index","follow":"follow","max-snippet":"max-snippet:-1","max-image-preview":"max-image-preview:large","max-video-preview":"max-video-preview:-1"},"canonical":"https:\/\/www.notibras.com\/site\/chuvas-matam-dois-e-levam-caos-ao-rio-de-janeiro\/","og_locale":"pt_BR","og_type":"article","og_title":"Chuvas matam tr\u00eas e levam caos ao Rio - Notibras","og_description":"As fortes chuvas que atingiram a cidade do Rio de Janeiro na noite de quarta (6) deixaram pelo menos tr\u00eas mortos. Em Guaratiba, na zona oeste, uma casa desabou, matando duas pessoas e deixando dois feridos. J\u00e1 na comunidade da Rocinha, na zona sul, um deslizamento de terra matou uma pessoa. Pr\u00f3ximo dali, no morro [&hellip;]","og_url":"https:\/\/www.notibras.com\/site\/chuvas-matam-dois-e-levam-caos-ao-rio-de-janeiro\/","og_site_name":"Notibras","article_publisher":"https:\/\/www.facebook.com\/notibras\/","article_published_time":"2019-02-07T02:00:28+00:00","article_modified_time":"2019-02-07T12:58:15+00:00","og_image":[{"width":1140,"height":760,"url":"https:\/\/www.notibras.com\/site\/wp-content\/uploads\/2019\/02\/chuvario.jpg","type":"image\/jpeg"}],"author":"Reda\u00e7\u00e3o","twitter_card":"summary_large_image","twitter_creator":"@Notibras","twitter_site":"@Notibras","twitter_misc":{"Escrito por":"Reda\u00e7\u00e3o","Est. tempo de leitura":"1 minuto"},"schema":{"@context":"https:\/\/schema.org","@graph":[{"@type":"Article","@id":"https:\/\/www.notibras.com\/site\/chuvas-matam-dois-e-levam-caos-ao-rio-de-janeiro\/#article","isPartOf":{"@id":"https:\/\/www.notibras.com\/site\/chuvas-matam-dois-e-levam-caos-ao-rio-de-janeiro\/"},"author":{"name":"Reda\u00e7\u00e3o","@id":"https:\/\/www.notibras.com\/site\/#\/schema\/person\/36ab0979449956132d3e5b517ea76ac8"},"headline":"Chuvas matam tr\u00eas e levam caos ao Rio","datePublished":"2019-02-07T02:00:28+00:00","dateModified":"2019-02-07T12:58:15+00:00","mainEntityOfPage":{"@id":"https:\/\/www.notibras.com\/site\/chuvas-matam-dois-e-levam-caos-ao-rio-de-janeiro\/"},"wordCount":181,"publisher":{"@id":"https:\/\/www.notibras.com\/site\/#organization"},"image":{"@id":"https:\/\/www.notibras.com\/site\/chuvas-matam-dois-e-levam-caos-ao-rio-de-janeiro\/#primaryimage"},"thumbnailUrl":"https:\/\/www.notibras.com\/site\/wp-content\/uploads\/2019\/02\/chuvario.jpg","keywords":["capa"],"articleSection":["Brasil"],"inLanguage":"pt-BR"},{"@type":"WebPage","@id":"https:\/\/www.notibras.com\/site\/chuvas-matam-dois-e-levam-caos-ao-rio-de-janeiro\/","url":"https:\/\/www.notibras.com\/site\/chuvas-matam-dois-e-levam-caos-ao-rio-de-janeiro\/","name":"Chuvas matam tr\u00eas e levam caos ao Rio - Notibras","isPartOf":{"@id":"https:\/\/www.notibras.com\/site\/#website"},"primaryImageOfPage":{"@id":"https:\/\/www.notibras.com\/site\/chuvas-matam-dois-e-levam-caos-ao-rio-de-janeiro\/#primaryimage"},"image":{"@id":"https:\/\/www.notibras.com\/site\/chuvas-matam-dois-e-levam-caos-ao-rio-de-janeiro\/#primaryimage"},"thumbnailUrl":"https:\/\/www.notibras.com\/site\/wp-content\/uploads\/2019\/02\/chuvario.jpg","datePublished":"2019-02-07T02:00:28+00:00","dateModified":"2019-02-07T12:58:15+00:00","breadcrumb":{"@id":"https:\/\/www.notibras.com\/site\/chuvas-matam-dois-e-levam-caos-ao-rio-de-janeiro\/#breadcrumb"},"inLanguage":"pt-BR","potentialAction":[{"@type":"ReadAction","target":["https:\/\/www.notibras.com\/site\/chuvas-matam-dois-e-levam-caos-ao-rio-de-janeiro\/"]}]},{"@type":"ImageObject","inLanguage":"pt-BR","@id":"https:\/\/www.notibras.com\/site\/chuvas-matam-dois-e-levam-caos-ao-rio-de-janeiro\/#primaryimage","url":"https:\/\/www.notibras.com\/site\/wp-content\/uploads\/2019\/02\/chuvario.jpg","contentUrl":"https:\/\/www.notibras.com\/site\/wp-content\/uploads\/2019\/02\/chuvario.jpg","width":1140,"height":760,"caption":"Foto: T\u00e2nia R\u00eago\/ABr"},{"@type":"BreadcrumbList","@id":"https:\/\/www.notibras.com\/site\/chuvas-matam-dois-e-levam-caos-ao-rio-de-janeiro\/#breadcrumb","itemListElement":[{"@type":"ListItem","position":1,"name":"In\u00edcio","item":"https:\/\/www.notibras.com\/site\/"},{"@type":"ListItem","position":2,"name":"Chuvas matam tr\u00eas e levam caos ao Rio"}]},{"@type":"WebSite","@id":"https:\/\/www.notibras.com\/site\/#website","url":"https:\/\/www.notibras.com\/site\/","name":"Notibras","description":"Not\u00edcias de Bras\u00edlia, do Brasil e do Mundo","publisher":{"@id":"https:\/\/www.notibras.com\/site\/#organization"},"potentialAction":[{"@type":"SearchAction","target":{"@type":"EntryPoint","urlTemplate":"https:\/\/www.notibras.com\/site\/?s={search_term_string}"},"query-input":{"@type":"PropertyValueSpecification","valueRequired":true,"valueName":"search_term_string"}}],"inLanguage":"pt-BR"},{"@type":"Organization","@id":"https:\/\/www.notibras.com\/site\/#organization","name":"Grupo Notibras de Comunica\u00e7\u00e3o","url":"https:\/\/www.notibras.com\/site\/","logo":{"@type":"ImageObject","inLanguage":"pt-BR","@id":"https:\/\/www.notibras.com\/site\/#\/schema\/logo\/image\/","url":"https:\/\/www.notibras.com\/site\/wp-content\/uploads\/2023\/01\/notibras23.png","contentUrl":"https:\/\/www.notibras.com\/site\/wp-content\/uploads\/2023\/01\/notibras23.png","width":350,"height":87,"caption":"Grupo Notibras de Comunica\u00e7\u00e3o"},"image":{"@id":"https:\/\/www.notibras.com\/site\/#\/schema\/logo\/image\/"},"sameAs":["https:\/\/www.facebook.com\/notibras\/","https:\/\/x.com\/Notibras","https:\/\/www.instagram.com\/notibras\/"]},{"@type":"Person","@id":"https:\/\/www.notibras.com\/site\/#\/schema\/person\/36ab0979449956132d3e5b517ea76ac8","name":"Reda\u00e7\u00e3o","image":{"@type":"ImageObject","inLanguage":"pt-BR","@id":"https:\/\/secure.gravatar.com\/avatar\/e0a867bdedb85fd243eadf09663511f96fc81e0720a4a42581f334ad4303aa6b?s=96&d=mm&r=g","url":"https:\/\/secure.gravatar.com\/avatar\/e0a867bdedb85fd243eadf09663511f96fc81e0720a4a42581f334ad4303aa6b?s=96&d=mm&r=g","contentUrl":"https:\/\/secure.gravatar.com\/avatar\/e0a867bdedb85fd243eadf09663511f96fc81e0720a4a42581f334ad4303aa6b?s=96&d=mm&r=g","caption":"Reda\u00e7\u00e3o"}}]}},"amp_enabled":true,"_links":{"self":[{"href":"https:\/\/www.notibras.com\/site\/wp-json\/wp\/v2\/posts\/201727","targetHints":{"allow":["GET"]}}],"collection":[{"href":"https:\/\/www.notibras.com\/site\/wp-json\/wp\/v2\/posts"}],"about":[{"href":"https:\/\/www.notibras.com\/site\/wp-json\/wp\/v2\/types\/post"}],"author":[{"embeddable":true,"href":"https:\/\/www.notibras.com\/site\/wp-json\/wp\/v2\/users\/2"}],"replies":[{"embeddable":true,"href":"https:\/\/www.notibras.com\/site\/wp-json\/wp\/v2\/comments?post=201727"}],"version-history":[{"count":3,"href":"https:\/\/www.notibras.com\/site\/wp-json\/wp\/v2\/posts\/201727\/revisions"}],"predecessor-version":[{"id":201772,"href":"https:\/\/www.notibras.com\/site\/wp-json\/wp\/v2\/posts\/201727\/revisions\/201772"}],"wp:featuredmedia":[{"embeddable":true,"href":"https:\/\/www.notibras.com\/site\/wp-json\/wp\/v2\/media\/201728"}],"wp:attachment":[{"href":"https:\/\/www.notibras.com\/site\/wp-json\/wp\/v2\/media?parent=201727"}],"wp:term":[{"taxonomy":"category","embeddable":true,"href":"https:\/\/www.notibras.com\/site\/wp-json\/wp\/v2\/categories?post=201727"},{"taxonomy":"post_tag","embeddable":true,"href":"https:\/\/www.notibras.com\/site\/wp-json\/wp\/v2\/tags?post=201727"}],"curies":[{"name":"wp","href":"https:\/\/api.w.org\/{rel}","templated":true}]}}